{"id":1400,"date":"2023-10-05T11:02:44","date_gmt":"2023-10-05T09:02:44","guid":{"rendered":"https:\/\/weltlaeden.de\/schwaebisch-hall\/?p=1400"},"modified":"2024-11-04T12:14:34","modified_gmt":"2024-11-04T11:14:34","slug":"koerbe-und-einkaufstaschen","status":"publish","type":"post","link":"https:\/\/weltlaeden.de\/schwaebisch-hall\/koerbe-und-einkaufstaschen\/","title":{"rendered":"K\u00f6rbe und Einkaufstaschen"},"content":{"rendered":"<div class=\"wpb-content-wrapper\"><p>[vc_row][vc_column][vc_column_text]<\/p>\n<h1>K\u00f6rbe und Einkaufstaschen aus aller Welt<\/h1>\n<h2><\/h2>\n<h2>Steppengras <em>MARAKESCH<\/em><br \/>\nHirsestroh und Ziegenleder <em>GHANA<\/em><br \/>\nBolgakorb <em>INDIEN<\/em><br \/>\nPalmblatt W\u00e4schekorb Seegras <em>BANGLADESCH<\/em><br \/>\nW\u00e4schekorb <em>SENEGAL<\/em><br \/>\nAufbewahrungskorb <em>GHANA<\/em><br \/>\nSavannengras<br \/>\n<em>VIETNAM PERU TANSANIA<\/em><\/h2>\n<p>[\/vc_column_text][\/vc_column][\/vc_row][vc_row][vc_column]<div class=\"wl_einzelbild\"><p><img loading=\"lazy\" decoding=\"async\" class=\"wp-image-1291 aligncenter\" src=\"https:\/\/weltlaeden.de\/schwaebisch-hall\/wp-content\/uploads\/sites\/187\/2023\/03\/K640_IMG_20230309_163130-225x300.jpg\" alt=\"\" width=\"468\" height=\"624\" srcset=\"https:\/\/weltlaeden.de\/schwaebisch-hall\/wp-content\/uploads\/sites\/187\/2023\/03\/K640_IMG_20230309_163130-225x300.jpg 225w, https:\/\/weltlaeden.de\/schwaebisch-hall\/wp-content\/uploads\/sites\/187\/2023\/03\/K640_IMG_20230309_163130.jpg 480w\" sizes=\"auto, (max-width: 468px) 100vw, 468px\" \/><\/p><\/div>[vc_separator][\/vc_column][\/vc_row][vc_row][vc_column][vc_column_text]<\/p>\n<h2>Bolgak\u00f6rbe aus Ghana<\/h2>\n<p>Die Original Bolgak\u00f6rbe kommen aus der Provinz Bolgatanga in Ghana. Gefertigt werden sie von Flechterinnen aus dem Stroh des Savannengrases oder der in Ghana angebauten Hirse. Die Henkel werden mit strapazierf\u00e4higem Ziegenleder umwickelt. Urspr\u00fcnglich wurden die K\u00f6rbe ohne Henkel \u00fcbrigens als eine Art Filter beim Brauen des Hirsebiers eingesetzt.Jeder Bolga-Korb ist einzigartig!<\/p>\n<h3>Besonderheit in K\u00fcrze:<\/h3>\n<p><strong>&#8211; Original Bolgakorb aus der Provinz Bolgatanga, Ghana<\/strong><br \/>\n<strong>&#8211; aus nachhaltigem Material wie Hirsestroh und Ziegenleder<\/strong><br \/>\n<strong>&#8211; Erhalt traditioneller Flechtkunst in Bolgatanga<\/strong><br \/>\n<strong>&#8211; besonders strapazierf\u00e4higer Korb<\/strong><br \/>\n<strong>&#8211; gute Einkommensm\u00f6glichkeiten f\u00fcr die Korbflechterinnen w\u00e4hrend der Trockenzeit<\/strong><\/p>\n<p>[\/vc_column_text][\/vc_column][\/vc_row][vc_row][vc_column]<div class=\"wl_einzelbild\"><p><\/p>\n<div id=\"attachment_1643\" style=\"width: 623px\" class=\"wp-caption alignleft\"><img loading=\"lazy\" decoding=\"async\" aria-describedby=\"caption-attachment-1643\" class=\" wp-image-1643\" src=\"https:\/\/weltlaeden.de\/schwaebisch-hall\/wp-content\/uploads\/sites\/187\/2023\/03\/IMG_20230513_151004-300x207.jpg\" alt=\"\" width=\"613\" height=\"423\" srcset=\"https:\/\/weltlaeden.de\/schwaebisch-hall\/wp-content\/uploads\/sites\/187\/2023\/03\/IMG_20230513_151004-300x207.jpg 300w, https:\/\/weltlaeden.de\/schwaebisch-hall\/wp-content\/uploads\/sites\/187\/2023\/03\/IMG_20230513_151004.jpg 694w\" sizes=\"auto, (max-width: 613px) 100vw, 613px\" \/><p id=\"caption-attachment-1643\" class=\"wp-caption-text\">mde<\/p><\/div>\n<p><img loading=\"lazy\" decoding=\"async\" class=\"wp-image-1661 alignleft\" src=\"https:\/\/weltlaeden.de\/schwaebisch-hall\/wp-content\/uploads\/sites\/187\/2023\/03\/IMG_20230517_151813-157x300.jpg\" alt=\"\" width=\"501\" height=\"957\" srcset=\"https:\/\/weltlaeden.de\/schwaebisch-hall\/wp-content\/uploads\/sites\/187\/2023\/03\/IMG_20230517_151813-157x300.jpg 157w, https:\/\/weltlaeden.de\/schwaebisch-hall\/wp-content\/uploads\/sites\/187\/2023\/03\/IMG_20230517_151813.jpg 480w\" sizes=\"auto, (max-width: 501px) 100vw, 501px\" \/><\/p><\/div>[\/vc_column][\/vc_row]<\/p>\n<\/div>","protected":false},"excerpt":{"rendered":"<p>[vc_row][vc_column][vc_column_text] K\u00f6rbe und Einkaufstaschen aus aller Welt Steppengras MARAKESCH Hirsestroh und Ziegenleder GHANA Bolgakorb INDIEN Palmblatt W\u00e4schekorb Seegras BANGLADESCH W\u00e4schekorb SENEGAL Aufbewahrungskorb GHANA Savannengras VIETNAM PERU TANSANIA [\/vc_column_text][\/vc_column][\/vc_row][vc_row][vc_column][vc_separator][\/vc_column][\/vc_row][vc_row][vc_column][vc_column_text] Bolgak\u00f6rbe aus Ghana Die Original Bolgak\u00f6rbe kommen aus der Provinz Bolgatanga in Ghana. Gefertigt werden sie von Flechterinnen aus dem Stroh des Savannengrases oder der in Ghana&hellip;<\/p>\n","protected":false},"author":279,"featured_media":1410,"comment_status":"closed","ping_status":"closed","sticky":false,"template":"","format":"standard","meta":{"footnotes":""},"categories":[8],"tags":[],"class_list":["post-1400","post","type-post","status-publish","format-standard","has-post-thumbnail","hentry","category-neues","category-8","description-off"],"yoast_head":"<!-- This site is optimized with the Yoast SEO plugin v26.8 - https:\/\/yoast.com\/product\/yoast-seo-wordpress\/ -->\n<title>K\u00f6rbe und Einkaufstaschen - Weltladen Schw\u00e4bisch Hall<\/title>\n<meta name=\"robots\" content=\"index, follow, max-snippet:-1, max-image-preview:large, max-video-preview:-1\" \/>\n<link rel=\"canonical\" href=\"https:\/\/weltlaeden.de\/schwaebisch-hall\/koerbe-und-einkaufstaschen\/\" \/>\n<meta property=\"og:locale\" content=\"de_DE\" \/>\n<meta property=\"og:type\" content=\"article\" \/>\n<meta property=\"og:title\" content=\"K\u00f6rbe und Einkaufstaschen - Weltladen Schw\u00e4bisch Hall\" \/>\n<meta property=\"og:description\" content=\"[vc_row][vc_column][vc_column_text] K\u00f6rbe und Einkaufstaschen aus aller Welt Steppengras MARAKESCH Hirsestroh und Ziegenleder GHANA Bolgakorb INDIEN Palmblatt W\u00e4schekorb Seegras BANGLADESCH W\u00e4schekorb SENEGAL Aufbewahrungskorb GHANA Savannengras VIETNAM PERU TANSANIA [\/vc_column_text][\/vc_column][\/vc_row][vc_row][vc_column][vc_separator][\/vc_column][\/vc_row][vc_row][vc_column][vc_column_text] Bolgak\u00f6rbe aus Ghana Die Original Bolgak\u00f6rbe kommen aus der Provinz Bolgatanga in Ghana. Gefertigt werden sie von Flechterinnen aus dem Stroh des Savannengrases oder der in Ghana&hellip;\" \/>\n<meta property=\"og:url\" content=\"https:\/\/weltlaeden.de\/schwaebisch-hall\/koerbe-und-einkaufstaschen\/\" \/>\n<meta property=\"og:site_name\" content=\"Weltladen Schw\u00e4bisch Hall\" \/>\n<meta property=\"article:published_time\" content=\"2023-10-05T09:02:44+00:00\" \/>\n<meta property=\"article:modified_time\" content=\"2024-11-04T11:14:34+00:00\" \/>\n<meta property=\"og:image\" content=\"https:\/\/weltlaeden.de\/schwaebisch-hall\/wp-content\/uploads\/sites\/187\/2023\/03\/K640_IMG_20230309_163130-1-e1679481566688.jpg\" \/>\n\t<meta property=\"og:image:width\" content=\"409\" \/>\n\t<meta property=\"og:image:height\" content=\"291\" \/>\n\t<meta property=\"og:image:type\" content=\"image\/jpeg\" \/>\n<meta name=\"author\" content=\"schwaebisch-hall\" \/>\n<meta name=\"twitter:card\" content=\"summary_large_image\" \/>\n<meta name=\"twitter:label1\" content=\"Verfasst von\" \/>\n\t<meta name=\"twitter:data1\" content=\"schwaebisch-hall\" \/>\n\t<meta name=\"twitter:label2\" content=\"Gesch\u00e4tzte Lesezeit\" \/>\n\t<meta name=\"twitter:data2\" content=\"1\u00a0Minute\" \/>\n<script type=\"application\/ld+json\" class=\"yoast-schema-graph\">{\"@context\":\"https:\/\/schema.org\",\"@graph\":[{\"@type\":\"Article\",\"@id\":\"https:\/\/weltlaeden.de\/schwaebisch-hall\/koerbe-und-einkaufstaschen\/#article\",\"isPartOf\":{\"@id\":\"https:\/\/weltlaeden.de\/schwaebisch-hall\/koerbe-und-einkaufstaschen\/\"},\"author\":{\"name\":\"schwaebisch-hall\",\"@id\":\"https:\/\/weltlaeden.de\/schwaebisch-hall\/#\/schema\/person\/9a814b82e370b91b5096c8b92d3eca5a\"},\"headline\":\"K\u00f6rbe und Einkaufstaschen\",\"datePublished\":\"2023-10-05T09:02:44+00:00\",\"dateModified\":\"2024-11-04T11:14:34+00:00\",\"mainEntityOfPage\":{\"@id\":\"https:\/\/weltlaeden.de\/schwaebisch-hall\/koerbe-und-einkaufstaschen\/\"},\"wordCount\":195,\"image\":{\"@id\":\"https:\/\/weltlaeden.de\/schwaebisch-hall\/koerbe-und-einkaufstaschen\/#primaryimage\"},\"thumbnailUrl\":\"https:\/\/weltlaeden.de\/schwaebisch-hall\/wp-content\/uploads\/sites\/187\/2023\/03\/K640_IMG_20230309_163130-1-e1679481566688.jpg\",\"articleSection\":[\"Neuigkeiten\"],\"inLanguage\":\"de\"},{\"@type\":\"WebPage\",\"@id\":\"https:\/\/weltlaeden.de\/schwaebisch-hall\/koerbe-und-einkaufstaschen\/\",\"url\":\"https:\/\/weltlaeden.de\/schwaebisch-hall\/koerbe-und-einkaufstaschen\/\",\"name\":\"K\u00f6rbe und Einkaufstaschen - Weltladen Schw\u00e4bisch Hall\",\"isPartOf\":{\"@id\":\"https:\/\/weltlaeden.de\/schwaebisch-hall\/#website\"},\"primaryImageOfPage\":{\"@id\":\"https:\/\/weltlaeden.de\/schwaebisch-hall\/koerbe-und-einkaufstaschen\/#primaryimage\"},\"image\":{\"@id\":\"https:\/\/weltlaeden.de\/schwaebisch-hall\/koerbe-und-einkaufstaschen\/#primaryimage\"},\"thumbnailUrl\":\"https:\/\/weltlaeden.de\/schwaebisch-hall\/wp-content\/uploads\/sites\/187\/2023\/03\/K640_IMG_20230309_163130-1-e1679481566688.jpg\",\"datePublished\":\"2023-10-05T09:02:44+00:00\",\"dateModified\":\"2024-11-04T11:14:34+00:00\",\"author\":{\"@id\":\"https:\/\/weltlaeden.de\/schwaebisch-hall\/#\/schema\/person\/9a814b82e370b91b5096c8b92d3eca5a\"},\"breadcrumb\":{\"@id\":\"https:\/\/weltlaeden.de\/schwaebisch-hall\/koerbe-und-einkaufstaschen\/#breadcrumb\"},\"inLanguage\":\"de\",\"potentialAction\":[{\"@type\":\"ReadAction\",\"target\":[\"https:\/\/weltlaeden.de\/schwaebisch-hall\/koerbe-und-einkaufstaschen\/\"]}]},{\"@type\":\"ImageObject\",\"inLanguage\":\"de\",\"@id\":\"https:\/\/weltlaeden.de\/schwaebisch-hall\/koerbe-und-einkaufstaschen\/#primaryimage\",\"url\":\"https:\/\/weltlaeden.de\/schwaebisch-hall\/wp-content\/uploads\/sites\/187\/2023\/03\/K640_IMG_20230309_163130-1-e1679481566688.jpg\",\"contentUrl\":\"https:\/\/weltlaeden.de\/schwaebisch-hall\/wp-content\/uploads\/sites\/187\/2023\/03\/K640_IMG_20230309_163130-1-e1679481566688.jpg\",\"width\":409,\"height\":291},{\"@type\":\"BreadcrumbList\",\"@id\":\"https:\/\/weltlaeden.de\/schwaebisch-hall\/koerbe-und-einkaufstaschen\/#breadcrumb\",\"itemListElement\":[{\"@type\":\"ListItem\",\"position\":1,\"name\":\"Startseite\",\"item\":\"https:\/\/weltlaeden.de\/schwaebisch-hall\/\"},{\"@type\":\"ListItem\",\"position\":2,\"name\":\"K\u00f6rbe und Einkaufstaschen\"}]},{\"@type\":\"WebSite\",\"@id\":\"https:\/\/weltlaeden.de\/schwaebisch-hall\/#website\",\"url\":\"https:\/\/weltlaeden.de\/schwaebisch-hall\/\",\"name\":\"Weltladen Schw\u00e4bisch Hall\",\"description\":\"Fachhandel f\u00fcr Faire Produkte\",\"potentialAction\":[{\"@type\":\"SearchAction\",\"target\":{\"@type\":\"EntryPoint\",\"urlTemplate\":\"https:\/\/weltlaeden.de\/schwaebisch-hall\/?s={search_term_string}\"},\"query-input\":{\"@type\":\"PropertyValueSpecification\",\"valueRequired\":true,\"valueName\":\"search_term_string\"}}],\"inLanguage\":\"de\"},{\"@type\":\"Person\",\"@id\":\"https:\/\/weltlaeden.de\/schwaebisch-hall\/#\/schema\/person\/9a814b82e370b91b5096c8b92d3eca5a\",\"name\":\"schwaebisch-hall\",\"image\":{\"@type\":\"ImageObject\",\"inLanguage\":\"de\",\"@id\":\"https:\/\/weltlaeden.de\/schwaebisch-hall\/#\/schema\/person\/image\/\",\"url\":\"https:\/\/secure.gravatar.com\/avatar\/c8b98eb23b92db1b13ff7cf3a35e9eb5?s=96&d=mm&r=g\",\"contentUrl\":\"https:\/\/secure.gravatar.com\/avatar\/c8b98eb23b92db1b13ff7cf3a35e9eb5?s=96&d=mm&r=g\",\"caption\":\"schwaebisch-hall\"}}]}<\/script>\n<!-- \/ Yoast SEO plugin. -->","yoast_head_json":{"title":"K\u00f6rbe und Einkaufstaschen - Weltladen Schw\u00e4bisch Hall","robots":{"index":"index","follow":"follow","max-snippet":"max-snippet:-1","max-image-preview":"max-image-preview:large","max-video-preview":"max-video-preview:-1"},"canonical":"https:\/\/weltlaeden.de\/schwaebisch-hall\/koerbe-und-einkaufstaschen\/","og_locale":"de_DE","og_type":"article","og_title":"K\u00f6rbe und Einkaufstaschen - Weltladen Schw\u00e4bisch Hall","og_description":"[vc_row][vc_column][vc_column_text] K\u00f6rbe und Einkaufstaschen aus aller Welt Steppengras MARAKESCH Hirsestroh und Ziegenleder GHANA Bolgakorb INDIEN Palmblatt W\u00e4schekorb Seegras BANGLADESCH W\u00e4schekorb SENEGAL Aufbewahrungskorb GHANA Savannengras VIETNAM PERU TANSANIA [\/vc_column_text][\/vc_column][\/vc_row][vc_row][vc_column][vc_separator][\/vc_column][\/vc_row][vc_row][vc_column][vc_column_text] Bolgak\u00f6rbe aus Ghana Die Original Bolgak\u00f6rbe kommen aus der Provinz Bolgatanga in Ghana. Gefertigt werden sie von Flechterinnen aus dem Stroh des Savannengrases oder der in Ghana&hellip;","og_url":"https:\/\/weltlaeden.de\/schwaebisch-hall\/koerbe-und-einkaufstaschen\/","og_site_name":"Weltladen Schw\u00e4bisch Hall","article_published_time":"2023-10-05T09:02:44+00:00","article_modified_time":"2024-11-04T11:14:34+00:00","og_image":[{"width":409,"height":291,"url":"https:\/\/weltlaeden.de\/schwaebisch-hall\/wp-content\/uploads\/sites\/187\/2023\/03\/K640_IMG_20230309_163130-1-e1679481566688.jpg","type":"image\/jpeg"}],"author":"schwaebisch-hall","twitter_card":"summary_large_image","twitter_misc":{"Verfasst von":"schwaebisch-hall","Gesch\u00e4tzte Lesezeit":"1\u00a0Minute"},"schema":{"@context":"https:\/\/schema.org","@graph":[{"@type":"Article","@id":"https:\/\/weltlaeden.de\/schwaebisch-hall\/koerbe-und-einkaufstaschen\/#article","isPartOf":{"@id":"https:\/\/weltlaeden.de\/schwaebisch-hall\/koerbe-und-einkaufstaschen\/"},"author":{"name":"schwaebisch-hall","@id":"https:\/\/weltlaeden.de\/schwaebisch-hall\/#\/schema\/person\/9a814b82e370b91b5096c8b92d3eca5a"},"headline":"K\u00f6rbe und Einkaufstaschen","datePublished":"2023-10-05T09:02:44+00:00","dateModified":"2024-11-04T11:14:34+00:00","mainEntityOfPage":{"@id":"https:\/\/weltlaeden.de\/schwaebisch-hall\/koerbe-und-einkaufstaschen\/"},"wordCount":195,"image":{"@id":"https:\/\/weltlaeden.de\/schwaebisch-hall\/koerbe-und-einkaufstaschen\/#primaryimage"},"thumbnailUrl":"https:\/\/weltlaeden.de\/schwaebisch-hall\/wp-content\/uploads\/sites\/187\/2023\/03\/K640_IMG_20230309_163130-1-e1679481566688.jpg","articleSection":["Neuigkeiten"],"inLanguage":"de"},{"@type":"WebPage","@id":"https:\/\/weltlaeden.de\/schwaebisch-hall\/koerbe-und-einkaufstaschen\/","url":"https:\/\/weltlaeden.de\/schwaebisch-hall\/koerbe-und-einkaufstaschen\/","name":"K\u00f6rbe und Einkaufstaschen - Weltladen Schw\u00e4bisch Hall","isPartOf":{"@id":"https:\/\/weltlaeden.de\/schwaebisch-hall\/#website"},"primaryImageOfPage":{"@id":"https:\/\/weltlaeden.de\/schwaebisch-hall\/koerbe-und-einkaufstaschen\/#primaryimage"},"image":{"@id":"https:\/\/weltlaeden.de\/schwaebisch-hall\/koerbe-und-einkaufstaschen\/#primaryimage"},"thumbnailUrl":"https:\/\/weltlaeden.de\/schwaebisch-hall\/wp-content\/uploads\/sites\/187\/2023\/03\/K640_IMG_20230309_163130-1-e1679481566688.jpg","datePublished":"2023-10-05T09:02:44+00:00","dateModified":"2024-11-04T11:14:34+00:00","author":{"@id":"https:\/\/weltlaeden.de\/schwaebisch-hall\/#\/schema\/person\/9a814b82e370b91b5096c8b92d3eca5a"},"breadcrumb":{"@id":"https:\/\/weltlaeden.de\/schwaebisch-hall\/koerbe-und-einkaufstaschen\/#breadcrumb"},"inLanguage":"de","potentialAction":[{"@type":"ReadAction","target":["https:\/\/weltlaeden.de\/schwaebisch-hall\/koerbe-und-einkaufstaschen\/"]}]},{"@type":"ImageObject","inLanguage":"de","@id":"https:\/\/weltlaeden.de\/schwaebisch-hall\/koerbe-und-einkaufstaschen\/#primaryimage","url":"https:\/\/weltlaeden.de\/schwaebisch-hall\/wp-content\/uploads\/sites\/187\/2023\/03\/K640_IMG_20230309_163130-1-e1679481566688.jpg","contentUrl":"https:\/\/weltlaeden.de\/schwaebisch-hall\/wp-content\/uploads\/sites\/187\/2023\/03\/K640_IMG_20230309_163130-1-e1679481566688.jpg","width":409,"height":291},{"@type":"BreadcrumbList","@id":"https:\/\/weltlaeden.de\/schwaebisch-hall\/koerbe-und-einkaufstaschen\/#breadcrumb","itemListElement":[{"@type":"ListItem","position":1,"name":"Startseite","item":"https:\/\/weltlaeden.de\/schwaebisch-hall\/"},{"@type":"ListItem","position":2,"name":"K\u00f6rbe und Einkaufstaschen"}]},{"@type":"WebSite","@id":"https:\/\/weltlaeden.de\/schwaebisch-hall\/#website","url":"https:\/\/weltlaeden.de\/schwaebisch-hall\/","name":"Weltladen Schw\u00e4bisch Hall","description":"Fachhandel f\u00fcr Faire Produkte","potentialAction":[{"@type":"SearchAction","target":{"@type":"EntryPoint","urlTemplate":"https:\/\/weltlaeden.de\/schwaebisch-hall\/?s={search_term_string}"},"query-input":{"@type":"PropertyValueSpecification","valueRequired":true,"valueName":"search_term_string"}}],"inLanguage":"de"},{"@type":"Person","@id":"https:\/\/weltlaeden.de\/schwaebisch-hall\/#\/schema\/person\/9a814b82e370b91b5096c8b92d3eca5a","name":"schwaebisch-hall","image":{"@type":"ImageObject","inLanguage":"de","@id":"https:\/\/weltlaeden.de\/schwaebisch-hall\/#\/schema\/person\/image\/","url":"https:\/\/secure.gravatar.com\/avatar\/c8b98eb23b92db1b13ff7cf3a35e9eb5?s=96&d=mm&r=g","contentUrl":"https:\/\/secure.gravatar.com\/avatar\/c8b98eb23b92db1b13ff7cf3a35e9eb5?s=96&d=mm&r=g","caption":"schwaebisch-hall"}}]}},"_links":{"self":[{"href":"https:\/\/weltlaeden.de\/schwaebisch-hall\/wp-json\/wp\/v2\/posts\/1400","targetHints":{"allow":["GET"]}}],"collection":[{"href":"https:\/\/weltlaeden.de\/schwaebisch-hall\/wp-json\/wp\/v2\/posts"}],"about":[{"href":"https:\/\/weltlaeden.de\/schwaebisch-hall\/wp-json\/wp\/v2\/types\/post"}],"author":[{"embeddable":true,"href":"https:\/\/weltlaeden.de\/schwaebisch-hall\/wp-json\/wp\/v2\/users\/279"}],"replies":[{"embeddable":true,"href":"https:\/\/weltlaeden.de\/schwaebisch-hall\/wp-json\/wp\/v2\/comments?post=1400"}],"version-history":[{"count":20,"href":"https:\/\/weltlaeden.de\/schwaebisch-hall\/wp-json\/wp\/v2\/posts\/1400\/revisions"}],"predecessor-version":[{"id":2239,"href":"https:\/\/weltlaeden.de\/schwaebisch-hall\/wp-json\/wp\/v2\/posts\/1400\/revisions\/2239"}],"wp:featuredmedia":[{"embeddable":true,"href":"https:\/\/weltlaeden.de\/schwaebisch-hall\/wp-json\/wp\/v2\/media\/1410"}],"wp:attachment":[{"href":"https:\/\/weltlaeden.de\/schwaebisch-hall\/wp-json\/wp\/v2\/media?parent=1400"}],"wp:term":[{"taxonomy":"category","embeddable":true,"href":"https:\/\/weltlaeden.de\/schwaebisch-hall\/wp-json\/wp\/v2\/categories?post=1400"},{"taxonomy":"post_tag","embeddable":true,"href":"https:\/\/weltlaeden.de\/schwaebisch-hall\/wp-json\/wp\/v2\/tags?post=1400"}],"curies":[{"name":"wp","href":"https:\/\/api.w.org\/{rel}","templated":true}]}}