{"id":1256,"date":"2025-10-09T11:12:44","date_gmt":"2025-10-09T09:12:44","guid":{"rendered":"https:\/\/weltlaeden.de\/schwaebisch-gmuend\/?p=1256"},"modified":"2025-10-09T11:21:14","modified_gmt":"2025-10-09T09:21:14","slug":"mitarbeiterausflug-zu-nuertinger-welthaus","status":"publish","type":"post","link":"https:\/\/weltlaeden.de\/schwaebisch-gmuend\/mitarbeiterausflug-zu-nuertinger-welthaus\/","title":{"rendered":"Mitarbeiterausflug zu N\u00fcrtinger Welthaus"},"content":{"rendered":"<p>Der Mitarbeiterausflug f\u00fchrte in diesem Jahr die Teilnehmer in das malerische St\u00e4dtchen N\u00fcrtingen am Neckar mit dem Stadtbalkon und mehreren Restaurants. Besonders interessant war die F\u00fchrung durch das zukunftsweisende Welthaus, das nicht nur den Weltladen beherbergt, sondern auch eine Weltk\u00fcche f\u00fcr vielf\u00e4ltige Angebote zu Nachhaltigkeit und fairem Handel.<br \/>\nMit vielen Informationen und Inspirationen ging es wieder zur\u00fcck nach Schw\u00e4bisch Gm\u00fcnd.<\/p>\n<p><img loading=\"lazy\" decoding=\"async\" class=\"alignnone wp-image-1255\" src=\"https:\/\/weltlaeden.de\/schwaebisch-gmuend\/wp-content\/uploads\/sites\/179\/2025\/10\/NEU_2025_10_01-300x200.png\" alt=\"\" width=\"641\" height=\"427\" srcset=\"https:\/\/weltlaeden.de\/schwaebisch-gmuend\/wp-content\/uploads\/sites\/179\/2025\/10\/NEU_2025_10_01-300x200.png 300w, https:\/\/weltlaeden.de\/schwaebisch-gmuend\/wp-content\/uploads\/sites\/179\/2025\/10\/NEU_2025_10_01-1024x681.png 1024w, https:\/\/weltlaeden.de\/schwaebisch-gmuend\/wp-content\/uploads\/sites\/179\/2025\/10\/NEU_2025_10_01-768x511.png 768w, https:\/\/weltlaeden.de\/schwaebisch-gmuend\/wp-content\/uploads\/sites\/179\/2025\/10\/NEU_2025_10_01.png 1135w\" sizes=\"auto, (max-width: 641px) 100vw, 641px\" \/>.<\/p>\n","protected":false},"excerpt":{"rendered":"<p>Der Mitarbeiterausflug f\u00fchrte in diesem Jahr die Teilnehmer in das malerische St\u00e4dtchen N\u00fcrtingen am Neckar mit dem Stadtbalkon und mehreren Restaurants. Besonders interessant war die F\u00fchrung durch das zukunftsweisende Welthaus, das nicht nur den Weltladen beherbergt, sondern auch eine Weltk\u00fcche f\u00fcr vielf\u00e4ltige Angebote zu Nachhaltigkeit und fairem Handel. Mit vielen Informationen und Inspirationen ging es&hellip;<\/p>\n","protected":false},"author":265,"featured_media":0,"comment_status":"closed","ping_status":"closed","sticky":false,"template":"","format":"standard","meta":{"footnotes":""},"categories":[1],"tags":[],"class_list":["post-1256","post","type-post","status-publish","format-standard","hentry","category-allgemein","category-1","description-off"],"yoast_head":"<!-- This site is optimized with the Yoast SEO plugin v26.8 - https:\/\/yoast.com\/product\/yoast-seo-wordpress\/ -->\n<title>Mitarbeiterausflug zu N\u00fcrtinger Welthaus - Weltladen Schw\u00e4bisch Gm\u00fcnd<\/title>\n<meta name=\"robots\" content=\"index, follow, max-snippet:-1, max-image-preview:large, max-video-preview:-1\" \/>\n<link rel=\"canonical\" href=\"https:\/\/weltlaeden.de\/schwaebisch-gmuend\/mitarbeiterausflug-zu-nuertinger-welthaus\/\" \/>\n<meta property=\"og:locale\" content=\"de_DE\" \/>\n<meta property=\"og:type\" content=\"article\" \/>\n<meta property=\"og:title\" content=\"Mitarbeiterausflug zu N\u00fcrtinger Welthaus - Weltladen Schw\u00e4bisch Gm\u00fcnd\" \/>\n<meta property=\"og:description\" content=\"Der Mitarbeiterausflug f\u00fchrte in diesem Jahr die Teilnehmer in das malerische St\u00e4dtchen N\u00fcrtingen am Neckar mit dem Stadtbalkon und mehreren Restaurants. Besonders interessant war die F\u00fchrung durch das zukunftsweisende Welthaus, das nicht nur den Weltladen beherbergt, sondern auch eine Weltk\u00fcche f\u00fcr vielf\u00e4ltige Angebote zu Nachhaltigkeit und fairem Handel. Mit vielen Informationen und Inspirationen ging es&hellip;\" \/>\n<meta property=\"og:url\" content=\"https:\/\/weltlaeden.de\/schwaebisch-gmuend\/mitarbeiterausflug-zu-nuertinger-welthaus\/\" \/>\n<meta property=\"og:site_name\" content=\"Weltladen Schw\u00e4bisch Gm\u00fcnd\" \/>\n<meta property=\"article:published_time\" content=\"2025-10-09T09:12:44+00:00\" \/>\n<meta property=\"article:modified_time\" content=\"2025-10-09T09:21:14+00:00\" \/>\n<meta property=\"og:image\" content=\"https:\/\/weltlaeden.de\/schwaebisch-gmuend\/wp-content\/uploads\/sites\/179\/2025\/10\/NEU_2025_10_01.png\" \/>\n\t<meta property=\"og:image:width\" content=\"1135\" \/>\n\t<meta property=\"og:image:height\" content=\"755\" \/>\n\t<meta property=\"og:image:type\" content=\"image\/png\" \/>\n<meta name=\"author\" content=\"schwaebisch-gmuend\" \/>\n<meta name=\"twitter:card\" content=\"summary_large_image\" \/>\n<meta name=\"twitter:label1\" content=\"Verfasst von\" \/>\n\t<meta name=\"twitter:data1\" content=\"schwaebisch-gmuend\" \/>\n<script type=\"application\/ld+json\" class=\"yoast-schema-graph\">{\"@context\":\"https:\/\/schema.org\",\"@graph\":[{\"@type\":\"Article\",\"@id\":\"https:\/\/weltlaeden.de\/schwaebisch-gmuend\/mitarbeiterausflug-zu-nuertinger-welthaus\/#article\",\"isPartOf\":{\"@id\":\"https:\/\/weltlaeden.de\/schwaebisch-gmuend\/mitarbeiterausflug-zu-nuertinger-welthaus\/\"},\"author\":{\"name\":\"schwaebisch-gmuend\",\"@id\":\"https:\/\/weltlaeden.de\/schwaebisch-gmuend\/#\/schema\/person\/fd6fdd46f604e787d132a8b79d4e1d06\"},\"headline\":\"Mitarbeiterausflug zu N\u00fcrtinger Welthaus\",\"datePublished\":\"2025-10-09T09:12:44+00:00\",\"dateModified\":\"2025-10-09T09:21:14+00:00\",\"mainEntityOfPage\":{\"@id\":\"https:\/\/weltlaeden.de\/schwaebisch-gmuend\/mitarbeiterausflug-zu-nuertinger-welthaus\/\"},\"wordCount\":75,\"image\":{\"@id\":\"https:\/\/weltlaeden.de\/schwaebisch-gmuend\/mitarbeiterausflug-zu-nuertinger-welthaus\/#primaryimage\"},\"thumbnailUrl\":\"https:\/\/weltlaeden.de\/schwaebisch-gmuend\/wp-content\/uploads\/sites\/179\/2025\/10\/NEU_2025_10_01-300x200.png\",\"articleSection\":[\"Keine Kategorie\"],\"inLanguage\":\"de\"},{\"@type\":\"WebPage\",\"@id\":\"https:\/\/weltlaeden.de\/schwaebisch-gmuend\/mitarbeiterausflug-zu-nuertinger-welthaus\/\",\"url\":\"https:\/\/weltlaeden.de\/schwaebisch-gmuend\/mitarbeiterausflug-zu-nuertinger-welthaus\/\",\"name\":\"Mitarbeiterausflug zu N\u00fcrtinger Welthaus - Weltladen Schw\u00e4bisch Gm\u00fcnd\",\"isPartOf\":{\"@id\":\"https:\/\/weltlaeden.de\/schwaebisch-gmuend\/#website\"},\"primaryImageOfPage\":{\"@id\":\"https:\/\/weltlaeden.de\/schwaebisch-gmuend\/mitarbeiterausflug-zu-nuertinger-welthaus\/#primaryimage\"},\"image\":{\"@id\":\"https:\/\/weltlaeden.de\/schwaebisch-gmuend\/mitarbeiterausflug-zu-nuertinger-welthaus\/#primaryimage\"},\"thumbnailUrl\":\"https:\/\/weltlaeden.de\/schwaebisch-gmuend\/wp-content\/uploads\/sites\/179\/2025\/10\/NEU_2025_10_01-300x200.png\",\"datePublished\":\"2025-10-09T09:12:44+00:00\",\"dateModified\":\"2025-10-09T09:21:14+00:00\",\"author\":{\"@id\":\"https:\/\/weltlaeden.de\/schwaebisch-gmuend\/#\/schema\/person\/fd6fdd46f604e787d132a8b79d4e1d06\"},\"breadcrumb\":{\"@id\":\"https:\/\/weltlaeden.de\/schwaebisch-gmuend\/mitarbeiterausflug-zu-nuertinger-welthaus\/#breadcrumb\"},\"inLanguage\":\"de\",\"potentialAction\":[{\"@type\":\"ReadAction\",\"target\":[\"https:\/\/weltlaeden.de\/schwaebisch-gmuend\/mitarbeiterausflug-zu-nuertinger-welthaus\/\"]}]},{\"@type\":\"ImageObject\",\"inLanguage\":\"de\",\"@id\":\"https:\/\/weltlaeden.de\/schwaebisch-gmuend\/mitarbeiterausflug-zu-nuertinger-welthaus\/#primaryimage\",\"url\":\"https:\/\/weltlaeden.de\/schwaebisch-gmuend\/wp-content\/uploads\/sites\/179\/2025\/10\/NEU_2025_10_01.png\",\"contentUrl\":\"https:\/\/weltlaeden.de\/schwaebisch-gmuend\/wp-content\/uploads\/sites\/179\/2025\/10\/NEU_2025_10_01.png\",\"width\":1135,\"height\":755},{\"@type\":\"BreadcrumbList\",\"@id\":\"https:\/\/weltlaeden.de\/schwaebisch-gmuend\/mitarbeiterausflug-zu-nuertinger-welthaus\/#breadcrumb\",\"itemListElement\":[{\"@type\":\"ListItem\",\"position\":1,\"name\":\"Startseite\",\"item\":\"https:\/\/weltlaeden.de\/schwaebisch-gmuend\/\"},{\"@type\":\"ListItem\",\"position\":2,\"name\":\"Mitarbeiterausflug zu N\u00fcrtinger Welthaus\"}]},{\"@type\":\"WebSite\",\"@id\":\"https:\/\/weltlaeden.de\/schwaebisch-gmuend\/#website\",\"url\":\"https:\/\/weltlaeden.de\/schwaebisch-gmuend\/\",\"name\":\"Weltladen Schw\u00e4bisch Gm\u00fcnd\",\"description\":\"Faire Produkte seit 1990\",\"potentialAction\":[{\"@type\":\"SearchAction\",\"target\":{\"@type\":\"EntryPoint\",\"urlTemplate\":\"https:\/\/weltlaeden.de\/schwaebisch-gmuend\/?s={search_term_string}\"},\"query-input\":{\"@type\":\"PropertyValueSpecification\",\"valueRequired\":true,\"valueName\":\"search_term_string\"}}],\"inLanguage\":\"de\"},{\"@type\":\"Person\",\"@id\":\"https:\/\/weltlaeden.de\/schwaebisch-gmuend\/#\/schema\/person\/fd6fdd46f604e787d132a8b79d4e1d06\",\"name\":\"schwaebisch-gmuend\",\"image\":{\"@type\":\"ImageObject\",\"inLanguage\":\"de\",\"@id\":\"https:\/\/weltlaeden.de\/schwaebisch-gmuend\/#\/schema\/person\/image\/\",\"url\":\"https:\/\/secure.gravatar.com\/avatar\/b1f39596b535a7e7fef4c58f3e8144cc?s=96&d=mm&r=g\",\"contentUrl\":\"https:\/\/secure.gravatar.com\/avatar\/b1f39596b535a7e7fef4c58f3e8144cc?s=96&d=mm&r=g\",\"caption\":\"schwaebisch-gmuend\"}}]}<\/script>\n<!-- \/ Yoast SEO plugin. -->","yoast_head_json":{"title":"Mitarbeiterausflug zu N\u00fcrtinger Welthaus - Weltladen Schw\u00e4bisch Gm\u00fcnd","robots":{"index":"index","follow":"follow","max-snippet":"max-snippet:-1","max-image-preview":"max-image-preview:large","max-video-preview":"max-video-preview:-1"},"canonical":"https:\/\/weltlaeden.de\/schwaebisch-gmuend\/mitarbeiterausflug-zu-nuertinger-welthaus\/","og_locale":"de_DE","og_type":"article","og_title":"Mitarbeiterausflug zu N\u00fcrtinger Welthaus - Weltladen Schw\u00e4bisch Gm\u00fcnd","og_description":"Der Mitarbeiterausflug f\u00fchrte in diesem Jahr die Teilnehmer in das malerische St\u00e4dtchen N\u00fcrtingen am Neckar mit dem Stadtbalkon und mehreren Restaurants. Besonders interessant war die F\u00fchrung durch das zukunftsweisende Welthaus, das nicht nur den Weltladen beherbergt, sondern auch eine Weltk\u00fcche f\u00fcr vielf\u00e4ltige Angebote zu Nachhaltigkeit und fairem Handel. Mit vielen Informationen und Inspirationen ging es&hellip;","og_url":"https:\/\/weltlaeden.de\/schwaebisch-gmuend\/mitarbeiterausflug-zu-nuertinger-welthaus\/","og_site_name":"Weltladen Schw\u00e4bisch Gm\u00fcnd","article_published_time":"2025-10-09T09:12:44+00:00","article_modified_time":"2025-10-09T09:21:14+00:00","og_image":[{"width":1135,"height":755,"url":"https:\/\/weltlaeden.de\/schwaebisch-gmuend\/wp-content\/uploads\/sites\/179\/2025\/10\/NEU_2025_10_01.png","type":"image\/png"}],"author":"schwaebisch-gmuend","twitter_card":"summary_large_image","twitter_misc":{"Verfasst von":"schwaebisch-gmuend"},"schema":{"@context":"https:\/\/schema.org","@graph":[{"@type":"Article","@id":"https:\/\/weltlaeden.de\/schwaebisch-gmuend\/mitarbeiterausflug-zu-nuertinger-welthaus\/#article","isPartOf":{"@id":"https:\/\/weltlaeden.de\/schwaebisch-gmuend\/mitarbeiterausflug-zu-nuertinger-welthaus\/"},"author":{"name":"schwaebisch-gmuend","@id":"https:\/\/weltlaeden.de\/schwaebisch-gmuend\/#\/schema\/person\/fd6fdd46f604e787d132a8b79d4e1d06"},"headline":"Mitarbeiterausflug zu N\u00fcrtinger Welthaus","datePublished":"2025-10-09T09:12:44+00:00","dateModified":"2025-10-09T09:21:14+00:00","mainEntityOfPage":{"@id":"https:\/\/weltlaeden.de\/schwaebisch-gmuend\/mitarbeiterausflug-zu-nuertinger-welthaus\/"},"wordCount":75,"image":{"@id":"https:\/\/weltlaeden.de\/schwaebisch-gmuend\/mitarbeiterausflug-zu-nuertinger-welthaus\/#primaryimage"},"thumbnailUrl":"https:\/\/weltlaeden.de\/schwaebisch-gmuend\/wp-content\/uploads\/sites\/179\/2025\/10\/NEU_2025_10_01-300x200.png","articleSection":["Keine Kategorie"],"inLanguage":"de"},{"@type":"WebPage","@id":"https:\/\/weltlaeden.de\/schwaebisch-gmuend\/mitarbeiterausflug-zu-nuertinger-welthaus\/","url":"https:\/\/weltlaeden.de\/schwaebisch-gmuend\/mitarbeiterausflug-zu-nuertinger-welthaus\/","name":"Mitarbeiterausflug zu N\u00fcrtinger Welthaus - Weltladen Schw\u00e4bisch Gm\u00fcnd","isPartOf":{"@id":"https:\/\/weltlaeden.de\/schwaebisch-gmuend\/#website"},"primaryImageOfPage":{"@id":"https:\/\/weltlaeden.de\/schwaebisch-gmuend\/mitarbeiterausflug-zu-nuertinger-welthaus\/#primaryimage"},"image":{"@id":"https:\/\/weltlaeden.de\/schwaebisch-gmuend\/mitarbeiterausflug-zu-nuertinger-welthaus\/#primaryimage"},"thumbnailUrl":"https:\/\/weltlaeden.de\/schwaebisch-gmuend\/wp-content\/uploads\/sites\/179\/2025\/10\/NEU_2025_10_01-300x200.png","datePublished":"2025-10-09T09:12:44+00:00","dateModified":"2025-10-09T09:21:14+00:00","author":{"@id":"https:\/\/weltlaeden.de\/schwaebisch-gmuend\/#\/schema\/person\/fd6fdd46f604e787d132a8b79d4e1d06"},"breadcrumb":{"@id":"https:\/\/weltlaeden.de\/schwaebisch-gmuend\/mitarbeiterausflug-zu-nuertinger-welthaus\/#breadcrumb"},"inLanguage":"de","potentialAction":[{"@type":"ReadAction","target":["https:\/\/weltlaeden.de\/schwaebisch-gmuend\/mitarbeiterausflug-zu-nuertinger-welthaus\/"]}]},{"@type":"ImageObject","inLanguage":"de","@id":"https:\/\/weltlaeden.de\/schwaebisch-gmuend\/mitarbeiterausflug-zu-nuertinger-welthaus\/#primaryimage","url":"https:\/\/weltlaeden.de\/schwaebisch-gmuend\/wp-content\/uploads\/sites\/179\/2025\/10\/NEU_2025_10_01.png","contentUrl":"https:\/\/weltlaeden.de\/schwaebisch-gmuend\/wp-content\/uploads\/sites\/179\/2025\/10\/NEU_2025_10_01.png","width":1135,"height":755},{"@type":"BreadcrumbList","@id":"https:\/\/weltlaeden.de\/schwaebisch-gmuend\/mitarbeiterausflug-zu-nuertinger-welthaus\/#breadcrumb","itemListElement":[{"@type":"ListItem","position":1,"name":"Startseite","item":"https:\/\/weltlaeden.de\/schwaebisch-gmuend\/"},{"@type":"ListItem","position":2,"name":"Mitarbeiterausflug zu N\u00fcrtinger Welthaus"}]},{"@type":"WebSite","@id":"https:\/\/weltlaeden.de\/schwaebisch-gmuend\/#website","url":"https:\/\/weltlaeden.de\/schwaebisch-gmuend\/","name":"Weltladen Schw\u00e4bisch Gm\u00fcnd","description":"Faire Produkte seit 1990","potentialAction":[{"@type":"SearchAction","target":{"@type":"EntryPoint","urlTemplate":"https:\/\/weltlaeden.de\/schwaebisch-gmuend\/?s={search_term_string}"},"query-input":{"@type":"PropertyValueSpecification","valueRequired":true,"valueName":"search_term_string"}}],"inLanguage":"de"},{"@type":"Person","@id":"https:\/\/weltlaeden.de\/schwaebisch-gmuend\/#\/schema\/person\/fd6fdd46f604e787d132a8b79d4e1d06","name":"schwaebisch-gmuend","image":{"@type":"ImageObject","inLanguage":"de","@id":"https:\/\/weltlaeden.de\/schwaebisch-gmuend\/#\/schema\/person\/image\/","url":"https:\/\/secure.gravatar.com\/avatar\/b1f39596b535a7e7fef4c58f3e8144cc?s=96&d=mm&r=g","contentUrl":"https:\/\/secure.gravatar.com\/avatar\/b1f39596b535a7e7fef4c58f3e8144cc?s=96&d=mm&r=g","caption":"schwaebisch-gmuend"}}]}},"_links":{"self":[{"href":"https:\/\/weltlaeden.de\/schwaebisch-gmuend\/wp-json\/wp\/v2\/posts\/1256","targetHints":{"allow":["GET"]}}],"collection":[{"href":"https:\/\/weltlaeden.de\/schwaebisch-gmuend\/wp-json\/wp\/v2\/posts"}],"about":[{"href":"https:\/\/weltlaeden.de\/schwaebisch-gmuend\/wp-json\/wp\/v2\/types\/post"}],"author":[{"embeddable":true,"href":"https:\/\/weltlaeden.de\/schwaebisch-gmuend\/wp-json\/wp\/v2\/users\/265"}],"replies":[{"embeddable":true,"href":"https:\/\/weltlaeden.de\/schwaebisch-gmuend\/wp-json\/wp\/v2\/comments?post=1256"}],"version-history":[{"count":3,"href":"https:\/\/weltlaeden.de\/schwaebisch-gmuend\/wp-json\/wp\/v2\/posts\/1256\/revisions"}],"predecessor-version":[{"id":1259,"href":"https:\/\/weltlaeden.de\/schwaebisch-gmuend\/wp-json\/wp\/v2\/posts\/1256\/revisions\/1259"}],"wp:attachment":[{"href":"https:\/\/weltlaeden.de\/schwaebisch-gmuend\/wp-json\/wp\/v2\/media?parent=1256"}],"wp:term":[{"taxonomy":"category","embeddable":true,"href":"https:\/\/weltlaeden.de\/schwaebisch-gmuend\/wp-json\/wp\/v2\/categories?post=1256"},{"taxonomy":"post_tag","embeddable":true,"href":"https:\/\/weltlaeden.de\/schwaebisch-gmuend\/wp-json\/wp\/v2\/tags?post=1256"}],"curies":[{"name":"wp","href":"https:\/\/api.w.org\/{rel}","templated":true}]}}