{"id":1242,"date":"2025-09-07T19:47:33","date_gmt":"2025-09-07T17:47:33","guid":{"rendered":"https:\/\/weltlaeden.de\/schwaebisch-gmuend\/?p=1242"},"modified":"2025-09-07T19:47:33","modified_gmt":"2025-09-07T17:47:33","slug":"gemeinsam-die-vielfalt-des-fairen-handels-entdecken","status":"publish","type":"post","link":"https:\/\/weltlaeden.de\/schwaebisch-gmuend\/gemeinsam-die-vielfalt-des-fairen-handels-entdecken\/","title":{"rendered":"\u201eGEMEINSAM DIE VIELFALT DES FAIREN HANDELS ENTDECKEN!\u201c"},"content":{"rendered":"<p><span style=\"color: #ff6600\"><strong>\u201eGEMEINSAM DIE VIELFALT DES FAIREN HANDELS ENTDECKEN!\u201c<\/strong><\/span><br \/>\nSo lautet das Motto der diesj\u00e4hrigen Fairen Woche.<\/p>\n<p>Hinter jedem fair gehandelten Produkt stehen Menschen mit ihren Geschichten, Erfahrungen und<br \/>\nHerausforderungen. Fairer Handel f\u00f6rdert die Entwicklung von Kleinbauern und ihren Familien,<br \/>\nunterst\u00fctzt innovative Ans\u00e4tze und st\u00e4rkt den Dialog. Der faire Handel lebt von dem Engagement<br \/>\nvieler, meist ehrenamtlich t\u00e4tigen Akteure, Produzenten, H\u00e4ndler und Konsumenten. Diese Vielfalt<br \/>\nvon verschiedenen Menschen, macht den fairen Handel abwechslungsreich, spannend und<br \/>\ninteressant. Auch der Weltladen Schw\u00e4bisch Gm\u00fcnd bietet ein vielseitiges Produktangebot durch<br \/>\nviele verschiedene Engagierte an.<br \/>\n<span style=\"color: #ff6600\">Am Mittwoch, 17.September zwischen 10.00-13.30 Uhr l\u00e4dt das Team des Weltladens zu einem <\/span><br \/>\n<span style=\"color: #ff6600\">&#8218;Fairen Brunch&#8216; vor dem Laden (Kalter Markt 29) ein.<\/span><br \/>\nDort gibt es die M\u00f6glichkeit einen Teil der Produkte im Original oder in verarbeiteter Form zu<br \/>\nprobieren.<\/p>\n<p>Das Weltladenteam stellt an diesem Tag auch eine neue<br \/>\n<span style=\"color: #ff6600\"><strong>&#8222;Faire Stadtschokolade mit einer Banderole&#8220; eines Gm\u00fcnder K\u00fcnstlers vor.<\/strong> <\/span><br \/>\nDer K\u00fcnstler wird ebenfalls anwesend sein.<br \/>\nDer Chor \u201eCoral Alegria\u201c untermalt das Angebot musikalisch ab 10.30 Uhr.<br \/>\nDas faire Fr\u00fchst\u00fcck wird gegen Spende angeboten.<\/p>\n<p><img loading=\"lazy\" decoding=\"async\" class=\"alignnone  wp-image-1244\" src=\"https:\/\/weltlaeden.de\/schwaebisch-gmuend\/wp-content\/uploads\/sites\/179\/2025\/09\/NEU_2025_09-01-300x198.png\" alt=\"\" width=\"461\" height=\"304\" srcset=\"https:\/\/weltlaeden.de\/schwaebisch-gmuend\/wp-content\/uploads\/sites\/179\/2025\/09\/NEU_2025_09-01-300x198.png 300w, https:\/\/weltlaeden.de\/schwaebisch-gmuend\/wp-content\/uploads\/sites\/179\/2025\/09\/NEU_2025_09-01-1024x676.png 1024w, https:\/\/weltlaeden.de\/schwaebisch-gmuend\/wp-content\/uploads\/sites\/179\/2025\/09\/NEU_2025_09-01-768x507.png 768w, https:\/\/weltlaeden.de\/schwaebisch-gmuend\/wp-content\/uploads\/sites\/179\/2025\/09\/NEU_2025_09-01.png 1248w\" sizes=\"auto, (max-width: 461px) 100vw, 461px\" \/><\/p>\n","protected":false},"excerpt":{"rendered":"<p>\u201eGEMEINSAM DIE VIELFALT DES FAIREN HANDELS ENTDECKEN!\u201c So lautet das Motto der diesj\u00e4hrigen Fairen Woche. Hinter jedem fair gehandelten Produkt stehen Menschen mit ihren Geschichten, Erfahrungen und Herausforderungen. Fairer Handel f\u00f6rdert die Entwicklung von Kleinbauern und ihren Familien, unterst\u00fctzt innovative Ans\u00e4tze und st\u00e4rkt den Dialog. Der faire Handel lebt von dem Engagement vieler, meist ehrenamtlich&hellip;<\/p>\n","protected":false},"author":265,"featured_media":0,"comment_status":"closed","ping_status":"closed","sticky":false,"template":"","format":"standard","meta":{"footnotes":""},"categories":[1],"tags":[],"class_list":["post-1242","post","type-post","status-publish","format-standard","hentry","category-allgemein","category-1","description-off"],"yoast_head":"<!-- This site is optimized with the Yoast SEO plugin v26.8 - https:\/\/yoast.com\/product\/yoast-seo-wordpress\/ -->\n<title>\u201eGEMEINSAM DIE VIELFALT DES FAIREN HANDELS ENTDECKEN!\u201c - Weltladen Schw\u00e4bisch Gm\u00fcnd<\/title>\n<meta name=\"robots\" content=\"index, follow, max-snippet:-1, max-image-preview:large, max-video-preview:-1\" \/>\n<link rel=\"canonical\" href=\"https:\/\/weltlaeden.de\/schwaebisch-gmuend\/gemeinsam-die-vielfalt-des-fairen-handels-entdecken\/\" \/>\n<meta property=\"og:locale\" content=\"de_DE\" \/>\n<meta property=\"og:type\" content=\"article\" \/>\n<meta property=\"og:title\" content=\"\u201eGEMEINSAM DIE VIELFALT DES FAIREN HANDELS ENTDECKEN!\u201c - Weltladen Schw\u00e4bisch Gm\u00fcnd\" \/>\n<meta property=\"og:description\" content=\"\u201eGEMEINSAM DIE VIELFALT DES FAIREN HANDELS ENTDECKEN!\u201c So lautet das Motto der diesj\u00e4hrigen Fairen Woche. Hinter jedem fair gehandelten Produkt stehen Menschen mit ihren Geschichten, Erfahrungen und Herausforderungen. Fairer Handel f\u00f6rdert die Entwicklung von Kleinbauern und ihren Familien, unterst\u00fctzt innovative Ans\u00e4tze und st\u00e4rkt den Dialog. Der faire Handel lebt von dem Engagement vieler, meist ehrenamtlich&hellip;\" \/>\n<meta property=\"og:url\" content=\"https:\/\/weltlaeden.de\/schwaebisch-gmuend\/gemeinsam-die-vielfalt-des-fairen-handels-entdecken\/\" \/>\n<meta property=\"og:site_name\" content=\"Weltladen Schw\u00e4bisch Gm\u00fcnd\" \/>\n<meta property=\"article:published_time\" content=\"2025-09-07T17:47:33+00:00\" \/>\n<meta property=\"og:image\" content=\"https:\/\/weltlaeden.de\/schwaebisch-gmuend\/wp-content\/uploads\/sites\/179\/2025\/09\/NEU_2025_09-01.png\" \/>\n\t<meta property=\"og:image:width\" content=\"1248\" \/>\n\t<meta property=\"og:image:height\" content=\"824\" \/>\n\t<meta property=\"og:image:type\" content=\"image\/png\" \/>\n<meta name=\"author\" content=\"schwaebisch-gmuend\" \/>\n<meta name=\"twitter:card\" content=\"summary_large_image\" \/>\n<meta name=\"twitter:label1\" content=\"Verfasst von\" \/>\n\t<meta name=\"twitter:data1\" content=\"schwaebisch-gmuend\" \/>\n\t<meta name=\"twitter:label2\" content=\"Gesch\u00e4tzte Lesezeit\" \/>\n\t<meta name=\"twitter:data2\" content=\"1\u00a0Minute\" \/>\n<script type=\"application\/ld+json\" class=\"yoast-schema-graph\">{\"@context\":\"https:\/\/schema.org\",\"@graph\":[{\"@type\":\"Article\",\"@id\":\"https:\/\/weltlaeden.de\/schwaebisch-gmuend\/gemeinsam-die-vielfalt-des-fairen-handels-entdecken\/#article\",\"isPartOf\":{\"@id\":\"https:\/\/weltlaeden.de\/schwaebisch-gmuend\/gemeinsam-die-vielfalt-des-fairen-handels-entdecken\/\"},\"author\":{\"name\":\"schwaebisch-gmuend\",\"@id\":\"https:\/\/weltlaeden.de\/schwaebisch-gmuend\/#\/schema\/person\/fd6fdd46f604e787d132a8b79d4e1d06\"},\"headline\":\"\u201eGEMEINSAM DIE VIELFALT DES FAIREN HANDELS ENTDECKEN!\u201c\",\"datePublished\":\"2025-09-07T17:47:33+00:00\",\"mainEntityOfPage\":{\"@id\":\"https:\/\/weltlaeden.de\/schwaebisch-gmuend\/gemeinsam-die-vielfalt-des-fairen-handels-entdecken\/\"},\"wordCount\":190,\"image\":{\"@id\":\"https:\/\/weltlaeden.de\/schwaebisch-gmuend\/gemeinsam-die-vielfalt-des-fairen-handels-entdecken\/#primaryimage\"},\"thumbnailUrl\":\"https:\/\/weltlaeden.de\/schwaebisch-gmuend\/wp-content\/uploads\/sites\/179\/2025\/09\/NEU_2025_09-01-300x198.png\",\"articleSection\":[\"Keine Kategorie\"],\"inLanguage\":\"de\"},{\"@type\":\"WebPage\",\"@id\":\"https:\/\/weltlaeden.de\/schwaebisch-gmuend\/gemeinsam-die-vielfalt-des-fairen-handels-entdecken\/\",\"url\":\"https:\/\/weltlaeden.de\/schwaebisch-gmuend\/gemeinsam-die-vielfalt-des-fairen-handels-entdecken\/\",\"name\":\"\u201eGEMEINSAM DIE VIELFALT DES FAIREN HANDELS ENTDECKEN!\u201c - Weltladen Schw\u00e4bisch Gm\u00fcnd\",\"isPartOf\":{\"@id\":\"https:\/\/weltlaeden.de\/schwaebisch-gmuend\/#website\"},\"primaryImageOfPage\":{\"@id\":\"https:\/\/weltlaeden.de\/schwaebisch-gmuend\/gemeinsam-die-vielfalt-des-fairen-handels-entdecken\/#primaryimage\"},\"image\":{\"@id\":\"https:\/\/weltlaeden.de\/schwaebisch-gmuend\/gemeinsam-die-vielfalt-des-fairen-handels-entdecken\/#primaryimage\"},\"thumbnailUrl\":\"https:\/\/weltlaeden.de\/schwaebisch-gmuend\/wp-content\/uploads\/sites\/179\/2025\/09\/NEU_2025_09-01-300x198.png\",\"datePublished\":\"2025-09-07T17:47:33+00:00\",\"author\":{\"@id\":\"https:\/\/weltlaeden.de\/schwaebisch-gmuend\/#\/schema\/person\/fd6fdd46f604e787d132a8b79d4e1d06\"},\"breadcrumb\":{\"@id\":\"https:\/\/weltlaeden.de\/schwaebisch-gmuend\/gemeinsam-die-vielfalt-des-fairen-handels-entdecken\/#breadcrumb\"},\"inLanguage\":\"de\",\"potentialAction\":[{\"@type\":\"ReadAction\",\"target\":[\"https:\/\/weltlaeden.de\/schwaebisch-gmuend\/gemeinsam-die-vielfalt-des-fairen-handels-entdecken\/\"]}]},{\"@type\":\"ImageObject\",\"inLanguage\":\"de\",\"@id\":\"https:\/\/weltlaeden.de\/schwaebisch-gmuend\/gemeinsam-die-vielfalt-des-fairen-handels-entdecken\/#primaryimage\",\"url\":\"https:\/\/weltlaeden.de\/schwaebisch-gmuend\/wp-content\/uploads\/sites\/179\/2025\/09\/NEU_2025_09-01.png\",\"contentUrl\":\"https:\/\/weltlaeden.de\/schwaebisch-gmuend\/wp-content\/uploads\/sites\/179\/2025\/09\/NEU_2025_09-01.png\",\"width\":1248,\"height\":824},{\"@type\":\"BreadcrumbList\",\"@id\":\"https:\/\/weltlaeden.de\/schwaebisch-gmuend\/gemeinsam-die-vielfalt-des-fairen-handels-entdecken\/#breadcrumb\",\"itemListElement\":[{\"@type\":\"ListItem\",\"position\":1,\"name\":\"Startseite\",\"item\":\"https:\/\/weltlaeden.de\/schwaebisch-gmuend\/\"},{\"@type\":\"ListItem\",\"position\":2,\"name\":\"\u201eGEMEINSAM DIE VIELFALT DES FAIREN HANDELS ENTDECKEN!\u201c\"}]},{\"@type\":\"WebSite\",\"@id\":\"https:\/\/weltlaeden.de\/schwaebisch-gmuend\/#website\",\"url\":\"https:\/\/weltlaeden.de\/schwaebisch-gmuend\/\",\"name\":\"Weltladen Schw\u00e4bisch Gm\u00fcnd\",\"description\":\"Faire Produkte seit 1990\",\"potentialAction\":[{\"@type\":\"SearchAction\",\"target\":{\"@type\":\"EntryPoint\",\"urlTemplate\":\"https:\/\/weltlaeden.de\/schwaebisch-gmuend\/?s={search_term_string}\"},\"query-input\":{\"@type\":\"PropertyValueSpecification\",\"valueRequired\":true,\"valueName\":\"search_term_string\"}}],\"inLanguage\":\"de\"},{\"@type\":\"Person\",\"@id\":\"https:\/\/weltlaeden.de\/schwaebisch-gmuend\/#\/schema\/person\/fd6fdd46f604e787d132a8b79d4e1d06\",\"name\":\"schwaebisch-gmuend\",\"image\":{\"@type\":\"ImageObject\",\"inLanguage\":\"de\",\"@id\":\"https:\/\/weltlaeden.de\/schwaebisch-gmuend\/#\/schema\/person\/image\/\",\"url\":\"https:\/\/secure.gravatar.com\/avatar\/b1f39596b535a7e7fef4c58f3e8144cc?s=96&d=mm&r=g\",\"contentUrl\":\"https:\/\/secure.gravatar.com\/avatar\/b1f39596b535a7e7fef4c58f3e8144cc?s=96&d=mm&r=g\",\"caption\":\"schwaebisch-gmuend\"}}]}<\/script>\n<!-- \/ Yoast SEO plugin. -->","yoast_head_json":{"title":"\u201eGEMEINSAM DIE VIELFALT DES FAIREN HANDELS ENTDECKEN!\u201c - Weltladen Schw\u00e4bisch Gm\u00fcnd","robots":{"index":"index","follow":"follow","max-snippet":"max-snippet:-1","max-image-preview":"max-image-preview:large","max-video-preview":"max-video-preview:-1"},"canonical":"https:\/\/weltlaeden.de\/schwaebisch-gmuend\/gemeinsam-die-vielfalt-des-fairen-handels-entdecken\/","og_locale":"de_DE","og_type":"article","og_title":"\u201eGEMEINSAM DIE VIELFALT DES FAIREN HANDELS ENTDECKEN!\u201c - Weltladen Schw\u00e4bisch Gm\u00fcnd","og_description":"\u201eGEMEINSAM DIE VIELFALT DES FAIREN HANDELS ENTDECKEN!\u201c So lautet das Motto der diesj\u00e4hrigen Fairen Woche. Hinter jedem fair gehandelten Produkt stehen Menschen mit ihren Geschichten, Erfahrungen und Herausforderungen. Fairer Handel f\u00f6rdert die Entwicklung von Kleinbauern und ihren Familien, unterst\u00fctzt innovative Ans\u00e4tze und st\u00e4rkt den Dialog. Der faire Handel lebt von dem Engagement vieler, meist ehrenamtlich&hellip;","og_url":"https:\/\/weltlaeden.de\/schwaebisch-gmuend\/gemeinsam-die-vielfalt-des-fairen-handels-entdecken\/","og_site_name":"Weltladen Schw\u00e4bisch Gm\u00fcnd","article_published_time":"2025-09-07T17:47:33+00:00","og_image":[{"width":1248,"height":824,"url":"https:\/\/weltlaeden.de\/schwaebisch-gmuend\/wp-content\/uploads\/sites\/179\/2025\/09\/NEU_2025_09-01.png","type":"image\/png"}],"author":"schwaebisch-gmuend","twitter_card":"summary_large_image","twitter_misc":{"Verfasst von":"schwaebisch-gmuend","Gesch\u00e4tzte Lesezeit":"1\u00a0Minute"},"schema":{"@context":"https:\/\/schema.org","@graph":[{"@type":"Article","@id":"https:\/\/weltlaeden.de\/schwaebisch-gmuend\/gemeinsam-die-vielfalt-des-fairen-handels-entdecken\/#article","isPartOf":{"@id":"https:\/\/weltlaeden.de\/schwaebisch-gmuend\/gemeinsam-die-vielfalt-des-fairen-handels-entdecken\/"},"author":{"name":"schwaebisch-gmuend","@id":"https:\/\/weltlaeden.de\/schwaebisch-gmuend\/#\/schema\/person\/fd6fdd46f604e787d132a8b79d4e1d06"},"headline":"\u201eGEMEINSAM DIE VIELFALT DES FAIREN HANDELS ENTDECKEN!\u201c","datePublished":"2025-09-07T17:47:33+00:00","mainEntityOfPage":{"@id":"https:\/\/weltlaeden.de\/schwaebisch-gmuend\/gemeinsam-die-vielfalt-des-fairen-handels-entdecken\/"},"wordCount":190,"image":{"@id":"https:\/\/weltlaeden.de\/schwaebisch-gmuend\/gemeinsam-die-vielfalt-des-fairen-handels-entdecken\/#primaryimage"},"thumbnailUrl":"https:\/\/weltlaeden.de\/schwaebisch-gmuend\/wp-content\/uploads\/sites\/179\/2025\/09\/NEU_2025_09-01-300x198.png","articleSection":["Keine Kategorie"],"inLanguage":"de"},{"@type":"WebPage","@id":"https:\/\/weltlaeden.de\/schwaebisch-gmuend\/gemeinsam-die-vielfalt-des-fairen-handels-entdecken\/","url":"https:\/\/weltlaeden.de\/schwaebisch-gmuend\/gemeinsam-die-vielfalt-des-fairen-handels-entdecken\/","name":"\u201eGEMEINSAM DIE VIELFALT DES FAIREN HANDELS ENTDECKEN!\u201c - Weltladen Schw\u00e4bisch Gm\u00fcnd","isPartOf":{"@id":"https:\/\/weltlaeden.de\/schwaebisch-gmuend\/#website"},"primaryImageOfPage":{"@id":"https:\/\/weltlaeden.de\/schwaebisch-gmuend\/gemeinsam-die-vielfalt-des-fairen-handels-entdecken\/#primaryimage"},"image":{"@id":"https:\/\/weltlaeden.de\/schwaebisch-gmuend\/gemeinsam-die-vielfalt-des-fairen-handels-entdecken\/#primaryimage"},"thumbnailUrl":"https:\/\/weltlaeden.de\/schwaebisch-gmuend\/wp-content\/uploads\/sites\/179\/2025\/09\/NEU_2025_09-01-300x198.png","datePublished":"2025-09-07T17:47:33+00:00","author":{"@id":"https:\/\/weltlaeden.de\/schwaebisch-gmuend\/#\/schema\/person\/fd6fdd46f604e787d132a8b79d4e1d06"},"breadcrumb":{"@id":"https:\/\/weltlaeden.de\/schwaebisch-gmuend\/gemeinsam-die-vielfalt-des-fairen-handels-entdecken\/#breadcrumb"},"inLanguage":"de","potentialAction":[{"@type":"ReadAction","target":["https:\/\/weltlaeden.de\/schwaebisch-gmuend\/gemeinsam-die-vielfalt-des-fairen-handels-entdecken\/"]}]},{"@type":"ImageObject","inLanguage":"de","@id":"https:\/\/weltlaeden.de\/schwaebisch-gmuend\/gemeinsam-die-vielfalt-des-fairen-handels-entdecken\/#primaryimage","url":"https:\/\/weltlaeden.de\/schwaebisch-gmuend\/wp-content\/uploads\/sites\/179\/2025\/09\/NEU_2025_09-01.png","contentUrl":"https:\/\/weltlaeden.de\/schwaebisch-gmuend\/wp-content\/uploads\/sites\/179\/2025\/09\/NEU_2025_09-01.png","width":1248,"height":824},{"@type":"BreadcrumbList","@id":"https:\/\/weltlaeden.de\/schwaebisch-gmuend\/gemeinsam-die-vielfalt-des-fairen-handels-entdecken\/#breadcrumb","itemListElement":[{"@type":"ListItem","position":1,"name":"Startseite","item":"https:\/\/weltlaeden.de\/schwaebisch-gmuend\/"},{"@type":"ListItem","position":2,"name":"\u201eGEMEINSAM DIE VIELFALT DES FAIREN HANDELS ENTDECKEN!\u201c"}]},{"@type":"WebSite","@id":"https:\/\/weltlaeden.de\/schwaebisch-gmuend\/#website","url":"https:\/\/weltlaeden.de\/schwaebisch-gmuend\/","name":"Weltladen Schw\u00e4bisch Gm\u00fcnd","description":"Faire Produkte seit 1990","potentialAction":[{"@type":"SearchAction","target":{"@type":"EntryPoint","urlTemplate":"https:\/\/weltlaeden.de\/schwaebisch-gmuend\/?s={search_term_string}"},"query-input":{"@type":"PropertyValueSpecification","valueRequired":true,"valueName":"search_term_string"}}],"inLanguage":"de"},{"@type":"Person","@id":"https:\/\/weltlaeden.de\/schwaebisch-gmuend\/#\/schema\/person\/fd6fdd46f604e787d132a8b79d4e1d06","name":"schwaebisch-gmuend","image":{"@type":"ImageObject","inLanguage":"de","@id":"https:\/\/weltlaeden.de\/schwaebisch-gmuend\/#\/schema\/person\/image\/","url":"https:\/\/secure.gravatar.com\/avatar\/b1f39596b535a7e7fef4c58f3e8144cc?s=96&d=mm&r=g","contentUrl":"https:\/\/secure.gravatar.com\/avatar\/b1f39596b535a7e7fef4c58f3e8144cc?s=96&d=mm&r=g","caption":"schwaebisch-gmuend"}}]}},"_links":{"self":[{"href":"https:\/\/weltlaeden.de\/schwaebisch-gmuend\/wp-json\/wp\/v2\/posts\/1242","targetHints":{"allow":["GET"]}}],"collection":[{"href":"https:\/\/weltlaeden.de\/schwaebisch-gmuend\/wp-json\/wp\/v2\/posts"}],"about":[{"href":"https:\/\/weltlaeden.de\/schwaebisch-gmuend\/wp-json\/wp\/v2\/types\/post"}],"author":[{"embeddable":true,"href":"https:\/\/weltlaeden.de\/schwaebisch-gmuend\/wp-json\/wp\/v2\/users\/265"}],"replies":[{"embeddable":true,"href":"https:\/\/weltlaeden.de\/schwaebisch-gmuend\/wp-json\/wp\/v2\/comments?post=1242"}],"version-history":[{"count":2,"href":"https:\/\/weltlaeden.de\/schwaebisch-gmuend\/wp-json\/wp\/v2\/posts\/1242\/revisions"}],"predecessor-version":[{"id":1245,"href":"https:\/\/weltlaeden.de\/schwaebisch-gmuend\/wp-json\/wp\/v2\/posts\/1242\/revisions\/1245"}],"wp:attachment":[{"href":"https:\/\/weltlaeden.de\/schwaebisch-gmuend\/wp-json\/wp\/v2\/media?parent=1242"}],"wp:term":[{"taxonomy":"category","embeddable":true,"href":"https:\/\/weltlaeden.de\/schwaebisch-gmuend\/wp-json\/wp\/v2\/categories?post=1242"},{"taxonomy":"post_tag","embeddable":true,"href":"https:\/\/weltlaeden.de\/schwaebisch-gmuend\/wp-json\/wp\/v2\/tags?post=1242"}],"curies":[{"name":"wp","href":"https:\/\/api.w.org\/{rel}","templated":true}]}}