{"id":1204,"date":"2025-06-26T14:28:34","date_gmt":"2025-06-26T12:28:34","guid":{"rendered":"https:\/\/weltlaeden.de\/schwaebisch-gmuend\/?p=1204"},"modified":"2025-06-26T23:30:21","modified_gmt":"2025-06-26T21:30:21","slug":"soziale-woche-im-weltladen-schwaebisch-gmuend","status":"publish","type":"post","link":"https:\/\/weltlaeden.de\/schwaebisch-gmuend\/soziale-woche-im-weltladen-schwaebisch-gmuend\/","title":{"rendered":"Soziale Woche im Weltladen Schw\u00e4bisch Gm\u00fcnd"},"content":{"rendered":"<p>In Weltladen Schw\u00e4bisch Gm\u00fcnd leisten zurzeit zwei Auszubildende der Robert Bosch Automotive Steering GmbH, Schw\u00e4bisch Gm\u00fcnd eine &#8222;Soziale Woche&#8220; ab. Die Projektidee stammt urspr\u00fcnglich von den Auszubildenden und Studierenden selbst, sie k\u00f6nnen sich im Geiste des Unternehmensgr\u00fcnders engagieren und bekommen daf\u00fcr f\u00fcr eine \u00bbSoziale Woche\u00ab frei.<\/p>\n<p>Zwei Auszubildende haben sich mit dem Wunsch gemeldet, sich im Weltladen Schw\u00e4bisch Gm\u00fcnd einzusetzen. Sie werden hier von den verschiedenen Weltladen-Teams betreut, erhalten einen umfassenden Einblick in die anfallenden Tages-Aufgaben sowie die Arbeitsweise des Weltladens und d\u00fcrfen auch selbst mit anpacken. Ebenso erhalten sie Hintergrundwissen \u00fcber Idee und Ansatz der Weltl\u00e4den und des Fairen Handels.<\/p>\n<p><img loading=\"lazy\" decoding=\"async\" class=\"alignnone wp-image-1206\" src=\"https:\/\/weltlaeden.de\/schwaebisch-gmuend\/wp-content\/uploads\/sites\/179\/2025\/06\/NEU_2025_soz_Woche1-300x193.png\" alt=\"\" width=\"473\" height=\"304\" srcset=\"https:\/\/weltlaeden.de\/schwaebisch-gmuend\/wp-content\/uploads\/sites\/179\/2025\/06\/NEU_2025_soz_Woche1-300x193.png 300w, https:\/\/weltlaeden.de\/schwaebisch-gmuend\/wp-content\/uploads\/sites\/179\/2025\/06\/NEU_2025_soz_Woche1-1024x659.png 1024w, https:\/\/weltlaeden.de\/schwaebisch-gmuend\/wp-content\/uploads\/sites\/179\/2025\/06\/NEU_2025_soz_Woche1-768x494.png 768w, https:\/\/weltlaeden.de\/schwaebisch-gmuend\/wp-content\/uploads\/sites\/179\/2025\/06\/NEU_2025_soz_Woche1.png 1121w\" sizes=\"auto, (max-width: 473px) 100vw, 473px\" \/><\/p>\n<p>Bild: Vorstandsmitglied G. Rohm (l) mit einem Bosch-Auszubildenden (r)<\/p>\n","protected":false},"excerpt":{"rendered":"<p>In Weltladen Schw\u00e4bisch Gm\u00fcnd leisten zurzeit zwei Auszubildende der Robert Bosch Automotive Steering GmbH, Schw\u00e4bisch Gm\u00fcnd eine &#8222;Soziale Woche&#8220; ab. Die Projektidee stammt urspr\u00fcnglich von den Auszubildenden und Studierenden selbst, sie k\u00f6nnen sich im Geiste des Unternehmensgr\u00fcnders engagieren und bekommen daf\u00fcr f\u00fcr eine \u00bbSoziale Woche\u00ab frei. Zwei Auszubildende haben sich mit dem Wunsch gemeldet, sich&hellip;<\/p>\n","protected":false},"author":265,"featured_media":0,"comment_status":"closed","ping_status":"closed","sticky":false,"template":"","format":"standard","meta":{"footnotes":""},"categories":[1],"tags":[],"class_list":["post-1204","post","type-post","status-publish","format-standard","hentry","category-allgemein","category-1","description-off"],"yoast_head":"<!-- This site is optimized with the Yoast SEO plugin v26.8 - https:\/\/yoast.com\/product\/yoast-seo-wordpress\/ -->\n<title>Soziale Woche im Weltladen Schw\u00e4bisch Gm\u00fcnd - Weltladen Schw\u00e4bisch Gm\u00fcnd<\/title>\n<meta name=\"robots\" content=\"index, follow, max-snippet:-1, max-image-preview:large, max-video-preview:-1\" \/>\n<link rel=\"canonical\" href=\"https:\/\/weltlaeden.de\/schwaebisch-gmuend\/soziale-woche-im-weltladen-schwaebisch-gmuend\/\" \/>\n<meta property=\"og:locale\" content=\"de_DE\" \/>\n<meta property=\"og:type\" content=\"article\" \/>\n<meta property=\"og:title\" content=\"Soziale Woche im Weltladen Schw\u00e4bisch Gm\u00fcnd - Weltladen Schw\u00e4bisch Gm\u00fcnd\" \/>\n<meta property=\"og:description\" content=\"In Weltladen Schw\u00e4bisch Gm\u00fcnd leisten zurzeit zwei Auszubildende der Robert Bosch Automotive Steering GmbH, Schw\u00e4bisch Gm\u00fcnd eine &#8222;Soziale Woche&#8220; ab. Die Projektidee stammt urspr\u00fcnglich von den Auszubildenden und Studierenden selbst, sie k\u00f6nnen sich im Geiste des Unternehmensgr\u00fcnders engagieren und bekommen daf\u00fcr f\u00fcr eine \u00bbSoziale Woche\u00ab frei. Zwei Auszubildende haben sich mit dem Wunsch gemeldet, sich&hellip;\" \/>\n<meta property=\"og:url\" content=\"https:\/\/weltlaeden.de\/schwaebisch-gmuend\/soziale-woche-im-weltladen-schwaebisch-gmuend\/\" \/>\n<meta property=\"og:site_name\" content=\"Weltladen Schw\u00e4bisch Gm\u00fcnd\" \/>\n<meta property=\"article:published_time\" content=\"2025-06-26T12:28:34+00:00\" \/>\n<meta property=\"article:modified_time\" content=\"2025-06-26T21:30:21+00:00\" \/>\n<meta property=\"og:image\" content=\"https:\/\/weltlaeden.de\/schwaebisch-gmuend\/wp-content\/uploads\/sites\/179\/2025\/06\/NEU_2025_soz_Woche1.png\" \/>\n\t<meta property=\"og:image:width\" content=\"1121\" \/>\n\t<meta property=\"og:image:height\" content=\"721\" \/>\n\t<meta property=\"og:image:type\" content=\"image\/png\" \/>\n<meta name=\"author\" content=\"schwaebisch-gmuend\" \/>\n<meta name=\"twitter:card\" content=\"summary_large_image\" \/>\n<meta name=\"twitter:label1\" content=\"Verfasst von\" \/>\n\t<meta name=\"twitter:data1\" content=\"schwaebisch-gmuend\" \/>\n\t<meta name=\"twitter:label2\" content=\"Gesch\u00e4tzte Lesezeit\" \/>\n\t<meta name=\"twitter:data2\" content=\"1\u00a0Minute\" \/>\n<script type=\"application\/ld+json\" class=\"yoast-schema-graph\">{\"@context\":\"https:\/\/schema.org\",\"@graph\":[{\"@type\":\"Article\",\"@id\":\"https:\/\/weltlaeden.de\/schwaebisch-gmuend\/soziale-woche-im-weltladen-schwaebisch-gmuend\/#article\",\"isPartOf\":{\"@id\":\"https:\/\/weltlaeden.de\/schwaebisch-gmuend\/soziale-woche-im-weltladen-schwaebisch-gmuend\/\"},\"author\":{\"name\":\"schwaebisch-gmuend\",\"@id\":\"https:\/\/weltlaeden.de\/schwaebisch-gmuend\/#\/schema\/person\/fd6fdd46f604e787d132a8b79d4e1d06\"},\"headline\":\"Soziale Woche im Weltladen Schw\u00e4bisch Gm\u00fcnd\",\"datePublished\":\"2025-06-26T12:28:34+00:00\",\"dateModified\":\"2025-06-26T21:30:21+00:00\",\"mainEntityOfPage\":{\"@id\":\"https:\/\/weltlaeden.de\/schwaebisch-gmuend\/soziale-woche-im-weltladen-schwaebisch-gmuend\/\"},\"wordCount\":131,\"image\":{\"@id\":\"https:\/\/weltlaeden.de\/schwaebisch-gmuend\/soziale-woche-im-weltladen-schwaebisch-gmuend\/#primaryimage\"},\"thumbnailUrl\":\"https:\/\/weltlaeden.de\/schwaebisch-gmuend\/wp-content\/uploads\/sites\/179\/2025\/06\/NEU_2025_soz_Woche1-300x193.png\",\"articleSection\":[\"Keine Kategorie\"],\"inLanguage\":\"de\"},{\"@type\":\"WebPage\",\"@id\":\"https:\/\/weltlaeden.de\/schwaebisch-gmuend\/soziale-woche-im-weltladen-schwaebisch-gmuend\/\",\"url\":\"https:\/\/weltlaeden.de\/schwaebisch-gmuend\/soziale-woche-im-weltladen-schwaebisch-gmuend\/\",\"name\":\"Soziale Woche im Weltladen Schw\u00e4bisch Gm\u00fcnd - Weltladen Schw\u00e4bisch Gm\u00fcnd\",\"isPartOf\":{\"@id\":\"https:\/\/weltlaeden.de\/schwaebisch-gmuend\/#website\"},\"primaryImageOfPage\":{\"@id\":\"https:\/\/weltlaeden.de\/schwaebisch-gmuend\/soziale-woche-im-weltladen-schwaebisch-gmuend\/#primaryimage\"},\"image\":{\"@id\":\"https:\/\/weltlaeden.de\/schwaebisch-gmuend\/soziale-woche-im-weltladen-schwaebisch-gmuend\/#primaryimage\"},\"thumbnailUrl\":\"https:\/\/weltlaeden.de\/schwaebisch-gmuend\/wp-content\/uploads\/sites\/179\/2025\/06\/NEU_2025_soz_Woche1-300x193.png\",\"datePublished\":\"2025-06-26T12:28:34+00:00\",\"dateModified\":\"2025-06-26T21:30:21+00:00\",\"author\":{\"@id\":\"https:\/\/weltlaeden.de\/schwaebisch-gmuend\/#\/schema\/person\/fd6fdd46f604e787d132a8b79d4e1d06\"},\"breadcrumb\":{\"@id\":\"https:\/\/weltlaeden.de\/schwaebisch-gmuend\/soziale-woche-im-weltladen-schwaebisch-gmuend\/#breadcrumb\"},\"inLanguage\":\"de\",\"potentialAction\":[{\"@type\":\"ReadAction\",\"target\":[\"https:\/\/weltlaeden.de\/schwaebisch-gmuend\/soziale-woche-im-weltladen-schwaebisch-gmuend\/\"]}]},{\"@type\":\"ImageObject\",\"inLanguage\":\"de\",\"@id\":\"https:\/\/weltlaeden.de\/schwaebisch-gmuend\/soziale-woche-im-weltladen-schwaebisch-gmuend\/#primaryimage\",\"url\":\"https:\/\/weltlaeden.de\/schwaebisch-gmuend\/wp-content\/uploads\/sites\/179\/2025\/06\/NEU_2025_soz_Woche1.png\",\"contentUrl\":\"https:\/\/weltlaeden.de\/schwaebisch-gmuend\/wp-content\/uploads\/sites\/179\/2025\/06\/NEU_2025_soz_Woche1.png\",\"width\":1121,\"height\":721},{\"@type\":\"BreadcrumbList\",\"@id\":\"https:\/\/weltlaeden.de\/schwaebisch-gmuend\/soziale-woche-im-weltladen-schwaebisch-gmuend\/#breadcrumb\",\"itemListElement\":[{\"@type\":\"ListItem\",\"position\":1,\"name\":\"Startseite\",\"item\":\"https:\/\/weltlaeden.de\/schwaebisch-gmuend\/\"},{\"@type\":\"ListItem\",\"position\":2,\"name\":\"Soziale Woche im Weltladen Schw\u00e4bisch Gm\u00fcnd\"}]},{\"@type\":\"WebSite\",\"@id\":\"https:\/\/weltlaeden.de\/schwaebisch-gmuend\/#website\",\"url\":\"https:\/\/weltlaeden.de\/schwaebisch-gmuend\/\",\"name\":\"Weltladen Schw\u00e4bisch Gm\u00fcnd\",\"description\":\"Faire Produkte seit 1990\",\"potentialAction\":[{\"@type\":\"SearchAction\",\"target\":{\"@type\":\"EntryPoint\",\"urlTemplate\":\"https:\/\/weltlaeden.de\/schwaebisch-gmuend\/?s={search_term_string}\"},\"query-input\":{\"@type\":\"PropertyValueSpecification\",\"valueRequired\":true,\"valueName\":\"search_term_string\"}}],\"inLanguage\":\"de\"},{\"@type\":\"Person\",\"@id\":\"https:\/\/weltlaeden.de\/schwaebisch-gmuend\/#\/schema\/person\/fd6fdd46f604e787d132a8b79d4e1d06\",\"name\":\"schwaebisch-gmuend\",\"image\":{\"@type\":\"ImageObject\",\"inLanguage\":\"de\",\"@id\":\"https:\/\/weltlaeden.de\/schwaebisch-gmuend\/#\/schema\/person\/image\/\",\"url\":\"https:\/\/secure.gravatar.com\/avatar\/b1f39596b535a7e7fef4c58f3e8144cc?s=96&d=mm&r=g\",\"contentUrl\":\"https:\/\/secure.gravatar.com\/avatar\/b1f39596b535a7e7fef4c58f3e8144cc?s=96&d=mm&r=g\",\"caption\":\"schwaebisch-gmuend\"}}]}<\/script>\n<!-- \/ Yoast SEO plugin. -->","yoast_head_json":{"title":"Soziale Woche im Weltladen Schw\u00e4bisch Gm\u00fcnd - Weltladen Schw\u00e4bisch Gm\u00fcnd","robots":{"index":"index","follow":"follow","max-snippet":"max-snippet:-1","max-image-preview":"max-image-preview:large","max-video-preview":"max-video-preview:-1"},"canonical":"https:\/\/weltlaeden.de\/schwaebisch-gmuend\/soziale-woche-im-weltladen-schwaebisch-gmuend\/","og_locale":"de_DE","og_type":"article","og_title":"Soziale Woche im Weltladen Schw\u00e4bisch Gm\u00fcnd - Weltladen Schw\u00e4bisch Gm\u00fcnd","og_description":"In Weltladen Schw\u00e4bisch Gm\u00fcnd leisten zurzeit zwei Auszubildende der Robert Bosch Automotive Steering GmbH, Schw\u00e4bisch Gm\u00fcnd eine &#8222;Soziale Woche&#8220; ab. Die Projektidee stammt urspr\u00fcnglich von den Auszubildenden und Studierenden selbst, sie k\u00f6nnen sich im Geiste des Unternehmensgr\u00fcnders engagieren und bekommen daf\u00fcr f\u00fcr eine \u00bbSoziale Woche\u00ab frei. Zwei Auszubildende haben sich mit dem Wunsch gemeldet, sich&hellip;","og_url":"https:\/\/weltlaeden.de\/schwaebisch-gmuend\/soziale-woche-im-weltladen-schwaebisch-gmuend\/","og_site_name":"Weltladen Schw\u00e4bisch Gm\u00fcnd","article_published_time":"2025-06-26T12:28:34+00:00","article_modified_time":"2025-06-26T21:30:21+00:00","og_image":[{"width":1121,"height":721,"url":"https:\/\/weltlaeden.de\/schwaebisch-gmuend\/wp-content\/uploads\/sites\/179\/2025\/06\/NEU_2025_soz_Woche1.png","type":"image\/png"}],"author":"schwaebisch-gmuend","twitter_card":"summary_large_image","twitter_misc":{"Verfasst von":"schwaebisch-gmuend","Gesch\u00e4tzte Lesezeit":"1\u00a0Minute"},"schema":{"@context":"https:\/\/schema.org","@graph":[{"@type":"Article","@id":"https:\/\/weltlaeden.de\/schwaebisch-gmuend\/soziale-woche-im-weltladen-schwaebisch-gmuend\/#article","isPartOf":{"@id":"https:\/\/weltlaeden.de\/schwaebisch-gmuend\/soziale-woche-im-weltladen-schwaebisch-gmuend\/"},"author":{"name":"schwaebisch-gmuend","@id":"https:\/\/weltlaeden.de\/schwaebisch-gmuend\/#\/schema\/person\/fd6fdd46f604e787d132a8b79d4e1d06"},"headline":"Soziale Woche im Weltladen Schw\u00e4bisch Gm\u00fcnd","datePublished":"2025-06-26T12:28:34+00:00","dateModified":"2025-06-26T21:30:21+00:00","mainEntityOfPage":{"@id":"https:\/\/weltlaeden.de\/schwaebisch-gmuend\/soziale-woche-im-weltladen-schwaebisch-gmuend\/"},"wordCount":131,"image":{"@id":"https:\/\/weltlaeden.de\/schwaebisch-gmuend\/soziale-woche-im-weltladen-schwaebisch-gmuend\/#primaryimage"},"thumbnailUrl":"https:\/\/weltlaeden.de\/schwaebisch-gmuend\/wp-content\/uploads\/sites\/179\/2025\/06\/NEU_2025_soz_Woche1-300x193.png","articleSection":["Keine Kategorie"],"inLanguage":"de"},{"@type":"WebPage","@id":"https:\/\/weltlaeden.de\/schwaebisch-gmuend\/soziale-woche-im-weltladen-schwaebisch-gmuend\/","url":"https:\/\/weltlaeden.de\/schwaebisch-gmuend\/soziale-woche-im-weltladen-schwaebisch-gmuend\/","name":"Soziale Woche im Weltladen Schw\u00e4bisch Gm\u00fcnd - Weltladen Schw\u00e4bisch Gm\u00fcnd","isPartOf":{"@id":"https:\/\/weltlaeden.de\/schwaebisch-gmuend\/#website"},"primaryImageOfPage":{"@id":"https:\/\/weltlaeden.de\/schwaebisch-gmuend\/soziale-woche-im-weltladen-schwaebisch-gmuend\/#primaryimage"},"image":{"@id":"https:\/\/weltlaeden.de\/schwaebisch-gmuend\/soziale-woche-im-weltladen-schwaebisch-gmuend\/#primaryimage"},"thumbnailUrl":"https:\/\/weltlaeden.de\/schwaebisch-gmuend\/wp-content\/uploads\/sites\/179\/2025\/06\/NEU_2025_soz_Woche1-300x193.png","datePublished":"2025-06-26T12:28:34+00:00","dateModified":"2025-06-26T21:30:21+00:00","author":{"@id":"https:\/\/weltlaeden.de\/schwaebisch-gmuend\/#\/schema\/person\/fd6fdd46f604e787d132a8b79d4e1d06"},"breadcrumb":{"@id":"https:\/\/weltlaeden.de\/schwaebisch-gmuend\/soziale-woche-im-weltladen-schwaebisch-gmuend\/#breadcrumb"},"inLanguage":"de","potentialAction":[{"@type":"ReadAction","target":["https:\/\/weltlaeden.de\/schwaebisch-gmuend\/soziale-woche-im-weltladen-schwaebisch-gmuend\/"]}]},{"@type":"ImageObject","inLanguage":"de","@id":"https:\/\/weltlaeden.de\/schwaebisch-gmuend\/soziale-woche-im-weltladen-schwaebisch-gmuend\/#primaryimage","url":"https:\/\/weltlaeden.de\/schwaebisch-gmuend\/wp-content\/uploads\/sites\/179\/2025\/06\/NEU_2025_soz_Woche1.png","contentUrl":"https:\/\/weltlaeden.de\/schwaebisch-gmuend\/wp-content\/uploads\/sites\/179\/2025\/06\/NEU_2025_soz_Woche1.png","width":1121,"height":721},{"@type":"BreadcrumbList","@id":"https:\/\/weltlaeden.de\/schwaebisch-gmuend\/soziale-woche-im-weltladen-schwaebisch-gmuend\/#breadcrumb","itemListElement":[{"@type":"ListItem","position":1,"name":"Startseite","item":"https:\/\/weltlaeden.de\/schwaebisch-gmuend\/"},{"@type":"ListItem","position":2,"name":"Soziale Woche im Weltladen Schw\u00e4bisch Gm\u00fcnd"}]},{"@type":"WebSite","@id":"https:\/\/weltlaeden.de\/schwaebisch-gmuend\/#website","url":"https:\/\/weltlaeden.de\/schwaebisch-gmuend\/","name":"Weltladen Schw\u00e4bisch Gm\u00fcnd","description":"Faire Produkte seit 1990","potentialAction":[{"@type":"SearchAction","target":{"@type":"EntryPoint","urlTemplate":"https:\/\/weltlaeden.de\/schwaebisch-gmuend\/?s={search_term_string}"},"query-input":{"@type":"PropertyValueSpecification","valueRequired":true,"valueName":"search_term_string"}}],"inLanguage":"de"},{"@type":"Person","@id":"https:\/\/weltlaeden.de\/schwaebisch-gmuend\/#\/schema\/person\/fd6fdd46f604e787d132a8b79d4e1d06","name":"schwaebisch-gmuend","image":{"@type":"ImageObject","inLanguage":"de","@id":"https:\/\/weltlaeden.de\/schwaebisch-gmuend\/#\/schema\/person\/image\/","url":"https:\/\/secure.gravatar.com\/avatar\/b1f39596b535a7e7fef4c58f3e8144cc?s=96&d=mm&r=g","contentUrl":"https:\/\/secure.gravatar.com\/avatar\/b1f39596b535a7e7fef4c58f3e8144cc?s=96&d=mm&r=g","caption":"schwaebisch-gmuend"}}]}},"_links":{"self":[{"href":"https:\/\/weltlaeden.de\/schwaebisch-gmuend\/wp-json\/wp\/v2\/posts\/1204","targetHints":{"allow":["GET"]}}],"collection":[{"href":"https:\/\/weltlaeden.de\/schwaebisch-gmuend\/wp-json\/wp\/v2\/posts"}],"about":[{"href":"https:\/\/weltlaeden.de\/schwaebisch-gmuend\/wp-json\/wp\/v2\/types\/post"}],"author":[{"embeddable":true,"href":"https:\/\/weltlaeden.de\/schwaebisch-gmuend\/wp-json\/wp\/v2\/users\/265"}],"replies":[{"embeddable":true,"href":"https:\/\/weltlaeden.de\/schwaebisch-gmuend\/wp-json\/wp\/v2\/comments?post=1204"}],"version-history":[{"count":7,"href":"https:\/\/weltlaeden.de\/schwaebisch-gmuend\/wp-json\/wp\/v2\/posts\/1204\/revisions"}],"predecessor-version":[{"id":1212,"href":"https:\/\/weltlaeden.de\/schwaebisch-gmuend\/wp-json\/wp\/v2\/posts\/1204\/revisions\/1212"}],"wp:attachment":[{"href":"https:\/\/weltlaeden.de\/schwaebisch-gmuend\/wp-json\/wp\/v2\/media?parent=1204"}],"wp:term":[{"taxonomy":"category","embeddable":true,"href":"https:\/\/weltlaeden.de\/schwaebisch-gmuend\/wp-json\/wp\/v2\/categories?post=1204"},{"taxonomy":"post_tag","embeddable":true,"href":"https:\/\/weltlaeden.de\/schwaebisch-gmuend\/wp-json\/wp\/v2\/tags?post=1204"}],"curies":[{"name":"wp","href":"https:\/\/api.w.org\/{rel}","templated":true}]}}