{"id":1831,"date":"2024-02-11T10:44:44","date_gmt":"2024-02-11T09:44:44","guid":{"rendered":"https:\/\/weltlaeden.de\/schongau\/?p=1831"},"modified":"2024-02-11T10:44:44","modified_gmt":"2024-02-11T09:44:44","slug":"interessiert-sie-die-bohne","status":"publish","type":"post","link":"https:\/\/weltlaeden.de\/schongau\/interessiert-sie-die-bohne\/","title":{"rendered":"Interessiert Sie die Bohne?"},"content":{"rendered":"<p>Wussten Sie, dass nur rund 6 von 100 Tassen Kaffee fair gehandelt sind?<\/p>\n<p><strong>Das ist viel zu wenig, finden wir!<\/strong> Schlie\u00dflich verbergen sich hinter jeder nicht-fair gehandelten Tasse Kaffee schlechte Arbeitsbedingungen, niedrige Preise und negative Folgen f\u00fcr die Umwelt.<\/p>\n<p>Misereor will die Fastenzeit nutzen, um auf den nicht-fairen Kaffeekonsum aufmerksam zu machen und Handlungsimpulse zu setzen. Daf\u00fcr gibt es eine Postkarte, die Kaffeegenie\u00dfer*innen genau da abgeben k\u00f6nnen, wo der Kaffee l\u00e4ngst fair sein sollte: im Lieblingskaffee, am Automaten bei der Arbeit, in Bildungsst\u00e4tten usw..<\/p>\n<p class=\"last-child\"><strong>Holen Sie sich doch eine solche Postkarte im Weltladen und geben Sie sie weiter.<\/strong><\/p>\n<p>Mehr dazu: <a href=\"https:\/\/fastenaktion.misereor.de\/mitmachen\/politischeaktion\/fairer-kaffee\">Fairer Kaffee &#8211; Postkartenaktion (misereor.de)<\/a><\/p>\n","protected":false},"excerpt":{"rendered":"<p>Wussten Sie, dass nur rund 6 von 100 Tassen Kaffee fair gehandelt sind? Das ist viel zu wenig, finden wir! Schlie\u00dflich verbergen sich hinter jeder nicht-fair gehandelten Tasse Kaffee schlechte Arbeitsbedingungen, niedrige Preise und negative Folgen f\u00fcr die Umwelt. Misereor will die Fastenzeit nutzen, um auf den nicht-fairen Kaffeekonsum aufmerksam zu machen und Handlungsimpulse zu&hellip;<\/p>\n","protected":false},"author":246,"featured_media":1832,"comment_status":"closed","ping_status":"closed","sticky":false,"template":"","format":"standard","meta":{"footnotes":""},"categories":[1],"tags":[],"class_list":["post-1831","post","type-post","status-publish","format-standard","has-post-thumbnail","hentry","category-allgemein","category-1","description-off"],"yoast_head":"<!-- This site is optimized with the Yoast SEO plugin v26.8 - https:\/\/yoast.com\/product\/yoast-seo-wordpress\/ -->\n<title>Interessiert Sie die Bohne? - Weltladen Schongau<\/title>\n<meta name=\"robots\" content=\"index, follow, max-snippet:-1, max-image-preview:large, max-video-preview:-1\" \/>\n<link rel=\"canonical\" href=\"https:\/\/weltlaeden.de\/schongau\/interessiert-sie-die-bohne\/\" \/>\n<meta property=\"og:locale\" content=\"de_DE\" \/>\n<meta property=\"og:type\" content=\"article\" \/>\n<meta property=\"og:title\" content=\"Interessiert Sie die Bohne? - Weltladen Schongau\" \/>\n<meta property=\"og:description\" content=\"Wussten Sie, dass nur rund 6 von 100 Tassen Kaffee fair gehandelt sind? Das ist viel zu wenig, finden wir! Schlie\u00dflich verbergen sich hinter jeder nicht-fair gehandelten Tasse Kaffee schlechte Arbeitsbedingungen, niedrige Preise und negative Folgen f\u00fcr die Umwelt. Misereor will die Fastenzeit nutzen, um auf den nicht-fairen Kaffeekonsum aufmerksam zu machen und Handlungsimpulse zu&hellip;\" \/>\n<meta property=\"og:url\" content=\"https:\/\/weltlaeden.de\/schongau\/interessiert-sie-die-bohne\/\" \/>\n<meta property=\"og:site_name\" content=\"Weltladen Schongau\" \/>\n<meta property=\"article:published_time\" content=\"2024-02-11T09:44:44+00:00\" \/>\n<meta property=\"og:image\" content=\"https:\/\/weltlaeden.de\/schongau\/wp-content\/uploads\/sites\/170\/2024\/02\/Misereor-Interessiert-Sie-die-Bohne.jpg\" \/>\n\t<meta property=\"og:image:width\" content=\"1198\" \/>\n\t<meta property=\"og:image:height\" content=\"850\" \/>\n\t<meta property=\"og:image:type\" content=\"image\/jpeg\" \/>\n<meta name=\"author\" content=\"schongau\" \/>\n<meta name=\"twitter:card\" content=\"summary_large_image\" \/>\n<meta name=\"twitter:label1\" content=\"Verfasst von\" \/>\n\t<meta name=\"twitter:data1\" content=\"schongau\" \/>\n\t<meta name=\"twitter:label2\" content=\"Gesch\u00e4tzte Lesezeit\" \/>\n\t<meta name=\"twitter:data2\" content=\"1\u00a0Minute\" \/>\n<script type=\"application\/ld+json\" class=\"yoast-schema-graph\">{\"@context\":\"https:\/\/schema.org\",\"@graph\":[{\"@type\":\"Article\",\"@id\":\"https:\/\/weltlaeden.de\/schongau\/interessiert-sie-die-bohne\/#article\",\"isPartOf\":{\"@id\":\"https:\/\/weltlaeden.de\/schongau\/interessiert-sie-die-bohne\/\"},\"author\":{\"name\":\"schongau\",\"@id\":\"https:\/\/weltlaeden.de\/schongau\/#\/schema\/person\/5155bfaa27c8084c6f82665c3a2ba63b\"},\"headline\":\"Interessiert Sie die Bohne?\",\"datePublished\":\"2024-02-11T09:44:44+00:00\",\"mainEntityOfPage\":{\"@id\":\"https:\/\/weltlaeden.de\/schongau\/interessiert-sie-die-bohne\/\"},\"wordCount\":116,\"image\":{\"@id\":\"https:\/\/weltlaeden.de\/schongau\/interessiert-sie-die-bohne\/#primaryimage\"},\"thumbnailUrl\":\"https:\/\/weltlaeden.de\/schongau\/wp-content\/uploads\/sites\/170\/2024\/02\/Misereor-Interessiert-Sie-die-Bohne.jpg\",\"articleSection\":[\"Keine Kategorie\"],\"inLanguage\":\"de\"},{\"@type\":\"WebPage\",\"@id\":\"https:\/\/weltlaeden.de\/schongau\/interessiert-sie-die-bohne\/\",\"url\":\"https:\/\/weltlaeden.de\/schongau\/interessiert-sie-die-bohne\/\",\"name\":\"Interessiert Sie die Bohne? - Weltladen Schongau\",\"isPartOf\":{\"@id\":\"https:\/\/weltlaeden.de\/schongau\/#website\"},\"primaryImageOfPage\":{\"@id\":\"https:\/\/weltlaeden.de\/schongau\/interessiert-sie-die-bohne\/#primaryimage\"},\"image\":{\"@id\":\"https:\/\/weltlaeden.de\/schongau\/interessiert-sie-die-bohne\/#primaryimage\"},\"thumbnailUrl\":\"https:\/\/weltlaeden.de\/schongau\/wp-content\/uploads\/sites\/170\/2024\/02\/Misereor-Interessiert-Sie-die-Bohne.jpg\",\"datePublished\":\"2024-02-11T09:44:44+00:00\",\"author\":{\"@id\":\"https:\/\/weltlaeden.de\/schongau\/#\/schema\/person\/5155bfaa27c8084c6f82665c3a2ba63b\"},\"breadcrumb\":{\"@id\":\"https:\/\/weltlaeden.de\/schongau\/interessiert-sie-die-bohne\/#breadcrumb\"},\"inLanguage\":\"de\",\"potentialAction\":[{\"@type\":\"ReadAction\",\"target\":[\"https:\/\/weltlaeden.de\/schongau\/interessiert-sie-die-bohne\/\"]}]},{\"@type\":\"ImageObject\",\"inLanguage\":\"de\",\"@id\":\"https:\/\/weltlaeden.de\/schongau\/interessiert-sie-die-bohne\/#primaryimage\",\"url\":\"https:\/\/weltlaeden.de\/schongau\/wp-content\/uploads\/sites\/170\/2024\/02\/Misereor-Interessiert-Sie-die-Bohne.jpg\",\"contentUrl\":\"https:\/\/weltlaeden.de\/schongau\/wp-content\/uploads\/sites\/170\/2024\/02\/Misereor-Interessiert-Sie-die-Bohne.jpg\",\"width\":1198,\"height\":850},{\"@type\":\"BreadcrumbList\",\"@id\":\"https:\/\/weltlaeden.de\/schongau\/interessiert-sie-die-bohne\/#breadcrumb\",\"itemListElement\":[{\"@type\":\"ListItem\",\"position\":1,\"name\":\"Startseite\",\"item\":\"https:\/\/weltlaeden.de\/schongau\/\"},{\"@type\":\"ListItem\",\"position\":2,\"name\":\"Interessiert Sie die Bohne?\"}]},{\"@type\":\"WebSite\",\"@id\":\"https:\/\/weltlaeden.de\/schongau\/#website\",\"url\":\"https:\/\/weltlaeden.de\/schongau\/\",\"name\":\"Weltladen Schongau\",\"description\":\"Faire Produkte seit 2003 in Schongau\",\"potentialAction\":[{\"@type\":\"SearchAction\",\"target\":{\"@type\":\"EntryPoint\",\"urlTemplate\":\"https:\/\/weltlaeden.de\/schongau\/?s={search_term_string}\"},\"query-input\":{\"@type\":\"PropertyValueSpecification\",\"valueRequired\":true,\"valueName\":\"search_term_string\"}}],\"inLanguage\":\"de\"},{\"@type\":\"Person\",\"@id\":\"https:\/\/weltlaeden.de\/schongau\/#\/schema\/person\/5155bfaa27c8084c6f82665c3a2ba63b\",\"name\":\"schongau\",\"image\":{\"@type\":\"ImageObject\",\"inLanguage\":\"de\",\"@id\":\"https:\/\/weltlaeden.de\/schongau\/#\/schema\/person\/image\/\",\"url\":\"https:\/\/secure.gravatar.com\/avatar\/32b450d4f338dca00761ac75bfb33367?s=96&d=mm&r=g\",\"contentUrl\":\"https:\/\/secure.gravatar.com\/avatar\/32b450d4f338dca00761ac75bfb33367?s=96&d=mm&r=g\",\"caption\":\"schongau\"}}]}<\/script>\n<!-- \/ Yoast SEO plugin. -->","yoast_head_json":{"title":"Interessiert Sie die Bohne? - Weltladen Schongau","robots":{"index":"index","follow":"follow","max-snippet":"max-snippet:-1","max-image-preview":"max-image-preview:large","max-video-preview":"max-video-preview:-1"},"canonical":"https:\/\/weltlaeden.de\/schongau\/interessiert-sie-die-bohne\/","og_locale":"de_DE","og_type":"article","og_title":"Interessiert Sie die Bohne? - Weltladen Schongau","og_description":"Wussten Sie, dass nur rund 6 von 100 Tassen Kaffee fair gehandelt sind? Das ist viel zu wenig, finden wir! Schlie\u00dflich verbergen sich hinter jeder nicht-fair gehandelten Tasse Kaffee schlechte Arbeitsbedingungen, niedrige Preise und negative Folgen f\u00fcr die Umwelt. Misereor will die Fastenzeit nutzen, um auf den nicht-fairen Kaffeekonsum aufmerksam zu machen und Handlungsimpulse zu&hellip;","og_url":"https:\/\/weltlaeden.de\/schongau\/interessiert-sie-die-bohne\/","og_site_name":"Weltladen Schongau","article_published_time":"2024-02-11T09:44:44+00:00","og_image":[{"width":1198,"height":850,"url":"https:\/\/weltlaeden.de\/schongau\/wp-content\/uploads\/sites\/170\/2024\/02\/Misereor-Interessiert-Sie-die-Bohne.jpg","type":"image\/jpeg"}],"author":"schongau","twitter_card":"summary_large_image","twitter_misc":{"Verfasst von":"schongau","Gesch\u00e4tzte Lesezeit":"1\u00a0Minute"},"schema":{"@context":"https:\/\/schema.org","@graph":[{"@type":"Article","@id":"https:\/\/weltlaeden.de\/schongau\/interessiert-sie-die-bohne\/#article","isPartOf":{"@id":"https:\/\/weltlaeden.de\/schongau\/interessiert-sie-die-bohne\/"},"author":{"name":"schongau","@id":"https:\/\/weltlaeden.de\/schongau\/#\/schema\/person\/5155bfaa27c8084c6f82665c3a2ba63b"},"headline":"Interessiert Sie die Bohne?","datePublished":"2024-02-11T09:44:44+00:00","mainEntityOfPage":{"@id":"https:\/\/weltlaeden.de\/schongau\/interessiert-sie-die-bohne\/"},"wordCount":116,"image":{"@id":"https:\/\/weltlaeden.de\/schongau\/interessiert-sie-die-bohne\/#primaryimage"},"thumbnailUrl":"https:\/\/weltlaeden.de\/schongau\/wp-content\/uploads\/sites\/170\/2024\/02\/Misereor-Interessiert-Sie-die-Bohne.jpg","articleSection":["Keine Kategorie"],"inLanguage":"de"},{"@type":"WebPage","@id":"https:\/\/weltlaeden.de\/schongau\/interessiert-sie-die-bohne\/","url":"https:\/\/weltlaeden.de\/schongau\/interessiert-sie-die-bohne\/","name":"Interessiert Sie die Bohne? - Weltladen Schongau","isPartOf":{"@id":"https:\/\/weltlaeden.de\/schongau\/#website"},"primaryImageOfPage":{"@id":"https:\/\/weltlaeden.de\/schongau\/interessiert-sie-die-bohne\/#primaryimage"},"image":{"@id":"https:\/\/weltlaeden.de\/schongau\/interessiert-sie-die-bohne\/#primaryimage"},"thumbnailUrl":"https:\/\/weltlaeden.de\/schongau\/wp-content\/uploads\/sites\/170\/2024\/02\/Misereor-Interessiert-Sie-die-Bohne.jpg","datePublished":"2024-02-11T09:44:44+00:00","author":{"@id":"https:\/\/weltlaeden.de\/schongau\/#\/schema\/person\/5155bfaa27c8084c6f82665c3a2ba63b"},"breadcrumb":{"@id":"https:\/\/weltlaeden.de\/schongau\/interessiert-sie-die-bohne\/#breadcrumb"},"inLanguage":"de","potentialAction":[{"@type":"ReadAction","target":["https:\/\/weltlaeden.de\/schongau\/interessiert-sie-die-bohne\/"]}]},{"@type":"ImageObject","inLanguage":"de","@id":"https:\/\/weltlaeden.de\/schongau\/interessiert-sie-die-bohne\/#primaryimage","url":"https:\/\/weltlaeden.de\/schongau\/wp-content\/uploads\/sites\/170\/2024\/02\/Misereor-Interessiert-Sie-die-Bohne.jpg","contentUrl":"https:\/\/weltlaeden.de\/schongau\/wp-content\/uploads\/sites\/170\/2024\/02\/Misereor-Interessiert-Sie-die-Bohne.jpg","width":1198,"height":850},{"@type":"BreadcrumbList","@id":"https:\/\/weltlaeden.de\/schongau\/interessiert-sie-die-bohne\/#breadcrumb","itemListElement":[{"@type":"ListItem","position":1,"name":"Startseite","item":"https:\/\/weltlaeden.de\/schongau\/"},{"@type":"ListItem","position":2,"name":"Interessiert Sie die Bohne?"}]},{"@type":"WebSite","@id":"https:\/\/weltlaeden.de\/schongau\/#website","url":"https:\/\/weltlaeden.de\/schongau\/","name":"Weltladen Schongau","description":"Faire Produkte seit 2003 in Schongau","potentialAction":[{"@type":"SearchAction","target":{"@type":"EntryPoint","urlTemplate":"https:\/\/weltlaeden.de\/schongau\/?s={search_term_string}"},"query-input":{"@type":"PropertyValueSpecification","valueRequired":true,"valueName":"search_term_string"}}],"inLanguage":"de"},{"@type":"Person","@id":"https:\/\/weltlaeden.de\/schongau\/#\/schema\/person\/5155bfaa27c8084c6f82665c3a2ba63b","name":"schongau","image":{"@type":"ImageObject","inLanguage":"de","@id":"https:\/\/weltlaeden.de\/schongau\/#\/schema\/person\/image\/","url":"https:\/\/secure.gravatar.com\/avatar\/32b450d4f338dca00761ac75bfb33367?s=96&d=mm&r=g","contentUrl":"https:\/\/secure.gravatar.com\/avatar\/32b450d4f338dca00761ac75bfb33367?s=96&d=mm&r=g","caption":"schongau"}}]}},"_links":{"self":[{"href":"https:\/\/weltlaeden.de\/schongau\/wp-json\/wp\/v2\/posts\/1831","targetHints":{"allow":["GET"]}}],"collection":[{"href":"https:\/\/weltlaeden.de\/schongau\/wp-json\/wp\/v2\/posts"}],"about":[{"href":"https:\/\/weltlaeden.de\/schongau\/wp-json\/wp\/v2\/types\/post"}],"author":[{"embeddable":true,"href":"https:\/\/weltlaeden.de\/schongau\/wp-json\/wp\/v2\/users\/246"}],"replies":[{"embeddable":true,"href":"https:\/\/weltlaeden.de\/schongau\/wp-json\/wp\/v2\/comments?post=1831"}],"version-history":[{"count":1,"href":"https:\/\/weltlaeden.de\/schongau\/wp-json\/wp\/v2\/posts\/1831\/revisions"}],"predecessor-version":[{"id":1833,"href":"https:\/\/weltlaeden.de\/schongau\/wp-json\/wp\/v2\/posts\/1831\/revisions\/1833"}],"wp:featuredmedia":[{"embeddable":true,"href":"https:\/\/weltlaeden.de\/schongau\/wp-json\/wp\/v2\/media\/1832"}],"wp:attachment":[{"href":"https:\/\/weltlaeden.de\/schongau\/wp-json\/wp\/v2\/media?parent=1831"}],"wp:term":[{"taxonomy":"category","embeddable":true,"href":"https:\/\/weltlaeden.de\/schongau\/wp-json\/wp\/v2\/categories?post=1831"},{"taxonomy":"post_tag","embeddable":true,"href":"https:\/\/weltlaeden.de\/schongau\/wp-json\/wp\/v2\/tags?post=1831"}],"curies":[{"name":"wp","href":"https:\/\/api.w.org\/{rel}","templated":true}]}}