{"id":1694,"date":"2023-03-16T18:01:12","date_gmt":"2023-03-16T17:01:12","guid":{"rendered":"https:\/\/weltlaeden.de\/s-vaihingen\/?p=1694"},"modified":"2025-11-25T19:21:06","modified_gmt":"2025-11-25T18:21:06","slug":"1694-2","status":"publish","type":"post","link":"https:\/\/weltlaeden.de\/s-vaihingen\/1694-2\/","title":{"rendered":"Filmabend 2023 ein voller Erfolg"},"content":{"rendered":"<div class=\"entry-content\">\n<p>Die Fairtrade Steuerungsgruppe und der Weltladen in Vaihingen zeigten am 07. M\u00e4rz 2023 vor mehr als 50 Besucher:innen in der Alten Kelter den Film<\/p>\n<p>\u201e<strong>FAST FASHION \u2013 <\/strong>DIE DUNKLE WELT DER BILLIGMODE\u201c<\/p>\n<p>Der Film war sehr eindr\u00fccklich, zeigte auch \u00dcberraschendes wie die Textilproduktion in Leicester (UK) in heruntergekommenen Bauten aus der Jahrzehnte zur\u00fcck liegenden Zeit, in der dort eine florierende Textilindustrie beheimatet war &#8211; und heute wird dort zu Bedingungen produziert, die denen in Entwicklungsl\u00e4ndern sehr, sehr \u00e4hnlich sind (seit kurzem ist die Produktion dort wohl eingestellt, weil die Beh\u00f6rden auf die Missst\u00e4nde aufmerksam wurden).<br \/>\nDie Aussagen \u00fcber die unvorstellbaren Mengen produzierter Kleidung, die nach sehr kurzer Benutzung im M\u00fcll landet, \u00fcber Influencer:innen, die traditionelle Werbemethoden ersetzen und einen starken Einfluss auf ihre sehr gro\u00dfe Followerschaft aus\u00fcben, \u00fcber die Umwelt- und in der Folge auch Gesundheitssch\u00e4den der im Globalen S\u00fcden beteiligten Produzent:innen und deren Familien waren sehr bedr\u00fcckend.<\/p>\n<p>Im weiteren Verlauf des Abends wurde klar, dass die Verbraucher:in auch anders handeln kann. Es gibt zwischenzeitlich &#8211; auch in Stuttgart &#8211; ein gro\u00dfes Angebot fair hergestellter und gehandelter Mode. Und gute Secondhand-Kleidung, die dazu beitr\u00e4gt, den Ressourcenverbrauch zu reduzieren.<\/p>\n<\/div>\n","protected":false},"excerpt":{"rendered":"<p>Die Fairtrade Steuerungsgruppe und der Weltladen in Vaihingen zeigten am 07. M\u00e4rz 2023 vor mehr als 50 Besucher:innen in der Alten Kelter den Film \u201eFAST FASHION \u2013 DIE DUNKLE WELT DER BILLIGMODE\u201c Der Film war sehr eindr\u00fccklich, zeigte auch \u00dcberraschendes wie die Textilproduktion in Leicester (UK) in heruntergekommenen Bauten aus der Jahrzehnte zur\u00fcck liegenden Zeit,&hellip;<\/p>\n","protected":false},"author":136,"featured_media":1682,"comment_status":"closed","ping_status":"closed","sticky":false,"template":"","format":"standard","meta":{"footnotes":""},"categories":[1],"tags":[],"class_list":["post-1694","post","type-post","status-publish","format-standard","has-post-thumbnail","hentry","category-allgemein","category-1","description-off"],"yoast_head":"<!-- This site is optimized with the Yoast SEO plugin v26.8 - https:\/\/yoast.com\/product\/yoast-seo-wordpress\/ -->\n<title>Filmabend 2023 ein voller Erfolg - Weltladen Stuttgart-Vaihingen<\/title>\n<meta name=\"robots\" content=\"index, follow, max-snippet:-1, max-image-preview:large, max-video-preview:-1\" \/>\n<link rel=\"canonical\" href=\"https:\/\/weltlaeden.de\/s-vaihingen\/1694-2\/\" \/>\n<meta property=\"og:locale\" content=\"de_DE\" \/>\n<meta property=\"og:type\" content=\"article\" \/>\n<meta property=\"og:title\" content=\"Filmabend 2023 ein voller Erfolg - Weltladen Stuttgart-Vaihingen\" \/>\n<meta property=\"og:description\" content=\"Die Fairtrade Steuerungsgruppe und der Weltladen in Vaihingen zeigten am 07. M\u00e4rz 2023 vor mehr als 50 Besucher:innen in der Alten Kelter den Film \u201eFAST FASHION \u2013 DIE DUNKLE WELT DER BILLIGMODE\u201c Der Film war sehr eindr\u00fccklich, zeigte auch \u00dcberraschendes wie die Textilproduktion in Leicester (UK) in heruntergekommenen Bauten aus der Jahrzehnte zur\u00fcck liegenden Zeit,&hellip;\" \/>\n<meta property=\"og:url\" content=\"https:\/\/weltlaeden.de\/s-vaihingen\/1694-2\/\" \/>\n<meta property=\"og:site_name\" content=\"Weltladen Stuttgart-Vaihingen\" \/>\n<meta property=\"article:publisher\" content=\"https:\/\/www.facebook.com\/weltladenstuttgartvaihingen\/\" \/>\n<meta property=\"article:published_time\" content=\"2023-03-16T17:01:12+00:00\" \/>\n<meta property=\"article:modified_time\" content=\"2025-11-25T18:21:06+00:00\" \/>\n<meta property=\"og:image\" content=\"https:\/\/weltlaeden.de\/s-vaihingen\/wp-content\/uploads\/sites\/90\/2023\/02\/fastfashion-small.jpg\" \/>\n\t<meta property=\"og:image:width\" content=\"1448\" \/>\n\t<meta property=\"og:image:height\" content=\"2048\" \/>\n\t<meta property=\"og:image:type\" content=\"image\/jpeg\" \/>\n<meta name=\"author\" content=\"Peter Frommer\" \/>\n<meta name=\"twitter:card\" content=\"summary_large_image\" \/>\n<meta name=\"twitter:label1\" content=\"Verfasst von\" \/>\n\t<meta name=\"twitter:data1\" content=\"Peter Frommer\" \/>\n\t<meta name=\"twitter:label2\" content=\"Gesch\u00e4tzte Lesezeit\" \/>\n\t<meta name=\"twitter:data2\" content=\"1\u00a0Minute\" \/>\n<script type=\"application\/ld+json\" class=\"yoast-schema-graph\">{\"@context\":\"https:\/\/schema.org\",\"@graph\":[{\"@type\":\"Article\",\"@id\":\"https:\/\/weltlaeden.de\/s-vaihingen\/1694-2\/#article\",\"isPartOf\":{\"@id\":\"https:\/\/weltlaeden.de\/s-vaihingen\/1694-2\/\"},\"author\":{\"name\":\"Peter Frommer\",\"@id\":\"https:\/\/weltlaeden.de\/s-vaihingen\/#\/schema\/person\/3ae8b4ea2fcf04ed27d43c475aa02a4d\"},\"headline\":\"Filmabend 2023 ein voller Erfolg\",\"datePublished\":\"2023-03-16T17:01:12+00:00\",\"dateModified\":\"2025-11-25T18:21:06+00:00\",\"mainEntityOfPage\":{\"@id\":\"https:\/\/weltlaeden.de\/s-vaihingen\/1694-2\/\"},\"wordCount\":206,\"publisher\":{\"@id\":\"https:\/\/weltlaeden.de\/s-vaihingen\/#organization\"},\"image\":{\"@id\":\"https:\/\/weltlaeden.de\/s-vaihingen\/1694-2\/#primaryimage\"},\"thumbnailUrl\":\"https:\/\/weltlaeden.de\/s-vaihingen\/wp-content\/uploads\/sites\/90\/2023\/02\/fastfashion-small.jpg\",\"articleSection\":[\"Keine Kategorie\"],\"inLanguage\":\"de\"},{\"@type\":\"WebPage\",\"@id\":\"https:\/\/weltlaeden.de\/s-vaihingen\/1694-2\/\",\"url\":\"https:\/\/weltlaeden.de\/s-vaihingen\/1694-2\/\",\"name\":\"Filmabend 2023 ein voller Erfolg - Weltladen Stuttgart-Vaihingen\",\"isPartOf\":{\"@id\":\"https:\/\/weltlaeden.de\/s-vaihingen\/#website\"},\"primaryImageOfPage\":{\"@id\":\"https:\/\/weltlaeden.de\/s-vaihingen\/1694-2\/#primaryimage\"},\"image\":{\"@id\":\"https:\/\/weltlaeden.de\/s-vaihingen\/1694-2\/#primaryimage\"},\"thumbnailUrl\":\"https:\/\/weltlaeden.de\/s-vaihingen\/wp-content\/uploads\/sites\/90\/2023\/02\/fastfashion-small.jpg\",\"datePublished\":\"2023-03-16T17:01:12+00:00\",\"dateModified\":\"2025-11-25T18:21:06+00:00\",\"breadcrumb\":{\"@id\":\"https:\/\/weltlaeden.de\/s-vaihingen\/1694-2\/#breadcrumb\"},\"inLanguage\":\"de\",\"potentialAction\":[{\"@type\":\"ReadAction\",\"target\":[\"https:\/\/weltlaeden.de\/s-vaihingen\/1694-2\/\"]}]},{\"@type\":\"ImageObject\",\"inLanguage\":\"de\",\"@id\":\"https:\/\/weltlaeden.de\/s-vaihingen\/1694-2\/#primaryimage\",\"url\":\"https:\/\/weltlaeden.de\/s-vaihingen\/wp-content\/uploads\/sites\/90\/2023\/02\/fastfashion-small.jpg\",\"contentUrl\":\"https:\/\/weltlaeden.de\/s-vaihingen\/wp-content\/uploads\/sites\/90\/2023\/02\/fastfashion-small.jpg\",\"width\":1448,\"height\":2048},{\"@type\":\"BreadcrumbList\",\"@id\":\"https:\/\/weltlaeden.de\/s-vaihingen\/1694-2\/#breadcrumb\",\"itemListElement\":[{\"@type\":\"ListItem\",\"position\":1,\"name\":\"Startseite\",\"item\":\"https:\/\/weltlaeden.de\/s-vaihingen\/\"},{\"@type\":\"ListItem\",\"position\":2,\"name\":\"Filmabend 2023 ein voller Erfolg\"}]},{\"@type\":\"WebSite\",\"@id\":\"https:\/\/weltlaeden.de\/s-vaihingen\/#website\",\"url\":\"https:\/\/weltlaeden.de\/s-vaihingen\/\",\"name\":\"Weltladen Stuttgart-Vaihingen\",\"description\":\"Faire Produkte seit 1987\",\"publisher\":{\"@id\":\"https:\/\/weltlaeden.de\/s-vaihingen\/#organization\"},\"potentialAction\":[{\"@type\":\"SearchAction\",\"target\":{\"@type\":\"EntryPoint\",\"urlTemplate\":\"https:\/\/weltlaeden.de\/s-vaihingen\/?s={search_term_string}\"},\"query-input\":{\"@type\":\"PropertyValueSpecification\",\"valueRequired\":true,\"valueName\":\"search_term_string\"}}],\"inLanguage\":\"de\"},{\"@type\":\"Organization\",\"@id\":\"https:\/\/weltlaeden.de\/s-vaihingen\/#organization\",\"name\":\"Stuttgarter Weltladen in Vaihingen\",\"url\":\"https:\/\/weltlaeden.de\/s-vaihingen\/\",\"logo\":{\"@type\":\"ImageObject\",\"inLanguage\":\"de\",\"@id\":\"https:\/\/weltlaeden.de\/s-vaihingen\/#\/schema\/logo\/image\/\",\"url\":\"https:\/\/weltlaeden.de\/s-vaihingen\/wp-content\/uploads\/sites\/90\/2019\/04\/stuttgarter-Weltladen-in-vaihingen.jpg\",\"contentUrl\":\"https:\/\/weltlaeden.de\/s-vaihingen\/wp-content\/uploads\/sites\/90\/2019\/04\/stuttgarter-Weltladen-in-vaihingen.jpg\",\"width\":2601,\"height\":1625,\"caption\":\"Stuttgarter Weltladen in Vaihingen\"},\"image\":{\"@id\":\"https:\/\/weltlaeden.de\/s-vaihingen\/#\/schema\/logo\/image\/\"},\"sameAs\":[\"https:\/\/www.facebook.com\/weltladenstuttgartvaihingen\/\"]},{\"@type\":\"Person\",\"@id\":\"https:\/\/weltlaeden.de\/s-vaihingen\/#\/schema\/person\/3ae8b4ea2fcf04ed27d43c475aa02a4d\",\"name\":\"Peter Frommer\",\"image\":{\"@type\":\"ImageObject\",\"inLanguage\":\"de\",\"@id\":\"https:\/\/weltlaeden.de\/s-vaihingen\/#\/schema\/person\/image\/\",\"url\":\"https:\/\/secure.gravatar.com\/avatar\/b4b1238e5395c917cbad6f00b67b029e?s=96&d=mm&r=g\",\"contentUrl\":\"https:\/\/secure.gravatar.com\/avatar\/b4b1238e5395c917cbad6f00b67b029e?s=96&d=mm&r=g\",\"caption\":\"Peter Frommer\"},\"url\":\"https:\/\/weltlaeden.de\/s-vaihingen\/author\/s-vaihingen\/\"}]}<\/script>\n<!-- \/ Yoast SEO plugin. -->","yoast_head_json":{"title":"Filmabend 2023 ein voller Erfolg - Weltladen Stuttgart-Vaihingen","robots":{"index":"index","follow":"follow","max-snippet":"max-snippet:-1","max-image-preview":"max-image-preview:large","max-video-preview":"max-video-preview:-1"},"canonical":"https:\/\/weltlaeden.de\/s-vaihingen\/1694-2\/","og_locale":"de_DE","og_type":"article","og_title":"Filmabend 2023 ein voller Erfolg - Weltladen Stuttgart-Vaihingen","og_description":"Die Fairtrade Steuerungsgruppe und der Weltladen in Vaihingen zeigten am 07. M\u00e4rz 2023 vor mehr als 50 Besucher:innen in der Alten Kelter den Film \u201eFAST FASHION \u2013 DIE DUNKLE WELT DER BILLIGMODE\u201c Der Film war sehr eindr\u00fccklich, zeigte auch \u00dcberraschendes wie die Textilproduktion in Leicester (UK) in heruntergekommenen Bauten aus der Jahrzehnte zur\u00fcck liegenden Zeit,&hellip;","og_url":"https:\/\/weltlaeden.de\/s-vaihingen\/1694-2\/","og_site_name":"Weltladen Stuttgart-Vaihingen","article_publisher":"https:\/\/www.facebook.com\/weltladenstuttgartvaihingen\/","article_published_time":"2023-03-16T17:01:12+00:00","article_modified_time":"2025-11-25T18:21:06+00:00","og_image":[{"width":1448,"height":2048,"url":"https:\/\/weltlaeden.de\/s-vaihingen\/wp-content\/uploads\/sites\/90\/2023\/02\/fastfashion-small.jpg","type":"image\/jpeg"}],"author":"Peter Frommer","twitter_card":"summary_large_image","twitter_misc":{"Verfasst von":"Peter Frommer","Gesch\u00e4tzte Lesezeit":"1\u00a0Minute"},"schema":{"@context":"https:\/\/schema.org","@graph":[{"@type":"Article","@id":"https:\/\/weltlaeden.de\/s-vaihingen\/1694-2\/#article","isPartOf":{"@id":"https:\/\/weltlaeden.de\/s-vaihingen\/1694-2\/"},"author":{"name":"Peter Frommer","@id":"https:\/\/weltlaeden.de\/s-vaihingen\/#\/schema\/person\/3ae8b4ea2fcf04ed27d43c475aa02a4d"},"headline":"Filmabend 2023 ein voller Erfolg","datePublished":"2023-03-16T17:01:12+00:00","dateModified":"2025-11-25T18:21:06+00:00","mainEntityOfPage":{"@id":"https:\/\/weltlaeden.de\/s-vaihingen\/1694-2\/"},"wordCount":206,"publisher":{"@id":"https:\/\/weltlaeden.de\/s-vaihingen\/#organization"},"image":{"@id":"https:\/\/weltlaeden.de\/s-vaihingen\/1694-2\/#primaryimage"},"thumbnailUrl":"https:\/\/weltlaeden.de\/s-vaihingen\/wp-content\/uploads\/sites\/90\/2023\/02\/fastfashion-small.jpg","articleSection":["Keine Kategorie"],"inLanguage":"de"},{"@type":"WebPage","@id":"https:\/\/weltlaeden.de\/s-vaihingen\/1694-2\/","url":"https:\/\/weltlaeden.de\/s-vaihingen\/1694-2\/","name":"Filmabend 2023 ein voller Erfolg - Weltladen Stuttgart-Vaihingen","isPartOf":{"@id":"https:\/\/weltlaeden.de\/s-vaihingen\/#website"},"primaryImageOfPage":{"@id":"https:\/\/weltlaeden.de\/s-vaihingen\/1694-2\/#primaryimage"},"image":{"@id":"https:\/\/weltlaeden.de\/s-vaihingen\/1694-2\/#primaryimage"},"thumbnailUrl":"https:\/\/weltlaeden.de\/s-vaihingen\/wp-content\/uploads\/sites\/90\/2023\/02\/fastfashion-small.jpg","datePublished":"2023-03-16T17:01:12+00:00","dateModified":"2025-11-25T18:21:06+00:00","breadcrumb":{"@id":"https:\/\/weltlaeden.de\/s-vaihingen\/1694-2\/#breadcrumb"},"inLanguage":"de","potentialAction":[{"@type":"ReadAction","target":["https:\/\/weltlaeden.de\/s-vaihingen\/1694-2\/"]}]},{"@type":"ImageObject","inLanguage":"de","@id":"https:\/\/weltlaeden.de\/s-vaihingen\/1694-2\/#primaryimage","url":"https:\/\/weltlaeden.de\/s-vaihingen\/wp-content\/uploads\/sites\/90\/2023\/02\/fastfashion-small.jpg","contentUrl":"https:\/\/weltlaeden.de\/s-vaihingen\/wp-content\/uploads\/sites\/90\/2023\/02\/fastfashion-small.jpg","width":1448,"height":2048},{"@type":"BreadcrumbList","@id":"https:\/\/weltlaeden.de\/s-vaihingen\/1694-2\/#breadcrumb","itemListElement":[{"@type":"ListItem","position":1,"name":"Startseite","item":"https:\/\/weltlaeden.de\/s-vaihingen\/"},{"@type":"ListItem","position":2,"name":"Filmabend 2023 ein voller Erfolg"}]},{"@type":"WebSite","@id":"https:\/\/weltlaeden.de\/s-vaihingen\/#website","url":"https:\/\/weltlaeden.de\/s-vaihingen\/","name":"Weltladen Stuttgart-Vaihingen","description":"Faire Produkte seit 1987","publisher":{"@id":"https:\/\/weltlaeden.de\/s-vaihingen\/#organization"},"potentialAction":[{"@type":"SearchAction","target":{"@type":"EntryPoint","urlTemplate":"https:\/\/weltlaeden.de\/s-vaihingen\/?s={search_term_string}"},"query-input":{"@type":"PropertyValueSpecification","valueRequired":true,"valueName":"search_term_string"}}],"inLanguage":"de"},{"@type":"Organization","@id":"https:\/\/weltlaeden.de\/s-vaihingen\/#organization","name":"Stuttgarter Weltladen in Vaihingen","url":"https:\/\/weltlaeden.de\/s-vaihingen\/","logo":{"@type":"ImageObject","inLanguage":"de","@id":"https:\/\/weltlaeden.de\/s-vaihingen\/#\/schema\/logo\/image\/","url":"https:\/\/weltlaeden.de\/s-vaihingen\/wp-content\/uploads\/sites\/90\/2019\/04\/stuttgarter-Weltladen-in-vaihingen.jpg","contentUrl":"https:\/\/weltlaeden.de\/s-vaihingen\/wp-content\/uploads\/sites\/90\/2019\/04\/stuttgarter-Weltladen-in-vaihingen.jpg","width":2601,"height":1625,"caption":"Stuttgarter Weltladen in Vaihingen"},"image":{"@id":"https:\/\/weltlaeden.de\/s-vaihingen\/#\/schema\/logo\/image\/"},"sameAs":["https:\/\/www.facebook.com\/weltladenstuttgartvaihingen\/"]},{"@type":"Person","@id":"https:\/\/weltlaeden.de\/s-vaihingen\/#\/schema\/person\/3ae8b4ea2fcf04ed27d43c475aa02a4d","name":"Peter Frommer","image":{"@type":"ImageObject","inLanguage":"de","@id":"https:\/\/weltlaeden.de\/s-vaihingen\/#\/schema\/person\/image\/","url":"https:\/\/secure.gravatar.com\/avatar\/b4b1238e5395c917cbad6f00b67b029e?s=96&d=mm&r=g","contentUrl":"https:\/\/secure.gravatar.com\/avatar\/b4b1238e5395c917cbad6f00b67b029e?s=96&d=mm&r=g","caption":"Peter Frommer"},"url":"https:\/\/weltlaeden.de\/s-vaihingen\/author\/s-vaihingen\/"}]}},"_links":{"self":[{"href":"https:\/\/weltlaeden.de\/s-vaihingen\/wp-json\/wp\/v2\/posts\/1694","targetHints":{"allow":["GET"]}}],"collection":[{"href":"https:\/\/weltlaeden.de\/s-vaihingen\/wp-json\/wp\/v2\/posts"}],"about":[{"href":"https:\/\/weltlaeden.de\/s-vaihingen\/wp-json\/wp\/v2\/types\/post"}],"author":[{"embeddable":true,"href":"https:\/\/weltlaeden.de\/s-vaihingen\/wp-json\/wp\/v2\/users\/136"}],"replies":[{"embeddable":true,"href":"https:\/\/weltlaeden.de\/s-vaihingen\/wp-json\/wp\/v2\/comments?post=1694"}],"version-history":[{"count":5,"href":"https:\/\/weltlaeden.de\/s-vaihingen\/wp-json\/wp\/v2\/posts\/1694\/revisions"}],"predecessor-version":[{"id":2032,"href":"https:\/\/weltlaeden.de\/s-vaihingen\/wp-json\/wp\/v2\/posts\/1694\/revisions\/2032"}],"wp:featuredmedia":[{"embeddable":true,"href":"https:\/\/weltlaeden.de\/s-vaihingen\/wp-json\/wp\/v2\/media\/1682"}],"wp:attachment":[{"href":"https:\/\/weltlaeden.de\/s-vaihingen\/wp-json\/wp\/v2\/media?parent=1694"}],"wp:term":[{"taxonomy":"category","embeddable":true,"href":"https:\/\/weltlaeden.de\/s-vaihingen\/wp-json\/wp\/v2\/categories?post=1694"},{"taxonomy":"post_tag","embeddable":true,"href":"https:\/\/weltlaeden.de\/s-vaihingen\/wp-json\/wp\/v2\/tags?post=1694"}],"curies":[{"name":"wp","href":"https:\/\/api.w.org\/{rel}","templated":true}]}}