{"id":1637,"date":"2022-07-25T10:55:56","date_gmt":"2022-07-25T08:55:56","guid":{"rendered":"https:\/\/weltlaeden.de\/s-vaihingen\/?p=1637"},"modified":"2022-07-25T10:55:56","modified_gmt":"2022-07-25T08:55:56","slug":"weltladentag-2022","status":"publish","type":"post","link":"https:\/\/weltlaeden.de\/s-vaihingen\/weltladentag-2022\/","title":{"rendered":"Weltladentag 2022"},"content":{"rendered":"<p>Der europ\u00e4ische Weltladentag 2022 stand unter der \u00dcberschrift <strong>M\u00c4CHTIG unfair<\/strong> Die Weltladenbewegung m\u00f6chte erreichen, dass Dumping-Preise, die nicht einmal die Produktionskosten decken, verboten werden! Stattdessen braucht es endlich eine gerechte Verteilung der Gewinne entlang der Lieferkette und existenzsichernde Einkommen weltweit.<\/p>\n<p>Weitere Informationen hierzu finden Sie auf der <a href=\"https:\/\/www.weltladen.de\/politik-veraendern\/weltladentag\/aktuelle-kampagne\/\" target=\"_blank\" rel=\"noopener\">Seite des Weltladen-Dachverbandes<\/a>.<\/p>\n","protected":false},"excerpt":{"rendered":"<p>Der europ\u00e4ische Weltladentag 2022 stand unter der \u00dcberschrift M\u00c4CHTIG unfair Die Weltladenbewegung m\u00f6chte erreichen, dass Dumping-Preise, die nicht einmal die Produktionskosten decken, verboten werden! Stattdessen braucht es endlich eine gerechte Verteilung der Gewinne entlang der Lieferkette und existenzsichernde Einkommen weltweit. Weitere Informationen hierzu finden Sie auf der Seite des Weltladen-Dachverbandes.<\/p>\n","protected":false},"author":136,"featured_media":1605,"comment_status":"closed","ping_status":"closed","sticky":false,"template":"","format":"standard","meta":{"footnotes":""},"categories":[1],"tags":[],"class_list":["post-1637","post","type-post","status-publish","format-standard","has-post-thumbnail","hentry","category-allgemein","category-1","description-off"],"yoast_head":"<!-- This site is optimized with the Yoast SEO plugin v26.8 - https:\/\/yoast.com\/product\/yoast-seo-wordpress\/ -->\n<title>Weltladentag 2022 - Weltladen Stuttgart-Vaihingen<\/title>\n<meta name=\"robots\" content=\"index, follow, max-snippet:-1, max-image-preview:large, max-video-preview:-1\" \/>\n<link rel=\"canonical\" href=\"https:\/\/weltlaeden.de\/s-vaihingen\/weltladentag-2022\/\" \/>\n<meta property=\"og:locale\" content=\"de_DE\" \/>\n<meta property=\"og:type\" content=\"article\" \/>\n<meta property=\"og:title\" content=\"Weltladentag 2022 - Weltladen Stuttgart-Vaihingen\" \/>\n<meta property=\"og:description\" content=\"Der europ\u00e4ische Weltladentag 2022 stand unter der \u00dcberschrift M\u00c4CHTIG unfair Die Weltladenbewegung m\u00f6chte erreichen, dass Dumping-Preise, die nicht einmal die Produktionskosten decken, verboten werden! Stattdessen braucht es endlich eine gerechte Verteilung der Gewinne entlang der Lieferkette und existenzsichernde Einkommen weltweit. Weitere Informationen hierzu finden Sie auf der Seite des Weltladen-Dachverbandes.\" \/>\n<meta property=\"og:url\" content=\"https:\/\/weltlaeden.de\/s-vaihingen\/weltladentag-2022\/\" \/>\n<meta property=\"og:site_name\" content=\"Weltladen Stuttgart-Vaihingen\" \/>\n<meta property=\"article:publisher\" content=\"https:\/\/www.facebook.com\/weltladenstuttgartvaihingen\/\" \/>\n<meta property=\"article:published_time\" content=\"2022-07-25T08:55:56+00:00\" \/>\n<meta property=\"og:image\" content=\"https:\/\/weltlaeden.de\/s-vaihingen\/wp-content\/uploads\/sites\/90\/2022\/04\/Weltladentag-klein-scaled-e1652045866197.jpg\" \/>\n\t<meta property=\"og:image:width\" content=\"1751\" \/>\n\t<meta property=\"og:image:height\" content=\"1348\" \/>\n\t<meta property=\"og:image:type\" content=\"image\/jpeg\" \/>\n<meta name=\"author\" content=\"Peter Frommer\" \/>\n<meta name=\"twitter:card\" content=\"summary_large_image\" \/>\n<meta name=\"twitter:label1\" content=\"Verfasst von\" \/>\n\t<meta name=\"twitter:data1\" content=\"Peter Frommer\" \/>\n<script type=\"application\/ld+json\" class=\"yoast-schema-graph\">{\"@context\":\"https:\/\/schema.org\",\"@graph\":[{\"@type\":\"Article\",\"@id\":\"https:\/\/weltlaeden.de\/s-vaihingen\/weltladentag-2022\/#article\",\"isPartOf\":{\"@id\":\"https:\/\/weltlaeden.de\/s-vaihingen\/weltladentag-2022\/\"},\"author\":{\"name\":\"Peter Frommer\",\"@id\":\"https:\/\/weltlaeden.de\/s-vaihingen\/#\/schema\/person\/3ae8b4ea2fcf04ed27d43c475aa02a4d\"},\"headline\":\"Weltladentag 2022\",\"datePublished\":\"2022-07-25T08:55:56+00:00\",\"mainEntityOfPage\":{\"@id\":\"https:\/\/weltlaeden.de\/s-vaihingen\/weltladentag-2022\/\"},\"wordCount\":53,\"publisher\":{\"@id\":\"https:\/\/weltlaeden.de\/s-vaihingen\/#organization\"},\"image\":{\"@id\":\"https:\/\/weltlaeden.de\/s-vaihingen\/weltladentag-2022\/#primaryimage\"},\"thumbnailUrl\":\"https:\/\/weltlaeden.de\/s-vaihingen\/wp-content\/uploads\/sites\/90\/2022\/04\/Weltladentag-klein-scaled-e1652045866197.jpg\",\"articleSection\":[\"Keine Kategorie\"],\"inLanguage\":\"de\"},{\"@type\":\"WebPage\",\"@id\":\"https:\/\/weltlaeden.de\/s-vaihingen\/weltladentag-2022\/\",\"url\":\"https:\/\/weltlaeden.de\/s-vaihingen\/weltladentag-2022\/\",\"name\":\"Weltladentag 2022 - Weltladen Stuttgart-Vaihingen\",\"isPartOf\":{\"@id\":\"https:\/\/weltlaeden.de\/s-vaihingen\/#website\"},\"primaryImageOfPage\":{\"@id\":\"https:\/\/weltlaeden.de\/s-vaihingen\/weltladentag-2022\/#primaryimage\"},\"image\":{\"@id\":\"https:\/\/weltlaeden.de\/s-vaihingen\/weltladentag-2022\/#primaryimage\"},\"thumbnailUrl\":\"https:\/\/weltlaeden.de\/s-vaihingen\/wp-content\/uploads\/sites\/90\/2022\/04\/Weltladentag-klein-scaled-e1652045866197.jpg\",\"datePublished\":\"2022-07-25T08:55:56+00:00\",\"breadcrumb\":{\"@id\":\"https:\/\/weltlaeden.de\/s-vaihingen\/weltladentag-2022\/#breadcrumb\"},\"inLanguage\":\"de\",\"potentialAction\":[{\"@type\":\"ReadAction\",\"target\":[\"https:\/\/weltlaeden.de\/s-vaihingen\/weltladentag-2022\/\"]}]},{\"@type\":\"ImageObject\",\"inLanguage\":\"de\",\"@id\":\"https:\/\/weltlaeden.de\/s-vaihingen\/weltladentag-2022\/#primaryimage\",\"url\":\"https:\/\/weltlaeden.de\/s-vaihingen\/wp-content\/uploads\/sites\/90\/2022\/04\/Weltladentag-klein-scaled-e1652045866197.jpg\",\"contentUrl\":\"https:\/\/weltlaeden.de\/s-vaihingen\/wp-content\/uploads\/sites\/90\/2022\/04\/Weltladentag-klein-scaled-e1652045866197.jpg\",\"width\":1751,\"height\":1348},{\"@type\":\"BreadcrumbList\",\"@id\":\"https:\/\/weltlaeden.de\/s-vaihingen\/weltladentag-2022\/#breadcrumb\",\"itemListElement\":[{\"@type\":\"ListItem\",\"position\":1,\"name\":\"Startseite\",\"item\":\"https:\/\/weltlaeden.de\/s-vaihingen\/\"},{\"@type\":\"ListItem\",\"position\":2,\"name\":\"Weltladentag 2022\"}]},{\"@type\":\"WebSite\",\"@id\":\"https:\/\/weltlaeden.de\/s-vaihingen\/#website\",\"url\":\"https:\/\/weltlaeden.de\/s-vaihingen\/\",\"name\":\"Weltladen Stuttgart-Vaihingen\",\"description\":\"Faire Produkte seit 1987\",\"publisher\":{\"@id\":\"https:\/\/weltlaeden.de\/s-vaihingen\/#organization\"},\"potentialAction\":[{\"@type\":\"SearchAction\",\"target\":{\"@type\":\"EntryPoint\",\"urlTemplate\":\"https:\/\/weltlaeden.de\/s-vaihingen\/?s={search_term_string}\"},\"query-input\":{\"@type\":\"PropertyValueSpecification\",\"valueRequired\":true,\"valueName\":\"search_term_string\"}}],\"inLanguage\":\"de\"},{\"@type\":\"Organization\",\"@id\":\"https:\/\/weltlaeden.de\/s-vaihingen\/#organization\",\"name\":\"Stuttgarter Weltladen in Vaihingen\",\"url\":\"https:\/\/weltlaeden.de\/s-vaihingen\/\",\"logo\":{\"@type\":\"ImageObject\",\"inLanguage\":\"de\",\"@id\":\"https:\/\/weltlaeden.de\/s-vaihingen\/#\/schema\/logo\/image\/\",\"url\":\"https:\/\/weltlaeden.de\/s-vaihingen\/wp-content\/uploads\/sites\/90\/2019\/04\/stuttgarter-Weltladen-in-vaihingen.jpg\",\"contentUrl\":\"https:\/\/weltlaeden.de\/s-vaihingen\/wp-content\/uploads\/sites\/90\/2019\/04\/stuttgarter-Weltladen-in-vaihingen.jpg\",\"width\":2601,\"height\":1625,\"caption\":\"Stuttgarter Weltladen in Vaihingen\"},\"image\":{\"@id\":\"https:\/\/weltlaeden.de\/s-vaihingen\/#\/schema\/logo\/image\/\"},\"sameAs\":[\"https:\/\/www.facebook.com\/weltladenstuttgartvaihingen\/\"]},{\"@type\":\"Person\",\"@id\":\"https:\/\/weltlaeden.de\/s-vaihingen\/#\/schema\/person\/3ae8b4ea2fcf04ed27d43c475aa02a4d\",\"name\":\"Peter Frommer\",\"image\":{\"@type\":\"ImageObject\",\"inLanguage\":\"de\",\"@id\":\"https:\/\/weltlaeden.de\/s-vaihingen\/#\/schema\/person\/image\/\",\"url\":\"https:\/\/secure.gravatar.com\/avatar\/b4b1238e5395c917cbad6f00b67b029e?s=96&d=mm&r=g\",\"contentUrl\":\"https:\/\/secure.gravatar.com\/avatar\/b4b1238e5395c917cbad6f00b67b029e?s=96&d=mm&r=g\",\"caption\":\"Peter Frommer\"},\"url\":\"https:\/\/weltlaeden.de\/s-vaihingen\/author\/s-vaihingen\/\"}]}<\/script>\n<!-- \/ Yoast SEO plugin. -->","yoast_head_json":{"title":"Weltladentag 2022 - Weltladen Stuttgart-Vaihingen","robots":{"index":"index","follow":"follow","max-snippet":"max-snippet:-1","max-image-preview":"max-image-preview:large","max-video-preview":"max-video-preview:-1"},"canonical":"https:\/\/weltlaeden.de\/s-vaihingen\/weltladentag-2022\/","og_locale":"de_DE","og_type":"article","og_title":"Weltladentag 2022 - Weltladen Stuttgart-Vaihingen","og_description":"Der europ\u00e4ische Weltladentag 2022 stand unter der \u00dcberschrift M\u00c4CHTIG unfair Die Weltladenbewegung m\u00f6chte erreichen, dass Dumping-Preise, die nicht einmal die Produktionskosten decken, verboten werden! Stattdessen braucht es endlich eine gerechte Verteilung der Gewinne entlang der Lieferkette und existenzsichernde Einkommen weltweit. Weitere Informationen hierzu finden Sie auf der Seite des Weltladen-Dachverbandes.","og_url":"https:\/\/weltlaeden.de\/s-vaihingen\/weltladentag-2022\/","og_site_name":"Weltladen Stuttgart-Vaihingen","article_publisher":"https:\/\/www.facebook.com\/weltladenstuttgartvaihingen\/","article_published_time":"2022-07-25T08:55:56+00:00","og_image":[{"width":1751,"height":1348,"url":"https:\/\/weltlaeden.de\/s-vaihingen\/wp-content\/uploads\/sites\/90\/2022\/04\/Weltladentag-klein-scaled-e1652045866197.jpg","type":"image\/jpeg"}],"author":"Peter Frommer","twitter_card":"summary_large_image","twitter_misc":{"Verfasst von":"Peter Frommer"},"schema":{"@context":"https:\/\/schema.org","@graph":[{"@type":"Article","@id":"https:\/\/weltlaeden.de\/s-vaihingen\/weltladentag-2022\/#article","isPartOf":{"@id":"https:\/\/weltlaeden.de\/s-vaihingen\/weltladentag-2022\/"},"author":{"name":"Peter Frommer","@id":"https:\/\/weltlaeden.de\/s-vaihingen\/#\/schema\/person\/3ae8b4ea2fcf04ed27d43c475aa02a4d"},"headline":"Weltladentag 2022","datePublished":"2022-07-25T08:55:56+00:00","mainEntityOfPage":{"@id":"https:\/\/weltlaeden.de\/s-vaihingen\/weltladentag-2022\/"},"wordCount":53,"publisher":{"@id":"https:\/\/weltlaeden.de\/s-vaihingen\/#organization"},"image":{"@id":"https:\/\/weltlaeden.de\/s-vaihingen\/weltladentag-2022\/#primaryimage"},"thumbnailUrl":"https:\/\/weltlaeden.de\/s-vaihingen\/wp-content\/uploads\/sites\/90\/2022\/04\/Weltladentag-klein-scaled-e1652045866197.jpg","articleSection":["Keine Kategorie"],"inLanguage":"de"},{"@type":"WebPage","@id":"https:\/\/weltlaeden.de\/s-vaihingen\/weltladentag-2022\/","url":"https:\/\/weltlaeden.de\/s-vaihingen\/weltladentag-2022\/","name":"Weltladentag 2022 - Weltladen Stuttgart-Vaihingen","isPartOf":{"@id":"https:\/\/weltlaeden.de\/s-vaihingen\/#website"},"primaryImageOfPage":{"@id":"https:\/\/weltlaeden.de\/s-vaihingen\/weltladentag-2022\/#primaryimage"},"image":{"@id":"https:\/\/weltlaeden.de\/s-vaihingen\/weltladentag-2022\/#primaryimage"},"thumbnailUrl":"https:\/\/weltlaeden.de\/s-vaihingen\/wp-content\/uploads\/sites\/90\/2022\/04\/Weltladentag-klein-scaled-e1652045866197.jpg","datePublished":"2022-07-25T08:55:56+00:00","breadcrumb":{"@id":"https:\/\/weltlaeden.de\/s-vaihingen\/weltladentag-2022\/#breadcrumb"},"inLanguage":"de","potentialAction":[{"@type":"ReadAction","target":["https:\/\/weltlaeden.de\/s-vaihingen\/weltladentag-2022\/"]}]},{"@type":"ImageObject","inLanguage":"de","@id":"https:\/\/weltlaeden.de\/s-vaihingen\/weltladentag-2022\/#primaryimage","url":"https:\/\/weltlaeden.de\/s-vaihingen\/wp-content\/uploads\/sites\/90\/2022\/04\/Weltladentag-klein-scaled-e1652045866197.jpg","contentUrl":"https:\/\/weltlaeden.de\/s-vaihingen\/wp-content\/uploads\/sites\/90\/2022\/04\/Weltladentag-klein-scaled-e1652045866197.jpg","width":1751,"height":1348},{"@type":"BreadcrumbList","@id":"https:\/\/weltlaeden.de\/s-vaihingen\/weltladentag-2022\/#breadcrumb","itemListElement":[{"@type":"ListItem","position":1,"name":"Startseite","item":"https:\/\/weltlaeden.de\/s-vaihingen\/"},{"@type":"ListItem","position":2,"name":"Weltladentag 2022"}]},{"@type":"WebSite","@id":"https:\/\/weltlaeden.de\/s-vaihingen\/#website","url":"https:\/\/weltlaeden.de\/s-vaihingen\/","name":"Weltladen Stuttgart-Vaihingen","description":"Faire Produkte seit 1987","publisher":{"@id":"https:\/\/weltlaeden.de\/s-vaihingen\/#organization"},"potentialAction":[{"@type":"SearchAction","target":{"@type":"EntryPoint","urlTemplate":"https:\/\/weltlaeden.de\/s-vaihingen\/?s={search_term_string}"},"query-input":{"@type":"PropertyValueSpecification","valueRequired":true,"valueName":"search_term_string"}}],"inLanguage":"de"},{"@type":"Organization","@id":"https:\/\/weltlaeden.de\/s-vaihingen\/#organization","name":"Stuttgarter Weltladen in Vaihingen","url":"https:\/\/weltlaeden.de\/s-vaihingen\/","logo":{"@type":"ImageObject","inLanguage":"de","@id":"https:\/\/weltlaeden.de\/s-vaihingen\/#\/schema\/logo\/image\/","url":"https:\/\/weltlaeden.de\/s-vaihingen\/wp-content\/uploads\/sites\/90\/2019\/04\/stuttgarter-Weltladen-in-vaihingen.jpg","contentUrl":"https:\/\/weltlaeden.de\/s-vaihingen\/wp-content\/uploads\/sites\/90\/2019\/04\/stuttgarter-Weltladen-in-vaihingen.jpg","width":2601,"height":1625,"caption":"Stuttgarter Weltladen in Vaihingen"},"image":{"@id":"https:\/\/weltlaeden.de\/s-vaihingen\/#\/schema\/logo\/image\/"},"sameAs":["https:\/\/www.facebook.com\/weltladenstuttgartvaihingen\/"]},{"@type":"Person","@id":"https:\/\/weltlaeden.de\/s-vaihingen\/#\/schema\/person\/3ae8b4ea2fcf04ed27d43c475aa02a4d","name":"Peter Frommer","image":{"@type":"ImageObject","inLanguage":"de","@id":"https:\/\/weltlaeden.de\/s-vaihingen\/#\/schema\/person\/image\/","url":"https:\/\/secure.gravatar.com\/avatar\/b4b1238e5395c917cbad6f00b67b029e?s=96&d=mm&r=g","contentUrl":"https:\/\/secure.gravatar.com\/avatar\/b4b1238e5395c917cbad6f00b67b029e?s=96&d=mm&r=g","caption":"Peter Frommer"},"url":"https:\/\/weltlaeden.de\/s-vaihingen\/author\/s-vaihingen\/"}]}},"_links":{"self":[{"href":"https:\/\/weltlaeden.de\/s-vaihingen\/wp-json\/wp\/v2\/posts\/1637","targetHints":{"allow":["GET"]}}],"collection":[{"href":"https:\/\/weltlaeden.de\/s-vaihingen\/wp-json\/wp\/v2\/posts"}],"about":[{"href":"https:\/\/weltlaeden.de\/s-vaihingen\/wp-json\/wp\/v2\/types\/post"}],"author":[{"embeddable":true,"href":"https:\/\/weltlaeden.de\/s-vaihingen\/wp-json\/wp\/v2\/users\/136"}],"replies":[{"embeddable":true,"href":"https:\/\/weltlaeden.de\/s-vaihingen\/wp-json\/wp\/v2\/comments?post=1637"}],"version-history":[{"count":2,"href":"https:\/\/weltlaeden.de\/s-vaihingen\/wp-json\/wp\/v2\/posts\/1637\/revisions"}],"predecessor-version":[{"id":1639,"href":"https:\/\/weltlaeden.de\/s-vaihingen\/wp-json\/wp\/v2\/posts\/1637\/revisions\/1639"}],"wp:featuredmedia":[{"embeddable":true,"href":"https:\/\/weltlaeden.de\/s-vaihingen\/wp-json\/wp\/v2\/media\/1605"}],"wp:attachment":[{"href":"https:\/\/weltlaeden.de\/s-vaihingen\/wp-json\/wp\/v2\/media?parent=1637"}],"wp:term":[{"taxonomy":"category","embeddable":true,"href":"https:\/\/weltlaeden.de\/s-vaihingen\/wp-json\/wp\/v2\/categories?post=1637"},{"taxonomy":"post_tag","embeddable":true,"href":"https:\/\/weltlaeden.de\/s-vaihingen\/wp-json\/wp\/v2\/tags?post=1637"}],"curies":[{"name":"wp","href":"https:\/\/api.w.org\/{rel}","templated":true}]}}