{"id":1545,"date":"2026-04-21T18:16:27","date_gmt":"2026-04-21T16:16:27","guid":{"rendered":"https:\/\/weltlaeden.de\/rimpar\/?p=1545"},"modified":"2026-04-21T18:16:27","modified_gmt":"2026-04-21T16:16:27","slug":"fair-fruchtet-weltladentag-2026-schoene-geschenke-zum-muttertag-und-vatertag","status":"publish","type":"post","link":"https:\/\/weltlaeden.de\/rimpar\/fair-fruchtet-weltladentag-2026-schoene-geschenke-zum-muttertag-und-vatertag\/","title":{"rendered":"\u201eFair fruchtet\u201c \u2013 Weltladentag 2026:  Sch\u00f6ne Geschenke zum Muttertag und Vatertag"},"content":{"rendered":"<p>Fr\u00fcchte stehen f\u00fcr Vielfalt, Genuss und Lebensfreude. Doch hinter dem, was bei uns selbstverst\u00e4ndlich im Einkaufskorb landet, steckt viel Arbeit unter schwierigen Bedingungen. Am deutschlandweiten Weltladentag am 9. Mai 2026 nehmen wir auch im Rimparer Weltladen diese Themen in den Blick.<\/p>\n<p>Wir verkaufen zwar keine frischen Fr\u00fcchte, bieten aber zum Weltladentag getrocknete Fr\u00fcchte in k\u00f6stlicher Schokoladenh\u00fclle an \u2013 alle Zutaten aus fairem Handel. Ob Mangos, Erdbeeren, Himbeeren, Ananas oder Feigen \u2013 f\u00fcr jeden Geschmack ist etwas dabei.<\/p>\n<p><strong>Menschenw\u00fcrdige Arbeitsbedingungen<\/strong><\/p>\n<p>Bananen, Orangen, Ananas oder Mangos geh\u00f6ren zu den beliebtesten Fr\u00fcchten weltweit. Die Menschen, die sie anbauen und ernten, arbeiten jedoch oft unter ausbeuterischen Bedingungen, mit niedrigen L\u00f6hnen, befristeten Vertr\u00e4gen und wenig Mitsprache. Gleichzeitig sind viele Obstplantagen Gro\u00dfanlagen internationaler Konzerne, deren Lieferketten sich \u00fcber mehrere L\u00e4nder erstrecken. Faire Handelsmodelle zielen darauf ab, die Wertsch\u00f6pfung entlang der Lieferketten gerechter zu verteilen und menschenw\u00fcrdige Arbeitsbedingungen zu st\u00e4rken. Fair-Handels-Organisationen erm\u00f6glichen es Produzent*innen und Arbeiter*innen, verl\u00e4sslicher zu planen, ihre Rechte besser durchzusetzen und langfristige Perspektiven zu entwickeln. Statt kurzfristigem Preisdruck stehen faire Preise, Transparenz und partnerschaftliche Handelsbeziehungen im Mittelpunkt.<\/p>\n<p>Genie\u00dfen Sie unsere fairen Schoko-Fr\u00fcchte als Symbol daf\u00fcr, dass Fairer Handel funktionieren kann, dass Produktion und Handel gerechter gestaltet werden k\u00f6nnen und dass es sich lohnt, bei jedem Einkauf genau hinzuschauen.<\/p>\n<p><strong>FAIRw\u00f6hnung zum Muttertag und Vatertag <\/strong><\/p>\n<p>Auch zum Muttertag am 10. Mai und zum Vatertag am 14. Mai machen fair produzierte und gehandelte Geschenke und S\u00fc\u00dfigkeiten viel Freude: Wir haben neuen Schmuck, sch\u00f6ne kleine und gro\u00dfe Lederwaren, k\u00f6stliche Pralinen, hochwertige Seifen, farbenfrohe T\u00fccher und Schals und vieles mehr eingekauft, \u00fcber die sich Mamas und Papas ganz sicher freuen!<\/p>\n<p><em>Text: Eva-Maria Schorno \/ Co-Vorsitzende des Weltladen Rimpar e.V<\/em><\/p>\n<p><img loading=\"lazy\" decoding=\"async\" class=\"alignnone size-full wp-image-1549\" src=\"https:\/\/weltlaeden.de\/rimpar\/wp-content\/uploads\/sites\/199\/2026\/04\/2026_weltladentag_fair_fruchtet_wl-dv_hoch1-1.png\" alt=\"\" width=\"600\" height=\"750\" srcset=\"https:\/\/weltlaeden.de\/rimpar\/wp-content\/uploads\/sites\/199\/2026\/04\/2026_weltladentag_fair_fruchtet_wl-dv_hoch1-1.png 600w, https:\/\/weltlaeden.de\/rimpar\/wp-content\/uploads\/sites\/199\/2026\/04\/2026_weltladentag_fair_fruchtet_wl-dv_hoch1-1-240x300.png 240w\" sizes=\"auto, (max-width: 600px) 100vw, 600px\" \/><\/p>\n","protected":false},"excerpt":{"rendered":"<p>Fr\u00fcchte stehen f\u00fcr Vielfalt, Genuss und Lebensfreude. Doch hinter dem, was bei uns selbstverst\u00e4ndlich im Einkaufskorb landet, steckt viel Arbeit unter schwierigen Bedingungen. Am deutschlandweiten Weltladentag am 9. Mai 2026 nehmen wir auch im Rimparer Weltladen diese Themen in den Blick. Wir verkaufen zwar keine frischen Fr\u00fcchte, bieten aber zum Weltladentag getrocknete Fr\u00fcchte in k\u00f6stlicher&hellip;<\/p>\n","protected":false},"author":289,"featured_media":1546,"comment_status":"closed","ping_status":"closed","sticky":false,"template":"","format":"standard","meta":{"footnotes":""},"categories":[8],"tags":[],"class_list":["post-1545","post","type-post","status-publish","format-standard","has-post-thumbnail","hentry","category-neues","category-8","description-off"],"yoast_head":"<!-- This site is optimized with the Yoast SEO plugin v26.8 - https:\/\/yoast.com\/product\/yoast-seo-wordpress\/ -->\n<title>\u201eFair fruchtet\u201c \u2013 Weltladentag 2026: Sch\u00f6ne Geschenke zum Muttertag und Vatertag - Weltladen Rimpar<\/title>\n<meta name=\"robots\" content=\"index, follow, max-snippet:-1, max-image-preview:large, max-video-preview:-1\" \/>\n<link rel=\"canonical\" href=\"https:\/\/weltlaeden.de\/rimpar\/fair-fruchtet-weltladentag-2026-schoene-geschenke-zum-muttertag-und-vatertag\/\" \/>\n<meta property=\"og:locale\" content=\"de_DE\" \/>\n<meta property=\"og:type\" content=\"article\" \/>\n<meta property=\"og:title\" content=\"\u201eFair fruchtet\u201c \u2013 Weltladentag 2026: Sch\u00f6ne Geschenke zum Muttertag und Vatertag - Weltladen Rimpar\" \/>\n<meta property=\"og:description\" content=\"Fr\u00fcchte stehen f\u00fcr Vielfalt, Genuss und Lebensfreude. Doch hinter dem, was bei uns selbstverst\u00e4ndlich im Einkaufskorb landet, steckt viel Arbeit unter schwierigen Bedingungen. Am deutschlandweiten Weltladentag am 9. Mai 2026 nehmen wir auch im Rimparer Weltladen diese Themen in den Blick. Wir verkaufen zwar keine frischen Fr\u00fcchte, bieten aber zum Weltladentag getrocknete Fr\u00fcchte in k\u00f6stlicher&hellip;\" \/>\n<meta property=\"og:url\" content=\"https:\/\/weltlaeden.de\/rimpar\/fair-fruchtet-weltladentag-2026-schoene-geschenke-zum-muttertag-und-vatertag\/\" \/>\n<meta property=\"og:site_name\" content=\"Weltladen Rimpar\" \/>\n<meta property=\"article:published_time\" content=\"2026-04-21T16:16:27+00:00\" \/>\n<meta property=\"og:image\" content=\"https:\/\/weltlaeden.de\/rimpar\/wp-content\/uploads\/sites\/199\/2026\/04\/Muttertag-by-Weltpartner.jpg\" \/>\n\t<meta property=\"og:image:width\" content=\"848\" \/>\n\t<meta property=\"og:image:height\" content=\"557\" \/>\n\t<meta property=\"og:image:type\" content=\"image\/jpeg\" \/>\n<meta name=\"author\" content=\"rimpar\" \/>\n<meta name=\"twitter:card\" content=\"summary_large_image\" \/>\n<meta name=\"twitter:label1\" content=\"Verfasst von\" \/>\n\t<meta name=\"twitter:data1\" content=\"rimpar\" \/>\n\t<meta name=\"twitter:label2\" content=\"Gesch\u00e4tzte Lesezeit\" \/>\n\t<meta name=\"twitter:data2\" content=\"1\u00a0Minute\" \/>\n<script type=\"application\/ld+json\" class=\"yoast-schema-graph\">{\"@context\":\"https:\/\/schema.org\",\"@graph\":[{\"@type\":\"Article\",\"@id\":\"https:\/\/weltlaeden.de\/rimpar\/fair-fruchtet-weltladentag-2026-schoene-geschenke-zum-muttertag-und-vatertag\/#article\",\"isPartOf\":{\"@id\":\"https:\/\/weltlaeden.de\/rimpar\/fair-fruchtet-weltladentag-2026-schoene-geschenke-zum-muttertag-und-vatertag\/\"},\"author\":{\"name\":\"rimpar\",\"@id\":\"https:\/\/weltlaeden.de\/rimpar\/#\/schema\/person\/9b6dde31bae377a714ea777b7f2eae49\"},\"headline\":\"\u201eFair fruchtet\u201c \u2013 Weltladentag 2026: Sch\u00f6ne Geschenke zum Muttertag und Vatertag\",\"datePublished\":\"2026-04-21T16:16:27+00:00\",\"mainEntityOfPage\":{\"@id\":\"https:\/\/weltlaeden.de\/rimpar\/fair-fruchtet-weltladentag-2026-schoene-geschenke-zum-muttertag-und-vatertag\/\"},\"wordCount\":306,\"image\":{\"@id\":\"https:\/\/weltlaeden.de\/rimpar\/fair-fruchtet-weltladentag-2026-schoene-geschenke-zum-muttertag-und-vatertag\/#primaryimage\"},\"thumbnailUrl\":\"https:\/\/weltlaeden.de\/rimpar\/wp-content\/uploads\/sites\/199\/2026\/04\/Muttertag-by-Weltpartner.jpg\",\"articleSection\":[\"Neuigkeiten\"],\"inLanguage\":\"de\"},{\"@type\":\"WebPage\",\"@id\":\"https:\/\/weltlaeden.de\/rimpar\/fair-fruchtet-weltladentag-2026-schoene-geschenke-zum-muttertag-und-vatertag\/\",\"url\":\"https:\/\/weltlaeden.de\/rimpar\/fair-fruchtet-weltladentag-2026-schoene-geschenke-zum-muttertag-und-vatertag\/\",\"name\":\"\u201eFair fruchtet\u201c \u2013 Weltladentag 2026: Sch\u00f6ne Geschenke zum Muttertag und Vatertag - Weltladen Rimpar\",\"isPartOf\":{\"@id\":\"https:\/\/weltlaeden.de\/rimpar\/#website\"},\"primaryImageOfPage\":{\"@id\":\"https:\/\/weltlaeden.de\/rimpar\/fair-fruchtet-weltladentag-2026-schoene-geschenke-zum-muttertag-und-vatertag\/#primaryimage\"},\"image\":{\"@id\":\"https:\/\/weltlaeden.de\/rimpar\/fair-fruchtet-weltladentag-2026-schoene-geschenke-zum-muttertag-und-vatertag\/#primaryimage\"},\"thumbnailUrl\":\"https:\/\/weltlaeden.de\/rimpar\/wp-content\/uploads\/sites\/199\/2026\/04\/Muttertag-by-Weltpartner.jpg\",\"datePublished\":\"2026-04-21T16:16:27+00:00\",\"author\":{\"@id\":\"https:\/\/weltlaeden.de\/rimpar\/#\/schema\/person\/9b6dde31bae377a714ea777b7f2eae49\"},\"breadcrumb\":{\"@id\":\"https:\/\/weltlaeden.de\/rimpar\/fair-fruchtet-weltladentag-2026-schoene-geschenke-zum-muttertag-und-vatertag\/#breadcrumb\"},\"inLanguage\":\"de\",\"potentialAction\":[{\"@type\":\"ReadAction\",\"target\":[\"https:\/\/weltlaeden.de\/rimpar\/fair-fruchtet-weltladentag-2026-schoene-geschenke-zum-muttertag-und-vatertag\/\"]}]},{\"@type\":\"ImageObject\",\"inLanguage\":\"de\",\"@id\":\"https:\/\/weltlaeden.de\/rimpar\/fair-fruchtet-weltladentag-2026-schoene-geschenke-zum-muttertag-und-vatertag\/#primaryimage\",\"url\":\"https:\/\/weltlaeden.de\/rimpar\/wp-content\/uploads\/sites\/199\/2026\/04\/Muttertag-by-Weltpartner.jpg\",\"contentUrl\":\"https:\/\/weltlaeden.de\/rimpar\/wp-content\/uploads\/sites\/199\/2026\/04\/Muttertag-by-Weltpartner.jpg\",\"width\":848,\"height\":557},{\"@type\":\"BreadcrumbList\",\"@id\":\"https:\/\/weltlaeden.de\/rimpar\/fair-fruchtet-weltladentag-2026-schoene-geschenke-zum-muttertag-und-vatertag\/#breadcrumb\",\"itemListElement\":[{\"@type\":\"ListItem\",\"position\":1,\"name\":\"Startseite\",\"item\":\"https:\/\/weltlaeden.de\/rimpar\/\"},{\"@type\":\"ListItem\",\"position\":2,\"name\":\"\u201eFair fruchtet\u201c \u2013 Weltladentag 2026: Sch\u00f6ne Geschenke zum Muttertag und Vatertag\"}]},{\"@type\":\"WebSite\",\"@id\":\"https:\/\/weltlaeden.de\/rimpar\/#website\",\"url\":\"https:\/\/weltlaeden.de\/rimpar\/\",\"name\":\"Weltladen Rimpar\",\"description\":\"Faire Produkte seit 2020\",\"potentialAction\":[{\"@type\":\"SearchAction\",\"target\":{\"@type\":\"EntryPoint\",\"urlTemplate\":\"https:\/\/weltlaeden.de\/rimpar\/?s={search_term_string}\"},\"query-input\":{\"@type\":\"PropertyValueSpecification\",\"valueRequired\":true,\"valueName\":\"search_term_string\"}}],\"inLanguage\":\"de\"},{\"@type\":\"Person\",\"@id\":\"https:\/\/weltlaeden.de\/rimpar\/#\/schema\/person\/9b6dde31bae377a714ea777b7f2eae49\",\"name\":\"rimpar\",\"image\":{\"@type\":\"ImageObject\",\"inLanguage\":\"de\",\"@id\":\"https:\/\/weltlaeden.de\/rimpar\/#\/schema\/person\/image\/\",\"url\":\"https:\/\/secure.gravatar.com\/avatar\/d5da640c8290498c63713e42ec88a3d3?s=96&d=mm&r=g\",\"contentUrl\":\"https:\/\/secure.gravatar.com\/avatar\/d5da640c8290498c63713e42ec88a3d3?s=96&d=mm&r=g\",\"caption\":\"rimpar\"}}]}<\/script>\n<!-- \/ Yoast SEO plugin. -->","yoast_head_json":{"title":"\u201eFair fruchtet\u201c \u2013 Weltladentag 2026: Sch\u00f6ne Geschenke zum Muttertag und Vatertag - Weltladen Rimpar","robots":{"index":"index","follow":"follow","max-snippet":"max-snippet:-1","max-image-preview":"max-image-preview:large","max-video-preview":"max-video-preview:-1"},"canonical":"https:\/\/weltlaeden.de\/rimpar\/fair-fruchtet-weltladentag-2026-schoene-geschenke-zum-muttertag-und-vatertag\/","og_locale":"de_DE","og_type":"article","og_title":"\u201eFair fruchtet\u201c \u2013 Weltladentag 2026: Sch\u00f6ne Geschenke zum Muttertag und Vatertag - Weltladen Rimpar","og_description":"Fr\u00fcchte stehen f\u00fcr Vielfalt, Genuss und Lebensfreude. Doch hinter dem, was bei uns selbstverst\u00e4ndlich im Einkaufskorb landet, steckt viel Arbeit unter schwierigen Bedingungen. Am deutschlandweiten Weltladentag am 9. Mai 2026 nehmen wir auch im Rimparer Weltladen diese Themen in den Blick. Wir verkaufen zwar keine frischen Fr\u00fcchte, bieten aber zum Weltladentag getrocknete Fr\u00fcchte in k\u00f6stlicher&hellip;","og_url":"https:\/\/weltlaeden.de\/rimpar\/fair-fruchtet-weltladentag-2026-schoene-geschenke-zum-muttertag-und-vatertag\/","og_site_name":"Weltladen Rimpar","article_published_time":"2026-04-21T16:16:27+00:00","og_image":[{"width":848,"height":557,"url":"https:\/\/weltlaeden.de\/rimpar\/wp-content\/uploads\/sites\/199\/2026\/04\/Muttertag-by-Weltpartner.jpg","type":"image\/jpeg"}],"author":"rimpar","twitter_card":"summary_large_image","twitter_misc":{"Verfasst von":"rimpar","Gesch\u00e4tzte Lesezeit":"1\u00a0Minute"},"schema":{"@context":"https:\/\/schema.org","@graph":[{"@type":"Article","@id":"https:\/\/weltlaeden.de\/rimpar\/fair-fruchtet-weltladentag-2026-schoene-geschenke-zum-muttertag-und-vatertag\/#article","isPartOf":{"@id":"https:\/\/weltlaeden.de\/rimpar\/fair-fruchtet-weltladentag-2026-schoene-geschenke-zum-muttertag-und-vatertag\/"},"author":{"name":"rimpar","@id":"https:\/\/weltlaeden.de\/rimpar\/#\/schema\/person\/9b6dde31bae377a714ea777b7f2eae49"},"headline":"\u201eFair fruchtet\u201c \u2013 Weltladentag 2026: Sch\u00f6ne Geschenke zum Muttertag und Vatertag","datePublished":"2026-04-21T16:16:27+00:00","mainEntityOfPage":{"@id":"https:\/\/weltlaeden.de\/rimpar\/fair-fruchtet-weltladentag-2026-schoene-geschenke-zum-muttertag-und-vatertag\/"},"wordCount":306,"image":{"@id":"https:\/\/weltlaeden.de\/rimpar\/fair-fruchtet-weltladentag-2026-schoene-geschenke-zum-muttertag-und-vatertag\/#primaryimage"},"thumbnailUrl":"https:\/\/weltlaeden.de\/rimpar\/wp-content\/uploads\/sites\/199\/2026\/04\/Muttertag-by-Weltpartner.jpg","articleSection":["Neuigkeiten"],"inLanguage":"de"},{"@type":"WebPage","@id":"https:\/\/weltlaeden.de\/rimpar\/fair-fruchtet-weltladentag-2026-schoene-geschenke-zum-muttertag-und-vatertag\/","url":"https:\/\/weltlaeden.de\/rimpar\/fair-fruchtet-weltladentag-2026-schoene-geschenke-zum-muttertag-und-vatertag\/","name":"\u201eFair fruchtet\u201c \u2013 Weltladentag 2026: Sch\u00f6ne Geschenke zum Muttertag und Vatertag - Weltladen Rimpar","isPartOf":{"@id":"https:\/\/weltlaeden.de\/rimpar\/#website"},"primaryImageOfPage":{"@id":"https:\/\/weltlaeden.de\/rimpar\/fair-fruchtet-weltladentag-2026-schoene-geschenke-zum-muttertag-und-vatertag\/#primaryimage"},"image":{"@id":"https:\/\/weltlaeden.de\/rimpar\/fair-fruchtet-weltladentag-2026-schoene-geschenke-zum-muttertag-und-vatertag\/#primaryimage"},"thumbnailUrl":"https:\/\/weltlaeden.de\/rimpar\/wp-content\/uploads\/sites\/199\/2026\/04\/Muttertag-by-Weltpartner.jpg","datePublished":"2026-04-21T16:16:27+00:00","author":{"@id":"https:\/\/weltlaeden.de\/rimpar\/#\/schema\/person\/9b6dde31bae377a714ea777b7f2eae49"},"breadcrumb":{"@id":"https:\/\/weltlaeden.de\/rimpar\/fair-fruchtet-weltladentag-2026-schoene-geschenke-zum-muttertag-und-vatertag\/#breadcrumb"},"inLanguage":"de","potentialAction":[{"@type":"ReadAction","target":["https:\/\/weltlaeden.de\/rimpar\/fair-fruchtet-weltladentag-2026-schoene-geschenke-zum-muttertag-und-vatertag\/"]}]},{"@type":"ImageObject","inLanguage":"de","@id":"https:\/\/weltlaeden.de\/rimpar\/fair-fruchtet-weltladentag-2026-schoene-geschenke-zum-muttertag-und-vatertag\/#primaryimage","url":"https:\/\/weltlaeden.de\/rimpar\/wp-content\/uploads\/sites\/199\/2026\/04\/Muttertag-by-Weltpartner.jpg","contentUrl":"https:\/\/weltlaeden.de\/rimpar\/wp-content\/uploads\/sites\/199\/2026\/04\/Muttertag-by-Weltpartner.jpg","width":848,"height":557},{"@type":"BreadcrumbList","@id":"https:\/\/weltlaeden.de\/rimpar\/fair-fruchtet-weltladentag-2026-schoene-geschenke-zum-muttertag-und-vatertag\/#breadcrumb","itemListElement":[{"@type":"ListItem","position":1,"name":"Startseite","item":"https:\/\/weltlaeden.de\/rimpar\/"},{"@type":"ListItem","position":2,"name":"\u201eFair fruchtet\u201c \u2013 Weltladentag 2026: Sch\u00f6ne Geschenke zum Muttertag und Vatertag"}]},{"@type":"WebSite","@id":"https:\/\/weltlaeden.de\/rimpar\/#website","url":"https:\/\/weltlaeden.de\/rimpar\/","name":"Weltladen Rimpar","description":"Faire Produkte seit 2020","potentialAction":[{"@type":"SearchAction","target":{"@type":"EntryPoint","urlTemplate":"https:\/\/weltlaeden.de\/rimpar\/?s={search_term_string}"},"query-input":{"@type":"PropertyValueSpecification","valueRequired":true,"valueName":"search_term_string"}}],"inLanguage":"de"},{"@type":"Person","@id":"https:\/\/weltlaeden.de\/rimpar\/#\/schema\/person\/9b6dde31bae377a714ea777b7f2eae49","name":"rimpar","image":{"@type":"ImageObject","inLanguage":"de","@id":"https:\/\/weltlaeden.de\/rimpar\/#\/schema\/person\/image\/","url":"https:\/\/secure.gravatar.com\/avatar\/d5da640c8290498c63713e42ec88a3d3?s=96&d=mm&r=g","contentUrl":"https:\/\/secure.gravatar.com\/avatar\/d5da640c8290498c63713e42ec88a3d3?s=96&d=mm&r=g","caption":"rimpar"}}]}},"_links":{"self":[{"href":"https:\/\/weltlaeden.de\/rimpar\/wp-json\/wp\/v2\/posts\/1545","targetHints":{"allow":["GET"]}}],"collection":[{"href":"https:\/\/weltlaeden.de\/rimpar\/wp-json\/wp\/v2\/posts"}],"about":[{"href":"https:\/\/weltlaeden.de\/rimpar\/wp-json\/wp\/v2\/types\/post"}],"author":[{"embeddable":true,"href":"https:\/\/weltlaeden.de\/rimpar\/wp-json\/wp\/v2\/users\/289"}],"replies":[{"embeddable":true,"href":"https:\/\/weltlaeden.de\/rimpar\/wp-json\/wp\/v2\/comments?post=1545"}],"version-history":[{"count":2,"href":"https:\/\/weltlaeden.de\/rimpar\/wp-json\/wp\/v2\/posts\/1545\/revisions"}],"predecessor-version":[{"id":1550,"href":"https:\/\/weltlaeden.de\/rimpar\/wp-json\/wp\/v2\/posts\/1545\/revisions\/1550"}],"wp:featuredmedia":[{"embeddable":true,"href":"https:\/\/weltlaeden.de\/rimpar\/wp-json\/wp\/v2\/media\/1546"}],"wp:attachment":[{"href":"https:\/\/weltlaeden.de\/rimpar\/wp-json\/wp\/v2\/media?parent=1545"}],"wp:term":[{"taxonomy":"category","embeddable":true,"href":"https:\/\/weltlaeden.de\/rimpar\/wp-json\/wp\/v2\/categories?post=1545"},{"taxonomy":"post_tag","embeddable":true,"href":"https:\/\/weltlaeden.de\/rimpar\/wp-json\/wp\/v2\/tags?post=1545"}],"curies":[{"name":"wp","href":"https:\/\/api.w.org\/{rel}","templated":true}]}}