{"id":1522,"date":"2026-03-08T09:38:38","date_gmt":"2026-03-08T08:38:38","guid":{"rendered":"https:\/\/weltlaeden.de\/rimpar\/?p=1522"},"modified":"2026-03-08T09:38:38","modified_gmt":"2026-03-08T08:38:38","slug":"die-farben-afrikas-im-rimparer-weltladen-brigitte-dobisch-lachmann-stellt-aus","status":"publish","type":"post","link":"https:\/\/weltlaeden.de\/rimpar\/die-farben-afrikas-im-rimparer-weltladen-brigitte-dobisch-lachmann-stellt-aus\/","title":{"rendered":"Die Farben Afrikas im Rimparer Weltladen &#8211; Brigitte Dobisch-Lachmann stellt aus"},"content":{"rendered":"<p>Mehr als 40 Jahre hat Brigitte Dobisch-Lachmann den \u201eIndio Basar\u201c in W\u00fcrzburg betrieben \u2013 ein Mekka f\u00fcr alle, die sich mit Lateinamerika, Asien und Afrika verbunden f\u00fchlten. F\u00fcr ihren Laden war sie oft in den L\u00e4ndern unterwegs, um all die sch\u00f6nen Dinge f\u00fcr den Indio-Basar einzukaufen.<\/p>\n<p>Eine zweimonatige Reise durch Afrika hat sie damals so beeindruckt, dass sie die Bilder, die sie in Kopf und Herz nach Hause trug, auch in Gem\u00e4lde umsetzen wollte. So sind nun ihre Bilder von den Wassertr\u00e4gerinnen des Niger, von stolzen, in buntgewebte T\u00fccher geh\u00fcllte Frauengestalten oder von Elefanten in den Schaufenstern des Rimparer Weltladens zu sehen. \u201eAm Augenpaar eines Tuareg habe ich am l\u00e4ngsten gearbeitet\u201c, sagt Brigitte Dobisch-Lachmann, die auch ehrenamtliche Mitarbeiterin des Weltladens ist. Die tief in die Seele blickenden Augen im vom indigoblau umh\u00fcllten Kopf beeindrucken jeden Betrachter.<\/p>\n<p>Alle Bilder sind mit der besonders weichen Rembrandt-Kreide auf Samtpapier gemalt. Die Kreide kann man mit den Fingern verwischen, so dass die flie\u00dfenden Konturen entstehen, die die warmen Erdfarben Afrikas zum Leuchten bringen.<\/p>\n<p>Die Bilder sind noch bis Ostern im Weltladen zu sehen und k\u00f6nnen k\u00e4uflich erworben werden.<\/p>\n<p>Text: Eva-Maria Schorno \/ Co-Vorsitzende Weltladen Rimpar e.V.<\/p>\n<p><img loading=\"lazy\" decoding=\"async\" class=\"alignnone size-full wp-image-1525\" src=\"https:\/\/weltlaeden.de\/rimpar\/wp-content\/uploads\/sites\/199\/2026\/03\/Brigitte-Dobisch-Bilder-by-Eva-Schorno-1.jpg\" alt=\"\" width=\"500\" height=\"554\" srcset=\"https:\/\/weltlaeden.de\/rimpar\/wp-content\/uploads\/sites\/199\/2026\/03\/Brigitte-Dobisch-Bilder-by-Eva-Schorno-1.jpg 500w, https:\/\/weltlaeden.de\/rimpar\/wp-content\/uploads\/sites\/199\/2026\/03\/Brigitte-Dobisch-Bilder-by-Eva-Schorno-1-271x300.jpg 271w\" sizes=\"auto, (max-width: 500px) 100vw, 500px\" \/><\/p>\n<p>Die Farben Afrikas hat Brigitte Dobisch-Lachmann, ehrenamtliche Mitarbeiterin<\/p>\n<p>im Rimparer Weltladen, auf Samtpapier gebannt. Zu sehen in den Schaufenstern des Weltladens.<\/p>\n<p>Foto: Eva Schorno<\/p>\n","protected":false},"excerpt":{"rendered":"<p>Mehr als 40 Jahre hat Brigitte Dobisch-Lachmann den \u201eIndio Basar\u201c in W\u00fcrzburg betrieben \u2013 ein Mekka f\u00fcr alle, die sich mit Lateinamerika, Asien und Afrika verbunden f\u00fchlten. F\u00fcr ihren Laden war sie oft in den L\u00e4ndern unterwegs, um all die sch\u00f6nen Dinge f\u00fcr den Indio-Basar einzukaufen. Eine zweimonatige Reise durch Afrika hat sie damals so&hellip;<\/p>\n","protected":false},"author":289,"featured_media":0,"comment_status":"closed","ping_status":"closed","sticky":false,"template":"","format":"standard","meta":{"footnotes":""},"categories":[1],"tags":[],"class_list":["post-1522","post","type-post","status-publish","format-standard","hentry","category-allgemein","category-1","description-off"],"yoast_head":"<!-- This site is optimized with the Yoast SEO plugin v26.8 - https:\/\/yoast.com\/product\/yoast-seo-wordpress\/ -->\n<title>Die Farben Afrikas im Rimparer Weltladen - Brigitte Dobisch-Lachmann stellt aus - Weltladen Rimpar<\/title>\n<meta name=\"robots\" content=\"index, follow, max-snippet:-1, max-image-preview:large, max-video-preview:-1\" \/>\n<link rel=\"canonical\" href=\"https:\/\/weltlaeden.de\/rimpar\/die-farben-afrikas-im-rimparer-weltladen-brigitte-dobisch-lachmann-stellt-aus\/\" \/>\n<meta property=\"og:locale\" content=\"de_DE\" \/>\n<meta property=\"og:type\" content=\"article\" \/>\n<meta property=\"og:title\" content=\"Die Farben Afrikas im Rimparer Weltladen - Brigitte Dobisch-Lachmann stellt aus - Weltladen Rimpar\" \/>\n<meta property=\"og:description\" content=\"Mehr als 40 Jahre hat Brigitte Dobisch-Lachmann den \u201eIndio Basar\u201c in W\u00fcrzburg betrieben \u2013 ein Mekka f\u00fcr alle, die sich mit Lateinamerika, Asien und Afrika verbunden f\u00fchlten. F\u00fcr ihren Laden war sie oft in den L\u00e4ndern unterwegs, um all die sch\u00f6nen Dinge f\u00fcr den Indio-Basar einzukaufen. Eine zweimonatige Reise durch Afrika hat sie damals so&hellip;\" \/>\n<meta property=\"og:url\" content=\"https:\/\/weltlaeden.de\/rimpar\/die-farben-afrikas-im-rimparer-weltladen-brigitte-dobisch-lachmann-stellt-aus\/\" \/>\n<meta property=\"og:site_name\" content=\"Weltladen Rimpar\" \/>\n<meta property=\"article:published_time\" content=\"2026-03-08T08:38:38+00:00\" \/>\n<meta property=\"og:image\" content=\"https:\/\/weltlaeden.de\/rimpar\/wp-content\/uploads\/sites\/199\/2026\/03\/Brigitte-Dobisch-Bilder-by-Eva-Schorno-1.jpg\" \/>\n\t<meta property=\"og:image:width\" content=\"500\" \/>\n\t<meta property=\"og:image:height\" content=\"554\" \/>\n\t<meta property=\"og:image:type\" content=\"image\/jpeg\" \/>\n<meta name=\"author\" content=\"rimpar\" \/>\n<meta name=\"twitter:card\" content=\"summary_large_image\" \/>\n<meta name=\"twitter:label1\" content=\"Verfasst von\" \/>\n\t<meta name=\"twitter:data1\" content=\"rimpar\" \/>\n\t<meta name=\"twitter:label2\" content=\"Gesch\u00e4tzte Lesezeit\" \/>\n\t<meta name=\"twitter:data2\" content=\"1\u00a0Minute\" \/>\n<script type=\"application\/ld+json\" class=\"yoast-schema-graph\">{\"@context\":\"https:\/\/schema.org\",\"@graph\":[{\"@type\":\"Article\",\"@id\":\"https:\/\/weltlaeden.de\/rimpar\/die-farben-afrikas-im-rimparer-weltladen-brigitte-dobisch-lachmann-stellt-aus\/#article\",\"isPartOf\":{\"@id\":\"https:\/\/weltlaeden.de\/rimpar\/die-farben-afrikas-im-rimparer-weltladen-brigitte-dobisch-lachmann-stellt-aus\/\"},\"author\":{\"name\":\"rimpar\",\"@id\":\"https:\/\/weltlaeden.de\/rimpar\/#\/schema\/person\/9b6dde31bae377a714ea777b7f2eae49\"},\"headline\":\"Die Farben Afrikas im Rimparer Weltladen &#8211; Brigitte Dobisch-Lachmann stellt aus\",\"datePublished\":\"2026-03-08T08:38:38+00:00\",\"mainEntityOfPage\":{\"@id\":\"https:\/\/weltlaeden.de\/rimpar\/die-farben-afrikas-im-rimparer-weltladen-brigitte-dobisch-lachmann-stellt-aus\/\"},\"wordCount\":241,\"image\":{\"@id\":\"https:\/\/weltlaeden.de\/rimpar\/die-farben-afrikas-im-rimparer-weltladen-brigitte-dobisch-lachmann-stellt-aus\/#primaryimage\"},\"thumbnailUrl\":\"https:\/\/weltlaeden.de\/rimpar\/wp-content\/uploads\/sites\/199\/2026\/03\/Brigitte-Dobisch-Bilder-by-Eva-Schorno-1.jpg\",\"articleSection\":[\"Keine Kategorie\"],\"inLanguage\":\"de\"},{\"@type\":\"WebPage\",\"@id\":\"https:\/\/weltlaeden.de\/rimpar\/die-farben-afrikas-im-rimparer-weltladen-brigitte-dobisch-lachmann-stellt-aus\/\",\"url\":\"https:\/\/weltlaeden.de\/rimpar\/die-farben-afrikas-im-rimparer-weltladen-brigitte-dobisch-lachmann-stellt-aus\/\",\"name\":\"Die Farben Afrikas im Rimparer Weltladen - Brigitte Dobisch-Lachmann stellt aus - Weltladen Rimpar\",\"isPartOf\":{\"@id\":\"https:\/\/weltlaeden.de\/rimpar\/#website\"},\"primaryImageOfPage\":{\"@id\":\"https:\/\/weltlaeden.de\/rimpar\/die-farben-afrikas-im-rimparer-weltladen-brigitte-dobisch-lachmann-stellt-aus\/#primaryimage\"},\"image\":{\"@id\":\"https:\/\/weltlaeden.de\/rimpar\/die-farben-afrikas-im-rimparer-weltladen-brigitte-dobisch-lachmann-stellt-aus\/#primaryimage\"},\"thumbnailUrl\":\"https:\/\/weltlaeden.de\/rimpar\/wp-content\/uploads\/sites\/199\/2026\/03\/Brigitte-Dobisch-Bilder-by-Eva-Schorno-1.jpg\",\"datePublished\":\"2026-03-08T08:38:38+00:00\",\"author\":{\"@id\":\"https:\/\/weltlaeden.de\/rimpar\/#\/schema\/person\/9b6dde31bae377a714ea777b7f2eae49\"},\"breadcrumb\":{\"@id\":\"https:\/\/weltlaeden.de\/rimpar\/die-farben-afrikas-im-rimparer-weltladen-brigitte-dobisch-lachmann-stellt-aus\/#breadcrumb\"},\"inLanguage\":\"de\",\"potentialAction\":[{\"@type\":\"ReadAction\",\"target\":[\"https:\/\/weltlaeden.de\/rimpar\/die-farben-afrikas-im-rimparer-weltladen-brigitte-dobisch-lachmann-stellt-aus\/\"]}]},{\"@type\":\"ImageObject\",\"inLanguage\":\"de\",\"@id\":\"https:\/\/weltlaeden.de\/rimpar\/die-farben-afrikas-im-rimparer-weltladen-brigitte-dobisch-lachmann-stellt-aus\/#primaryimage\",\"url\":\"https:\/\/weltlaeden.de\/rimpar\/wp-content\/uploads\/sites\/199\/2026\/03\/Brigitte-Dobisch-Bilder-by-Eva-Schorno-1.jpg\",\"contentUrl\":\"https:\/\/weltlaeden.de\/rimpar\/wp-content\/uploads\/sites\/199\/2026\/03\/Brigitte-Dobisch-Bilder-by-Eva-Schorno-1.jpg\",\"width\":500,\"height\":554},{\"@type\":\"BreadcrumbList\",\"@id\":\"https:\/\/weltlaeden.de\/rimpar\/die-farben-afrikas-im-rimparer-weltladen-brigitte-dobisch-lachmann-stellt-aus\/#breadcrumb\",\"itemListElement\":[{\"@type\":\"ListItem\",\"position\":1,\"name\":\"Startseite\",\"item\":\"https:\/\/weltlaeden.de\/rimpar\/\"},{\"@type\":\"ListItem\",\"position\":2,\"name\":\"Die Farben Afrikas im Rimparer Weltladen &#8211; Brigitte Dobisch-Lachmann stellt aus\"}]},{\"@type\":\"WebSite\",\"@id\":\"https:\/\/weltlaeden.de\/rimpar\/#website\",\"url\":\"https:\/\/weltlaeden.de\/rimpar\/\",\"name\":\"Weltladen Rimpar\",\"description\":\"Faire Produkte seit 2020\",\"potentialAction\":[{\"@type\":\"SearchAction\",\"target\":{\"@type\":\"EntryPoint\",\"urlTemplate\":\"https:\/\/weltlaeden.de\/rimpar\/?s={search_term_string}\"},\"query-input\":{\"@type\":\"PropertyValueSpecification\",\"valueRequired\":true,\"valueName\":\"search_term_string\"}}],\"inLanguage\":\"de\"},{\"@type\":\"Person\",\"@id\":\"https:\/\/weltlaeden.de\/rimpar\/#\/schema\/person\/9b6dde31bae377a714ea777b7f2eae49\",\"name\":\"rimpar\",\"image\":{\"@type\":\"ImageObject\",\"inLanguage\":\"de\",\"@id\":\"https:\/\/weltlaeden.de\/rimpar\/#\/schema\/person\/image\/\",\"url\":\"https:\/\/secure.gravatar.com\/avatar\/d5da640c8290498c63713e42ec88a3d3?s=96&d=mm&r=g\",\"contentUrl\":\"https:\/\/secure.gravatar.com\/avatar\/d5da640c8290498c63713e42ec88a3d3?s=96&d=mm&r=g\",\"caption\":\"rimpar\"}}]}<\/script>\n<!-- \/ Yoast SEO plugin. -->","yoast_head_json":{"title":"Die Farben Afrikas im Rimparer Weltladen - Brigitte Dobisch-Lachmann stellt aus - Weltladen Rimpar","robots":{"index":"index","follow":"follow","max-snippet":"max-snippet:-1","max-image-preview":"max-image-preview:large","max-video-preview":"max-video-preview:-1"},"canonical":"https:\/\/weltlaeden.de\/rimpar\/die-farben-afrikas-im-rimparer-weltladen-brigitte-dobisch-lachmann-stellt-aus\/","og_locale":"de_DE","og_type":"article","og_title":"Die Farben Afrikas im Rimparer Weltladen - Brigitte Dobisch-Lachmann stellt aus - Weltladen Rimpar","og_description":"Mehr als 40 Jahre hat Brigitte Dobisch-Lachmann den \u201eIndio Basar\u201c in W\u00fcrzburg betrieben \u2013 ein Mekka f\u00fcr alle, die sich mit Lateinamerika, Asien und Afrika verbunden f\u00fchlten. F\u00fcr ihren Laden war sie oft in den L\u00e4ndern unterwegs, um all die sch\u00f6nen Dinge f\u00fcr den Indio-Basar einzukaufen. Eine zweimonatige Reise durch Afrika hat sie damals so&hellip;","og_url":"https:\/\/weltlaeden.de\/rimpar\/die-farben-afrikas-im-rimparer-weltladen-brigitte-dobisch-lachmann-stellt-aus\/","og_site_name":"Weltladen Rimpar","article_published_time":"2026-03-08T08:38:38+00:00","og_image":[{"width":500,"height":554,"url":"https:\/\/weltlaeden.de\/rimpar\/wp-content\/uploads\/sites\/199\/2026\/03\/Brigitte-Dobisch-Bilder-by-Eva-Schorno-1.jpg","type":"image\/jpeg"}],"author":"rimpar","twitter_card":"summary_large_image","twitter_misc":{"Verfasst von":"rimpar","Gesch\u00e4tzte Lesezeit":"1\u00a0Minute"},"schema":{"@context":"https:\/\/schema.org","@graph":[{"@type":"Article","@id":"https:\/\/weltlaeden.de\/rimpar\/die-farben-afrikas-im-rimparer-weltladen-brigitte-dobisch-lachmann-stellt-aus\/#article","isPartOf":{"@id":"https:\/\/weltlaeden.de\/rimpar\/die-farben-afrikas-im-rimparer-weltladen-brigitte-dobisch-lachmann-stellt-aus\/"},"author":{"name":"rimpar","@id":"https:\/\/weltlaeden.de\/rimpar\/#\/schema\/person\/9b6dde31bae377a714ea777b7f2eae49"},"headline":"Die Farben Afrikas im Rimparer Weltladen &#8211; Brigitte Dobisch-Lachmann stellt aus","datePublished":"2026-03-08T08:38:38+00:00","mainEntityOfPage":{"@id":"https:\/\/weltlaeden.de\/rimpar\/die-farben-afrikas-im-rimparer-weltladen-brigitte-dobisch-lachmann-stellt-aus\/"},"wordCount":241,"image":{"@id":"https:\/\/weltlaeden.de\/rimpar\/die-farben-afrikas-im-rimparer-weltladen-brigitte-dobisch-lachmann-stellt-aus\/#primaryimage"},"thumbnailUrl":"https:\/\/weltlaeden.de\/rimpar\/wp-content\/uploads\/sites\/199\/2026\/03\/Brigitte-Dobisch-Bilder-by-Eva-Schorno-1.jpg","articleSection":["Keine Kategorie"],"inLanguage":"de"},{"@type":"WebPage","@id":"https:\/\/weltlaeden.de\/rimpar\/die-farben-afrikas-im-rimparer-weltladen-brigitte-dobisch-lachmann-stellt-aus\/","url":"https:\/\/weltlaeden.de\/rimpar\/die-farben-afrikas-im-rimparer-weltladen-brigitte-dobisch-lachmann-stellt-aus\/","name":"Die Farben Afrikas im Rimparer Weltladen - Brigitte Dobisch-Lachmann stellt aus - Weltladen Rimpar","isPartOf":{"@id":"https:\/\/weltlaeden.de\/rimpar\/#website"},"primaryImageOfPage":{"@id":"https:\/\/weltlaeden.de\/rimpar\/die-farben-afrikas-im-rimparer-weltladen-brigitte-dobisch-lachmann-stellt-aus\/#primaryimage"},"image":{"@id":"https:\/\/weltlaeden.de\/rimpar\/die-farben-afrikas-im-rimparer-weltladen-brigitte-dobisch-lachmann-stellt-aus\/#primaryimage"},"thumbnailUrl":"https:\/\/weltlaeden.de\/rimpar\/wp-content\/uploads\/sites\/199\/2026\/03\/Brigitte-Dobisch-Bilder-by-Eva-Schorno-1.jpg","datePublished":"2026-03-08T08:38:38+00:00","author":{"@id":"https:\/\/weltlaeden.de\/rimpar\/#\/schema\/person\/9b6dde31bae377a714ea777b7f2eae49"},"breadcrumb":{"@id":"https:\/\/weltlaeden.de\/rimpar\/die-farben-afrikas-im-rimparer-weltladen-brigitte-dobisch-lachmann-stellt-aus\/#breadcrumb"},"inLanguage":"de","potentialAction":[{"@type":"ReadAction","target":["https:\/\/weltlaeden.de\/rimpar\/die-farben-afrikas-im-rimparer-weltladen-brigitte-dobisch-lachmann-stellt-aus\/"]}]},{"@type":"ImageObject","inLanguage":"de","@id":"https:\/\/weltlaeden.de\/rimpar\/die-farben-afrikas-im-rimparer-weltladen-brigitte-dobisch-lachmann-stellt-aus\/#primaryimage","url":"https:\/\/weltlaeden.de\/rimpar\/wp-content\/uploads\/sites\/199\/2026\/03\/Brigitte-Dobisch-Bilder-by-Eva-Schorno-1.jpg","contentUrl":"https:\/\/weltlaeden.de\/rimpar\/wp-content\/uploads\/sites\/199\/2026\/03\/Brigitte-Dobisch-Bilder-by-Eva-Schorno-1.jpg","width":500,"height":554},{"@type":"BreadcrumbList","@id":"https:\/\/weltlaeden.de\/rimpar\/die-farben-afrikas-im-rimparer-weltladen-brigitte-dobisch-lachmann-stellt-aus\/#breadcrumb","itemListElement":[{"@type":"ListItem","position":1,"name":"Startseite","item":"https:\/\/weltlaeden.de\/rimpar\/"},{"@type":"ListItem","position":2,"name":"Die Farben Afrikas im Rimparer Weltladen &#8211; Brigitte Dobisch-Lachmann stellt aus"}]},{"@type":"WebSite","@id":"https:\/\/weltlaeden.de\/rimpar\/#website","url":"https:\/\/weltlaeden.de\/rimpar\/","name":"Weltladen Rimpar","description":"Faire Produkte seit 2020","potentialAction":[{"@type":"SearchAction","target":{"@type":"EntryPoint","urlTemplate":"https:\/\/weltlaeden.de\/rimpar\/?s={search_term_string}"},"query-input":{"@type":"PropertyValueSpecification","valueRequired":true,"valueName":"search_term_string"}}],"inLanguage":"de"},{"@type":"Person","@id":"https:\/\/weltlaeden.de\/rimpar\/#\/schema\/person\/9b6dde31bae377a714ea777b7f2eae49","name":"rimpar","image":{"@type":"ImageObject","inLanguage":"de","@id":"https:\/\/weltlaeden.de\/rimpar\/#\/schema\/person\/image\/","url":"https:\/\/secure.gravatar.com\/avatar\/d5da640c8290498c63713e42ec88a3d3?s=96&d=mm&r=g","contentUrl":"https:\/\/secure.gravatar.com\/avatar\/d5da640c8290498c63713e42ec88a3d3?s=96&d=mm&r=g","caption":"rimpar"}}]}},"_links":{"self":[{"href":"https:\/\/weltlaeden.de\/rimpar\/wp-json\/wp\/v2\/posts\/1522","targetHints":{"allow":["GET"]}}],"collection":[{"href":"https:\/\/weltlaeden.de\/rimpar\/wp-json\/wp\/v2\/posts"}],"about":[{"href":"https:\/\/weltlaeden.de\/rimpar\/wp-json\/wp\/v2\/types\/post"}],"author":[{"embeddable":true,"href":"https:\/\/weltlaeden.de\/rimpar\/wp-json\/wp\/v2\/users\/289"}],"replies":[{"embeddable":true,"href":"https:\/\/weltlaeden.de\/rimpar\/wp-json\/wp\/v2\/comments?post=1522"}],"version-history":[{"count":2,"href":"https:\/\/weltlaeden.de\/rimpar\/wp-json\/wp\/v2\/posts\/1522\/revisions"}],"predecessor-version":[{"id":1526,"href":"https:\/\/weltlaeden.de\/rimpar\/wp-json\/wp\/v2\/posts\/1522\/revisions\/1526"}],"wp:attachment":[{"href":"https:\/\/weltlaeden.de\/rimpar\/wp-json\/wp\/v2\/media?parent=1522"}],"wp:term":[{"taxonomy":"category","embeddable":true,"href":"https:\/\/weltlaeden.de\/rimpar\/wp-json\/wp\/v2\/categories?post=1522"},{"taxonomy":"post_tag","embeddable":true,"href":"https:\/\/weltlaeden.de\/rimpar\/wp-json\/wp\/v2\/tags?post=1522"}],"curies":[{"name":"wp","href":"https:\/\/api.w.org\/{rel}","templated":true}]}}