{"id":1508,"date":"2026-02-24T11:12:50","date_gmt":"2026-02-24T10:12:50","guid":{"rendered":"https:\/\/weltlaeden.de\/rimpar\/?p=1508"},"modified":"2026-02-24T11:12:50","modified_gmt":"2026-02-24T10:12:50","slug":"faire-bananen-versuessten-den-rimparer-faschingszug-weltladen-feiert-5-jaehriges-bestehen","status":"publish","type":"post","link":"https:\/\/weltlaeden.de\/rimpar\/faire-bananen-versuessten-den-rimparer-faschingszug-weltladen-feiert-5-jaehriges-bestehen\/","title":{"rendered":"Faire Bananen vers\u00fc\u00dften den Rimparer Faschingszug &#8211; Weltladen feiert 5-j\u00e4hriges Bestehen"},"content":{"rendered":"<p>Ein fr\u00f6hliches Dutzend ehrenamtlicher Mitarbeitenden des Weltladens zog als \u201eFaire Bananen\u201c beim Faschingszug durch Rimpars Stra\u00dfen. Der zahme Gorilla Xaver begleitete die gelbe Truppe und gemeinsam verteilten sie drei Kisten fair gehandelte Bananen (auch \u201eAffenwurst\u201c genannt), dazu Rezepte f\u00fcr Bananenkuchen und lustige Bananengedichte.<\/p>\n<p>Die Botschaft lautete: \u201eFair leben und handeln, liebe Leute, bringt f\u00fcr uns alle Lebensfreude! 5 Jahre ist der Weltladen nun schon jung, drum feiern wir heut\u2018 mit Helau und Schwung!<\/p>\n<p>Damit gelang ein gutgelaunter Start ins Jubil\u00e4umsjahr unseres Weltladens. Wir feiern den \u201eJahrestag\u201c der Er\u00f6ffnung Ende Oktober mit besonderen Aktionen und einer Wein- und Schokolade-Verkostung am 24. Oktober in der Knabenschule. Schon heute herzliche Einladung dazu!<\/p>\n<p><em>Text: Eva-Maria Schorno \/ Co-Vorsitzende des Weltladen Rimpar e.V.<\/em><\/p>\n<p>&nbsp;<\/p>\n<p><strong>Bildunterschrift: <\/strong>Ein fr\u00f6hliches Dutzend \u201eFaire Bananen\u201c er\u00f6ffnete beim Faschingszug das 5-j\u00e4hrige Jubil\u00e4um des Weltladens Rimpar.<\/p>\n<p>Foto: Eva Schorno<\/p>\n","protected":false},"excerpt":{"rendered":"<p>Ein fr\u00f6hliches Dutzend ehrenamtlicher Mitarbeitenden des Weltladens zog als \u201eFaire Bananen\u201c beim Faschingszug durch Rimpars Stra\u00dfen. Der zahme Gorilla Xaver begleitete die gelbe Truppe und gemeinsam verteilten sie drei Kisten fair gehandelte Bananen (auch \u201eAffenwurst\u201c genannt), dazu Rezepte f\u00fcr Bananenkuchen und lustige Bananengedichte. Die Botschaft lautete: \u201eFair leben und handeln, liebe Leute, bringt f\u00fcr uns&hellip;<\/p>\n","protected":false},"author":289,"featured_media":1509,"comment_status":"closed","ping_status":"closed","sticky":false,"template":"","format":"standard","meta":{"footnotes":""},"categories":[8],"tags":[],"class_list":["post-1508","post","type-post","status-publish","format-standard","has-post-thumbnail","hentry","category-neues","category-8","description-off"],"yoast_head":"<!-- This site is optimized with the Yoast SEO plugin v26.8 - https:\/\/yoast.com\/product\/yoast-seo-wordpress\/ -->\n<title>Faire Bananen vers\u00fc\u00dften den Rimparer Faschingszug - Weltladen feiert 5-j\u00e4hriges Bestehen - Weltladen Rimpar<\/title>\n<meta name=\"robots\" content=\"index, follow, max-snippet:-1, max-image-preview:large, max-video-preview:-1\" \/>\n<link rel=\"canonical\" href=\"https:\/\/weltlaeden.de\/rimpar\/faire-bananen-versuessten-den-rimparer-faschingszug-weltladen-feiert-5-jaehriges-bestehen\/\" \/>\n<meta property=\"og:locale\" content=\"de_DE\" \/>\n<meta property=\"og:type\" content=\"article\" \/>\n<meta property=\"og:title\" content=\"Faire Bananen vers\u00fc\u00dften den Rimparer Faschingszug - Weltladen feiert 5-j\u00e4hriges Bestehen - Weltladen Rimpar\" \/>\n<meta property=\"og:description\" content=\"Ein fr\u00f6hliches Dutzend ehrenamtlicher Mitarbeitenden des Weltladens zog als \u201eFaire Bananen\u201c beim Faschingszug durch Rimpars Stra\u00dfen. Der zahme Gorilla Xaver begleitete die gelbe Truppe und gemeinsam verteilten sie drei Kisten fair gehandelte Bananen (auch \u201eAffenwurst\u201c genannt), dazu Rezepte f\u00fcr Bananenkuchen und lustige Bananengedichte. Die Botschaft lautete: \u201eFair leben und handeln, liebe Leute, bringt f\u00fcr uns&hellip;\" \/>\n<meta property=\"og:url\" content=\"https:\/\/weltlaeden.de\/rimpar\/faire-bananen-versuessten-den-rimparer-faschingszug-weltladen-feiert-5-jaehriges-bestehen\/\" \/>\n<meta property=\"og:site_name\" content=\"Weltladen Rimpar\" \/>\n<meta property=\"article:published_time\" content=\"2026-02-24T10:12:50+00:00\" \/>\n<meta property=\"og:image\" content=\"https:\/\/weltlaeden.de\/rimpar\/wp-content\/uploads\/sites\/199\/2026\/02\/WL-Faschingszug2026-by-Eva-Schorno-2.jpg\" \/>\n\t<meta property=\"og:image:width\" content=\"2092\" \/>\n\t<meta property=\"og:image:height\" content=\"1792\" \/>\n\t<meta property=\"og:image:type\" content=\"image\/jpeg\" \/>\n<meta name=\"author\" content=\"rimpar\" \/>\n<meta name=\"twitter:card\" content=\"summary_large_image\" \/>\n<meta name=\"twitter:label1\" content=\"Verfasst von\" \/>\n\t<meta name=\"twitter:data1\" content=\"rimpar\" \/>\n\t<meta name=\"twitter:label2\" content=\"Gesch\u00e4tzte Lesezeit\" \/>\n\t<meta name=\"twitter:data2\" content=\"1\u00a0Minute\" \/>\n<script type=\"application\/ld+json\" class=\"yoast-schema-graph\">{\"@context\":\"https:\/\/schema.org\",\"@graph\":[{\"@type\":\"Article\",\"@id\":\"https:\/\/weltlaeden.de\/rimpar\/faire-bananen-versuessten-den-rimparer-faschingszug-weltladen-feiert-5-jaehriges-bestehen\/#article\",\"isPartOf\":{\"@id\":\"https:\/\/weltlaeden.de\/rimpar\/faire-bananen-versuessten-den-rimparer-faschingszug-weltladen-feiert-5-jaehriges-bestehen\/\"},\"author\":{\"name\":\"rimpar\",\"@id\":\"https:\/\/weltlaeden.de\/rimpar\/#\/schema\/person\/9b6dde31bae377a714ea777b7f2eae49\"},\"headline\":\"Faire Bananen vers\u00fc\u00dften den Rimparer Faschingszug &#8211; Weltladen feiert 5-j\u00e4hriges Bestehen\",\"datePublished\":\"2026-02-24T10:12:50+00:00\",\"mainEntityOfPage\":{\"@id\":\"https:\/\/weltlaeden.de\/rimpar\/faire-bananen-versuessten-den-rimparer-faschingszug-weltladen-feiert-5-jaehriges-bestehen\/\"},\"wordCount\":158,\"image\":{\"@id\":\"https:\/\/weltlaeden.de\/rimpar\/faire-bananen-versuessten-den-rimparer-faschingszug-weltladen-feiert-5-jaehriges-bestehen\/#primaryimage\"},\"thumbnailUrl\":\"https:\/\/weltlaeden.de\/rimpar\/wp-content\/uploads\/sites\/199\/2026\/02\/WL-Faschingszug2026-by-Eva-Schorno-2.jpg\",\"articleSection\":[\"Neuigkeiten\"],\"inLanguage\":\"de\"},{\"@type\":\"WebPage\",\"@id\":\"https:\/\/weltlaeden.de\/rimpar\/faire-bananen-versuessten-den-rimparer-faschingszug-weltladen-feiert-5-jaehriges-bestehen\/\",\"url\":\"https:\/\/weltlaeden.de\/rimpar\/faire-bananen-versuessten-den-rimparer-faschingszug-weltladen-feiert-5-jaehriges-bestehen\/\",\"name\":\"Faire Bananen vers\u00fc\u00dften den Rimparer Faschingszug - Weltladen feiert 5-j\u00e4hriges Bestehen - Weltladen Rimpar\",\"isPartOf\":{\"@id\":\"https:\/\/weltlaeden.de\/rimpar\/#website\"},\"primaryImageOfPage\":{\"@id\":\"https:\/\/weltlaeden.de\/rimpar\/faire-bananen-versuessten-den-rimparer-faschingszug-weltladen-feiert-5-jaehriges-bestehen\/#primaryimage\"},\"image\":{\"@id\":\"https:\/\/weltlaeden.de\/rimpar\/faire-bananen-versuessten-den-rimparer-faschingszug-weltladen-feiert-5-jaehriges-bestehen\/#primaryimage\"},\"thumbnailUrl\":\"https:\/\/weltlaeden.de\/rimpar\/wp-content\/uploads\/sites\/199\/2026\/02\/WL-Faschingszug2026-by-Eva-Schorno-2.jpg\",\"datePublished\":\"2026-02-24T10:12:50+00:00\",\"author\":{\"@id\":\"https:\/\/weltlaeden.de\/rimpar\/#\/schema\/person\/9b6dde31bae377a714ea777b7f2eae49\"},\"breadcrumb\":{\"@id\":\"https:\/\/weltlaeden.de\/rimpar\/faire-bananen-versuessten-den-rimparer-faschingszug-weltladen-feiert-5-jaehriges-bestehen\/#breadcrumb\"},\"inLanguage\":\"de\",\"potentialAction\":[{\"@type\":\"ReadAction\",\"target\":[\"https:\/\/weltlaeden.de\/rimpar\/faire-bananen-versuessten-den-rimparer-faschingszug-weltladen-feiert-5-jaehriges-bestehen\/\"]}]},{\"@type\":\"ImageObject\",\"inLanguage\":\"de\",\"@id\":\"https:\/\/weltlaeden.de\/rimpar\/faire-bananen-versuessten-den-rimparer-faschingszug-weltladen-feiert-5-jaehriges-bestehen\/#primaryimage\",\"url\":\"https:\/\/weltlaeden.de\/rimpar\/wp-content\/uploads\/sites\/199\/2026\/02\/WL-Faschingszug2026-by-Eva-Schorno-2.jpg\",\"contentUrl\":\"https:\/\/weltlaeden.de\/rimpar\/wp-content\/uploads\/sites\/199\/2026\/02\/WL-Faschingszug2026-by-Eva-Schorno-2.jpg\",\"width\":2092,\"height\":1792},{\"@type\":\"BreadcrumbList\",\"@id\":\"https:\/\/weltlaeden.de\/rimpar\/faire-bananen-versuessten-den-rimparer-faschingszug-weltladen-feiert-5-jaehriges-bestehen\/#breadcrumb\",\"itemListElement\":[{\"@type\":\"ListItem\",\"position\":1,\"name\":\"Startseite\",\"item\":\"https:\/\/weltlaeden.de\/rimpar\/\"},{\"@type\":\"ListItem\",\"position\":2,\"name\":\"Faire Bananen vers\u00fc\u00dften den Rimparer Faschingszug &#8211; Weltladen feiert 5-j\u00e4hriges Bestehen\"}]},{\"@type\":\"WebSite\",\"@id\":\"https:\/\/weltlaeden.de\/rimpar\/#website\",\"url\":\"https:\/\/weltlaeden.de\/rimpar\/\",\"name\":\"Weltladen Rimpar\",\"description\":\"Faire Produkte seit 2020\",\"potentialAction\":[{\"@type\":\"SearchAction\",\"target\":{\"@type\":\"EntryPoint\",\"urlTemplate\":\"https:\/\/weltlaeden.de\/rimpar\/?s={search_term_string}\"},\"query-input\":{\"@type\":\"PropertyValueSpecification\",\"valueRequired\":true,\"valueName\":\"search_term_string\"}}],\"inLanguage\":\"de\"},{\"@type\":\"Person\",\"@id\":\"https:\/\/weltlaeden.de\/rimpar\/#\/schema\/person\/9b6dde31bae377a714ea777b7f2eae49\",\"name\":\"rimpar\",\"image\":{\"@type\":\"ImageObject\",\"inLanguage\":\"de\",\"@id\":\"https:\/\/weltlaeden.de\/rimpar\/#\/schema\/person\/image\/\",\"url\":\"https:\/\/secure.gravatar.com\/avatar\/d5da640c8290498c63713e42ec88a3d3?s=96&d=mm&r=g\",\"contentUrl\":\"https:\/\/secure.gravatar.com\/avatar\/d5da640c8290498c63713e42ec88a3d3?s=96&d=mm&r=g\",\"caption\":\"rimpar\"}}]}<\/script>\n<!-- \/ Yoast SEO plugin. -->","yoast_head_json":{"title":"Faire Bananen vers\u00fc\u00dften den Rimparer Faschingszug - Weltladen feiert 5-j\u00e4hriges Bestehen - Weltladen Rimpar","robots":{"index":"index","follow":"follow","max-snippet":"max-snippet:-1","max-image-preview":"max-image-preview:large","max-video-preview":"max-video-preview:-1"},"canonical":"https:\/\/weltlaeden.de\/rimpar\/faire-bananen-versuessten-den-rimparer-faschingszug-weltladen-feiert-5-jaehriges-bestehen\/","og_locale":"de_DE","og_type":"article","og_title":"Faire Bananen vers\u00fc\u00dften den Rimparer Faschingszug - Weltladen feiert 5-j\u00e4hriges Bestehen - Weltladen Rimpar","og_description":"Ein fr\u00f6hliches Dutzend ehrenamtlicher Mitarbeitenden des Weltladens zog als \u201eFaire Bananen\u201c beim Faschingszug durch Rimpars Stra\u00dfen. Der zahme Gorilla Xaver begleitete die gelbe Truppe und gemeinsam verteilten sie drei Kisten fair gehandelte Bananen (auch \u201eAffenwurst\u201c genannt), dazu Rezepte f\u00fcr Bananenkuchen und lustige Bananengedichte. Die Botschaft lautete: \u201eFair leben und handeln, liebe Leute, bringt f\u00fcr uns&hellip;","og_url":"https:\/\/weltlaeden.de\/rimpar\/faire-bananen-versuessten-den-rimparer-faschingszug-weltladen-feiert-5-jaehriges-bestehen\/","og_site_name":"Weltladen Rimpar","article_published_time":"2026-02-24T10:12:50+00:00","og_image":[{"width":2092,"height":1792,"url":"https:\/\/weltlaeden.de\/rimpar\/wp-content\/uploads\/sites\/199\/2026\/02\/WL-Faschingszug2026-by-Eva-Schorno-2.jpg","type":"image\/jpeg"}],"author":"rimpar","twitter_card":"summary_large_image","twitter_misc":{"Verfasst von":"rimpar","Gesch\u00e4tzte Lesezeit":"1\u00a0Minute"},"schema":{"@context":"https:\/\/schema.org","@graph":[{"@type":"Article","@id":"https:\/\/weltlaeden.de\/rimpar\/faire-bananen-versuessten-den-rimparer-faschingszug-weltladen-feiert-5-jaehriges-bestehen\/#article","isPartOf":{"@id":"https:\/\/weltlaeden.de\/rimpar\/faire-bananen-versuessten-den-rimparer-faschingszug-weltladen-feiert-5-jaehriges-bestehen\/"},"author":{"name":"rimpar","@id":"https:\/\/weltlaeden.de\/rimpar\/#\/schema\/person\/9b6dde31bae377a714ea777b7f2eae49"},"headline":"Faire Bananen vers\u00fc\u00dften den Rimparer Faschingszug &#8211; Weltladen feiert 5-j\u00e4hriges Bestehen","datePublished":"2026-02-24T10:12:50+00:00","mainEntityOfPage":{"@id":"https:\/\/weltlaeden.de\/rimpar\/faire-bananen-versuessten-den-rimparer-faschingszug-weltladen-feiert-5-jaehriges-bestehen\/"},"wordCount":158,"image":{"@id":"https:\/\/weltlaeden.de\/rimpar\/faire-bananen-versuessten-den-rimparer-faschingszug-weltladen-feiert-5-jaehriges-bestehen\/#primaryimage"},"thumbnailUrl":"https:\/\/weltlaeden.de\/rimpar\/wp-content\/uploads\/sites\/199\/2026\/02\/WL-Faschingszug2026-by-Eva-Schorno-2.jpg","articleSection":["Neuigkeiten"],"inLanguage":"de"},{"@type":"WebPage","@id":"https:\/\/weltlaeden.de\/rimpar\/faire-bananen-versuessten-den-rimparer-faschingszug-weltladen-feiert-5-jaehriges-bestehen\/","url":"https:\/\/weltlaeden.de\/rimpar\/faire-bananen-versuessten-den-rimparer-faschingszug-weltladen-feiert-5-jaehriges-bestehen\/","name":"Faire Bananen vers\u00fc\u00dften den Rimparer Faschingszug - Weltladen feiert 5-j\u00e4hriges Bestehen - Weltladen Rimpar","isPartOf":{"@id":"https:\/\/weltlaeden.de\/rimpar\/#website"},"primaryImageOfPage":{"@id":"https:\/\/weltlaeden.de\/rimpar\/faire-bananen-versuessten-den-rimparer-faschingszug-weltladen-feiert-5-jaehriges-bestehen\/#primaryimage"},"image":{"@id":"https:\/\/weltlaeden.de\/rimpar\/faire-bananen-versuessten-den-rimparer-faschingszug-weltladen-feiert-5-jaehriges-bestehen\/#primaryimage"},"thumbnailUrl":"https:\/\/weltlaeden.de\/rimpar\/wp-content\/uploads\/sites\/199\/2026\/02\/WL-Faschingszug2026-by-Eva-Schorno-2.jpg","datePublished":"2026-02-24T10:12:50+00:00","author":{"@id":"https:\/\/weltlaeden.de\/rimpar\/#\/schema\/person\/9b6dde31bae377a714ea777b7f2eae49"},"breadcrumb":{"@id":"https:\/\/weltlaeden.de\/rimpar\/faire-bananen-versuessten-den-rimparer-faschingszug-weltladen-feiert-5-jaehriges-bestehen\/#breadcrumb"},"inLanguage":"de","potentialAction":[{"@type":"ReadAction","target":["https:\/\/weltlaeden.de\/rimpar\/faire-bananen-versuessten-den-rimparer-faschingszug-weltladen-feiert-5-jaehriges-bestehen\/"]}]},{"@type":"ImageObject","inLanguage":"de","@id":"https:\/\/weltlaeden.de\/rimpar\/faire-bananen-versuessten-den-rimparer-faschingszug-weltladen-feiert-5-jaehriges-bestehen\/#primaryimage","url":"https:\/\/weltlaeden.de\/rimpar\/wp-content\/uploads\/sites\/199\/2026\/02\/WL-Faschingszug2026-by-Eva-Schorno-2.jpg","contentUrl":"https:\/\/weltlaeden.de\/rimpar\/wp-content\/uploads\/sites\/199\/2026\/02\/WL-Faschingszug2026-by-Eva-Schorno-2.jpg","width":2092,"height":1792},{"@type":"BreadcrumbList","@id":"https:\/\/weltlaeden.de\/rimpar\/faire-bananen-versuessten-den-rimparer-faschingszug-weltladen-feiert-5-jaehriges-bestehen\/#breadcrumb","itemListElement":[{"@type":"ListItem","position":1,"name":"Startseite","item":"https:\/\/weltlaeden.de\/rimpar\/"},{"@type":"ListItem","position":2,"name":"Faire Bananen vers\u00fc\u00dften den Rimparer Faschingszug &#8211; Weltladen feiert 5-j\u00e4hriges Bestehen"}]},{"@type":"WebSite","@id":"https:\/\/weltlaeden.de\/rimpar\/#website","url":"https:\/\/weltlaeden.de\/rimpar\/","name":"Weltladen Rimpar","description":"Faire Produkte seit 2020","potentialAction":[{"@type":"SearchAction","target":{"@type":"EntryPoint","urlTemplate":"https:\/\/weltlaeden.de\/rimpar\/?s={search_term_string}"},"query-input":{"@type":"PropertyValueSpecification","valueRequired":true,"valueName":"search_term_string"}}],"inLanguage":"de"},{"@type":"Person","@id":"https:\/\/weltlaeden.de\/rimpar\/#\/schema\/person\/9b6dde31bae377a714ea777b7f2eae49","name":"rimpar","image":{"@type":"ImageObject","inLanguage":"de","@id":"https:\/\/weltlaeden.de\/rimpar\/#\/schema\/person\/image\/","url":"https:\/\/secure.gravatar.com\/avatar\/d5da640c8290498c63713e42ec88a3d3?s=96&d=mm&r=g","contentUrl":"https:\/\/secure.gravatar.com\/avatar\/d5da640c8290498c63713e42ec88a3d3?s=96&d=mm&r=g","caption":"rimpar"}}]}},"_links":{"self":[{"href":"https:\/\/weltlaeden.de\/rimpar\/wp-json\/wp\/v2\/posts\/1508","targetHints":{"allow":["GET"]}}],"collection":[{"href":"https:\/\/weltlaeden.de\/rimpar\/wp-json\/wp\/v2\/posts"}],"about":[{"href":"https:\/\/weltlaeden.de\/rimpar\/wp-json\/wp\/v2\/types\/post"}],"author":[{"embeddable":true,"href":"https:\/\/weltlaeden.de\/rimpar\/wp-json\/wp\/v2\/users\/289"}],"replies":[{"embeddable":true,"href":"https:\/\/weltlaeden.de\/rimpar\/wp-json\/wp\/v2\/comments?post=1508"}],"version-history":[{"count":1,"href":"https:\/\/weltlaeden.de\/rimpar\/wp-json\/wp\/v2\/posts\/1508\/revisions"}],"predecessor-version":[{"id":1510,"href":"https:\/\/weltlaeden.de\/rimpar\/wp-json\/wp\/v2\/posts\/1508\/revisions\/1510"}],"wp:featuredmedia":[{"embeddable":true,"href":"https:\/\/weltlaeden.de\/rimpar\/wp-json\/wp\/v2\/media\/1509"}],"wp:attachment":[{"href":"https:\/\/weltlaeden.de\/rimpar\/wp-json\/wp\/v2\/media?parent=1508"}],"wp:term":[{"taxonomy":"category","embeddable":true,"href":"https:\/\/weltlaeden.de\/rimpar\/wp-json\/wp\/v2\/categories?post=1508"},{"taxonomy":"post_tag","embeddable":true,"href":"https:\/\/weltlaeden.de\/rimpar\/wp-json\/wp\/v2\/tags?post=1508"}],"curies":[{"name":"wp","href":"https:\/\/api.w.org\/{rel}","templated":true}]}}