{"id":2242,"date":"2022-08-26T13:05:11","date_gmt":"2022-08-26T11:05:11","guid":{"rendered":"https:\/\/weltlaeden.de\/reutlingen\/?p=2242"},"modified":"2022-08-30T09:49:11","modified_gmt":"2022-08-30T07:49:11","slug":"faire-ecke-auf-dem-neigschmecktmarkt","status":"publish","type":"post","link":"https:\/\/weltlaeden.de\/reutlingen\/faire-ecke-auf-dem-neigschmecktmarkt\/","title":{"rendered":"Faire Ecke auf dem Neigschmecktmarkt"},"content":{"rendered":"<div class=\"wpb-content-wrapper\"><p>[vc_row][vc_column]<div class=\"wl_einzelbild\"><p><\/p>\n<div id=\"attachment_2244\" style=\"width: 310px\" class=\"wp-caption alignleft\"><img loading=\"lazy\" decoding=\"async\" aria-describedby=\"caption-attachment-2244\" class=\"size-medium wp-image-2244\" src=\"https:\/\/weltlaeden.de\/reutlingen\/wp-content\/uploads\/sites\/79\/2022\/08\/IMG_20220724_165504-300x225.jpg\" alt=\"Neigschmecktmarkt 2022\" width=\"300\" height=\"225\" srcset=\"https:\/\/weltlaeden.de\/reutlingen\/wp-content\/uploads\/sites\/79\/2022\/08\/IMG_20220724_165504-300x225.jpg 300w, https:\/\/weltlaeden.de\/reutlingen\/wp-content\/uploads\/sites\/79\/2022\/08\/IMG_20220724_165504-1024x768.jpg 1024w, https:\/\/weltlaeden.de\/reutlingen\/wp-content\/uploads\/sites\/79\/2022\/08\/IMG_20220724_165504-768x576.jpg 768w, https:\/\/weltlaeden.de\/reutlingen\/wp-content\/uploads\/sites\/79\/2022\/08\/IMG_20220724_165504-1536x1152.jpg 1536w, https:\/\/weltlaeden.de\/reutlingen\/wp-content\/uploads\/sites\/79\/2022\/08\/IMG_20220724_165504-2048x1536.jpg 2048w, https:\/\/weltlaeden.de\/reutlingen\/wp-content\/uploads\/sites\/79\/2022\/08\/IMG_20220724_165504-scaled.jpg 1920w\" sizes=\"auto, (max-width: 300px) 100vw, 300px\" \/><p id=\"caption-attachment-2244\" class=\"wp-caption-text\">Neigschmecktmarkt 2022<\/p><\/div>\n<p><\/p><\/div>[vc_column_text]Zum ersten Mal wurde auf dem Neigschmecktmarkt eine Faire Ecke angeboten, die der Eine Welt Verein in Kooperation mit der Stadt Reutlingen, dem EPIZ und der Sadtbibliothek gemeinsam stemmte. Mit einem Gl\u00fccksrad, einem Kaffeebohnen-Ratespiel und dem Verkauf von fairem Kaffee zog die Faire Ecke viele Besucher an. Diese konnten beim Kahootspiel am digitalen Lastenrad der Stadtbibliothek ihr Wissen \u00fcber den Fairen Handel unter Beweis stellen und einen von sieben Jahresabonnements f\u00fcr die Reutlinger Stadtbibliothek gewinnen und sich anschlie\u00dfend bei einem eisgek\u00fchlten, fairgehandelten Kaffee am Kaffeemobil erholen.<\/p>\n<p><a href=\"https:\/\/www.reutlingen.de\/de\/Rathaus\/Aktuelles\/Nachricht?view=publish&amp;item=article&amp;id=19040\" target=\"_blank\" rel=\"noopener\">Weiter zum Bericht der FairTrade Town Reutlingen &gt;&gt;<\/a>[\/vc_column_text][\/vc_column][\/vc_row]<\/p>\n<\/div>","protected":false},"excerpt":{"rendered":"<p>[vc_row][vc_column][vc_column_text]Zum ersten Mal wurde auf dem Neigschmecktmarkt eine Faire Ecke angeboten, die der Eine Welt Verein in Kooperation mit der Stadt Reutlingen, dem EPIZ und der Sadtbibliothek gemeinsam stemmte. Mit einem Gl\u00fccksrad, einem Kaffeebohnen-Ratespiel und dem Verkauf von fairem Kaffee zog die Faire Ecke viele Besucher an. Diese konnten beim Kahootspiel am digitalen Lastenrad der&hellip;<\/p>\n","protected":false},"author":121,"featured_media":0,"comment_status":"closed","ping_status":"closed","sticky":false,"template":"","format":"standard","meta":{"footnotes":""},"categories":[8],"tags":[],"class_list":["post-2242","post","type-post","status-publish","format-standard","hentry","category-neues","category-8","description-off"],"yoast_head":"<!-- This site is optimized with the Yoast SEO plugin v26.8 - https:\/\/yoast.com\/product\/yoast-seo-wordpress\/ -->\n<title>Faire Ecke auf dem Neigschmecktmarkt - Weltladen Reutlingen<\/title>\n<meta name=\"robots\" content=\"index, follow, max-snippet:-1, max-image-preview:large, max-video-preview:-1\" \/>\n<link rel=\"canonical\" href=\"https:\/\/weltlaeden.de\/reutlingen\/faire-ecke-auf-dem-neigschmecktmarkt\/\" \/>\n<meta property=\"og:locale\" content=\"de_DE\" \/>\n<meta property=\"og:type\" content=\"article\" \/>\n<meta property=\"og:title\" content=\"Faire Ecke auf dem Neigschmecktmarkt - Weltladen Reutlingen\" \/>\n<meta property=\"og:description\" content=\"[vc_row][vc_column][vc_column_text]Zum ersten Mal wurde auf dem Neigschmecktmarkt eine Faire Ecke angeboten, die der Eine Welt Verein in Kooperation mit der Stadt Reutlingen, dem EPIZ und der Sadtbibliothek gemeinsam stemmte. Mit einem Gl\u00fccksrad, einem Kaffeebohnen-Ratespiel und dem Verkauf von fairem Kaffee zog die Faire Ecke viele Besucher an. Diese konnten beim Kahootspiel am digitalen Lastenrad der&hellip;\" \/>\n<meta property=\"og:url\" content=\"https:\/\/weltlaeden.de\/reutlingen\/faire-ecke-auf-dem-neigschmecktmarkt\/\" \/>\n<meta property=\"og:site_name\" content=\"Weltladen Reutlingen\" \/>\n<meta property=\"article:published_time\" content=\"2022-08-26T11:05:11+00:00\" \/>\n<meta property=\"article:modified_time\" content=\"2022-08-30T07:49:11+00:00\" \/>\n<meta property=\"og:image\" content=\"https:\/\/weltlaeden.de\/reutlingen\/wp-content\/uploads\/sites\/79\/2022\/08\/IMG_20220724_165504-300x225.jpg\" \/>\n<meta name=\"author\" content=\"reutlingen\" \/>\n<meta name=\"twitter:card\" content=\"summary_large_image\" \/>\n<meta name=\"twitter:label1\" content=\"Verfasst von\" \/>\n\t<meta name=\"twitter:data1\" content=\"reutlingen\" \/>\n\t<meta name=\"twitter:label2\" content=\"Gesch\u00e4tzte Lesezeit\" \/>\n\t<meta name=\"twitter:data2\" content=\"1\u00a0Minute\" \/>\n<script type=\"application\/ld+json\" class=\"yoast-schema-graph\">{\"@context\":\"https:\/\/schema.org\",\"@graph\":[{\"@type\":\"Article\",\"@id\":\"https:\/\/weltlaeden.de\/reutlingen\/faire-ecke-auf-dem-neigschmecktmarkt\/#article\",\"isPartOf\":{\"@id\":\"https:\/\/weltlaeden.de\/reutlingen\/faire-ecke-auf-dem-neigschmecktmarkt\/\"},\"author\":{\"name\":\"reutlingen\",\"@id\":\"https:\/\/weltlaeden.de\/reutlingen\/#\/schema\/person\/626714c0cdf001d92ce195e1fad21361\"},\"headline\":\"Faire Ecke auf dem Neigschmecktmarkt\",\"datePublished\":\"2022-08-26T11:05:11+00:00\",\"dateModified\":\"2022-08-30T07:49:11+00:00\",\"mainEntityOfPage\":{\"@id\":\"https:\/\/weltlaeden.de\/reutlingen\/faire-ecke-auf-dem-neigschmecktmarkt\/\"},\"wordCount\":128,\"image\":{\"@id\":\"https:\/\/weltlaeden.de\/reutlingen\/faire-ecke-auf-dem-neigschmecktmarkt\/#primaryimage\"},\"thumbnailUrl\":\"https:\/\/weltlaeden.de\/reutlingen\/wp-content\/uploads\/sites\/79\/2022\/08\/IMG_20220724_165504-300x225.jpg\",\"articleSection\":[\"Neuigkeiten\"],\"inLanguage\":\"de\"},{\"@type\":\"WebPage\",\"@id\":\"https:\/\/weltlaeden.de\/reutlingen\/faire-ecke-auf-dem-neigschmecktmarkt\/\",\"url\":\"https:\/\/weltlaeden.de\/reutlingen\/faire-ecke-auf-dem-neigschmecktmarkt\/\",\"name\":\"Faire Ecke auf dem Neigschmecktmarkt - Weltladen Reutlingen\",\"isPartOf\":{\"@id\":\"https:\/\/weltlaeden.de\/reutlingen\/#website\"},\"primaryImageOfPage\":{\"@id\":\"https:\/\/weltlaeden.de\/reutlingen\/faire-ecke-auf-dem-neigschmecktmarkt\/#primaryimage\"},\"image\":{\"@id\":\"https:\/\/weltlaeden.de\/reutlingen\/faire-ecke-auf-dem-neigschmecktmarkt\/#primaryimage\"},\"thumbnailUrl\":\"https:\/\/weltlaeden.de\/reutlingen\/wp-content\/uploads\/sites\/79\/2022\/08\/IMG_20220724_165504-300x225.jpg\",\"datePublished\":\"2022-08-26T11:05:11+00:00\",\"dateModified\":\"2022-08-30T07:49:11+00:00\",\"author\":{\"@id\":\"https:\/\/weltlaeden.de\/reutlingen\/#\/schema\/person\/626714c0cdf001d92ce195e1fad21361\"},\"breadcrumb\":{\"@id\":\"https:\/\/weltlaeden.de\/reutlingen\/faire-ecke-auf-dem-neigschmecktmarkt\/#breadcrumb\"},\"inLanguage\":\"de\",\"potentialAction\":[{\"@type\":\"ReadAction\",\"target\":[\"https:\/\/weltlaeden.de\/reutlingen\/faire-ecke-auf-dem-neigschmecktmarkt\/\"]}]},{\"@type\":\"ImageObject\",\"inLanguage\":\"de\",\"@id\":\"https:\/\/weltlaeden.de\/reutlingen\/faire-ecke-auf-dem-neigschmecktmarkt\/#primaryimage\",\"url\":\"https:\/\/weltlaeden.de\/reutlingen\/wp-content\/uploads\/sites\/79\/2022\/08\/IMG_20220724_165504-300x225.jpg\",\"contentUrl\":\"https:\/\/weltlaeden.de\/reutlingen\/wp-content\/uploads\/sites\/79\/2022\/08\/IMG_20220724_165504-300x225.jpg\"},{\"@type\":\"BreadcrumbList\",\"@id\":\"https:\/\/weltlaeden.de\/reutlingen\/faire-ecke-auf-dem-neigschmecktmarkt\/#breadcrumb\",\"itemListElement\":[{\"@type\":\"ListItem\",\"position\":1,\"name\":\"Startseite\",\"item\":\"https:\/\/weltlaeden.de\/reutlingen\/\"},{\"@type\":\"ListItem\",\"position\":2,\"name\":\"Faire Ecke auf dem Neigschmecktmarkt\"}]},{\"@type\":\"WebSite\",\"@id\":\"https:\/\/weltlaeden.de\/reutlingen\/#website\",\"url\":\"https:\/\/weltlaeden.de\/reutlingen\/\",\"name\":\"Weltladen Reutlingen\",\"description\":\"Faire Produkte seit 1990\",\"potentialAction\":[{\"@type\":\"SearchAction\",\"target\":{\"@type\":\"EntryPoint\",\"urlTemplate\":\"https:\/\/weltlaeden.de\/reutlingen\/?s={search_term_string}\"},\"query-input\":{\"@type\":\"PropertyValueSpecification\",\"valueRequired\":true,\"valueName\":\"search_term_string\"}}],\"inLanguage\":\"de\"},{\"@type\":\"Person\",\"@id\":\"https:\/\/weltlaeden.de\/reutlingen\/#\/schema\/person\/626714c0cdf001d92ce195e1fad21361\",\"name\":\"reutlingen\",\"image\":{\"@type\":\"ImageObject\",\"inLanguage\":\"de\",\"@id\":\"https:\/\/weltlaeden.de\/reutlingen\/#\/schema\/person\/image\/\",\"url\":\"https:\/\/secure.gravatar.com\/avatar\/b2153beaf969ef507b96adb7fabcfe2e?s=96&d=mm&r=g\",\"contentUrl\":\"https:\/\/secure.gravatar.com\/avatar\/b2153beaf969ef507b96adb7fabcfe2e?s=96&d=mm&r=g\",\"caption\":\"reutlingen\"}}]}<\/script>\n<!-- \/ Yoast SEO plugin. -->","yoast_head_json":{"title":"Faire Ecke auf dem Neigschmecktmarkt - Weltladen Reutlingen","robots":{"index":"index","follow":"follow","max-snippet":"max-snippet:-1","max-image-preview":"max-image-preview:large","max-video-preview":"max-video-preview:-1"},"canonical":"https:\/\/weltlaeden.de\/reutlingen\/faire-ecke-auf-dem-neigschmecktmarkt\/","og_locale":"de_DE","og_type":"article","og_title":"Faire Ecke auf dem Neigschmecktmarkt - Weltladen Reutlingen","og_description":"[vc_row][vc_column][vc_column_text]Zum ersten Mal wurde auf dem Neigschmecktmarkt eine Faire Ecke angeboten, die der Eine Welt Verein in Kooperation mit der Stadt Reutlingen, dem EPIZ und der Sadtbibliothek gemeinsam stemmte. Mit einem Gl\u00fccksrad, einem Kaffeebohnen-Ratespiel und dem Verkauf von fairem Kaffee zog die Faire Ecke viele Besucher an. Diese konnten beim Kahootspiel am digitalen Lastenrad der&hellip;","og_url":"https:\/\/weltlaeden.de\/reutlingen\/faire-ecke-auf-dem-neigschmecktmarkt\/","og_site_name":"Weltladen Reutlingen","article_published_time":"2022-08-26T11:05:11+00:00","article_modified_time":"2022-08-30T07:49:11+00:00","og_image":[{"url":"https:\/\/weltlaeden.de\/reutlingen\/wp-content\/uploads\/sites\/79\/2022\/08\/IMG_20220724_165504-300x225.jpg","type":"","width":"","height":""}],"author":"reutlingen","twitter_card":"summary_large_image","twitter_misc":{"Verfasst von":"reutlingen","Gesch\u00e4tzte Lesezeit":"1\u00a0Minute"},"schema":{"@context":"https:\/\/schema.org","@graph":[{"@type":"Article","@id":"https:\/\/weltlaeden.de\/reutlingen\/faire-ecke-auf-dem-neigschmecktmarkt\/#article","isPartOf":{"@id":"https:\/\/weltlaeden.de\/reutlingen\/faire-ecke-auf-dem-neigschmecktmarkt\/"},"author":{"name":"reutlingen","@id":"https:\/\/weltlaeden.de\/reutlingen\/#\/schema\/person\/626714c0cdf001d92ce195e1fad21361"},"headline":"Faire Ecke auf dem Neigschmecktmarkt","datePublished":"2022-08-26T11:05:11+00:00","dateModified":"2022-08-30T07:49:11+00:00","mainEntityOfPage":{"@id":"https:\/\/weltlaeden.de\/reutlingen\/faire-ecke-auf-dem-neigschmecktmarkt\/"},"wordCount":128,"image":{"@id":"https:\/\/weltlaeden.de\/reutlingen\/faire-ecke-auf-dem-neigschmecktmarkt\/#primaryimage"},"thumbnailUrl":"https:\/\/weltlaeden.de\/reutlingen\/wp-content\/uploads\/sites\/79\/2022\/08\/IMG_20220724_165504-300x225.jpg","articleSection":["Neuigkeiten"],"inLanguage":"de"},{"@type":"WebPage","@id":"https:\/\/weltlaeden.de\/reutlingen\/faire-ecke-auf-dem-neigschmecktmarkt\/","url":"https:\/\/weltlaeden.de\/reutlingen\/faire-ecke-auf-dem-neigschmecktmarkt\/","name":"Faire Ecke auf dem Neigschmecktmarkt - Weltladen Reutlingen","isPartOf":{"@id":"https:\/\/weltlaeden.de\/reutlingen\/#website"},"primaryImageOfPage":{"@id":"https:\/\/weltlaeden.de\/reutlingen\/faire-ecke-auf-dem-neigschmecktmarkt\/#primaryimage"},"image":{"@id":"https:\/\/weltlaeden.de\/reutlingen\/faire-ecke-auf-dem-neigschmecktmarkt\/#primaryimage"},"thumbnailUrl":"https:\/\/weltlaeden.de\/reutlingen\/wp-content\/uploads\/sites\/79\/2022\/08\/IMG_20220724_165504-300x225.jpg","datePublished":"2022-08-26T11:05:11+00:00","dateModified":"2022-08-30T07:49:11+00:00","author":{"@id":"https:\/\/weltlaeden.de\/reutlingen\/#\/schema\/person\/626714c0cdf001d92ce195e1fad21361"},"breadcrumb":{"@id":"https:\/\/weltlaeden.de\/reutlingen\/faire-ecke-auf-dem-neigschmecktmarkt\/#breadcrumb"},"inLanguage":"de","potentialAction":[{"@type":"ReadAction","target":["https:\/\/weltlaeden.de\/reutlingen\/faire-ecke-auf-dem-neigschmecktmarkt\/"]}]},{"@type":"ImageObject","inLanguage":"de","@id":"https:\/\/weltlaeden.de\/reutlingen\/faire-ecke-auf-dem-neigschmecktmarkt\/#primaryimage","url":"https:\/\/weltlaeden.de\/reutlingen\/wp-content\/uploads\/sites\/79\/2022\/08\/IMG_20220724_165504-300x225.jpg","contentUrl":"https:\/\/weltlaeden.de\/reutlingen\/wp-content\/uploads\/sites\/79\/2022\/08\/IMG_20220724_165504-300x225.jpg"},{"@type":"BreadcrumbList","@id":"https:\/\/weltlaeden.de\/reutlingen\/faire-ecke-auf-dem-neigschmecktmarkt\/#breadcrumb","itemListElement":[{"@type":"ListItem","position":1,"name":"Startseite","item":"https:\/\/weltlaeden.de\/reutlingen\/"},{"@type":"ListItem","position":2,"name":"Faire Ecke auf dem Neigschmecktmarkt"}]},{"@type":"WebSite","@id":"https:\/\/weltlaeden.de\/reutlingen\/#website","url":"https:\/\/weltlaeden.de\/reutlingen\/","name":"Weltladen Reutlingen","description":"Faire Produkte seit 1990","potentialAction":[{"@type":"SearchAction","target":{"@type":"EntryPoint","urlTemplate":"https:\/\/weltlaeden.de\/reutlingen\/?s={search_term_string}"},"query-input":{"@type":"PropertyValueSpecification","valueRequired":true,"valueName":"search_term_string"}}],"inLanguage":"de"},{"@type":"Person","@id":"https:\/\/weltlaeden.de\/reutlingen\/#\/schema\/person\/626714c0cdf001d92ce195e1fad21361","name":"reutlingen","image":{"@type":"ImageObject","inLanguage":"de","@id":"https:\/\/weltlaeden.de\/reutlingen\/#\/schema\/person\/image\/","url":"https:\/\/secure.gravatar.com\/avatar\/b2153beaf969ef507b96adb7fabcfe2e?s=96&d=mm&r=g","contentUrl":"https:\/\/secure.gravatar.com\/avatar\/b2153beaf969ef507b96adb7fabcfe2e?s=96&d=mm&r=g","caption":"reutlingen"}}]}},"_links":{"self":[{"href":"https:\/\/weltlaeden.de\/reutlingen\/wp-json\/wp\/v2\/posts\/2242","targetHints":{"allow":["GET"]}}],"collection":[{"href":"https:\/\/weltlaeden.de\/reutlingen\/wp-json\/wp\/v2\/posts"}],"about":[{"href":"https:\/\/weltlaeden.de\/reutlingen\/wp-json\/wp\/v2\/types\/post"}],"author":[{"embeddable":true,"href":"https:\/\/weltlaeden.de\/reutlingen\/wp-json\/wp\/v2\/users\/121"}],"replies":[{"embeddable":true,"href":"https:\/\/weltlaeden.de\/reutlingen\/wp-json\/wp\/v2\/comments?post=2242"}],"version-history":[{"count":4,"href":"https:\/\/weltlaeden.de\/reutlingen\/wp-json\/wp\/v2\/posts\/2242\/revisions"}],"predecessor-version":[{"id":2256,"href":"https:\/\/weltlaeden.de\/reutlingen\/wp-json\/wp\/v2\/posts\/2242\/revisions\/2256"}],"wp:attachment":[{"href":"https:\/\/weltlaeden.de\/reutlingen\/wp-json\/wp\/v2\/media?parent=2242"}],"wp:term":[{"taxonomy":"category","embeddable":true,"href":"https:\/\/weltlaeden.de\/reutlingen\/wp-json\/wp\/v2\/categories?post=2242"},{"taxonomy":"post_tag","embeddable":true,"href":"https:\/\/weltlaeden.de\/reutlingen\/wp-json\/wp\/v2\/tags?post=2242"}],"curies":[{"name":"wp","href":"https:\/\/api.w.org\/{rel}","templated":true}]}}