{"id":913,"date":"2021-07-02T00:18:41","date_gmt":"2021-07-01T22:18:41","guid":{"rendered":"https:\/\/weltlaeden.de\/pforzheim\/?p=913"},"modified":"2021-07-02T00:47:20","modified_gmt":"2021-07-01T22:47:20","slug":"pakilia","status":"publish","type":"post","link":"https:\/\/weltlaeden.de\/pforzheim\/pakilia\/","title":{"rendered":"pakilia"},"content":{"rendered":"<p>&nbsp;<\/p>\n<p style=\"text-align: center\"><img loading=\"lazy\" decoding=\"async\" class=\"alignnone size-full wp-image-914\" src=\"https:\/\/weltlaeden.de\/pforzheim\/wp-content\/uploads\/sites\/61\/2021\/07\/pak.jpg\" alt=\"\" width=\"125\" height=\"125\" \/><\/p>\n<p>&nbsp;<\/p>\n<p style=\"text-align: center\"><strong>pakilia<\/strong> bedeutet Freude geben auf Nahuatl, der Sprache der Azteken.<\/p>\n<p style=\"text-align: center\">Viel Freude w\u00fcnscht Dir das pakilia Team.<\/p>\n<p style=\"text-align: center\"><img loading=\"lazy\" decoding=\"async\" class=\"alignnone wp-image-915\" src=\"https:\/\/weltlaeden.de\/pforzheim\/wp-content\/uploads\/sites\/61\/2021\/07\/pakU.jpg\" alt=\"\" width=\"243\" height=\"80\" srcset=\"https:\/\/weltlaeden.de\/pforzheim\/wp-content\/uploads\/sites\/61\/2021\/07\/pakU.jpg 626w, https:\/\/weltlaeden.de\/pforzheim\/wp-content\/uploads\/sites\/61\/2021\/07\/pakU-300x99.jpg 300w\" sizes=\"auto, (max-width: 243px) 100vw, 243px\" \/><\/p>\n<p>&nbsp;<\/p>\n<p style=\"text-align: center\">Dieses einzigartige und <strong>handgefertigte<\/strong> Schmuckst\u00fcck<\/p>\n<p style=\"text-align: center\">soll nicht nur Dir Freude bereiten,<\/p>\n<p style=\"text-align: center\">sondern <strong>unterst\u00fctzt<\/strong> auch traditionelle Kunsthandwerker<\/p>\n<p style=\"text-align: center\">und ihre Familien in Taxco, <strong>Mexico<\/strong>.<\/p>\n<p>&nbsp;<\/p>\n<p style=\"text-align: center\">Weitere Bilder, Geschichten und Hintergr\u00fcnde findest Du im Internet auf<\/p>\n<h3 style=\"text-align: center\"><a href=\"http:\/\/www.pakilia.com\"><strong>www.pakilia.com<\/strong><\/a><\/h3>\n<p>&nbsp;<\/p>\n<p style=\"text-align: center\"><img loading=\"lazy\" decoding=\"async\" class=\"alignnone wp-image-910\" src=\"https:\/\/weltlaeden.de\/pforzheim\/wp-content\/uploads\/sites\/61\/2021\/07\/pak2-817x1024.jpg\" alt=\"\" width=\"602\" height=\"832\" \/><\/p>\n<p>&nbsp;<\/p>\n<p style=\"text-align: center\">\n","protected":false},"excerpt":{"rendered":"<p>&nbsp; &nbsp; pakilia bedeutet Freude geben auf Nahuatl, der Sprache der Azteken. Viel Freude w\u00fcnscht Dir das pakilia Team. &nbsp; Dieses einzigartige und handgefertigte Schmuckst\u00fcck soll nicht nur Dir Freude bereiten, sondern unterst\u00fctzt auch traditionelle Kunsthandwerker und ihre Familien in Taxco, Mexico. &nbsp; Weitere Bilder, Geschichten und Hintergr\u00fcnde findest Du im Internet auf www.pakilia.com &nbsp;&hellip;<\/p>\n","protected":false},"author":90,"featured_media":911,"comment_status":"closed","ping_status":"closed","sticky":false,"template":"","format":"standard","meta":{"footnotes":""},"categories":[12],"tags":[],"class_list":["post-913","post","type-post","status-publish","format-standard","has-post-thumbnail","hentry","category-produkte","category-12","description-off"],"yoast_head":"<!-- This site is optimized with the Yoast SEO plugin v26.8 - https:\/\/yoast.com\/product\/yoast-seo-wordpress\/ -->\n<title>pakilia - Weltladen Pforzheim<\/title>\n<meta name=\"robots\" content=\"index, follow, max-snippet:-1, max-image-preview:large, max-video-preview:-1\" \/>\n<link rel=\"canonical\" href=\"https:\/\/weltlaeden.de\/pforzheim\/pakilia\/\" \/>\n<meta property=\"og:locale\" content=\"de_DE\" \/>\n<meta property=\"og:type\" content=\"article\" \/>\n<meta property=\"og:title\" content=\"pakilia - Weltladen Pforzheim\" \/>\n<meta property=\"og:description\" content=\"&nbsp; &nbsp; pakilia bedeutet Freude geben auf Nahuatl, der Sprache der Azteken. Viel Freude w\u00fcnscht Dir das pakilia Team. &nbsp; Dieses einzigartige und handgefertigte Schmuckst\u00fcck soll nicht nur Dir Freude bereiten, sondern unterst\u00fctzt auch traditionelle Kunsthandwerker und ihre Familien in Taxco, Mexico. &nbsp; Weitere Bilder, Geschichten und Hintergr\u00fcnde findest Du im Internet auf www.pakilia.com &nbsp;&hellip;\" \/>\n<meta property=\"og:url\" content=\"https:\/\/weltlaeden.de\/pforzheim\/pakilia\/\" \/>\n<meta property=\"og:site_name\" content=\"Weltladen Pforzheim\" \/>\n<meta property=\"article:published_time\" content=\"2021-07-01T22:18:41+00:00\" \/>\n<meta property=\"article:modified_time\" content=\"2021-07-01T22:47:20+00:00\" \/>\n<meta property=\"og:image\" content=\"https:\/\/weltlaeden.de\/pforzheim\/wp-content\/uploads\/sites\/61\/2021\/07\/pak1.jpg\" \/>\n\t<meta property=\"og:image:width\" content=\"1302\" \/>\n\t<meta property=\"og:image:height\" content=\"607\" \/>\n\t<meta property=\"og:image:type\" content=\"image\/jpeg\" \/>\n<meta name=\"author\" content=\"pforzheim\" \/>\n<meta name=\"twitter:card\" content=\"summary_large_image\" \/>\n<meta name=\"twitter:label1\" content=\"Verfasst von\" \/>\n\t<meta name=\"twitter:data1\" content=\"pforzheim\" \/>\n<script type=\"application\/ld+json\" class=\"yoast-schema-graph\">{\"@context\":\"https:\/\/schema.org\",\"@graph\":[{\"@type\":\"Article\",\"@id\":\"https:\/\/weltlaeden.de\/pforzheim\/pakilia\/#article\",\"isPartOf\":{\"@id\":\"https:\/\/weltlaeden.de\/pforzheim\/pakilia\/\"},\"author\":{\"name\":\"pforzheim\",\"@id\":\"https:\/\/weltlaeden.de\/pforzheim\/#\/schema\/person\/583a525c81b65265ce627b56a7972914\"},\"headline\":\"pakilia\",\"datePublished\":\"2021-07-01T22:18:41+00:00\",\"dateModified\":\"2021-07-01T22:47:20+00:00\",\"mainEntityOfPage\":{\"@id\":\"https:\/\/weltlaeden.de\/pforzheim\/pakilia\/\"},\"wordCount\":63,\"image\":{\"@id\":\"https:\/\/weltlaeden.de\/pforzheim\/pakilia\/#primaryimage\"},\"thumbnailUrl\":\"https:\/\/weltlaeden.de\/pforzheim\/wp-content\/uploads\/sites\/61\/2021\/07\/pak1.jpg\",\"articleSection\":[\"Produkte\"],\"inLanguage\":\"de\"},{\"@type\":\"WebPage\",\"@id\":\"https:\/\/weltlaeden.de\/pforzheim\/pakilia\/\",\"url\":\"https:\/\/weltlaeden.de\/pforzheim\/pakilia\/\",\"name\":\"pakilia - Weltladen Pforzheim\",\"isPartOf\":{\"@id\":\"https:\/\/weltlaeden.de\/pforzheim\/#website\"},\"primaryImageOfPage\":{\"@id\":\"https:\/\/weltlaeden.de\/pforzheim\/pakilia\/#primaryimage\"},\"image\":{\"@id\":\"https:\/\/weltlaeden.de\/pforzheim\/pakilia\/#primaryimage\"},\"thumbnailUrl\":\"https:\/\/weltlaeden.de\/pforzheim\/wp-content\/uploads\/sites\/61\/2021\/07\/pak1.jpg\",\"datePublished\":\"2021-07-01T22:18:41+00:00\",\"dateModified\":\"2021-07-01T22:47:20+00:00\",\"author\":{\"@id\":\"https:\/\/weltlaeden.de\/pforzheim\/#\/schema\/person\/583a525c81b65265ce627b56a7972914\"},\"breadcrumb\":{\"@id\":\"https:\/\/weltlaeden.de\/pforzheim\/pakilia\/#breadcrumb\"},\"inLanguage\":\"de\",\"potentialAction\":[{\"@type\":\"ReadAction\",\"target\":[\"https:\/\/weltlaeden.de\/pforzheim\/pakilia\/\"]}]},{\"@type\":\"ImageObject\",\"inLanguage\":\"de\",\"@id\":\"https:\/\/weltlaeden.de\/pforzheim\/pakilia\/#primaryimage\",\"url\":\"https:\/\/weltlaeden.de\/pforzheim\/wp-content\/uploads\/sites\/61\/2021\/07\/pak1.jpg\",\"contentUrl\":\"https:\/\/weltlaeden.de\/pforzheim\/wp-content\/uploads\/sites\/61\/2021\/07\/pak1.jpg\",\"width\":1302,\"height\":607},{\"@type\":\"BreadcrumbList\",\"@id\":\"https:\/\/weltlaeden.de\/pforzheim\/pakilia\/#breadcrumb\",\"itemListElement\":[{\"@type\":\"ListItem\",\"position\":1,\"name\":\"Startseite\",\"item\":\"https:\/\/weltlaeden.de\/pforzheim\/\"},{\"@type\":\"ListItem\",\"position\":2,\"name\":\"pakilia\"}]},{\"@type\":\"WebSite\",\"@id\":\"https:\/\/weltlaeden.de\/pforzheim\/#website\",\"url\":\"https:\/\/weltlaeden.de\/pforzheim\/\",\"name\":\"Vorlage\",\"description\":\"Faire Produkte seit 1990\",\"potentialAction\":[{\"@type\":\"SearchAction\",\"target\":{\"@type\":\"EntryPoint\",\"urlTemplate\":\"https:\/\/weltlaeden.de\/pforzheim\/?s={search_term_string}\"},\"query-input\":{\"@type\":\"PropertyValueSpecification\",\"valueRequired\":true,\"valueName\":\"search_term_string\"}}],\"inLanguage\":\"de\"},{\"@type\":\"Person\",\"@id\":\"https:\/\/weltlaeden.de\/pforzheim\/#\/schema\/person\/583a525c81b65265ce627b56a7972914\",\"name\":\"pforzheim\",\"image\":{\"@type\":\"ImageObject\",\"inLanguage\":\"de\",\"@id\":\"https:\/\/weltlaeden.de\/pforzheim\/#\/schema\/person\/image\/\",\"url\":\"https:\/\/secure.gravatar.com\/avatar\/475b1acff6e4ee035607885ba6103a37?s=96&d=mm&r=g\",\"contentUrl\":\"https:\/\/secure.gravatar.com\/avatar\/475b1acff6e4ee035607885ba6103a37?s=96&d=mm&r=g\",\"caption\":\"pforzheim\"}}]}<\/script>\n<!-- \/ Yoast SEO plugin. -->","yoast_head_json":{"title":"pakilia - Weltladen Pforzheim","robots":{"index":"index","follow":"follow","max-snippet":"max-snippet:-1","max-image-preview":"max-image-preview:large","max-video-preview":"max-video-preview:-1"},"canonical":"https:\/\/weltlaeden.de\/pforzheim\/pakilia\/","og_locale":"de_DE","og_type":"article","og_title":"pakilia - Weltladen Pforzheim","og_description":"&nbsp; &nbsp; pakilia bedeutet Freude geben auf Nahuatl, der Sprache der Azteken. Viel Freude w\u00fcnscht Dir das pakilia Team. &nbsp; Dieses einzigartige und handgefertigte Schmuckst\u00fcck soll nicht nur Dir Freude bereiten, sondern unterst\u00fctzt auch traditionelle Kunsthandwerker und ihre Familien in Taxco, Mexico. &nbsp; Weitere Bilder, Geschichten und Hintergr\u00fcnde findest Du im Internet auf www.pakilia.com &nbsp;&hellip;","og_url":"https:\/\/weltlaeden.de\/pforzheim\/pakilia\/","og_site_name":"Weltladen Pforzheim","article_published_time":"2021-07-01T22:18:41+00:00","article_modified_time":"2021-07-01T22:47:20+00:00","og_image":[{"width":1302,"height":607,"url":"https:\/\/weltlaeden.de\/pforzheim\/wp-content\/uploads\/sites\/61\/2021\/07\/pak1.jpg","type":"image\/jpeg"}],"author":"pforzheim","twitter_card":"summary_large_image","twitter_misc":{"Verfasst von":"pforzheim"},"schema":{"@context":"https:\/\/schema.org","@graph":[{"@type":"Article","@id":"https:\/\/weltlaeden.de\/pforzheim\/pakilia\/#article","isPartOf":{"@id":"https:\/\/weltlaeden.de\/pforzheim\/pakilia\/"},"author":{"name":"pforzheim","@id":"https:\/\/weltlaeden.de\/pforzheim\/#\/schema\/person\/583a525c81b65265ce627b56a7972914"},"headline":"pakilia","datePublished":"2021-07-01T22:18:41+00:00","dateModified":"2021-07-01T22:47:20+00:00","mainEntityOfPage":{"@id":"https:\/\/weltlaeden.de\/pforzheim\/pakilia\/"},"wordCount":63,"image":{"@id":"https:\/\/weltlaeden.de\/pforzheim\/pakilia\/#primaryimage"},"thumbnailUrl":"https:\/\/weltlaeden.de\/pforzheim\/wp-content\/uploads\/sites\/61\/2021\/07\/pak1.jpg","articleSection":["Produkte"],"inLanguage":"de"},{"@type":"WebPage","@id":"https:\/\/weltlaeden.de\/pforzheim\/pakilia\/","url":"https:\/\/weltlaeden.de\/pforzheim\/pakilia\/","name":"pakilia - Weltladen Pforzheim","isPartOf":{"@id":"https:\/\/weltlaeden.de\/pforzheim\/#website"},"primaryImageOfPage":{"@id":"https:\/\/weltlaeden.de\/pforzheim\/pakilia\/#primaryimage"},"image":{"@id":"https:\/\/weltlaeden.de\/pforzheim\/pakilia\/#primaryimage"},"thumbnailUrl":"https:\/\/weltlaeden.de\/pforzheim\/wp-content\/uploads\/sites\/61\/2021\/07\/pak1.jpg","datePublished":"2021-07-01T22:18:41+00:00","dateModified":"2021-07-01T22:47:20+00:00","author":{"@id":"https:\/\/weltlaeden.de\/pforzheim\/#\/schema\/person\/583a525c81b65265ce627b56a7972914"},"breadcrumb":{"@id":"https:\/\/weltlaeden.de\/pforzheim\/pakilia\/#breadcrumb"},"inLanguage":"de","potentialAction":[{"@type":"ReadAction","target":["https:\/\/weltlaeden.de\/pforzheim\/pakilia\/"]}]},{"@type":"ImageObject","inLanguage":"de","@id":"https:\/\/weltlaeden.de\/pforzheim\/pakilia\/#primaryimage","url":"https:\/\/weltlaeden.de\/pforzheim\/wp-content\/uploads\/sites\/61\/2021\/07\/pak1.jpg","contentUrl":"https:\/\/weltlaeden.de\/pforzheim\/wp-content\/uploads\/sites\/61\/2021\/07\/pak1.jpg","width":1302,"height":607},{"@type":"BreadcrumbList","@id":"https:\/\/weltlaeden.de\/pforzheim\/pakilia\/#breadcrumb","itemListElement":[{"@type":"ListItem","position":1,"name":"Startseite","item":"https:\/\/weltlaeden.de\/pforzheim\/"},{"@type":"ListItem","position":2,"name":"pakilia"}]},{"@type":"WebSite","@id":"https:\/\/weltlaeden.de\/pforzheim\/#website","url":"https:\/\/weltlaeden.de\/pforzheim\/","name":"Vorlage","description":"Faire Produkte seit 1990","potentialAction":[{"@type":"SearchAction","target":{"@type":"EntryPoint","urlTemplate":"https:\/\/weltlaeden.de\/pforzheim\/?s={search_term_string}"},"query-input":{"@type":"PropertyValueSpecification","valueRequired":true,"valueName":"search_term_string"}}],"inLanguage":"de"},{"@type":"Person","@id":"https:\/\/weltlaeden.de\/pforzheim\/#\/schema\/person\/583a525c81b65265ce627b56a7972914","name":"pforzheim","image":{"@type":"ImageObject","inLanguage":"de","@id":"https:\/\/weltlaeden.de\/pforzheim\/#\/schema\/person\/image\/","url":"https:\/\/secure.gravatar.com\/avatar\/475b1acff6e4ee035607885ba6103a37?s=96&d=mm&r=g","contentUrl":"https:\/\/secure.gravatar.com\/avatar\/475b1acff6e4ee035607885ba6103a37?s=96&d=mm&r=g","caption":"pforzheim"}}]}},"_links":{"self":[{"href":"https:\/\/weltlaeden.de\/pforzheim\/wp-json\/wp\/v2\/posts\/913","targetHints":{"allow":["GET"]}}],"collection":[{"href":"https:\/\/weltlaeden.de\/pforzheim\/wp-json\/wp\/v2\/posts"}],"about":[{"href":"https:\/\/weltlaeden.de\/pforzheim\/wp-json\/wp\/v2\/types\/post"}],"author":[{"embeddable":true,"href":"https:\/\/weltlaeden.de\/pforzheim\/wp-json\/wp\/v2\/users\/90"}],"replies":[{"embeddable":true,"href":"https:\/\/weltlaeden.de\/pforzheim\/wp-json\/wp\/v2\/comments?post=913"}],"version-history":[{"count":6,"href":"https:\/\/weltlaeden.de\/pforzheim\/wp-json\/wp\/v2\/posts\/913\/revisions"}],"predecessor-version":[{"id":921,"href":"https:\/\/weltlaeden.de\/pforzheim\/wp-json\/wp\/v2\/posts\/913\/revisions\/921"}],"wp:featuredmedia":[{"embeddable":true,"href":"https:\/\/weltlaeden.de\/pforzheim\/wp-json\/wp\/v2\/media\/911"}],"wp:attachment":[{"href":"https:\/\/weltlaeden.de\/pforzheim\/wp-json\/wp\/v2\/media?parent=913"}],"wp:term":[{"taxonomy":"category","embeddable":true,"href":"https:\/\/weltlaeden.de\/pforzheim\/wp-json\/wp\/v2\/categories?post=913"},{"taxonomy":"post_tag","embeddable":true,"href":"https:\/\/weltlaeden.de\/pforzheim\/wp-json\/wp\/v2\/tags?post=913"}],"curies":[{"name":"wp","href":"https:\/\/api.w.org\/{rel}","templated":true}]}}