{"id":585,"date":"2019-03-11T10:05:07","date_gmt":"2019-03-11T09:05:07","guid":{"rendered":"https:\/\/weltlaeden.de\/pforzheim\/?p=585"},"modified":"2019-03-11T10:05:07","modified_gmt":"2019-03-11T09:05:07","slug":"kranich-aids-in-afrika-e-v","status":"publish","type":"post","link":"https:\/\/weltlaeden.de\/pforzheim\/kranich-aids-in-afrika-e-v\/","title":{"rendered":"Kranich &#8211; AIDS in Afrika e.V."},"content":{"rendered":"<p>Der Vogel Kranich ist in verschiedenen Kulturen das Symbol f\u00fcr Liebe, Herzlichkeit und Mitgef\u00fchl. Der Verein &#8222;Kranich&#8220; hat sich dies zum Ziel gesetzt und will dar\u00fcber hinaus praktisch t\u00e4tig sein.<br \/>\nSeit 1983 besteht die Freunschaft zwischen Dorothy Byaruhanga aus Uganda und Familie Marquart aus Stuttgart. Gemeinsam konnte den Dorffrauen von &#8222;Mothers Union&#8220; in Kidukuru mit 12 fu\u00dfbetriebenen N\u00e4hmaschinen aus Deutschland eine sichere Lebensgrundlage geschaffen werden. F\u00fcr Kidukuru gab es Hoffnung.<\/p>\n<p>Weitere Informationen\u00a0<a href=\"http:\/\/www.kranich-aidsinafrika.de\/\" target=\"_blank\" rel=\"noopener\">www.kranich-aidsinafrika.de<\/a><\/p>\n","protected":false},"excerpt":{"rendered":"<p>Der Vogel Kranich ist in verschiedenen Kulturen das Symbol f\u00fcr Liebe, Herzlichkeit und Mitgef\u00fchl. Der Verein &#8222;Kranich&#8220; hat sich dies zum Ziel gesetzt und will dar\u00fcber hinaus praktisch t\u00e4tig sein. Seit 1983 besteht die Freunschaft zwischen Dorothy Byaruhanga aus Uganda und Familie Marquart aus Stuttgart. Gemeinsam konnte den Dorffrauen von &#8222;Mothers Union&#8220; in Kidukuru mit&hellip;<\/p>\n","protected":false},"author":90,"featured_media":0,"comment_status":"closed","ping_status":"closed","sticky":false,"template":"","format":"standard","meta":{"footnotes":""},"categories":[14],"tags":[],"class_list":["post-585","post","type-post","status-publish","format-standard","hentry","category-projekte","category-14","description-off"],"yoast_head":"<!-- This site is optimized with the Yoast SEO plugin v26.8 - https:\/\/yoast.com\/product\/yoast-seo-wordpress\/ -->\n<title>Kranich - AIDS in Afrika e.V. - Weltladen Pforzheim<\/title>\n<meta name=\"robots\" content=\"index, follow, max-snippet:-1, max-image-preview:large, max-video-preview:-1\" \/>\n<link rel=\"canonical\" href=\"https:\/\/weltlaeden.de\/pforzheim\/kranich-aids-in-afrika-e-v\/\" \/>\n<meta property=\"og:locale\" content=\"de_DE\" \/>\n<meta property=\"og:type\" content=\"article\" \/>\n<meta property=\"og:title\" content=\"Kranich - AIDS in Afrika e.V. - Weltladen Pforzheim\" \/>\n<meta property=\"og:description\" content=\"Der Vogel Kranich ist in verschiedenen Kulturen das Symbol f\u00fcr Liebe, Herzlichkeit und Mitgef\u00fchl. Der Verein &#8222;Kranich&#8220; hat sich dies zum Ziel gesetzt und will dar\u00fcber hinaus praktisch t\u00e4tig sein. Seit 1983 besteht die Freunschaft zwischen Dorothy Byaruhanga aus Uganda und Familie Marquart aus Stuttgart. Gemeinsam konnte den Dorffrauen von &#8222;Mothers Union&#8220; in Kidukuru mit&hellip;\" \/>\n<meta property=\"og:url\" content=\"https:\/\/weltlaeden.de\/pforzheim\/kranich-aids-in-afrika-e-v\/\" \/>\n<meta property=\"og:site_name\" content=\"Weltladen Pforzheim\" \/>\n<meta property=\"article:published_time\" content=\"2019-03-11T09:05:07+00:00\" \/>\n<meta name=\"author\" content=\"pforzheim\" \/>\n<meta name=\"twitter:card\" content=\"summary_large_image\" \/>\n<meta name=\"twitter:label1\" content=\"Verfasst von\" \/>\n\t<meta name=\"twitter:data1\" content=\"pforzheim\" \/>\n<script type=\"application\/ld+json\" class=\"yoast-schema-graph\">{\"@context\":\"https:\/\/schema.org\",\"@graph\":[{\"@type\":\"Article\",\"@id\":\"https:\/\/weltlaeden.de\/pforzheim\/kranich-aids-in-afrika-e-v\/#article\",\"isPartOf\":{\"@id\":\"https:\/\/weltlaeden.de\/pforzheim\/kranich-aids-in-afrika-e-v\/\"},\"author\":{\"name\":\"pforzheim\",\"@id\":\"https:\/\/weltlaeden.de\/pforzheim\/#\/schema\/person\/583a525c81b65265ce627b56a7972914\"},\"headline\":\"Kranich &#8211; AIDS in Afrika e.V.\",\"datePublished\":\"2019-03-11T09:05:07+00:00\",\"mainEntityOfPage\":{\"@id\":\"https:\/\/weltlaeden.de\/pforzheim\/kranich-aids-in-afrika-e-v\/\"},\"wordCount\":87,\"articleSection\":[\"Projekte\"],\"inLanguage\":\"de\"},{\"@type\":\"WebPage\",\"@id\":\"https:\/\/weltlaeden.de\/pforzheim\/kranich-aids-in-afrika-e-v\/\",\"url\":\"https:\/\/weltlaeden.de\/pforzheim\/kranich-aids-in-afrika-e-v\/\",\"name\":\"Kranich - AIDS in Afrika e.V. - Weltladen Pforzheim\",\"isPartOf\":{\"@id\":\"https:\/\/weltlaeden.de\/pforzheim\/#website\"},\"datePublished\":\"2019-03-11T09:05:07+00:00\",\"author\":{\"@id\":\"https:\/\/weltlaeden.de\/pforzheim\/#\/schema\/person\/583a525c81b65265ce627b56a7972914\"},\"breadcrumb\":{\"@id\":\"https:\/\/weltlaeden.de\/pforzheim\/kranich-aids-in-afrika-e-v\/#breadcrumb\"},\"inLanguage\":\"de\",\"potentialAction\":[{\"@type\":\"ReadAction\",\"target\":[\"https:\/\/weltlaeden.de\/pforzheim\/kranich-aids-in-afrika-e-v\/\"]}]},{\"@type\":\"BreadcrumbList\",\"@id\":\"https:\/\/weltlaeden.de\/pforzheim\/kranich-aids-in-afrika-e-v\/#breadcrumb\",\"itemListElement\":[{\"@type\":\"ListItem\",\"position\":1,\"name\":\"Startseite\",\"item\":\"https:\/\/weltlaeden.de\/pforzheim\/\"},{\"@type\":\"ListItem\",\"position\":2,\"name\":\"Kranich &#8211; AIDS in Afrika e.V.\"}]},{\"@type\":\"WebSite\",\"@id\":\"https:\/\/weltlaeden.de\/pforzheim\/#website\",\"url\":\"https:\/\/weltlaeden.de\/pforzheim\/\",\"name\":\"Vorlage\",\"description\":\"Faire Produkte seit 1990\",\"potentialAction\":[{\"@type\":\"SearchAction\",\"target\":{\"@type\":\"EntryPoint\",\"urlTemplate\":\"https:\/\/weltlaeden.de\/pforzheim\/?s={search_term_string}\"},\"query-input\":{\"@type\":\"PropertyValueSpecification\",\"valueRequired\":true,\"valueName\":\"search_term_string\"}}],\"inLanguage\":\"de\"},{\"@type\":\"Person\",\"@id\":\"https:\/\/weltlaeden.de\/pforzheim\/#\/schema\/person\/583a525c81b65265ce627b56a7972914\",\"name\":\"pforzheim\",\"image\":{\"@type\":\"ImageObject\",\"inLanguage\":\"de\",\"@id\":\"https:\/\/weltlaeden.de\/pforzheim\/#\/schema\/person\/image\/\",\"url\":\"https:\/\/secure.gravatar.com\/avatar\/475b1acff6e4ee035607885ba6103a37?s=96&d=mm&r=g\",\"contentUrl\":\"https:\/\/secure.gravatar.com\/avatar\/475b1acff6e4ee035607885ba6103a37?s=96&d=mm&r=g\",\"caption\":\"pforzheim\"}}]}<\/script>\n<!-- \/ Yoast SEO plugin. -->","yoast_head_json":{"title":"Kranich - AIDS in Afrika e.V. - Weltladen Pforzheim","robots":{"index":"index","follow":"follow","max-snippet":"max-snippet:-1","max-image-preview":"max-image-preview:large","max-video-preview":"max-video-preview:-1"},"canonical":"https:\/\/weltlaeden.de\/pforzheim\/kranich-aids-in-afrika-e-v\/","og_locale":"de_DE","og_type":"article","og_title":"Kranich - AIDS in Afrika e.V. - Weltladen Pforzheim","og_description":"Der Vogel Kranich ist in verschiedenen Kulturen das Symbol f\u00fcr Liebe, Herzlichkeit und Mitgef\u00fchl. Der Verein &#8222;Kranich&#8220; hat sich dies zum Ziel gesetzt und will dar\u00fcber hinaus praktisch t\u00e4tig sein. Seit 1983 besteht die Freunschaft zwischen Dorothy Byaruhanga aus Uganda und Familie Marquart aus Stuttgart. Gemeinsam konnte den Dorffrauen von &#8222;Mothers Union&#8220; in Kidukuru mit&hellip;","og_url":"https:\/\/weltlaeden.de\/pforzheim\/kranich-aids-in-afrika-e-v\/","og_site_name":"Weltladen Pforzheim","article_published_time":"2019-03-11T09:05:07+00:00","author":"pforzheim","twitter_card":"summary_large_image","twitter_misc":{"Verfasst von":"pforzheim"},"schema":{"@context":"https:\/\/schema.org","@graph":[{"@type":"Article","@id":"https:\/\/weltlaeden.de\/pforzheim\/kranich-aids-in-afrika-e-v\/#article","isPartOf":{"@id":"https:\/\/weltlaeden.de\/pforzheim\/kranich-aids-in-afrika-e-v\/"},"author":{"name":"pforzheim","@id":"https:\/\/weltlaeden.de\/pforzheim\/#\/schema\/person\/583a525c81b65265ce627b56a7972914"},"headline":"Kranich &#8211; AIDS in Afrika e.V.","datePublished":"2019-03-11T09:05:07+00:00","mainEntityOfPage":{"@id":"https:\/\/weltlaeden.de\/pforzheim\/kranich-aids-in-afrika-e-v\/"},"wordCount":87,"articleSection":["Projekte"],"inLanguage":"de"},{"@type":"WebPage","@id":"https:\/\/weltlaeden.de\/pforzheim\/kranich-aids-in-afrika-e-v\/","url":"https:\/\/weltlaeden.de\/pforzheim\/kranich-aids-in-afrika-e-v\/","name":"Kranich - AIDS in Afrika e.V. - Weltladen Pforzheim","isPartOf":{"@id":"https:\/\/weltlaeden.de\/pforzheim\/#website"},"datePublished":"2019-03-11T09:05:07+00:00","author":{"@id":"https:\/\/weltlaeden.de\/pforzheim\/#\/schema\/person\/583a525c81b65265ce627b56a7972914"},"breadcrumb":{"@id":"https:\/\/weltlaeden.de\/pforzheim\/kranich-aids-in-afrika-e-v\/#breadcrumb"},"inLanguage":"de","potentialAction":[{"@type":"ReadAction","target":["https:\/\/weltlaeden.de\/pforzheim\/kranich-aids-in-afrika-e-v\/"]}]},{"@type":"BreadcrumbList","@id":"https:\/\/weltlaeden.de\/pforzheim\/kranich-aids-in-afrika-e-v\/#breadcrumb","itemListElement":[{"@type":"ListItem","position":1,"name":"Startseite","item":"https:\/\/weltlaeden.de\/pforzheim\/"},{"@type":"ListItem","position":2,"name":"Kranich &#8211; AIDS in Afrika e.V."}]},{"@type":"WebSite","@id":"https:\/\/weltlaeden.de\/pforzheim\/#website","url":"https:\/\/weltlaeden.de\/pforzheim\/","name":"Vorlage","description":"Faire Produkte seit 1990","potentialAction":[{"@type":"SearchAction","target":{"@type":"EntryPoint","urlTemplate":"https:\/\/weltlaeden.de\/pforzheim\/?s={search_term_string}"},"query-input":{"@type":"PropertyValueSpecification","valueRequired":true,"valueName":"search_term_string"}}],"inLanguage":"de"},{"@type":"Person","@id":"https:\/\/weltlaeden.de\/pforzheim\/#\/schema\/person\/583a525c81b65265ce627b56a7972914","name":"pforzheim","image":{"@type":"ImageObject","inLanguage":"de","@id":"https:\/\/weltlaeden.de\/pforzheim\/#\/schema\/person\/image\/","url":"https:\/\/secure.gravatar.com\/avatar\/475b1acff6e4ee035607885ba6103a37?s=96&d=mm&r=g","contentUrl":"https:\/\/secure.gravatar.com\/avatar\/475b1acff6e4ee035607885ba6103a37?s=96&d=mm&r=g","caption":"pforzheim"}}]}},"_links":{"self":[{"href":"https:\/\/weltlaeden.de\/pforzheim\/wp-json\/wp\/v2\/posts\/585","targetHints":{"allow":["GET"]}}],"collection":[{"href":"https:\/\/weltlaeden.de\/pforzheim\/wp-json\/wp\/v2\/posts"}],"about":[{"href":"https:\/\/weltlaeden.de\/pforzheim\/wp-json\/wp\/v2\/types\/post"}],"author":[{"embeddable":true,"href":"https:\/\/weltlaeden.de\/pforzheim\/wp-json\/wp\/v2\/users\/90"}],"replies":[{"embeddable":true,"href":"https:\/\/weltlaeden.de\/pforzheim\/wp-json\/wp\/v2\/comments?post=585"}],"version-history":[{"count":1,"href":"https:\/\/weltlaeden.de\/pforzheim\/wp-json\/wp\/v2\/posts\/585\/revisions"}],"predecessor-version":[{"id":586,"href":"https:\/\/weltlaeden.de\/pforzheim\/wp-json\/wp\/v2\/posts\/585\/revisions\/586"}],"wp:attachment":[{"href":"https:\/\/weltlaeden.de\/pforzheim\/wp-json\/wp\/v2\/media?parent=585"}],"wp:term":[{"taxonomy":"category","embeddable":true,"href":"https:\/\/weltlaeden.de\/pforzheim\/wp-json\/wp\/v2\/categories?post=585"},{"taxonomy":"post_tag","embeddable":true,"href":"https:\/\/weltlaeden.de\/pforzheim\/wp-json\/wp\/v2\/tags?post=585"}],"curies":[{"name":"wp","href":"https:\/\/api.w.org\/{rel}","templated":true}]}}