{"id":557,"date":"2019-03-11T09:18:52","date_gmt":"2019-03-11T08:18:52","guid":{"rendered":"https:\/\/weltlaeden.de\/pforzheim\/?p=557"},"modified":"2019-03-11T09:48:43","modified_gmt":"2019-03-11T08:48:43","slug":"fusilli-mit-mediterranem-gemuese-vegetarisch","status":"publish","type":"post","link":"https:\/\/weltlaeden.de\/pforzheim\/fusilli-mit-mediterranem-gemuese-vegetarisch\/","title":{"rendered":"Fusilli mit mediterranem Gem\u00fcse (vegetarisch)"},"content":{"rendered":"<h2><strong><span style=\"color: #ff9900\">Rezept von Vegan Head Chef Bj\u00f6rn Moschinski (Quelle: GEPA)<\/span><br \/>\n<\/strong><br \/>\n<strong>ZUTATEN<\/strong><\/h2>\n<blockquote><p>400g Bio Fusili<br \/>\n2 Schalotten<br \/>\n1 Karotte<br \/>\n1 Zuchhinni<br \/>\n1\/2 Fenchel<br \/>\n1 Paprika<br \/>\n50g Champignons<br \/>\n4 EL Raps\u00f6l<br \/>\n1 Zehe Knoblauch<br \/>\n1 Zweig Rosmarin<br \/>\n1 Zweig Thymian<\/p>\n<p><strong>F\u00dcR DAS PESTO<\/strong><br \/>\n50g Bio Cashewn\u00fcsse 20ml Oliven\u00f6l<br \/>\n2EL Hefeflocken Salz, Zitronenpfeffer<br \/>\n1\/2 Bund Basilikum<\/p><\/blockquote>\n<p>&nbsp;<\/p>\n<p><strong>ZUBEREITUNG<\/strong><br \/>\nF\u00fcr das Peto die Cashewn\u00fcsse mit dem \u00d6l und den Hefeflocken fein m\u00f6rsern, mit Salz und Pfeffer abschmecken. Anschlie\u00dfend das basiliskum zupfenm grob hacken und ebenfalls m\u00f6rern.<br \/>\nWasser f\u00fcr die Nudeln aufsetzen. Die Zwiebeln pellen und w\u00fcrfeln, das restliche Gem\u00fcse putzen und anschlie\u00dfend in St\u00fccke schneiden. Eine Pfanne erhitzen und die Champignons und die Champignons ohne \u00d6l anschwitzen. Die Knoblauchzehe mt einem Messerr\u00fccken andr\u00fccken und mit dem \u00d6l, den Karottenst\u00fccken und den Schalottenw\u00fcrfeln in die Pfanne geben, sobald die Pilze braun werden. Nun das Nudelwasser reichlich salzen und die Nudeln hinein geben. Sobald die Schalotten glasig gednstet sind, den Fenchel, Paprika, Zucchini und die Rosmarin- und Thymianzweige in die Pfanne geben.<br \/>\nMit Salz und Pfeffer w\u00fcrzen und die Thymian- und Rosmarinzweige sowie den Knoblauch entfernen.<br \/>\nDie Nudeln aus dm Wasser nehmen und zusammen mit dem Pesto kurz in der Gem\u00fcsepfanne schwenken. Mit Salz und Pfeffer abschmecken und anschlie\u00dfend servieren.<\/p>\n<p>Zubereitungszeit: ca. 20 Minuten<\/p>\n<p><a title=\"GEPA-Onlinekochbuch\" href=\"http:\/\/www.gepa3.com\/fw_kochbuch\/index_gepa.php\" target=\"_blank\" rel=\"noopener\"><strong>HIER GEHT ES ZUM GEPA-ONLINEKOCHBUCH<\/strong><\/a><\/p>\n","protected":false},"excerpt":{"rendered":"<p>Rezept von Vegan Head Chef Bj\u00f6rn Moschinski (Quelle: GEPA) ZUTATEN 400g Bio Fusili 2 Schalotten 1 Karotte 1 Zuchhinni 1\/2 Fenchel 1 Paprika 50g Champignons 4 EL Raps\u00f6l 1 Zehe Knoblauch 1 Zweig Rosmarin 1 Zweig Thymian F\u00dcR DAS PESTO 50g Bio Cashewn\u00fcsse 20ml Oliven\u00f6l 2EL Hefeflocken Salz, Zitronenpfeffer 1\/2 Bund Basilikum &nbsp; ZUBEREITUNG F\u00fcr&hellip;<\/p>\n","protected":false},"author":90,"featured_media":0,"comment_status":"closed","ping_status":"closed","sticky":false,"template":"","format":"standard","meta":{"footnotes":""},"categories":[13],"tags":[],"class_list":["post-557","post","type-post","status-publish","format-standard","hentry","category-rezepte","category-13","description-off"],"yoast_head":"<!-- This site is optimized with the Yoast SEO plugin v26.8 - https:\/\/yoast.com\/product\/yoast-seo-wordpress\/ -->\n<title>Fusilli mit mediterranem Gem\u00fcse (vegetarisch) - Weltladen Pforzheim<\/title>\n<meta name=\"robots\" content=\"index, follow, max-snippet:-1, max-image-preview:large, max-video-preview:-1\" \/>\n<link rel=\"canonical\" href=\"https:\/\/weltlaeden.de\/pforzheim\/fusilli-mit-mediterranem-gemuese-vegetarisch\/\" \/>\n<meta property=\"og:locale\" content=\"de_DE\" \/>\n<meta property=\"og:type\" content=\"article\" \/>\n<meta property=\"og:title\" content=\"Fusilli mit mediterranem Gem\u00fcse (vegetarisch) - Weltladen Pforzheim\" \/>\n<meta property=\"og:description\" content=\"Rezept von Vegan Head Chef Bj\u00f6rn Moschinski (Quelle: GEPA) ZUTATEN 400g Bio Fusili 2 Schalotten 1 Karotte 1 Zuchhinni 1\/2 Fenchel 1 Paprika 50g Champignons 4 EL Raps\u00f6l 1 Zehe Knoblauch 1 Zweig Rosmarin 1 Zweig Thymian F\u00dcR DAS PESTO 50g Bio Cashewn\u00fcsse 20ml Oliven\u00f6l 2EL Hefeflocken Salz, Zitronenpfeffer 1\/2 Bund Basilikum &nbsp; ZUBEREITUNG F\u00fcr&hellip;\" \/>\n<meta property=\"og:url\" content=\"https:\/\/weltlaeden.de\/pforzheim\/fusilli-mit-mediterranem-gemuese-vegetarisch\/\" \/>\n<meta property=\"og:site_name\" content=\"Weltladen Pforzheim\" \/>\n<meta property=\"article:published_time\" content=\"2019-03-11T08:18:52+00:00\" \/>\n<meta property=\"article:modified_time\" content=\"2019-03-11T08:48:43+00:00\" \/>\n<meta name=\"author\" content=\"pforzheim\" \/>\n<meta name=\"twitter:card\" content=\"summary_large_image\" \/>\n<meta name=\"twitter:label1\" content=\"Verfasst von\" \/>\n\t<meta name=\"twitter:data1\" content=\"pforzheim\" \/>\n\t<meta name=\"twitter:label2\" content=\"Gesch\u00e4tzte Lesezeit\" \/>\n\t<meta name=\"twitter:data2\" content=\"1\u00a0Minute\" \/>\n<script type=\"application\/ld+json\" class=\"yoast-schema-graph\">{\"@context\":\"https:\/\/schema.org\",\"@graph\":[{\"@type\":\"Article\",\"@id\":\"https:\/\/weltlaeden.de\/pforzheim\/fusilli-mit-mediterranem-gemuese-vegetarisch\/#article\",\"isPartOf\":{\"@id\":\"https:\/\/weltlaeden.de\/pforzheim\/fusilli-mit-mediterranem-gemuese-vegetarisch\/\"},\"author\":{\"name\":\"pforzheim\",\"@id\":\"https:\/\/weltlaeden.de\/pforzheim\/#\/schema\/person\/583a525c81b65265ce627b56a7972914\"},\"headline\":\"Fusilli mit mediterranem Gem\u00fcse (vegetarisch)\",\"datePublished\":\"2019-03-11T08:18:52+00:00\",\"dateModified\":\"2019-03-11T08:48:43+00:00\",\"mainEntityOfPage\":{\"@id\":\"https:\/\/weltlaeden.de\/pforzheim\/fusilli-mit-mediterranem-gemuese-vegetarisch\/\"},\"wordCount\":229,\"articleSection\":[\"Rezepte\"],\"inLanguage\":\"de\"},{\"@type\":\"WebPage\",\"@id\":\"https:\/\/weltlaeden.de\/pforzheim\/fusilli-mit-mediterranem-gemuese-vegetarisch\/\",\"url\":\"https:\/\/weltlaeden.de\/pforzheim\/fusilli-mit-mediterranem-gemuese-vegetarisch\/\",\"name\":\"Fusilli mit mediterranem Gem\u00fcse (vegetarisch) - Weltladen Pforzheim\",\"isPartOf\":{\"@id\":\"https:\/\/weltlaeden.de\/pforzheim\/#website\"},\"datePublished\":\"2019-03-11T08:18:52+00:00\",\"dateModified\":\"2019-03-11T08:48:43+00:00\",\"author\":{\"@id\":\"https:\/\/weltlaeden.de\/pforzheim\/#\/schema\/person\/583a525c81b65265ce627b56a7972914\"},\"breadcrumb\":{\"@id\":\"https:\/\/weltlaeden.de\/pforzheim\/fusilli-mit-mediterranem-gemuese-vegetarisch\/#breadcrumb\"},\"inLanguage\":\"de\",\"potentialAction\":[{\"@type\":\"ReadAction\",\"target\":[\"https:\/\/weltlaeden.de\/pforzheim\/fusilli-mit-mediterranem-gemuese-vegetarisch\/\"]}]},{\"@type\":\"BreadcrumbList\",\"@id\":\"https:\/\/weltlaeden.de\/pforzheim\/fusilli-mit-mediterranem-gemuese-vegetarisch\/#breadcrumb\",\"itemListElement\":[{\"@type\":\"ListItem\",\"position\":1,\"name\":\"Startseite\",\"item\":\"https:\/\/weltlaeden.de\/pforzheim\/\"},{\"@type\":\"ListItem\",\"position\":2,\"name\":\"Fusilli mit mediterranem Gem\u00fcse (vegetarisch)\"}]},{\"@type\":\"WebSite\",\"@id\":\"https:\/\/weltlaeden.de\/pforzheim\/#website\",\"url\":\"https:\/\/weltlaeden.de\/pforzheim\/\",\"name\":\"Vorlage\",\"description\":\"Faire Produkte seit 1990\",\"potentialAction\":[{\"@type\":\"SearchAction\",\"target\":{\"@type\":\"EntryPoint\",\"urlTemplate\":\"https:\/\/weltlaeden.de\/pforzheim\/?s={search_term_string}\"},\"query-input\":{\"@type\":\"PropertyValueSpecification\",\"valueRequired\":true,\"valueName\":\"search_term_string\"}}],\"inLanguage\":\"de\"},{\"@type\":\"Person\",\"@id\":\"https:\/\/weltlaeden.de\/pforzheim\/#\/schema\/person\/583a525c81b65265ce627b56a7972914\",\"name\":\"pforzheim\",\"image\":{\"@type\":\"ImageObject\",\"inLanguage\":\"de\",\"@id\":\"https:\/\/weltlaeden.de\/pforzheim\/#\/schema\/person\/image\/\",\"url\":\"https:\/\/secure.gravatar.com\/avatar\/475b1acff6e4ee035607885ba6103a37?s=96&d=mm&r=g\",\"contentUrl\":\"https:\/\/secure.gravatar.com\/avatar\/475b1acff6e4ee035607885ba6103a37?s=96&d=mm&r=g\",\"caption\":\"pforzheim\"}}]}<\/script>\n<!-- \/ Yoast SEO plugin. -->","yoast_head_json":{"title":"Fusilli mit mediterranem Gem\u00fcse (vegetarisch) - Weltladen Pforzheim","robots":{"index":"index","follow":"follow","max-snippet":"max-snippet:-1","max-image-preview":"max-image-preview:large","max-video-preview":"max-video-preview:-1"},"canonical":"https:\/\/weltlaeden.de\/pforzheim\/fusilli-mit-mediterranem-gemuese-vegetarisch\/","og_locale":"de_DE","og_type":"article","og_title":"Fusilli mit mediterranem Gem\u00fcse (vegetarisch) - Weltladen Pforzheim","og_description":"Rezept von Vegan Head Chef Bj\u00f6rn Moschinski (Quelle: GEPA) ZUTATEN 400g Bio Fusili 2 Schalotten 1 Karotte 1 Zuchhinni 1\/2 Fenchel 1 Paprika 50g Champignons 4 EL Raps\u00f6l 1 Zehe Knoblauch 1 Zweig Rosmarin 1 Zweig Thymian F\u00dcR DAS PESTO 50g Bio Cashewn\u00fcsse 20ml Oliven\u00f6l 2EL Hefeflocken Salz, Zitronenpfeffer 1\/2 Bund Basilikum &nbsp; ZUBEREITUNG F\u00fcr&hellip;","og_url":"https:\/\/weltlaeden.de\/pforzheim\/fusilli-mit-mediterranem-gemuese-vegetarisch\/","og_site_name":"Weltladen Pforzheim","article_published_time":"2019-03-11T08:18:52+00:00","article_modified_time":"2019-03-11T08:48:43+00:00","author":"pforzheim","twitter_card":"summary_large_image","twitter_misc":{"Verfasst von":"pforzheim","Gesch\u00e4tzte Lesezeit":"1\u00a0Minute"},"schema":{"@context":"https:\/\/schema.org","@graph":[{"@type":"Article","@id":"https:\/\/weltlaeden.de\/pforzheim\/fusilli-mit-mediterranem-gemuese-vegetarisch\/#article","isPartOf":{"@id":"https:\/\/weltlaeden.de\/pforzheim\/fusilli-mit-mediterranem-gemuese-vegetarisch\/"},"author":{"name":"pforzheim","@id":"https:\/\/weltlaeden.de\/pforzheim\/#\/schema\/person\/583a525c81b65265ce627b56a7972914"},"headline":"Fusilli mit mediterranem Gem\u00fcse (vegetarisch)","datePublished":"2019-03-11T08:18:52+00:00","dateModified":"2019-03-11T08:48:43+00:00","mainEntityOfPage":{"@id":"https:\/\/weltlaeden.de\/pforzheim\/fusilli-mit-mediterranem-gemuese-vegetarisch\/"},"wordCount":229,"articleSection":["Rezepte"],"inLanguage":"de"},{"@type":"WebPage","@id":"https:\/\/weltlaeden.de\/pforzheim\/fusilli-mit-mediterranem-gemuese-vegetarisch\/","url":"https:\/\/weltlaeden.de\/pforzheim\/fusilli-mit-mediterranem-gemuese-vegetarisch\/","name":"Fusilli mit mediterranem Gem\u00fcse (vegetarisch) - Weltladen Pforzheim","isPartOf":{"@id":"https:\/\/weltlaeden.de\/pforzheim\/#website"},"datePublished":"2019-03-11T08:18:52+00:00","dateModified":"2019-03-11T08:48:43+00:00","author":{"@id":"https:\/\/weltlaeden.de\/pforzheim\/#\/schema\/person\/583a525c81b65265ce627b56a7972914"},"breadcrumb":{"@id":"https:\/\/weltlaeden.de\/pforzheim\/fusilli-mit-mediterranem-gemuese-vegetarisch\/#breadcrumb"},"inLanguage":"de","potentialAction":[{"@type":"ReadAction","target":["https:\/\/weltlaeden.de\/pforzheim\/fusilli-mit-mediterranem-gemuese-vegetarisch\/"]}]},{"@type":"BreadcrumbList","@id":"https:\/\/weltlaeden.de\/pforzheim\/fusilli-mit-mediterranem-gemuese-vegetarisch\/#breadcrumb","itemListElement":[{"@type":"ListItem","position":1,"name":"Startseite","item":"https:\/\/weltlaeden.de\/pforzheim\/"},{"@type":"ListItem","position":2,"name":"Fusilli mit mediterranem Gem\u00fcse (vegetarisch)"}]},{"@type":"WebSite","@id":"https:\/\/weltlaeden.de\/pforzheim\/#website","url":"https:\/\/weltlaeden.de\/pforzheim\/","name":"Vorlage","description":"Faire Produkte seit 1990","potentialAction":[{"@type":"SearchAction","target":{"@type":"EntryPoint","urlTemplate":"https:\/\/weltlaeden.de\/pforzheim\/?s={search_term_string}"},"query-input":{"@type":"PropertyValueSpecification","valueRequired":true,"valueName":"search_term_string"}}],"inLanguage":"de"},{"@type":"Person","@id":"https:\/\/weltlaeden.de\/pforzheim\/#\/schema\/person\/583a525c81b65265ce627b56a7972914","name":"pforzheim","image":{"@type":"ImageObject","inLanguage":"de","@id":"https:\/\/weltlaeden.de\/pforzheim\/#\/schema\/person\/image\/","url":"https:\/\/secure.gravatar.com\/avatar\/475b1acff6e4ee035607885ba6103a37?s=96&d=mm&r=g","contentUrl":"https:\/\/secure.gravatar.com\/avatar\/475b1acff6e4ee035607885ba6103a37?s=96&d=mm&r=g","caption":"pforzheim"}}]}},"_links":{"self":[{"href":"https:\/\/weltlaeden.de\/pforzheim\/wp-json\/wp\/v2\/posts\/557","targetHints":{"allow":["GET"]}}],"collection":[{"href":"https:\/\/weltlaeden.de\/pforzheim\/wp-json\/wp\/v2\/posts"}],"about":[{"href":"https:\/\/weltlaeden.de\/pforzheim\/wp-json\/wp\/v2\/types\/post"}],"author":[{"embeddable":true,"href":"https:\/\/weltlaeden.de\/pforzheim\/wp-json\/wp\/v2\/users\/90"}],"replies":[{"embeddable":true,"href":"https:\/\/weltlaeden.de\/pforzheim\/wp-json\/wp\/v2\/comments?post=557"}],"version-history":[{"count":8,"href":"https:\/\/weltlaeden.de\/pforzheim\/wp-json\/wp\/v2\/posts\/557\/revisions"}],"predecessor-version":[{"id":576,"href":"https:\/\/weltlaeden.de\/pforzheim\/wp-json\/wp\/v2\/posts\/557\/revisions\/576"}],"wp:attachment":[{"href":"https:\/\/weltlaeden.de\/pforzheim\/wp-json\/wp\/v2\/media?parent=557"}],"wp:term":[{"taxonomy":"category","embeddable":true,"href":"https:\/\/weltlaeden.de\/pforzheim\/wp-json\/wp\/v2\/categories?post=557"},{"taxonomy":"post_tag","embeddable":true,"href":"https:\/\/weltlaeden.de\/pforzheim\/wp-json\/wp\/v2\/tags?post=557"}],"curies":[{"name":"wp","href":"https:\/\/api.w.org\/{rel}","templated":true}]}}