{"id":555,"date":"2019-03-11T09:17:39","date_gmt":"2019-03-11T08:17:39","guid":{"rendered":"https:\/\/weltlaeden.de\/pforzheim\/?p=555"},"modified":"2019-03-11T09:49:29","modified_gmt":"2019-03-11T08:49:29","slug":"pasta-mit-erdnusssauce-vegetarisch","status":"publish","type":"post","link":"https:\/\/weltlaeden.de\/pforzheim\/pasta-mit-erdnusssauce-vegetarisch\/","title":{"rendered":"Pasta mit Erdnusssauce (vegetarisch)"},"content":{"rendered":"<h2><span style=\"color: #ff9900\"><strong>Ein Rezept von Kathrin Hackner (Quelle: GEPA)<\/strong><\/span><\/h2>\n<p><strong>Zutaten<\/strong><\/p>\n<blockquote><p>1 EL Speise\u00f6l<br \/>\n1 gro\u00dfe Zwiebel<br \/>\n2 TL zerdr\u00fcckter Knoblauch<br \/>\n400 g Tomatenst\u00fcckchen<br \/>\n2 EL Tomatenmark<br \/>\n2 EL Erdnusscreme<br \/>\n1 EL zerhackte Erdn\u00fcsse<br \/>\n125 ml Wasser<br \/>\nPetersilie zum W\u00fcrzen<br \/>\n1 Paclung Penne<\/p><\/blockquote>\n<p><strong>Zubereitung<\/strong>\u00a0(Aufwand ca. 25 Minuten)<br \/>\n\u00d6l in einer gro\u00dfen Pfanne erhitzen und Zwiebel und Knoblauch unter R\u00fchren braten, bis sie weich sind. \u00dcbrige Zutaten zugeben und durchw\u00e4rmen. Zu gekochten Nudeln reichen, nach Belieben mit Petersilie und Erdn\u00fcssen garnieren.<\/p>\n<p><a title=\"GEPA-Onlinekochbuch\" href=\"http:\/\/www.gepa3.com\/fw_kochbuch\/index_gepa.php\" target=\"_blank\" rel=\"noopener\"><strong>HIER GEHT ES ZUM GEPA-ONLINEKOCHBUCH<\/strong><\/a><\/p>\n","protected":false},"excerpt":{"rendered":"<p>Ein Rezept von Kathrin Hackner (Quelle: GEPA) Zutaten 1 EL Speise\u00f6l 1 gro\u00dfe Zwiebel 2 TL zerdr\u00fcckter Knoblauch 400 g Tomatenst\u00fcckchen 2 EL Tomatenmark 2 EL Erdnusscreme 1 EL zerhackte Erdn\u00fcsse 125 ml Wasser Petersilie zum W\u00fcrzen 1 Paclung Penne Zubereitung\u00a0(Aufwand ca. 25 Minuten) \u00d6l in einer gro\u00dfen Pfanne erhitzen und Zwiebel und Knoblauch unter&hellip;<\/p>\n","protected":false},"author":90,"featured_media":0,"comment_status":"closed","ping_status":"closed","sticky":false,"template":"","format":"standard","meta":{"footnotes":""},"categories":[13],"tags":[],"class_list":["post-555","post","type-post","status-publish","format-standard","hentry","category-rezepte","category-13","description-off"],"yoast_head":"<!-- This site is optimized with the Yoast SEO plugin v26.8 - https:\/\/yoast.com\/product\/yoast-seo-wordpress\/ -->\n<title>Pasta mit Erdnusssauce (vegetarisch) - Weltladen Pforzheim<\/title>\n<meta name=\"robots\" content=\"index, follow, max-snippet:-1, max-image-preview:large, max-video-preview:-1\" \/>\n<link rel=\"canonical\" href=\"https:\/\/weltlaeden.de\/pforzheim\/pasta-mit-erdnusssauce-vegetarisch\/\" \/>\n<meta property=\"og:locale\" content=\"de_DE\" \/>\n<meta property=\"og:type\" content=\"article\" \/>\n<meta property=\"og:title\" content=\"Pasta mit Erdnusssauce (vegetarisch) - Weltladen Pforzheim\" \/>\n<meta property=\"og:description\" content=\"Ein Rezept von Kathrin Hackner (Quelle: GEPA) Zutaten 1 EL Speise\u00f6l 1 gro\u00dfe Zwiebel 2 TL zerdr\u00fcckter Knoblauch 400 g Tomatenst\u00fcckchen 2 EL Tomatenmark 2 EL Erdnusscreme 1 EL zerhackte Erdn\u00fcsse 125 ml Wasser Petersilie zum W\u00fcrzen 1 Paclung Penne Zubereitung\u00a0(Aufwand ca. 25 Minuten) \u00d6l in einer gro\u00dfen Pfanne erhitzen und Zwiebel und Knoblauch unter&hellip;\" \/>\n<meta property=\"og:url\" content=\"https:\/\/weltlaeden.de\/pforzheim\/pasta-mit-erdnusssauce-vegetarisch\/\" \/>\n<meta property=\"og:site_name\" content=\"Weltladen Pforzheim\" \/>\n<meta property=\"article:published_time\" content=\"2019-03-11T08:17:39+00:00\" \/>\n<meta property=\"article:modified_time\" content=\"2019-03-11T08:49:29+00:00\" \/>\n<meta name=\"author\" content=\"pforzheim\" \/>\n<meta name=\"twitter:card\" content=\"summary_large_image\" \/>\n<meta name=\"twitter:label1\" content=\"Verfasst von\" \/>\n\t<meta name=\"twitter:data1\" content=\"pforzheim\" \/>\n<script type=\"application\/ld+json\" class=\"yoast-schema-graph\">{\"@context\":\"https:\/\/schema.org\",\"@graph\":[{\"@type\":\"Article\",\"@id\":\"https:\/\/weltlaeden.de\/pforzheim\/pasta-mit-erdnusssauce-vegetarisch\/#article\",\"isPartOf\":{\"@id\":\"https:\/\/weltlaeden.de\/pforzheim\/pasta-mit-erdnusssauce-vegetarisch\/\"},\"author\":{\"name\":\"pforzheim\",\"@id\":\"https:\/\/weltlaeden.de\/pforzheim\/#\/schema\/person\/583a525c81b65265ce627b56a7972914\"},\"headline\":\"Pasta mit Erdnusssauce (vegetarisch)\",\"datePublished\":\"2019-03-11T08:17:39+00:00\",\"dateModified\":\"2019-03-11T08:49:29+00:00\",\"mainEntityOfPage\":{\"@id\":\"https:\/\/weltlaeden.de\/pforzheim\/pasta-mit-erdnusssauce-vegetarisch\/\"},\"wordCount\":87,\"articleSection\":[\"Rezepte\"],\"inLanguage\":\"de\"},{\"@type\":\"WebPage\",\"@id\":\"https:\/\/weltlaeden.de\/pforzheim\/pasta-mit-erdnusssauce-vegetarisch\/\",\"url\":\"https:\/\/weltlaeden.de\/pforzheim\/pasta-mit-erdnusssauce-vegetarisch\/\",\"name\":\"Pasta mit Erdnusssauce (vegetarisch) - Weltladen Pforzheim\",\"isPartOf\":{\"@id\":\"https:\/\/weltlaeden.de\/pforzheim\/#website\"},\"datePublished\":\"2019-03-11T08:17:39+00:00\",\"dateModified\":\"2019-03-11T08:49:29+00:00\",\"author\":{\"@id\":\"https:\/\/weltlaeden.de\/pforzheim\/#\/schema\/person\/583a525c81b65265ce627b56a7972914\"},\"breadcrumb\":{\"@id\":\"https:\/\/weltlaeden.de\/pforzheim\/pasta-mit-erdnusssauce-vegetarisch\/#breadcrumb\"},\"inLanguage\":\"de\",\"potentialAction\":[{\"@type\":\"ReadAction\",\"target\":[\"https:\/\/weltlaeden.de\/pforzheim\/pasta-mit-erdnusssauce-vegetarisch\/\"]}]},{\"@type\":\"BreadcrumbList\",\"@id\":\"https:\/\/weltlaeden.de\/pforzheim\/pasta-mit-erdnusssauce-vegetarisch\/#breadcrumb\",\"itemListElement\":[{\"@type\":\"ListItem\",\"position\":1,\"name\":\"Startseite\",\"item\":\"https:\/\/weltlaeden.de\/pforzheim\/\"},{\"@type\":\"ListItem\",\"position\":2,\"name\":\"Pasta mit Erdnusssauce (vegetarisch)\"}]},{\"@type\":\"WebSite\",\"@id\":\"https:\/\/weltlaeden.de\/pforzheim\/#website\",\"url\":\"https:\/\/weltlaeden.de\/pforzheim\/\",\"name\":\"Vorlage\",\"description\":\"Faire Produkte seit 1990\",\"potentialAction\":[{\"@type\":\"SearchAction\",\"target\":{\"@type\":\"EntryPoint\",\"urlTemplate\":\"https:\/\/weltlaeden.de\/pforzheim\/?s={search_term_string}\"},\"query-input\":{\"@type\":\"PropertyValueSpecification\",\"valueRequired\":true,\"valueName\":\"search_term_string\"}}],\"inLanguage\":\"de\"},{\"@type\":\"Person\",\"@id\":\"https:\/\/weltlaeden.de\/pforzheim\/#\/schema\/person\/583a525c81b65265ce627b56a7972914\",\"name\":\"pforzheim\",\"image\":{\"@type\":\"ImageObject\",\"inLanguage\":\"de\",\"@id\":\"https:\/\/weltlaeden.de\/pforzheim\/#\/schema\/person\/image\/\",\"url\":\"https:\/\/secure.gravatar.com\/avatar\/475b1acff6e4ee035607885ba6103a37?s=96&d=mm&r=g\",\"contentUrl\":\"https:\/\/secure.gravatar.com\/avatar\/475b1acff6e4ee035607885ba6103a37?s=96&d=mm&r=g\",\"caption\":\"pforzheim\"}}]}<\/script>\n<!-- \/ Yoast SEO plugin. -->","yoast_head_json":{"title":"Pasta mit Erdnusssauce (vegetarisch) - Weltladen Pforzheim","robots":{"index":"index","follow":"follow","max-snippet":"max-snippet:-1","max-image-preview":"max-image-preview:large","max-video-preview":"max-video-preview:-1"},"canonical":"https:\/\/weltlaeden.de\/pforzheim\/pasta-mit-erdnusssauce-vegetarisch\/","og_locale":"de_DE","og_type":"article","og_title":"Pasta mit Erdnusssauce (vegetarisch) - Weltladen Pforzheim","og_description":"Ein Rezept von Kathrin Hackner (Quelle: GEPA) Zutaten 1 EL Speise\u00f6l 1 gro\u00dfe Zwiebel 2 TL zerdr\u00fcckter Knoblauch 400 g Tomatenst\u00fcckchen 2 EL Tomatenmark 2 EL Erdnusscreme 1 EL zerhackte Erdn\u00fcsse 125 ml Wasser Petersilie zum W\u00fcrzen 1 Paclung Penne Zubereitung\u00a0(Aufwand ca. 25 Minuten) \u00d6l in einer gro\u00dfen Pfanne erhitzen und Zwiebel und Knoblauch unter&hellip;","og_url":"https:\/\/weltlaeden.de\/pforzheim\/pasta-mit-erdnusssauce-vegetarisch\/","og_site_name":"Weltladen Pforzheim","article_published_time":"2019-03-11T08:17:39+00:00","article_modified_time":"2019-03-11T08:49:29+00:00","author":"pforzheim","twitter_card":"summary_large_image","twitter_misc":{"Verfasst von":"pforzheim"},"schema":{"@context":"https:\/\/schema.org","@graph":[{"@type":"Article","@id":"https:\/\/weltlaeden.de\/pforzheim\/pasta-mit-erdnusssauce-vegetarisch\/#article","isPartOf":{"@id":"https:\/\/weltlaeden.de\/pforzheim\/pasta-mit-erdnusssauce-vegetarisch\/"},"author":{"name":"pforzheim","@id":"https:\/\/weltlaeden.de\/pforzheim\/#\/schema\/person\/583a525c81b65265ce627b56a7972914"},"headline":"Pasta mit Erdnusssauce (vegetarisch)","datePublished":"2019-03-11T08:17:39+00:00","dateModified":"2019-03-11T08:49:29+00:00","mainEntityOfPage":{"@id":"https:\/\/weltlaeden.de\/pforzheim\/pasta-mit-erdnusssauce-vegetarisch\/"},"wordCount":87,"articleSection":["Rezepte"],"inLanguage":"de"},{"@type":"WebPage","@id":"https:\/\/weltlaeden.de\/pforzheim\/pasta-mit-erdnusssauce-vegetarisch\/","url":"https:\/\/weltlaeden.de\/pforzheim\/pasta-mit-erdnusssauce-vegetarisch\/","name":"Pasta mit Erdnusssauce (vegetarisch) - Weltladen Pforzheim","isPartOf":{"@id":"https:\/\/weltlaeden.de\/pforzheim\/#website"},"datePublished":"2019-03-11T08:17:39+00:00","dateModified":"2019-03-11T08:49:29+00:00","author":{"@id":"https:\/\/weltlaeden.de\/pforzheim\/#\/schema\/person\/583a525c81b65265ce627b56a7972914"},"breadcrumb":{"@id":"https:\/\/weltlaeden.de\/pforzheim\/pasta-mit-erdnusssauce-vegetarisch\/#breadcrumb"},"inLanguage":"de","potentialAction":[{"@type":"ReadAction","target":["https:\/\/weltlaeden.de\/pforzheim\/pasta-mit-erdnusssauce-vegetarisch\/"]}]},{"@type":"BreadcrumbList","@id":"https:\/\/weltlaeden.de\/pforzheim\/pasta-mit-erdnusssauce-vegetarisch\/#breadcrumb","itemListElement":[{"@type":"ListItem","position":1,"name":"Startseite","item":"https:\/\/weltlaeden.de\/pforzheim\/"},{"@type":"ListItem","position":2,"name":"Pasta mit Erdnusssauce (vegetarisch)"}]},{"@type":"WebSite","@id":"https:\/\/weltlaeden.de\/pforzheim\/#website","url":"https:\/\/weltlaeden.de\/pforzheim\/","name":"Vorlage","description":"Faire Produkte seit 1990","potentialAction":[{"@type":"SearchAction","target":{"@type":"EntryPoint","urlTemplate":"https:\/\/weltlaeden.de\/pforzheim\/?s={search_term_string}"},"query-input":{"@type":"PropertyValueSpecification","valueRequired":true,"valueName":"search_term_string"}}],"inLanguage":"de"},{"@type":"Person","@id":"https:\/\/weltlaeden.de\/pforzheim\/#\/schema\/person\/583a525c81b65265ce627b56a7972914","name":"pforzheim","image":{"@type":"ImageObject","inLanguage":"de","@id":"https:\/\/weltlaeden.de\/pforzheim\/#\/schema\/person\/image\/","url":"https:\/\/secure.gravatar.com\/avatar\/475b1acff6e4ee035607885ba6103a37?s=96&d=mm&r=g","contentUrl":"https:\/\/secure.gravatar.com\/avatar\/475b1acff6e4ee035607885ba6103a37?s=96&d=mm&r=g","caption":"pforzheim"}}]}},"_links":{"self":[{"href":"https:\/\/weltlaeden.de\/pforzheim\/wp-json\/wp\/v2\/posts\/555","targetHints":{"allow":["GET"]}}],"collection":[{"href":"https:\/\/weltlaeden.de\/pforzheim\/wp-json\/wp\/v2\/posts"}],"about":[{"href":"https:\/\/weltlaeden.de\/pforzheim\/wp-json\/wp\/v2\/types\/post"}],"author":[{"embeddable":true,"href":"https:\/\/weltlaeden.de\/pforzheim\/wp-json\/wp\/v2\/users\/90"}],"replies":[{"embeddable":true,"href":"https:\/\/weltlaeden.de\/pforzheim\/wp-json\/wp\/v2\/comments?post=555"}],"version-history":[{"count":2,"href":"https:\/\/weltlaeden.de\/pforzheim\/wp-json\/wp\/v2\/posts\/555\/revisions"}],"predecessor-version":[{"id":578,"href":"https:\/\/weltlaeden.de\/pforzheim\/wp-json\/wp\/v2\/posts\/555\/revisions\/578"}],"wp:attachment":[{"href":"https:\/\/weltlaeden.de\/pforzheim\/wp-json\/wp\/v2\/media?parent=555"}],"wp:term":[{"taxonomy":"category","embeddable":true,"href":"https:\/\/weltlaeden.de\/pforzheim\/wp-json\/wp\/v2\/categories?post=555"},{"taxonomy":"post_tag","embeddable":true,"href":"https:\/\/weltlaeden.de\/pforzheim\/wp-json\/wp\/v2\/tags?post=555"}],"curies":[{"name":"wp","href":"https:\/\/api.w.org\/{rel}","templated":true}]}}