{"id":466,"date":"2019-01-03T00:26:58","date_gmt":"2019-01-02T23:26:58","guid":{"rendered":"https:\/\/weltlaeden.de\/pforzheim\/?p=466"},"modified":"2020-10-18T23:25:25","modified_gmt":"2020-10-18T21:25:25","slug":"isuna-keramik","status":"publish","type":"post","link":"https:\/\/weltlaeden.de\/pforzheim\/isuna-keramik\/","title":{"rendered":"ISUNA Keramik"},"content":{"rendered":"<h2><span style=\"color: #ff9900\"><strong>ISUNA Keramik<\/strong><\/span><\/h2>\n<p><strong><span style=\"color: #ff9900\">So bunt wie das Land &#8211; hochwertige Designer-Keramik aus S\u00fcdafrika<\/span><\/strong><\/p>\n<p>In einer kleinen Kapstadter Manufaktur fertigen s\u00fcdafrikanische Keramikk\u00fcnstler hochwertige Einzelst\u00fccke: Schalen, Sch\u00fcsseln, Kr\u00fcge, Becher, Tassen und vieles mehr. Die M\u00e4nner und Frauen der ISUNA South African Arts &amp; Crafts produzieren sie in unterschiedlichen Gr\u00f6\u00dfen und herrlich bunten Farben. Das Besondere: Jedes St\u00fcck ist ein handwerklich hergestelltes Unikat und vom K\u00fcnstler handsigniert. Alle Teile sind sp\u00fclmaschinen- und mikrowellenfest, die fr\u00f6hlichen Farben lebensmittelecht, die Glasur ist bleifrei. Die Mitarbeiter erhalten \u00fcberdurchschnittliche Geh\u00e4lter, zahlreiche Zusatzleistungen und arbeiten unter fairen Bedingungen.<\/p>\n<p style=\"text-align: center\"><img loading=\"lazy\" decoding=\"async\" class=\"alignnone size-large wp-image-800\" src=\"https:\/\/weltlaeden.de\/pforzheim\/wp-content\/uploads\/sites\/61\/2019\/01\/ISUNA-Keramik3-683x1024.jpg\" alt=\"\" width=\"683\" height=\"1024\" srcset=\"https:\/\/weltlaeden.de\/pforzheim\/wp-content\/uploads\/sites\/61\/2019\/01\/ISUNA-Keramik3-683x1024.jpg 683w, https:\/\/weltlaeden.de\/pforzheim\/wp-content\/uploads\/sites\/61\/2019\/01\/ISUNA-Keramik3-200x300.jpg 200w, https:\/\/weltlaeden.de\/pforzheim\/wp-content\/uploads\/sites\/61\/2019\/01\/ISUNA-Keramik3-768x1152.jpg 768w, https:\/\/weltlaeden.de\/pforzheim\/wp-content\/uploads\/sites\/61\/2019\/01\/ISUNA-Keramik3.jpg 1280w\" sizes=\"auto, (max-width: 683px) 100vw, 683px\" \/><img loading=\"lazy\" decoding=\"async\" class=\"alignnone size-large wp-image-801\" src=\"https:\/\/weltlaeden.de\/pforzheim\/wp-content\/uploads\/sites\/61\/2019\/01\/ISUNA-Keramik1-1024x683.jpg\" alt=\"\" width=\"1024\" height=\"683\" srcset=\"https:\/\/weltlaeden.de\/pforzheim\/wp-content\/uploads\/sites\/61\/2019\/01\/ISUNA-Keramik1-1024x683.jpg 1024w, https:\/\/weltlaeden.de\/pforzheim\/wp-content\/uploads\/sites\/61\/2019\/01\/ISUNA-Keramik1-300x200.jpg 300w, https:\/\/weltlaeden.de\/pforzheim\/wp-content\/uploads\/sites\/61\/2019\/01\/ISUNA-Keramik1-768x512.jpg 768w, https:\/\/weltlaeden.de\/pforzheim\/wp-content\/uploads\/sites\/61\/2019\/01\/ISUNA-Keramik1.jpg 1920w\" sizes=\"auto, (max-width: 1024px) 100vw, 1024px\" \/><img loading=\"lazy\" decoding=\"async\" class=\"alignnone size-large wp-image-802\" src=\"https:\/\/weltlaeden.de\/pforzheim\/wp-content\/uploads\/sites\/61\/2019\/01\/ISUNA-Keramik2-1024x683.jpg\" alt=\"\" width=\"1024\" height=\"683\" srcset=\"https:\/\/weltlaeden.de\/pforzheim\/wp-content\/uploads\/sites\/61\/2019\/01\/ISUNA-Keramik2-1024x683.jpg 1024w, https:\/\/weltlaeden.de\/pforzheim\/wp-content\/uploads\/sites\/61\/2019\/01\/ISUNA-Keramik2-300x200.jpg 300w, https:\/\/weltlaeden.de\/pforzheim\/wp-content\/uploads\/sites\/61\/2019\/01\/ISUNA-Keramik2-768x512.jpg 768w, https:\/\/weltlaeden.de\/pforzheim\/wp-content\/uploads\/sites\/61\/2019\/01\/ISUNA-Keramik2.jpg 1920w\" sizes=\"auto, (max-width: 1024px) 100vw, 1024px\" \/><\/p>\n<p style=\"text-align: center\">\n<p>&nbsp;<\/p>\n","protected":false},"excerpt":{"rendered":"<p>ISUNA Keramik So bunt wie das Land &#8211; hochwertige Designer-Keramik aus S\u00fcdafrika In einer kleinen Kapstadter Manufaktur fertigen s\u00fcdafrikanische Keramikk\u00fcnstler hochwertige Einzelst\u00fccke: Schalen, Sch\u00fcsseln, Kr\u00fcge, Becher, Tassen und vieles mehr. Die M\u00e4nner und Frauen der ISUNA South African Arts &amp; Crafts produzieren sie in unterschiedlichen Gr\u00f6\u00dfen und herrlich bunten Farben. Das Besondere: Jedes St\u00fcck ist&hellip;<\/p>\n","protected":false},"author":90,"featured_media":546,"comment_status":"closed","ping_status":"closed","sticky":false,"template":"","format":"standard","meta":{"footnotes":""},"categories":[12],"tags":[],"class_list":["post-466","post","type-post","status-publish","format-standard","has-post-thumbnail","hentry","category-produkte","category-12","description-off"],"yoast_head":"<!-- This site is optimized with the Yoast SEO plugin v26.8 - https:\/\/yoast.com\/product\/yoast-seo-wordpress\/ -->\n<title>ISUNA Keramik - Weltladen Pforzheim<\/title>\n<meta name=\"robots\" content=\"index, follow, max-snippet:-1, max-image-preview:large, max-video-preview:-1\" \/>\n<link rel=\"canonical\" href=\"https:\/\/weltlaeden.de\/pforzheim\/isuna-keramik\/\" \/>\n<meta property=\"og:locale\" content=\"de_DE\" \/>\n<meta property=\"og:type\" content=\"article\" \/>\n<meta property=\"og:title\" content=\"ISUNA Keramik - Weltladen Pforzheim\" \/>\n<meta property=\"og:description\" content=\"ISUNA Keramik So bunt wie das Land &#8211; hochwertige Designer-Keramik aus S\u00fcdafrika In einer kleinen Kapstadter Manufaktur fertigen s\u00fcdafrikanische Keramikk\u00fcnstler hochwertige Einzelst\u00fccke: Schalen, Sch\u00fcsseln, Kr\u00fcge, Becher, Tassen und vieles mehr. Die M\u00e4nner und Frauen der ISUNA South African Arts &amp; Crafts produzieren sie in unterschiedlichen Gr\u00f6\u00dfen und herrlich bunten Farben. Das Besondere: Jedes St\u00fcck ist&hellip;\" \/>\n<meta property=\"og:url\" content=\"https:\/\/weltlaeden.de\/pforzheim\/isuna-keramik\/\" \/>\n<meta property=\"og:site_name\" content=\"Weltladen Pforzheim\" \/>\n<meta property=\"article:published_time\" content=\"2019-01-02T23:26:58+00:00\" \/>\n<meta property=\"article:modified_time\" content=\"2020-10-18T21:25:25+00:00\" \/>\n<meta property=\"og:image\" content=\"https:\/\/weltlaeden.de\/pforzheim\/wp-content\/uploads\/sites\/61\/2019\/01\/DSC_5292_NEF.jpg\" \/>\n\t<meta property=\"og:image:width\" content=\"902\" \/>\n\t<meta property=\"og:image:height\" content=\"600\" \/>\n\t<meta property=\"og:image:type\" content=\"image\/jpeg\" \/>\n<meta name=\"author\" content=\"pforzheim\" \/>\n<meta name=\"twitter:card\" content=\"summary_large_image\" \/>\n<meta name=\"twitter:label1\" content=\"Verfasst von\" \/>\n\t<meta name=\"twitter:data1\" content=\"pforzheim\" \/>\n\t<meta name=\"twitter:label2\" content=\"Gesch\u00e4tzte Lesezeit\" \/>\n\t<meta name=\"twitter:data2\" content=\"1\u00a0Minute\" \/>\n<script type=\"application\/ld+json\" class=\"yoast-schema-graph\">{\"@context\":\"https:\/\/schema.org\",\"@graph\":[{\"@type\":\"Article\",\"@id\":\"https:\/\/weltlaeden.de\/pforzheim\/isuna-keramik\/#article\",\"isPartOf\":{\"@id\":\"https:\/\/weltlaeden.de\/pforzheim\/isuna-keramik\/\"},\"author\":{\"name\":\"pforzheim\",\"@id\":\"https:\/\/weltlaeden.de\/pforzheim\/#\/schema\/person\/583a525c81b65265ce627b56a7972914\"},\"headline\":\"ISUNA Keramik\",\"datePublished\":\"2019-01-02T23:26:58+00:00\",\"dateModified\":\"2020-10-18T21:25:25+00:00\",\"mainEntityOfPage\":{\"@id\":\"https:\/\/weltlaeden.de\/pforzheim\/isuna-keramik\/\"},\"wordCount\":105,\"image\":{\"@id\":\"https:\/\/weltlaeden.de\/pforzheim\/isuna-keramik\/#primaryimage\"},\"thumbnailUrl\":\"https:\/\/weltlaeden.de\/pforzheim\/wp-content\/uploads\/sites\/61\/2019\/01\/DSC_5292_NEF.jpg\",\"articleSection\":[\"Produkte\"],\"inLanguage\":\"de\"},{\"@type\":\"WebPage\",\"@id\":\"https:\/\/weltlaeden.de\/pforzheim\/isuna-keramik\/\",\"url\":\"https:\/\/weltlaeden.de\/pforzheim\/isuna-keramik\/\",\"name\":\"ISUNA Keramik - Weltladen Pforzheim\",\"isPartOf\":{\"@id\":\"https:\/\/weltlaeden.de\/pforzheim\/#website\"},\"primaryImageOfPage\":{\"@id\":\"https:\/\/weltlaeden.de\/pforzheim\/isuna-keramik\/#primaryimage\"},\"image\":{\"@id\":\"https:\/\/weltlaeden.de\/pforzheim\/isuna-keramik\/#primaryimage\"},\"thumbnailUrl\":\"https:\/\/weltlaeden.de\/pforzheim\/wp-content\/uploads\/sites\/61\/2019\/01\/DSC_5292_NEF.jpg\",\"datePublished\":\"2019-01-02T23:26:58+00:00\",\"dateModified\":\"2020-10-18T21:25:25+00:00\",\"author\":{\"@id\":\"https:\/\/weltlaeden.de\/pforzheim\/#\/schema\/person\/583a525c81b65265ce627b56a7972914\"},\"breadcrumb\":{\"@id\":\"https:\/\/weltlaeden.de\/pforzheim\/isuna-keramik\/#breadcrumb\"},\"inLanguage\":\"de\",\"potentialAction\":[{\"@type\":\"ReadAction\",\"target\":[\"https:\/\/weltlaeden.de\/pforzheim\/isuna-keramik\/\"]}]},{\"@type\":\"ImageObject\",\"inLanguage\":\"de\",\"@id\":\"https:\/\/weltlaeden.de\/pforzheim\/isuna-keramik\/#primaryimage\",\"url\":\"https:\/\/weltlaeden.de\/pforzheim\/wp-content\/uploads\/sites\/61\/2019\/01\/DSC_5292_NEF.jpg\",\"contentUrl\":\"https:\/\/weltlaeden.de\/pforzheim\/wp-content\/uploads\/sites\/61\/2019\/01\/DSC_5292_NEF.jpg\",\"width\":902,\"height\":600},{\"@type\":\"BreadcrumbList\",\"@id\":\"https:\/\/weltlaeden.de\/pforzheim\/isuna-keramik\/#breadcrumb\",\"itemListElement\":[{\"@type\":\"ListItem\",\"position\":1,\"name\":\"Startseite\",\"item\":\"https:\/\/weltlaeden.de\/pforzheim\/\"},{\"@type\":\"ListItem\",\"position\":2,\"name\":\"ISUNA Keramik\"}]},{\"@type\":\"WebSite\",\"@id\":\"https:\/\/weltlaeden.de\/pforzheim\/#website\",\"url\":\"https:\/\/weltlaeden.de\/pforzheim\/\",\"name\":\"Vorlage\",\"description\":\"Faire Produkte seit 1990\",\"potentialAction\":[{\"@type\":\"SearchAction\",\"target\":{\"@type\":\"EntryPoint\",\"urlTemplate\":\"https:\/\/weltlaeden.de\/pforzheim\/?s={search_term_string}\"},\"query-input\":{\"@type\":\"PropertyValueSpecification\",\"valueRequired\":true,\"valueName\":\"search_term_string\"}}],\"inLanguage\":\"de\"},{\"@type\":\"Person\",\"@id\":\"https:\/\/weltlaeden.de\/pforzheim\/#\/schema\/person\/583a525c81b65265ce627b56a7972914\",\"name\":\"pforzheim\",\"image\":{\"@type\":\"ImageObject\",\"inLanguage\":\"de\",\"@id\":\"https:\/\/weltlaeden.de\/pforzheim\/#\/schema\/person\/image\/\",\"url\":\"https:\/\/secure.gravatar.com\/avatar\/475b1acff6e4ee035607885ba6103a37?s=96&d=mm&r=g\",\"contentUrl\":\"https:\/\/secure.gravatar.com\/avatar\/475b1acff6e4ee035607885ba6103a37?s=96&d=mm&r=g\",\"caption\":\"pforzheim\"}}]}<\/script>\n<!-- \/ Yoast SEO plugin. -->","yoast_head_json":{"title":"ISUNA Keramik - Weltladen Pforzheim","robots":{"index":"index","follow":"follow","max-snippet":"max-snippet:-1","max-image-preview":"max-image-preview:large","max-video-preview":"max-video-preview:-1"},"canonical":"https:\/\/weltlaeden.de\/pforzheim\/isuna-keramik\/","og_locale":"de_DE","og_type":"article","og_title":"ISUNA Keramik - Weltladen Pforzheim","og_description":"ISUNA Keramik So bunt wie das Land &#8211; hochwertige Designer-Keramik aus S\u00fcdafrika In einer kleinen Kapstadter Manufaktur fertigen s\u00fcdafrikanische Keramikk\u00fcnstler hochwertige Einzelst\u00fccke: Schalen, Sch\u00fcsseln, Kr\u00fcge, Becher, Tassen und vieles mehr. Die M\u00e4nner und Frauen der ISUNA South African Arts &amp; Crafts produzieren sie in unterschiedlichen Gr\u00f6\u00dfen und herrlich bunten Farben. Das Besondere: Jedes St\u00fcck ist&hellip;","og_url":"https:\/\/weltlaeden.de\/pforzheim\/isuna-keramik\/","og_site_name":"Weltladen Pforzheim","article_published_time":"2019-01-02T23:26:58+00:00","article_modified_time":"2020-10-18T21:25:25+00:00","og_image":[{"width":902,"height":600,"url":"https:\/\/weltlaeden.de\/pforzheim\/wp-content\/uploads\/sites\/61\/2019\/01\/DSC_5292_NEF.jpg","type":"image\/jpeg"}],"author":"pforzheim","twitter_card":"summary_large_image","twitter_misc":{"Verfasst von":"pforzheim","Gesch\u00e4tzte Lesezeit":"1\u00a0Minute"},"schema":{"@context":"https:\/\/schema.org","@graph":[{"@type":"Article","@id":"https:\/\/weltlaeden.de\/pforzheim\/isuna-keramik\/#article","isPartOf":{"@id":"https:\/\/weltlaeden.de\/pforzheim\/isuna-keramik\/"},"author":{"name":"pforzheim","@id":"https:\/\/weltlaeden.de\/pforzheim\/#\/schema\/person\/583a525c81b65265ce627b56a7972914"},"headline":"ISUNA Keramik","datePublished":"2019-01-02T23:26:58+00:00","dateModified":"2020-10-18T21:25:25+00:00","mainEntityOfPage":{"@id":"https:\/\/weltlaeden.de\/pforzheim\/isuna-keramik\/"},"wordCount":105,"image":{"@id":"https:\/\/weltlaeden.de\/pforzheim\/isuna-keramik\/#primaryimage"},"thumbnailUrl":"https:\/\/weltlaeden.de\/pforzheim\/wp-content\/uploads\/sites\/61\/2019\/01\/DSC_5292_NEF.jpg","articleSection":["Produkte"],"inLanguage":"de"},{"@type":"WebPage","@id":"https:\/\/weltlaeden.de\/pforzheim\/isuna-keramik\/","url":"https:\/\/weltlaeden.de\/pforzheim\/isuna-keramik\/","name":"ISUNA Keramik - Weltladen Pforzheim","isPartOf":{"@id":"https:\/\/weltlaeden.de\/pforzheim\/#website"},"primaryImageOfPage":{"@id":"https:\/\/weltlaeden.de\/pforzheim\/isuna-keramik\/#primaryimage"},"image":{"@id":"https:\/\/weltlaeden.de\/pforzheim\/isuna-keramik\/#primaryimage"},"thumbnailUrl":"https:\/\/weltlaeden.de\/pforzheim\/wp-content\/uploads\/sites\/61\/2019\/01\/DSC_5292_NEF.jpg","datePublished":"2019-01-02T23:26:58+00:00","dateModified":"2020-10-18T21:25:25+00:00","author":{"@id":"https:\/\/weltlaeden.de\/pforzheim\/#\/schema\/person\/583a525c81b65265ce627b56a7972914"},"breadcrumb":{"@id":"https:\/\/weltlaeden.de\/pforzheim\/isuna-keramik\/#breadcrumb"},"inLanguage":"de","potentialAction":[{"@type":"ReadAction","target":["https:\/\/weltlaeden.de\/pforzheim\/isuna-keramik\/"]}]},{"@type":"ImageObject","inLanguage":"de","@id":"https:\/\/weltlaeden.de\/pforzheim\/isuna-keramik\/#primaryimage","url":"https:\/\/weltlaeden.de\/pforzheim\/wp-content\/uploads\/sites\/61\/2019\/01\/DSC_5292_NEF.jpg","contentUrl":"https:\/\/weltlaeden.de\/pforzheim\/wp-content\/uploads\/sites\/61\/2019\/01\/DSC_5292_NEF.jpg","width":902,"height":600},{"@type":"BreadcrumbList","@id":"https:\/\/weltlaeden.de\/pforzheim\/isuna-keramik\/#breadcrumb","itemListElement":[{"@type":"ListItem","position":1,"name":"Startseite","item":"https:\/\/weltlaeden.de\/pforzheim\/"},{"@type":"ListItem","position":2,"name":"ISUNA Keramik"}]},{"@type":"WebSite","@id":"https:\/\/weltlaeden.de\/pforzheim\/#website","url":"https:\/\/weltlaeden.de\/pforzheim\/","name":"Vorlage","description":"Faire Produkte seit 1990","potentialAction":[{"@type":"SearchAction","target":{"@type":"EntryPoint","urlTemplate":"https:\/\/weltlaeden.de\/pforzheim\/?s={search_term_string}"},"query-input":{"@type":"PropertyValueSpecification","valueRequired":true,"valueName":"search_term_string"}}],"inLanguage":"de"},{"@type":"Person","@id":"https:\/\/weltlaeden.de\/pforzheim\/#\/schema\/person\/583a525c81b65265ce627b56a7972914","name":"pforzheim","image":{"@type":"ImageObject","inLanguage":"de","@id":"https:\/\/weltlaeden.de\/pforzheim\/#\/schema\/person\/image\/","url":"https:\/\/secure.gravatar.com\/avatar\/475b1acff6e4ee035607885ba6103a37?s=96&d=mm&r=g","contentUrl":"https:\/\/secure.gravatar.com\/avatar\/475b1acff6e4ee035607885ba6103a37?s=96&d=mm&r=g","caption":"pforzheim"}}]}},"_links":{"self":[{"href":"https:\/\/weltlaeden.de\/pforzheim\/wp-json\/wp\/v2\/posts\/466","targetHints":{"allow":["GET"]}}],"collection":[{"href":"https:\/\/weltlaeden.de\/pforzheim\/wp-json\/wp\/v2\/posts"}],"about":[{"href":"https:\/\/weltlaeden.de\/pforzheim\/wp-json\/wp\/v2\/types\/post"}],"author":[{"embeddable":true,"href":"https:\/\/weltlaeden.de\/pforzheim\/wp-json\/wp\/v2\/users\/90"}],"replies":[{"embeddable":true,"href":"https:\/\/weltlaeden.de\/pforzheim\/wp-json\/wp\/v2\/comments?post=466"}],"version-history":[{"count":8,"href":"https:\/\/weltlaeden.de\/pforzheim\/wp-json\/wp\/v2\/posts\/466\/revisions"}],"predecessor-version":[{"id":803,"href":"https:\/\/weltlaeden.de\/pforzheim\/wp-json\/wp\/v2\/posts\/466\/revisions\/803"}],"wp:featuredmedia":[{"embeddable":true,"href":"https:\/\/weltlaeden.de\/pforzheim\/wp-json\/wp\/v2\/media\/546"}],"wp:attachment":[{"href":"https:\/\/weltlaeden.de\/pforzheim\/wp-json\/wp\/v2\/media?parent=466"}],"wp:term":[{"taxonomy":"category","embeddable":true,"href":"https:\/\/weltlaeden.de\/pforzheim\/wp-json\/wp\/v2\/categories?post=466"},{"taxonomy":"post_tag","embeddable":true,"href":"https:\/\/weltlaeden.de\/pforzheim\/wp-json\/wp\/v2\/tags?post=466"}],"curies":[{"name":"wp","href":"https:\/\/api.w.org\/{rel}","templated":true}]}}