{"id":358,"date":"2019-02-05T09:43:59","date_gmt":"2019-02-05T08:43:59","guid":{"rendered":"https:\/\/weltlaeden.de\/pforzheim\/?p=358"},"modified":"2019-03-03T23:15:49","modified_gmt":"2019-03-03T22:15:49","slug":"sonnenglas","status":"publish","type":"post","link":"https:\/\/weltlaeden.de\/pforzheim\/sonnenglas\/","title":{"rendered":"Sonnenglas"},"content":{"rendered":"<h1><span style=\"color: #ff9900\">Tags\u00fcber speichert es Sonnenenergie\u2026<\/span><\/h1>\n<p>Gr\u00fcne High-Tech Technologie verpackt in einem nostalgischen Einmachglas. Das ist das SONNENGLAS\u00ae.<\/p>\n<p>Das Prinzip dieser Solarlampe ist simpel und geradezu genial: das SONNENGLAS\u00ae speichert w\u00e4hrend des Tages Energie, die es dann nachts in Form von Licht wieder abgibt. Diese Methode der Lichterzeugung ist nachhaltig, stellt einen einfachen Weg dar, umweltbewusst zu leben und macht einfach Spa\u00df.<\/p>\n<p>Das SONNENGLAS\u00ae ist mit LEDs ausgestattet, die \u00fcber Solar-Sonnenmodul im Deckel aufgeladen werden. Wenn Du es in die Sonne stellst, wird der integrierte Akkus aufgeladen und die LEDs spenden dann f\u00fcr viele Stunden weiches &amp; helles Licht.<\/p>\n<p>Das SONNENGLAS\u00ae ist ideal als Solar-Laterne, Gartenlampe, f\u00fcr den romantisch gedeckten Tisch, Grillpartys, Camping, zur Dekoration, zum Essen im Freien\u2026 einfach f\u00fcr alle Outdoor-Aktivit\u00e4ten, bei denen Du nach Sonnenuntergang eine gem\u00fctliche, idyllische Abendstimmung erzeugen m\u00f6chtest.<\/p>\n<p><img loading=\"lazy\" decoding=\"async\" class=\"aligncenter\" src=\"https:\/\/www.weltladen.de\/pforzheim\/webelements\/filepool\/site_pforzheim\/fotos\/solarlampe.jpg\" alt=\"sonnenglas\" width=\"425\" height=\"496\" border=\"0\" \/><\/p>\n<p>&nbsp;<\/p>\n<h1>\u2026in der Nacht leuchtet es.<\/h1>\n<p>Am Abend oder in der Nacht kannst Du das SONNENGLAS\u00ae\u00a0\u00fcber den magnetischen B\u00fcgelschalter einschalten. Die vier solarbetriebenen LEDs erzeugen einen wundersch\u00f6nen, hellen Lichtschein. So hell, dass Du gut dabei lesen kannst.<\/p>\n<p>Das Besondere: Gestalte Deine SONNENGLAS\u00ae\u00a0Solar-Laterne innen nach Deinen W\u00fcnschen: Fr\u00fcchte, Sand, getrocknete Blumen, Muscheln, Kieselsteine\u2026 Deiner Fantasie sind kaum Grenzen gesetzt.<\/p>\n<p>&nbsp;<\/p>\n<p><img loading=\"lazy\" decoding=\"async\" class=\"aligncenter\" src=\"https:\/\/www.weltladen.de\/pforzheim\/webelements\/filepool\/site_pforzheim\/fotos\/solarlampen.jpg\" alt=\"sonnenglas\" width=\"425\" height=\"496\" border=\"0\" \/><\/p>\n<p>&nbsp;<\/p>\n<p style=\"text-align: center\"><a href=\"https:\/\/sonnenglas.net\/de\" target=\"_blank\" rel=\"noopener\"><img loading=\"lazy\" decoding=\"async\" src=\"https:\/\/www.weltladen.de\/pforzheim\/webelements\/filepool\/site_pforzheim\/fotos\/sonnenglas.gif\" alt=\"sonnenglas\" width=\"350\" height=\"235\" border=\"0\" \/><\/a><\/p>\n","protected":false},"excerpt":{"rendered":"<p>Tags\u00fcber speichert es Sonnenenergie\u2026 Gr\u00fcne High-Tech Technologie verpackt in einem nostalgischen Einmachglas. Das ist das SONNENGLAS\u00ae. Das Prinzip dieser Solarlampe ist simpel und geradezu genial: das SONNENGLAS\u00ae speichert w\u00e4hrend des Tages Energie, die es dann nachts in Form von Licht wieder abgibt. Diese Methode der Lichterzeugung ist nachhaltig, stellt einen einfachen Weg dar, umweltbewusst zu&hellip;<\/p>\n","protected":false},"author":90,"featured_media":433,"comment_status":"closed","ping_status":"closed","sticky":false,"template":"","format":"standard","meta":{"footnotes":""},"categories":[12],"tags":[],"class_list":["post-358","post","type-post","status-publish","format-standard","has-post-thumbnail","hentry","category-produkte","category-12","description-off"],"yoast_head":"<!-- This site is optimized with the Yoast SEO plugin v26.8 - https:\/\/yoast.com\/product\/yoast-seo-wordpress\/ -->\n<title>Sonnenglas - Weltladen Pforzheim<\/title>\n<meta name=\"robots\" content=\"index, follow, max-snippet:-1, max-image-preview:large, max-video-preview:-1\" \/>\n<link rel=\"canonical\" href=\"https:\/\/weltlaeden.de\/pforzheim\/sonnenglas\/\" \/>\n<meta property=\"og:locale\" content=\"de_DE\" \/>\n<meta property=\"og:type\" content=\"article\" \/>\n<meta property=\"og:title\" content=\"Sonnenglas - Weltladen Pforzheim\" \/>\n<meta property=\"og:description\" content=\"Tags\u00fcber speichert es Sonnenenergie\u2026 Gr\u00fcne High-Tech Technologie verpackt in einem nostalgischen Einmachglas. Das ist das SONNENGLAS\u00ae. Das Prinzip dieser Solarlampe ist simpel und geradezu genial: das SONNENGLAS\u00ae speichert w\u00e4hrend des Tages Energie, die es dann nachts in Form von Licht wieder abgibt. Diese Methode der Lichterzeugung ist nachhaltig, stellt einen einfachen Weg dar, umweltbewusst zu&hellip;\" \/>\n<meta property=\"og:url\" content=\"https:\/\/weltlaeden.de\/pforzheim\/sonnenglas\/\" \/>\n<meta property=\"og:site_name\" content=\"Weltladen Pforzheim\" \/>\n<meta property=\"article:published_time\" content=\"2019-02-05T08:43:59+00:00\" \/>\n<meta property=\"article:modified_time\" content=\"2019-03-03T22:15:49+00:00\" \/>\n<meta property=\"og:image\" content=\"https:\/\/weltlaeden.de\/pforzheim\/wp-content\/uploads\/sites\/61\/2018\/04\/sonnenglas.gif\" \/>\n\t<meta property=\"og:image:width\" content=\"494\" \/>\n\t<meta property=\"og:image:height\" content=\"331\" \/>\n\t<meta property=\"og:image:type\" content=\"image\/gif\" \/>\n<meta name=\"author\" content=\"pforzheim\" \/>\n<meta name=\"twitter:card\" content=\"summary_large_image\" \/>\n<meta name=\"twitter:label1\" content=\"Verfasst von\" \/>\n\t<meta name=\"twitter:data1\" content=\"pforzheim\" \/>\n\t<meta name=\"twitter:label2\" content=\"Gesch\u00e4tzte Lesezeit\" \/>\n\t<meta name=\"twitter:data2\" content=\"1\u00a0Minute\" \/>\n<script type=\"application\/ld+json\" class=\"yoast-schema-graph\">{\"@context\":\"https:\/\/schema.org\",\"@graph\":[{\"@type\":\"Article\",\"@id\":\"https:\/\/weltlaeden.de\/pforzheim\/sonnenglas\/#article\",\"isPartOf\":{\"@id\":\"https:\/\/weltlaeden.de\/pforzheim\/sonnenglas\/\"},\"author\":{\"name\":\"pforzheim\",\"@id\":\"https:\/\/weltlaeden.de\/pforzheim\/#\/schema\/person\/583a525c81b65265ce627b56a7972914\"},\"headline\":\"Sonnenglas\",\"datePublished\":\"2019-02-05T08:43:59+00:00\",\"dateModified\":\"2019-03-03T22:15:49+00:00\",\"mainEntityOfPage\":{\"@id\":\"https:\/\/weltlaeden.de\/pforzheim\/sonnenglas\/\"},\"wordCount\":208,\"image\":{\"@id\":\"https:\/\/weltlaeden.de\/pforzheim\/sonnenglas\/#primaryimage\"},\"thumbnailUrl\":\"https:\/\/weltlaeden.de\/pforzheim\/wp-content\/uploads\/sites\/61\/2018\/04\/sonnenglas.gif\",\"articleSection\":[\"Produkte\"],\"inLanguage\":\"de\"},{\"@type\":\"WebPage\",\"@id\":\"https:\/\/weltlaeden.de\/pforzheim\/sonnenglas\/\",\"url\":\"https:\/\/weltlaeden.de\/pforzheim\/sonnenglas\/\",\"name\":\"Sonnenglas - Weltladen Pforzheim\",\"isPartOf\":{\"@id\":\"https:\/\/weltlaeden.de\/pforzheim\/#website\"},\"primaryImageOfPage\":{\"@id\":\"https:\/\/weltlaeden.de\/pforzheim\/sonnenglas\/#primaryimage\"},\"image\":{\"@id\":\"https:\/\/weltlaeden.de\/pforzheim\/sonnenglas\/#primaryimage\"},\"thumbnailUrl\":\"https:\/\/weltlaeden.de\/pforzheim\/wp-content\/uploads\/sites\/61\/2018\/04\/sonnenglas.gif\",\"datePublished\":\"2019-02-05T08:43:59+00:00\",\"dateModified\":\"2019-03-03T22:15:49+00:00\",\"author\":{\"@id\":\"https:\/\/weltlaeden.de\/pforzheim\/#\/schema\/person\/583a525c81b65265ce627b56a7972914\"},\"breadcrumb\":{\"@id\":\"https:\/\/weltlaeden.de\/pforzheim\/sonnenglas\/#breadcrumb\"},\"inLanguage\":\"de\",\"potentialAction\":[{\"@type\":\"ReadAction\",\"target\":[\"https:\/\/weltlaeden.de\/pforzheim\/sonnenglas\/\"]}]},{\"@type\":\"ImageObject\",\"inLanguage\":\"de\",\"@id\":\"https:\/\/weltlaeden.de\/pforzheim\/sonnenglas\/#primaryimage\",\"url\":\"https:\/\/weltlaeden.de\/pforzheim\/wp-content\/uploads\/sites\/61\/2018\/04\/sonnenglas.gif\",\"contentUrl\":\"https:\/\/weltlaeden.de\/pforzheim\/wp-content\/uploads\/sites\/61\/2018\/04\/sonnenglas.gif\",\"width\":494,\"height\":331},{\"@type\":\"BreadcrumbList\",\"@id\":\"https:\/\/weltlaeden.de\/pforzheim\/sonnenglas\/#breadcrumb\",\"itemListElement\":[{\"@type\":\"ListItem\",\"position\":1,\"name\":\"Startseite\",\"item\":\"https:\/\/weltlaeden.de\/pforzheim\/\"},{\"@type\":\"ListItem\",\"position\":2,\"name\":\"Sonnenglas\"}]},{\"@type\":\"WebSite\",\"@id\":\"https:\/\/weltlaeden.de\/pforzheim\/#website\",\"url\":\"https:\/\/weltlaeden.de\/pforzheim\/\",\"name\":\"Vorlage\",\"description\":\"Faire Produkte seit 1990\",\"potentialAction\":[{\"@type\":\"SearchAction\",\"target\":{\"@type\":\"EntryPoint\",\"urlTemplate\":\"https:\/\/weltlaeden.de\/pforzheim\/?s={search_term_string}\"},\"query-input\":{\"@type\":\"PropertyValueSpecification\",\"valueRequired\":true,\"valueName\":\"search_term_string\"}}],\"inLanguage\":\"de\"},{\"@type\":\"Person\",\"@id\":\"https:\/\/weltlaeden.de\/pforzheim\/#\/schema\/person\/583a525c81b65265ce627b56a7972914\",\"name\":\"pforzheim\",\"image\":{\"@type\":\"ImageObject\",\"inLanguage\":\"de\",\"@id\":\"https:\/\/weltlaeden.de\/pforzheim\/#\/schema\/person\/image\/\",\"url\":\"https:\/\/secure.gravatar.com\/avatar\/475b1acff6e4ee035607885ba6103a37?s=96&d=mm&r=g\",\"contentUrl\":\"https:\/\/secure.gravatar.com\/avatar\/475b1acff6e4ee035607885ba6103a37?s=96&d=mm&r=g\",\"caption\":\"pforzheim\"}}]}<\/script>\n<!-- \/ Yoast SEO plugin. -->","yoast_head_json":{"title":"Sonnenglas - Weltladen Pforzheim","robots":{"index":"index","follow":"follow","max-snippet":"max-snippet:-1","max-image-preview":"max-image-preview:large","max-video-preview":"max-video-preview:-1"},"canonical":"https:\/\/weltlaeden.de\/pforzheim\/sonnenglas\/","og_locale":"de_DE","og_type":"article","og_title":"Sonnenglas - Weltladen Pforzheim","og_description":"Tags\u00fcber speichert es Sonnenenergie\u2026 Gr\u00fcne High-Tech Technologie verpackt in einem nostalgischen Einmachglas. Das ist das SONNENGLAS\u00ae. Das Prinzip dieser Solarlampe ist simpel und geradezu genial: das SONNENGLAS\u00ae speichert w\u00e4hrend des Tages Energie, die es dann nachts in Form von Licht wieder abgibt. Diese Methode der Lichterzeugung ist nachhaltig, stellt einen einfachen Weg dar, umweltbewusst zu&hellip;","og_url":"https:\/\/weltlaeden.de\/pforzheim\/sonnenglas\/","og_site_name":"Weltladen Pforzheim","article_published_time":"2019-02-05T08:43:59+00:00","article_modified_time":"2019-03-03T22:15:49+00:00","og_image":[{"width":494,"height":331,"url":"https:\/\/weltlaeden.de\/pforzheim\/wp-content\/uploads\/sites\/61\/2018\/04\/sonnenglas.gif","type":"image\/gif"}],"author":"pforzheim","twitter_card":"summary_large_image","twitter_misc":{"Verfasst von":"pforzheim","Gesch\u00e4tzte Lesezeit":"1\u00a0Minute"},"schema":{"@context":"https:\/\/schema.org","@graph":[{"@type":"Article","@id":"https:\/\/weltlaeden.de\/pforzheim\/sonnenglas\/#article","isPartOf":{"@id":"https:\/\/weltlaeden.de\/pforzheim\/sonnenglas\/"},"author":{"name":"pforzheim","@id":"https:\/\/weltlaeden.de\/pforzheim\/#\/schema\/person\/583a525c81b65265ce627b56a7972914"},"headline":"Sonnenglas","datePublished":"2019-02-05T08:43:59+00:00","dateModified":"2019-03-03T22:15:49+00:00","mainEntityOfPage":{"@id":"https:\/\/weltlaeden.de\/pforzheim\/sonnenglas\/"},"wordCount":208,"image":{"@id":"https:\/\/weltlaeden.de\/pforzheim\/sonnenglas\/#primaryimage"},"thumbnailUrl":"https:\/\/weltlaeden.de\/pforzheim\/wp-content\/uploads\/sites\/61\/2018\/04\/sonnenglas.gif","articleSection":["Produkte"],"inLanguage":"de"},{"@type":"WebPage","@id":"https:\/\/weltlaeden.de\/pforzheim\/sonnenglas\/","url":"https:\/\/weltlaeden.de\/pforzheim\/sonnenglas\/","name":"Sonnenglas - Weltladen Pforzheim","isPartOf":{"@id":"https:\/\/weltlaeden.de\/pforzheim\/#website"},"primaryImageOfPage":{"@id":"https:\/\/weltlaeden.de\/pforzheim\/sonnenglas\/#primaryimage"},"image":{"@id":"https:\/\/weltlaeden.de\/pforzheim\/sonnenglas\/#primaryimage"},"thumbnailUrl":"https:\/\/weltlaeden.de\/pforzheim\/wp-content\/uploads\/sites\/61\/2018\/04\/sonnenglas.gif","datePublished":"2019-02-05T08:43:59+00:00","dateModified":"2019-03-03T22:15:49+00:00","author":{"@id":"https:\/\/weltlaeden.de\/pforzheim\/#\/schema\/person\/583a525c81b65265ce627b56a7972914"},"breadcrumb":{"@id":"https:\/\/weltlaeden.de\/pforzheim\/sonnenglas\/#breadcrumb"},"inLanguage":"de","potentialAction":[{"@type":"ReadAction","target":["https:\/\/weltlaeden.de\/pforzheim\/sonnenglas\/"]}]},{"@type":"ImageObject","inLanguage":"de","@id":"https:\/\/weltlaeden.de\/pforzheim\/sonnenglas\/#primaryimage","url":"https:\/\/weltlaeden.de\/pforzheim\/wp-content\/uploads\/sites\/61\/2018\/04\/sonnenglas.gif","contentUrl":"https:\/\/weltlaeden.de\/pforzheim\/wp-content\/uploads\/sites\/61\/2018\/04\/sonnenglas.gif","width":494,"height":331},{"@type":"BreadcrumbList","@id":"https:\/\/weltlaeden.de\/pforzheim\/sonnenglas\/#breadcrumb","itemListElement":[{"@type":"ListItem","position":1,"name":"Startseite","item":"https:\/\/weltlaeden.de\/pforzheim\/"},{"@type":"ListItem","position":2,"name":"Sonnenglas"}]},{"@type":"WebSite","@id":"https:\/\/weltlaeden.de\/pforzheim\/#website","url":"https:\/\/weltlaeden.de\/pforzheim\/","name":"Vorlage","description":"Faire Produkte seit 1990","potentialAction":[{"@type":"SearchAction","target":{"@type":"EntryPoint","urlTemplate":"https:\/\/weltlaeden.de\/pforzheim\/?s={search_term_string}"},"query-input":{"@type":"PropertyValueSpecification","valueRequired":true,"valueName":"search_term_string"}}],"inLanguage":"de"},{"@type":"Person","@id":"https:\/\/weltlaeden.de\/pforzheim\/#\/schema\/person\/583a525c81b65265ce627b56a7972914","name":"pforzheim","image":{"@type":"ImageObject","inLanguage":"de","@id":"https:\/\/weltlaeden.de\/pforzheim\/#\/schema\/person\/image\/","url":"https:\/\/secure.gravatar.com\/avatar\/475b1acff6e4ee035607885ba6103a37?s=96&d=mm&r=g","contentUrl":"https:\/\/secure.gravatar.com\/avatar\/475b1acff6e4ee035607885ba6103a37?s=96&d=mm&r=g","caption":"pforzheim"}}]}},"_links":{"self":[{"href":"https:\/\/weltlaeden.de\/pforzheim\/wp-json\/wp\/v2\/posts\/358","targetHints":{"allow":["GET"]}}],"collection":[{"href":"https:\/\/weltlaeden.de\/pforzheim\/wp-json\/wp\/v2\/posts"}],"about":[{"href":"https:\/\/weltlaeden.de\/pforzheim\/wp-json\/wp\/v2\/types\/post"}],"author":[{"embeddable":true,"href":"https:\/\/weltlaeden.de\/pforzheim\/wp-json\/wp\/v2\/users\/90"}],"replies":[{"embeddable":true,"href":"https:\/\/weltlaeden.de\/pforzheim\/wp-json\/wp\/v2\/comments?post=358"}],"version-history":[{"count":4,"href":"https:\/\/weltlaeden.de\/pforzheim\/wp-json\/wp\/v2\/posts\/358\/revisions"}],"predecessor-version":[{"id":434,"href":"https:\/\/weltlaeden.de\/pforzheim\/wp-json\/wp\/v2\/posts\/358\/revisions\/434"}],"wp:featuredmedia":[{"embeddable":true,"href":"https:\/\/weltlaeden.de\/pforzheim\/wp-json\/wp\/v2\/media\/433"}],"wp:attachment":[{"href":"https:\/\/weltlaeden.de\/pforzheim\/wp-json\/wp\/v2\/media?parent=358"}],"wp:term":[{"taxonomy":"category","embeddable":true,"href":"https:\/\/weltlaeden.de\/pforzheim\/wp-json\/wp\/v2\/categories?post=358"},{"taxonomy":"post_tag","embeddable":true,"href":"https:\/\/weltlaeden.de\/pforzheim\/wp-json\/wp\/v2\/tags?post=358"}],"curies":[{"name":"wp","href":"https:\/\/api.w.org\/{rel}","templated":true}]}}