{"id":1249,"date":"2025-07-06T23:20:32","date_gmt":"2025-07-06T21:20:32","guid":{"rendered":"https:\/\/weltlaeden.de\/pforzheim\/?p=1249"},"modified":"2025-07-06T23:34:14","modified_gmt":"2025-07-06T21:34:14","slug":"haengematten-sonnenhuete","status":"publish","type":"post","link":"https:\/\/weltlaeden.de\/pforzheim\/haengematten-sonnenhuete\/","title":{"rendered":"H\u00e4ngematten &amp; Sonnenh\u00fcte"},"content":{"rendered":"<div>\n<div><\/div>\n<blockquote>\n<div><strong>H\u00e4ngematten aus El Salvador<\/strong><\/div>\n<\/blockquote>\n<\/div>\n<div><\/div>\n<div><img loading=\"lazy\" decoding=\"async\" class=\"alignnone size-full wp-image-1251\" src=\"https:\/\/weltlaeden.de\/pforzheim\/wp-content\/uploads\/sites\/61\/2025\/07\/1000031400.jpg\" alt=\"\" width=\"320\" height=\"240\" srcset=\"https:\/\/weltlaeden.de\/pforzheim\/wp-content\/uploads\/sites\/61\/2025\/07\/1000031400.jpg 320w, https:\/\/weltlaeden.de\/pforzheim\/wp-content\/uploads\/sites\/61\/2025\/07\/1000031400-300x225.jpg 300w\" sizes=\"auto, (max-width: 320px) 100vw, 320px\" \/><\/div>\n<div><img loading=\"lazy\" decoding=\"async\" class=\"alignnone size-full wp-image-1250\" src=\"https:\/\/weltlaeden.de\/pforzheim\/wp-content\/uploads\/sites\/61\/2025\/07\/1000031398.jpg\" alt=\"\" width=\"240\" height=\"320\" srcset=\"https:\/\/weltlaeden.de\/pforzheim\/wp-content\/uploads\/sites\/61\/2025\/07\/1000031398.jpg 240w, https:\/\/weltlaeden.de\/pforzheim\/wp-content\/uploads\/sites\/61\/2025\/07\/1000031398-225x300.jpg 225w\" sizes=\"auto, (max-width: 240px) 100vw, 240px\" \/><img loading=\"lazy\" decoding=\"async\" class=\"alignnone size-full wp-image-1254\" src=\"https:\/\/weltlaeden.de\/pforzheim\/wp-content\/uploads\/sites\/61\/2025\/07\/1000031395.jpg\" alt=\"\" width=\"240\" height=\"320\" srcset=\"https:\/\/weltlaeden.de\/pforzheim\/wp-content\/uploads\/sites\/61\/2025\/07\/1000031395.jpg 240w, https:\/\/weltlaeden.de\/pforzheim\/wp-content\/uploads\/sites\/61\/2025\/07\/1000031395-225x300.jpg 225w\" sizes=\"auto, (max-width: 240px) 100vw, 240px\" \/><\/div>\n<div>\n<blockquote>\n<div><\/div>\n<\/blockquote>\n<div>Stabil und farbenfroh sind die H\u00e4ngematten und Sitze. Wie gut l\u00e4sst es sich darin tr\u00e4umen! Und f\u00fcr die Kunsthandwerker*innen erf\u00fcllt sich der Traum vom sicheren Einkommen.<\/div>\n<\/div>\n<div><\/div>\n<div>\n<div><em>Unser Lieferant ist\u00a0 globo<\/em><\/div>\n<\/div>\n<div><\/div>\n<div><\/div>\n<div>\n<p><img loading=\"lazy\" decoding=\"async\" src=\"https:\/\/weltlaeden.de\/pforzheim\/wp-content\/uploads\/sites\/61\/2025\/07\/1000031406.jpg\" alt=\"\" width=\"0\" height=\"0\" \/><\/p>\n<div><\/div>\n<blockquote>\n<div><strong>Handgefertigte Sonnenh\u00fcte<\/strong><\/div>\n<\/blockquote>\n<\/div>\n<div><\/div>\n<div><img loading=\"lazy\" decoding=\"async\" class=\"alignnone size-full wp-image-1253\" src=\"https:\/\/weltlaeden.de\/pforzheim\/wp-content\/uploads\/sites\/61\/2025\/07\/1000031406.jpg\" alt=\"\" width=\"240\" height=\"320\" srcset=\"https:\/\/weltlaeden.de\/pforzheim\/wp-content\/uploads\/sites\/61\/2025\/07\/1000031406.jpg 240w, https:\/\/weltlaeden.de\/pforzheim\/wp-content\/uploads\/sites\/61\/2025\/07\/1000031406-225x300.jpg 225w\" sizes=\"auto, (max-width: 240px) 100vw, 240px\" \/><img loading=\"lazy\" decoding=\"async\" class=\"alignnone size-full wp-image-1252\" src=\"https:\/\/weltlaeden.de\/pforzheim\/wp-content\/uploads\/sites\/61\/2025\/07\/1000031402.jpg\" alt=\"\" width=\"240\" height=\"320\" srcset=\"https:\/\/weltlaeden.de\/pforzheim\/wp-content\/uploads\/sites\/61\/2025\/07\/1000031402.jpg 240w, https:\/\/weltlaeden.de\/pforzheim\/wp-content\/uploads\/sites\/61\/2025\/07\/1000031402-225x300.jpg 225w\" sizes=\"auto, (max-width: 240px) 100vw, 240px\" \/><\/div>\n<div>\n<div>\n<blockquote>\n<div><\/div>\n<\/blockquote>\n<div>Diese Sonnenh\u00fcte kommen aus den Regenw\u00e4ldern des Amazonas. Aus den weichen, strapazierf\u00e4higen Bl\u00e4tterfasern der Buntipalme werden die H\u00fcte von Hand geflochten.<\/div>\n<div>Wenn Sie den Hut nass machen und dann anziehen k\u00f6nnen Sie ihn individuell f\u00fcr Ihre Kopfgr\u00f6\u00dfe formen.<\/div>\n<div>Sie k\u00f6nnen den Hut auch rollen und falzen &#8211; er passt in jeden Koffer.<\/div>\n<\/div>\n<div><\/div>\n<div>\n<div><em>Unser Lieferant ist der Regenwaldladen<\/em><\/div>\n<\/div>\n<\/div>\n<div><\/div>\n<div><\/div>\n<div><\/div>\n","protected":false},"excerpt":{"rendered":"<p>H\u00e4ngematten aus El Salvador Stabil und farbenfroh sind die H\u00e4ngematten und Sitze. Wie gut l\u00e4sst es sich darin tr\u00e4umen! Und f\u00fcr die Kunsthandwerker*innen erf\u00fcllt sich der Traum vom sicheren Einkommen. Unser Lieferant ist\u00a0 globo Handgefertigte Sonnenh\u00fcte Diese Sonnenh\u00fcte kommen aus den Regenw\u00e4ldern des Amazonas. Aus den weichen, strapazierf\u00e4higen Bl\u00e4tterfasern der Buntipalme werden die H\u00fcte von&hellip;<\/p>\n","protected":false},"author":90,"featured_media":0,"comment_status":"closed","ping_status":"closed","sticky":false,"template":"","format":"standard","meta":{"footnotes":""},"categories":[8,12],"tags":[],"class_list":["post-1249","post","type-post","status-publish","format-standard","hentry","category-neues","category-produkte","category-8","category-12","description-off"],"yoast_head":"<!-- This site is optimized with the Yoast SEO plugin v26.8 - https:\/\/yoast.com\/product\/yoast-seo-wordpress\/ -->\n<title>H\u00e4ngematten &amp; Sonnenh\u00fcte - Weltladen Pforzheim<\/title>\n<meta name=\"robots\" content=\"index, follow, max-snippet:-1, max-image-preview:large, max-video-preview:-1\" \/>\n<link rel=\"canonical\" href=\"https:\/\/weltlaeden.de\/pforzheim\/haengematten-sonnenhuete\/\" \/>\n<meta property=\"og:locale\" content=\"de_DE\" \/>\n<meta property=\"og:type\" content=\"article\" \/>\n<meta property=\"og:title\" content=\"H\u00e4ngematten &amp; Sonnenh\u00fcte - Weltladen Pforzheim\" \/>\n<meta property=\"og:description\" content=\"H\u00e4ngematten aus El Salvador Stabil und farbenfroh sind die H\u00e4ngematten und Sitze. Wie gut l\u00e4sst es sich darin tr\u00e4umen! Und f\u00fcr die Kunsthandwerker*innen erf\u00fcllt sich der Traum vom sicheren Einkommen. Unser Lieferant ist\u00a0 globo Handgefertigte Sonnenh\u00fcte Diese Sonnenh\u00fcte kommen aus den Regenw\u00e4ldern des Amazonas. Aus den weichen, strapazierf\u00e4higen Bl\u00e4tterfasern der Buntipalme werden die H\u00fcte von&hellip;\" \/>\n<meta property=\"og:url\" content=\"https:\/\/weltlaeden.de\/pforzheim\/haengematten-sonnenhuete\/\" \/>\n<meta property=\"og:site_name\" content=\"Weltladen Pforzheim\" \/>\n<meta property=\"article:published_time\" content=\"2025-07-06T21:20:32+00:00\" \/>\n<meta property=\"article:modified_time\" content=\"2025-07-06T21:34:14+00:00\" \/>\n<meta property=\"og:image\" content=\"https:\/\/weltlaeden.de\/pforzheim\/wp-content\/uploads\/sites\/61\/2025\/07\/1000031400.jpg\" \/>\n\t<meta property=\"og:image:width\" content=\"320\" \/>\n\t<meta property=\"og:image:height\" content=\"240\" \/>\n\t<meta property=\"og:image:type\" content=\"image\/jpeg\" \/>\n<meta name=\"author\" content=\"pforzheim\" \/>\n<meta name=\"twitter:card\" content=\"summary_large_image\" \/>\n<meta name=\"twitter:label1\" content=\"Verfasst von\" \/>\n\t<meta name=\"twitter:data1\" content=\"pforzheim\" \/>\n\t<meta name=\"twitter:label2\" content=\"Gesch\u00e4tzte Lesezeit\" \/>\n\t<meta name=\"twitter:data2\" content=\"2\u00a0Minuten\" \/>\n<script type=\"application\/ld+json\" class=\"yoast-schema-graph\">{\"@context\":\"https:\/\/schema.org\",\"@graph\":[{\"@type\":\"Article\",\"@id\":\"https:\/\/weltlaeden.de\/pforzheim\/haengematten-sonnenhuete\/#article\",\"isPartOf\":{\"@id\":\"https:\/\/weltlaeden.de\/pforzheim\/haengematten-sonnenhuete\/\"},\"author\":{\"name\":\"pforzheim\",\"@id\":\"https:\/\/weltlaeden.de\/pforzheim\/#\/schema\/person\/583a525c81b65265ce627b56a7972914\"},\"headline\":\"H\u00e4ngematten &amp; Sonnenh\u00fcte\",\"datePublished\":\"2025-07-06T21:20:32+00:00\",\"dateModified\":\"2025-07-06T21:34:14+00:00\",\"mainEntityOfPage\":{\"@id\":\"https:\/\/weltlaeden.de\/pforzheim\/haengematten-sonnenhuete\/\"},\"wordCount\":115,\"image\":{\"@id\":\"https:\/\/weltlaeden.de\/pforzheim\/haengematten-sonnenhuete\/#primaryimage\"},\"thumbnailUrl\":\"https:\/\/weltlaeden.de\/pforzheim\/wp-content\/uploads\/sites\/61\/2025\/07\/1000031400.jpg\",\"articleSection\":[\"Neuigkeiten\",\"Produkte\"],\"inLanguage\":\"de\"},{\"@type\":\"WebPage\",\"@id\":\"https:\/\/weltlaeden.de\/pforzheim\/haengematten-sonnenhuete\/\",\"url\":\"https:\/\/weltlaeden.de\/pforzheim\/haengematten-sonnenhuete\/\",\"name\":\"H\u00e4ngematten &amp; Sonnenh\u00fcte - Weltladen Pforzheim\",\"isPartOf\":{\"@id\":\"https:\/\/weltlaeden.de\/pforzheim\/#website\"},\"primaryImageOfPage\":{\"@id\":\"https:\/\/weltlaeden.de\/pforzheim\/haengematten-sonnenhuete\/#primaryimage\"},\"image\":{\"@id\":\"https:\/\/weltlaeden.de\/pforzheim\/haengematten-sonnenhuete\/#primaryimage\"},\"thumbnailUrl\":\"https:\/\/weltlaeden.de\/pforzheim\/wp-content\/uploads\/sites\/61\/2025\/07\/1000031400.jpg\",\"datePublished\":\"2025-07-06T21:20:32+00:00\",\"dateModified\":\"2025-07-06T21:34:14+00:00\",\"author\":{\"@id\":\"https:\/\/weltlaeden.de\/pforzheim\/#\/schema\/person\/583a525c81b65265ce627b56a7972914\"},\"breadcrumb\":{\"@id\":\"https:\/\/weltlaeden.de\/pforzheim\/haengematten-sonnenhuete\/#breadcrumb\"},\"inLanguage\":\"de\",\"potentialAction\":[{\"@type\":\"ReadAction\",\"target\":[\"https:\/\/weltlaeden.de\/pforzheim\/haengematten-sonnenhuete\/\"]}]},{\"@type\":\"ImageObject\",\"inLanguage\":\"de\",\"@id\":\"https:\/\/weltlaeden.de\/pforzheim\/haengematten-sonnenhuete\/#primaryimage\",\"url\":\"https:\/\/weltlaeden.de\/pforzheim\/wp-content\/uploads\/sites\/61\/2025\/07\/1000031400.jpg\",\"contentUrl\":\"https:\/\/weltlaeden.de\/pforzheim\/wp-content\/uploads\/sites\/61\/2025\/07\/1000031400.jpg\",\"width\":320,\"height\":240},{\"@type\":\"BreadcrumbList\",\"@id\":\"https:\/\/weltlaeden.de\/pforzheim\/haengematten-sonnenhuete\/#breadcrumb\",\"itemListElement\":[{\"@type\":\"ListItem\",\"position\":1,\"name\":\"Startseite\",\"item\":\"https:\/\/weltlaeden.de\/pforzheim\/\"},{\"@type\":\"ListItem\",\"position\":2,\"name\":\"H\u00e4ngematten &amp; Sonnenh\u00fcte\"}]},{\"@type\":\"WebSite\",\"@id\":\"https:\/\/weltlaeden.de\/pforzheim\/#website\",\"url\":\"https:\/\/weltlaeden.de\/pforzheim\/\",\"name\":\"Vorlage\",\"description\":\"Faire Produkte seit 1990\",\"potentialAction\":[{\"@type\":\"SearchAction\",\"target\":{\"@type\":\"EntryPoint\",\"urlTemplate\":\"https:\/\/weltlaeden.de\/pforzheim\/?s={search_term_string}\"},\"query-input\":{\"@type\":\"PropertyValueSpecification\",\"valueRequired\":true,\"valueName\":\"search_term_string\"}}],\"inLanguage\":\"de\"},{\"@type\":\"Person\",\"@id\":\"https:\/\/weltlaeden.de\/pforzheim\/#\/schema\/person\/583a525c81b65265ce627b56a7972914\",\"name\":\"pforzheim\",\"image\":{\"@type\":\"ImageObject\",\"inLanguage\":\"de\",\"@id\":\"https:\/\/weltlaeden.de\/pforzheim\/#\/schema\/person\/image\/\",\"url\":\"https:\/\/secure.gravatar.com\/avatar\/475b1acff6e4ee035607885ba6103a37?s=96&d=mm&r=g\",\"contentUrl\":\"https:\/\/secure.gravatar.com\/avatar\/475b1acff6e4ee035607885ba6103a37?s=96&d=mm&r=g\",\"caption\":\"pforzheim\"}}]}<\/script>\n<!-- \/ Yoast SEO plugin. -->","yoast_head_json":{"title":"H\u00e4ngematten &amp; Sonnenh\u00fcte - Weltladen Pforzheim","robots":{"index":"index","follow":"follow","max-snippet":"max-snippet:-1","max-image-preview":"max-image-preview:large","max-video-preview":"max-video-preview:-1"},"canonical":"https:\/\/weltlaeden.de\/pforzheim\/haengematten-sonnenhuete\/","og_locale":"de_DE","og_type":"article","og_title":"H\u00e4ngematten &amp; Sonnenh\u00fcte - Weltladen Pforzheim","og_description":"H\u00e4ngematten aus El Salvador Stabil und farbenfroh sind die H\u00e4ngematten und Sitze. Wie gut l\u00e4sst es sich darin tr\u00e4umen! Und f\u00fcr die Kunsthandwerker*innen erf\u00fcllt sich der Traum vom sicheren Einkommen. Unser Lieferant ist\u00a0 globo Handgefertigte Sonnenh\u00fcte Diese Sonnenh\u00fcte kommen aus den Regenw\u00e4ldern des Amazonas. Aus den weichen, strapazierf\u00e4higen Bl\u00e4tterfasern der Buntipalme werden die H\u00fcte von&hellip;","og_url":"https:\/\/weltlaeden.de\/pforzheim\/haengematten-sonnenhuete\/","og_site_name":"Weltladen Pforzheim","article_published_time":"2025-07-06T21:20:32+00:00","article_modified_time":"2025-07-06T21:34:14+00:00","og_image":[{"width":320,"height":240,"url":"https:\/\/weltlaeden.de\/pforzheim\/wp-content\/uploads\/sites\/61\/2025\/07\/1000031400.jpg","type":"image\/jpeg"}],"author":"pforzheim","twitter_card":"summary_large_image","twitter_misc":{"Verfasst von":"pforzheim","Gesch\u00e4tzte Lesezeit":"2\u00a0Minuten"},"schema":{"@context":"https:\/\/schema.org","@graph":[{"@type":"Article","@id":"https:\/\/weltlaeden.de\/pforzheim\/haengematten-sonnenhuete\/#article","isPartOf":{"@id":"https:\/\/weltlaeden.de\/pforzheim\/haengematten-sonnenhuete\/"},"author":{"name":"pforzheim","@id":"https:\/\/weltlaeden.de\/pforzheim\/#\/schema\/person\/583a525c81b65265ce627b56a7972914"},"headline":"H\u00e4ngematten &amp; Sonnenh\u00fcte","datePublished":"2025-07-06T21:20:32+00:00","dateModified":"2025-07-06T21:34:14+00:00","mainEntityOfPage":{"@id":"https:\/\/weltlaeden.de\/pforzheim\/haengematten-sonnenhuete\/"},"wordCount":115,"image":{"@id":"https:\/\/weltlaeden.de\/pforzheim\/haengematten-sonnenhuete\/#primaryimage"},"thumbnailUrl":"https:\/\/weltlaeden.de\/pforzheim\/wp-content\/uploads\/sites\/61\/2025\/07\/1000031400.jpg","articleSection":["Neuigkeiten","Produkte"],"inLanguage":"de"},{"@type":"WebPage","@id":"https:\/\/weltlaeden.de\/pforzheim\/haengematten-sonnenhuete\/","url":"https:\/\/weltlaeden.de\/pforzheim\/haengematten-sonnenhuete\/","name":"H\u00e4ngematten &amp; Sonnenh\u00fcte - Weltladen Pforzheim","isPartOf":{"@id":"https:\/\/weltlaeden.de\/pforzheim\/#website"},"primaryImageOfPage":{"@id":"https:\/\/weltlaeden.de\/pforzheim\/haengematten-sonnenhuete\/#primaryimage"},"image":{"@id":"https:\/\/weltlaeden.de\/pforzheim\/haengematten-sonnenhuete\/#primaryimage"},"thumbnailUrl":"https:\/\/weltlaeden.de\/pforzheim\/wp-content\/uploads\/sites\/61\/2025\/07\/1000031400.jpg","datePublished":"2025-07-06T21:20:32+00:00","dateModified":"2025-07-06T21:34:14+00:00","author":{"@id":"https:\/\/weltlaeden.de\/pforzheim\/#\/schema\/person\/583a525c81b65265ce627b56a7972914"},"breadcrumb":{"@id":"https:\/\/weltlaeden.de\/pforzheim\/haengematten-sonnenhuete\/#breadcrumb"},"inLanguage":"de","potentialAction":[{"@type":"ReadAction","target":["https:\/\/weltlaeden.de\/pforzheim\/haengematten-sonnenhuete\/"]}]},{"@type":"ImageObject","inLanguage":"de","@id":"https:\/\/weltlaeden.de\/pforzheim\/haengematten-sonnenhuete\/#primaryimage","url":"https:\/\/weltlaeden.de\/pforzheim\/wp-content\/uploads\/sites\/61\/2025\/07\/1000031400.jpg","contentUrl":"https:\/\/weltlaeden.de\/pforzheim\/wp-content\/uploads\/sites\/61\/2025\/07\/1000031400.jpg","width":320,"height":240},{"@type":"BreadcrumbList","@id":"https:\/\/weltlaeden.de\/pforzheim\/haengematten-sonnenhuete\/#breadcrumb","itemListElement":[{"@type":"ListItem","position":1,"name":"Startseite","item":"https:\/\/weltlaeden.de\/pforzheim\/"},{"@type":"ListItem","position":2,"name":"H\u00e4ngematten &amp; Sonnenh\u00fcte"}]},{"@type":"WebSite","@id":"https:\/\/weltlaeden.de\/pforzheim\/#website","url":"https:\/\/weltlaeden.de\/pforzheim\/","name":"Vorlage","description":"Faire Produkte seit 1990","potentialAction":[{"@type":"SearchAction","target":{"@type":"EntryPoint","urlTemplate":"https:\/\/weltlaeden.de\/pforzheim\/?s={search_term_string}"},"query-input":{"@type":"PropertyValueSpecification","valueRequired":true,"valueName":"search_term_string"}}],"inLanguage":"de"},{"@type":"Person","@id":"https:\/\/weltlaeden.de\/pforzheim\/#\/schema\/person\/583a525c81b65265ce627b56a7972914","name":"pforzheim","image":{"@type":"ImageObject","inLanguage":"de","@id":"https:\/\/weltlaeden.de\/pforzheim\/#\/schema\/person\/image\/","url":"https:\/\/secure.gravatar.com\/avatar\/475b1acff6e4ee035607885ba6103a37?s=96&d=mm&r=g","contentUrl":"https:\/\/secure.gravatar.com\/avatar\/475b1acff6e4ee035607885ba6103a37?s=96&d=mm&r=g","caption":"pforzheim"}}]}},"_links":{"self":[{"href":"https:\/\/weltlaeden.de\/pforzheim\/wp-json\/wp\/v2\/posts\/1249","targetHints":{"allow":["GET"]}}],"collection":[{"href":"https:\/\/weltlaeden.de\/pforzheim\/wp-json\/wp\/v2\/posts"}],"about":[{"href":"https:\/\/weltlaeden.de\/pforzheim\/wp-json\/wp\/v2\/types\/post"}],"author":[{"embeddable":true,"href":"https:\/\/weltlaeden.de\/pforzheim\/wp-json\/wp\/v2\/users\/90"}],"replies":[{"embeddable":true,"href":"https:\/\/weltlaeden.de\/pforzheim\/wp-json\/wp\/v2\/comments?post=1249"}],"version-history":[{"count":11,"href":"https:\/\/weltlaeden.de\/pforzheim\/wp-json\/wp\/v2\/posts\/1249\/revisions"}],"predecessor-version":[{"id":1265,"href":"https:\/\/weltlaeden.de\/pforzheim\/wp-json\/wp\/v2\/posts\/1249\/revisions\/1265"}],"wp:attachment":[{"href":"https:\/\/weltlaeden.de\/pforzheim\/wp-json\/wp\/v2\/media?parent=1249"}],"wp:term":[{"taxonomy":"category","embeddable":true,"href":"https:\/\/weltlaeden.de\/pforzheim\/wp-json\/wp\/v2\/categories?post=1249"},{"taxonomy":"post_tag","embeddable":true,"href":"https:\/\/weltlaeden.de\/pforzheim\/wp-json\/wp\/v2\/tags?post=1249"}],"curies":[{"name":"wp","href":"https:\/\/api.w.org\/{rel}","templated":true}]}}