{"id":2700,"date":"2022-03-01T18:17:11","date_gmt":"2022-03-01T17:17:11","guid":{"rendered":"https:\/\/weltlaeden.de\/osterstrasse\/?p=2700"},"modified":"2022-03-01T18:18:35","modified_gmt":"2022-03-01T17:18:35","slug":"she-leads-the-way","status":"publish","type":"post","link":"https:\/\/weltlaeden.de\/osterstrasse\/she-leads-the-way\/","title":{"rendered":"Frauen im Fairen Handel: She Leads The Way"},"content":{"rendered":"<div class=\"wpb-content-wrapper\"><p>[vc_row][vc_column][vc_column_text]<\/p>\n<p style=\"text-align: left\"><span style=\"color: #808080\">Wir feiern die starken Frauen von Fair-Handels-Unternehmen wie <a href=\"https:\/\/weltlaeden.de\/osterstrasse\/fairer-handel\/fairer-handel-macht-frauen-stark\/eswatini\/\">Eswatini Kitchen<\/a>, <a href=\"https:\/\/weltlaeden.de\/osterstrasse\/fairer-handel\/fairer-handel-macht-frauen-stark\/aprolma\/\">Aprolma<\/a>, <a href=\"https:\/\/weltlaeden.de\/osterstrasse\/fairer-handel\/fairer-handel-macht-frauen-stark\/awr\/\">All Women Recycling<\/a> oder <a href=\"https:\/\/weltlaeden.de\/osterstrasse\/fairer-handel\/fairer-handel-macht-frauen-stark\/canaan-fair-trade\/\">Canaan Fair Trade<\/a> (Fotos: GEPA &#8211; The Fair Trade Company \/ A. Welsing, El Puente \/ M. Sommer, Contigo Fairtrade GmbH, WeltPartner eG)<\/span><\/p>\n<p>[\/vc_column_text][\/vc_column][\/vc_row][vc_row][vc_column][vc_empty_space][\/vc_column][\/vc_row][vc_row][vc_column][vc_column_text]<\/p>\n<h1>Frauen im Fairen Handel: She Leads The Way<\/h1>\n<p>Der Faire Handel gilt als wegweisend f\u00fcr die Gleichstellung der Geschlechter und das Empowerment von Frauen. Frauen leisten weltweit den Gro\u00dfteil der Erwerbs- und Reproduktionsarbeit. Trotzdem werden sie in vielen Bereichen immer noch strukturell benachteiligt.<\/p>\n<p>Der Faire Handel zeigt, dass es auch anders geht: Die Gleichstellung der Geschlechter und die wirtschaftliche St\u00e4rkung von Frauen stehen hier im Mittelpunkt. Denn wir k\u00f6nnen eine gerechtere Welt, in der Geschlechter- und Klimagerechtigkeit in jedem Unternehmen verankert sind, nur durch die St\u00e4rkung von Frauen erreichen. Frauen in Fair-Handels-Unternehmen erreichen mit einer viermal so hohen Wahrscheinlichkeit eine Position in den obersten F\u00fchrungsebenen, zum Beispiel als Gesch\u00e4ftsf\u00fchrerinnen oder Vorst\u00e4ndinnen, als in konventionellen Unternehmen. Dar\u00fcber hinaus werden ihre Rechte respektiert. Frauen sind sichtbar und werden geh\u00f6rt.<\/p>\n<p>Anl\u00e4sslich des diesj\u00e4hrigen Weltfrauentags am 8. M\u00e4rz ruft die World Fair Trade Organization (WFTO) zur <strong>Aktion <\/strong><a href=\"https:\/\/wfto.com\/womensday2022\/\">SheLeadsTheWay<\/a> auf. In der Woche, die auf den 8. M\u00e4rz hinf\u00fchrt, werden jeden Tag verschiedene Bereiche herausgehoben und gefeiert, in denen Frauen zur L\u00f6sung der dr\u00e4ngenden heutigen Probleme beitragen. Machen Sie mit!<\/p>\n<p>Lesen Sie hier mehr \u00fcber <a href=\"https:\/\/weltlaeden.de\/osterstrasse\/fairer-handel\/fairer-handel-macht-frauen-stark\/\">starke Frauen im Fairen Handel<\/a>.<\/p>\n<p>&nbsp;<\/p>\n<div id=\"attachment_2702\" style=\"width: 1034px\" class=\"wp-caption alignnone\"><img loading=\"lazy\" decoding=\"async\" aria-describedby=\"caption-attachment-2702\" class=\"wp-image-2702 size-full\" src=\"https:\/\/weltlaeden.de\/osterstrasse\/wp-content\/uploads\/sites\/17\/2022\/03\/Frauen-im-Fairen-Handel.jpg\" alt=\"\" width=\"1024\" height=\"819\" srcset=\"https:\/\/weltlaeden.de\/osterstrasse\/wp-content\/uploads\/sites\/17\/2022\/03\/Frauen-im-Fairen-Handel.jpg 1024w, https:\/\/weltlaeden.de\/osterstrasse\/wp-content\/uploads\/sites\/17\/2022\/03\/Frauen-im-Fairen-Handel-300x240.jpg 300w, https:\/\/weltlaeden.de\/osterstrasse\/wp-content\/uploads\/sites\/17\/2022\/03\/Frauen-im-Fairen-Handel-768x614.jpg 768w\" sizes=\"auto, (max-width: 1024px) 100vw, 1024px\" \/><p id=\"caption-attachment-2702\" class=\"wp-caption-text\">Kurz\u00fcbersicht: Frauen im Fairen Handel, Quelle: World Fair Trade Organization (WFTO) \/ Forum Fairer Handel<\/p><\/div>\n<p>[\/vc_column_text][\/vc_column][\/vc_row]<\/p>\n<\/div>","protected":false},"excerpt":{"rendered":"<p>Anl\u00e4sslich des diesj\u00e4hrigen Weltfrauentags am 8. M\u00e4rz ruft die World Fair Trade Organization (WFTO) zur Aktion #SheLeadsTheWay auf. Denn Frauen werden in vielen Bereichen immer noch strukturell benachteiligt. Der Faire Handel zeigt, dass es auch anders geht.<\/p>\n","protected":false},"author":24,"featured_media":2704,"comment_status":"closed","ping_status":"closed","sticky":false,"template":"","format":"standard","meta":{"footnotes":""},"categories":[8,12],"tags":[],"class_list":["post-2700","post","type-post","status-publish","format-standard","has-post-thumbnail","hentry","category-neues","category-sidebar","category-8","category-12","description-off"],"_links":{"self":[{"href":"https:\/\/weltlaeden.de\/osterstrasse\/wp-json\/wp\/v2\/posts\/2700","targetHints":{"allow":["GET"]}}],"collection":[{"href":"https:\/\/weltlaeden.de\/osterstrasse\/wp-json\/wp\/v2\/posts"}],"about":[{"href":"https:\/\/weltlaeden.de\/osterstrasse\/wp-json\/wp\/v2\/types\/post"}],"author":[{"embeddable":true,"href":"https:\/\/weltlaeden.de\/osterstrasse\/wp-json\/wp\/v2\/users\/24"}],"replies":[{"embeddable":true,"href":"https:\/\/weltlaeden.de\/osterstrasse\/wp-json\/wp\/v2\/comments?post=2700"}],"version-history":[{"count":5,"href":"https:\/\/weltlaeden.de\/osterstrasse\/wp-json\/wp\/v2\/posts\/2700\/revisions"}],"predecessor-version":[{"id":2708,"href":"https:\/\/weltlaeden.de\/osterstrasse\/wp-json\/wp\/v2\/posts\/2700\/revisions\/2708"}],"wp:featuredmedia":[{"embeddable":true,"href":"https:\/\/weltlaeden.de\/osterstrasse\/wp-json\/wp\/v2\/media\/2704"}],"wp:attachment":[{"href":"https:\/\/weltlaeden.de\/osterstrasse\/wp-json\/wp\/v2\/media?parent=2700"}],"wp:term":[{"taxonomy":"category","embeddable":true,"href":"https:\/\/weltlaeden.de\/osterstrasse\/wp-json\/wp\/v2\/categories?post=2700"},{"taxonomy":"post_tag","embeddable":true,"href":"https:\/\/weltlaeden.de\/osterstrasse\/wp-json\/wp\/v2\/tags?post=2700"}],"curies":[{"name":"wp","href":"https:\/\/api.w.org\/{rel}","templated":true}]}}