{"id":2649,"date":"2022-01-31T15:12:09","date_gmt":"2022-01-31T14:12:09","guid":{"rendered":"https:\/\/weltlaeden.de\/osterstrasse\/?p=2649"},"modified":"2022-02-01T12:35:07","modified_gmt":"2022-02-01T11:35:07","slug":"lieblingsstuecke","status":"publish","type":"post","link":"https:\/\/weltlaeden.de\/osterstrasse\/lieblingsstuecke\/","title":{"rendered":"Unsere Lieblingsst\u00fccke suchen ein neues Zuhause"},"content":{"rendered":"<div class=\"wpb-content-wrapper\"><p>[vc_row][vc_column][vc_column_text]<\/p>\n<h1>Unsere Lieblingsst\u00fccke suchen ein neues Zuhause<\/h1>\n<p>Unsere Lieblingsst\u00fccke gibt es im Februar reduziert mit 40% Rabatt. Alle wurden mit Stolz und in W\u00fcrde hergestellt und erz\u00e4hlen von der Vielfalt des Fairen Handels. Es gibt gro\u00dfe und kleine Produkte zum FAIRlieben aus den Bereichen K\u00fcche und Bad, Interieur, Lederwaren, Accessoires und Schmuck.\u00a0 Jetzt suchen sie ein neues Zuhause.<\/p>\n<p><strong>\u00a0<\/strong>[\/vc_column_text][vc_empty_space][\/vc_column][\/vc_row][vc_row][vc_column width=&#8220;1\/2&#8243;]<div class=\"wl_einzelbild\"><p><img loading=\"lazy\" decoding=\"async\" class=\"alignnone size-full wp-image-2656\" src=\"https:\/\/weltlaeden.de\/osterstrasse\/wp-content\/uploads\/sites\/17\/2022\/01\/Lieblingsstueck_Deko-Eule_aus_Indien_2.jpeg.jpg\" alt=\"\" width=\"452\" height=\"565\" \/><\/p><\/div>[\/vc_column][vc_column width=&#8220;1\/2&#8243;][vc_column_text]<\/p>\n<h2><strong><span style=\"color: #ff9900\">Deko-Eule aus Indien<\/span><\/strong><\/h2>\n<p>Die <strong>Deko-Eule<\/strong> aus Baumwolle mit einer F\u00fcllung aus Kapok und Sand ist dabei ein wahrer Hingucker. Sie wurde in <strong>Indien<\/strong> von <strong>Sasha<\/strong> hergestellt und kann als T\u00fcrstopper oder Kissen verwendet werden. Sasha steht f\u00fcr die Verbesserung der Lebensbedingungen der Produzent*innen sowie f\u00fcr den Erhalt der indischen Kunsthandwerkstechniken, wie bspw. der Arbeit an Handwebst\u00fchlen. \u201eDie Zusammenarbeit mit Fair-Handels-Organisationen hat uns geholfen, die Handwerker*innen und ihre F\u00e4higkeiten zu st\u00e4rken, ihre Kultur und Kreativit\u00e4t zu erhalten und zu f\u00f6rdern\u201c, betont Roopa Mehta, die Gesch\u00e4ftsf\u00fchrerin von Sasha.[\/vc_column_text][\/vc_column][\/vc_row][vc_row][vc_column width=&#8220;1\/2&#8243;]<div class=\"wl_einzelbild\"><p><img loading=\"lazy\" decoding=\"async\" class=\"alignnone size-full wp-image-2654\" src=\"https:\/\/weltlaeden.de\/osterstrasse\/wp-content\/uploads\/sites\/17\/2022\/01\/Lieblingsstueck_Schultertasche_aus_Indien.jpeg.jpg\" alt=\"\" width=\"800\" height=\"1000\" \/><\/p><\/div>[\/vc_column][vc_column width=&#8220;1\/2&#8243;][vc_column_text]<\/p>\n<h2><span style=\"color: #ff9900\"><strong>Schultertasche aus Indien<br \/>\n<\/strong><\/span><\/h2>\n<p>Ebenfalls in <strong>Indien<\/strong> wird bei <strong>Madhya Kalikata Shilpangan<\/strong> aus Kolkata die <strong>lila Schultertasche aus Rindsnappa<\/strong> hergestellt. Die Organisation verfolgt das Ziel, einzigartige Kunsthandwerkstechniken aus verschiedenen Regionen Indiens zu erhalten. Durch den Fairen Handel verbessern sie die Lebensperspektive der Produzent*innen nachhaltig.[\/vc_column_text][\/vc_column][\/vc_row][vc_row][vc_column width=&#8220;1\/2&#8243;]<div class=\"wl_einzelbild\"><p><img loading=\"lazy\" decoding=\"async\" class=\"alignnone size-full wp-image-2653\" src=\"https:\/\/weltlaeden.de\/osterstrasse\/wp-content\/uploads\/sites\/17\/2022\/01\/Lieblingsstueck_Alpaka-Weste_aus_Peru.jpeg.jpg\" alt=\"\" width=\"800\" height=\"1000\" \/><\/p><\/div>[\/vc_column][vc_column width=&#8220;1\/2&#8243;][vc_column_text]<\/p>\n<h2><span style=\"color: #ff9900\"><strong>Alpaka Damen Weste aus Peru<br \/>\n<\/strong><\/span><\/h2>\n<p>Aus <strong>Peru<\/strong> kommt aufwendige Strickkunst mit Alpakawolle, wie die <strong>weinrote Damen Weste aus 100% Alpaka<\/strong> in der Gr\u00f6\u00dfe L. Die Verwendung von Alpakafasern f\u00f6rdert nachhaltige Landwirtschaft in den Anden und erm\u00f6glicht vielen B\u00e4uer*innen eine Lebensgrundlage in ihren Heimatd\u00f6rfern.[\/vc_column_text][\/vc_column][\/vc_row][vc_row][vc_column][vc_empty_space][vc_column_text]<\/p>\n<h2 style=\"text-align: center\"><span style=\"color: #ff9900\">Im Weltladen steht der Mensch im Mittelpunkt. <\/span><br \/>\n<span style=\"color: #ff9900\"><strong>Entdecken Sie jetzt Ihr Produkt zum FAIRlieben!<\/strong><\/span><\/h2>\n<p>[\/vc_column_text][\/vc_column][\/vc_row]<\/p>\n<\/div>","protected":false},"excerpt":{"rendered":"<p>Unsere Lieblingsst\u00fccke gibt es im Februar reduziert mit 40% Rabatt. Alle wurden mit Stolz und in W\u00fcrde hergestellt und erz\u00e4hlen von der Vielfalt des Fairen Handels. Es gibt gro\u00dfe und kleine Produkte zum FAIRlieben. Jetzt suchen sie ein neues Zuhause.<\/p>\n","protected":false},"author":24,"featured_media":0,"comment_status":"closed","ping_status":"closed","sticky":false,"template":"","format":"standard","meta":{"footnotes":""},"categories":[8,12],"tags":[],"class_list":["post-2649","post","type-post","status-publish","format-standard","hentry","category-neues","category-sidebar","category-8","category-12","description-off"],"_links":{"self":[{"href":"https:\/\/weltlaeden.de\/osterstrasse\/wp-json\/wp\/v2\/posts\/2649","targetHints":{"allow":["GET"]}}],"collection":[{"href":"https:\/\/weltlaeden.de\/osterstrasse\/wp-json\/wp\/v2\/posts"}],"about":[{"href":"https:\/\/weltlaeden.de\/osterstrasse\/wp-json\/wp\/v2\/types\/post"}],"author":[{"embeddable":true,"href":"https:\/\/weltlaeden.de\/osterstrasse\/wp-json\/wp\/v2\/users\/24"}],"replies":[{"embeddable":true,"href":"https:\/\/weltlaeden.de\/osterstrasse\/wp-json\/wp\/v2\/comments?post=2649"}],"version-history":[{"count":11,"href":"https:\/\/weltlaeden.de\/osterstrasse\/wp-json\/wp\/v2\/posts\/2649\/revisions"}],"predecessor-version":[{"id":2670,"href":"https:\/\/weltlaeden.de\/osterstrasse\/wp-json\/wp\/v2\/posts\/2649\/revisions\/2670"}],"wp:attachment":[{"href":"https:\/\/weltlaeden.de\/osterstrasse\/wp-json\/wp\/v2\/media?parent=2649"}],"wp:term":[{"taxonomy":"category","embeddable":true,"href":"https:\/\/weltlaeden.de\/osterstrasse\/wp-json\/wp\/v2\/categories?post=2649"},{"taxonomy":"post_tag","embeddable":true,"href":"https:\/\/weltlaeden.de\/osterstrasse\/wp-json\/wp\/v2\/tags?post=2649"}],"curies":[{"name":"wp","href":"https:\/\/api.w.org\/{rel}","templated":true}]}}