{"id":2254,"date":"2021-06-01T12:35:24","date_gmt":"2021-06-01T10:35:24","guid":{"rendered":"https:\/\/weltlaeden.de\/osterstrasse\/?p=2254"},"modified":"2021-06-11T09:54:27","modified_gmt":"2021-06-11T07:54:27","slug":"kinder-muessen-kinder-bleiben","status":"publish","type":"post","link":"https:\/\/weltlaeden.de\/osterstrasse\/kinder-muessen-kinder-bleiben\/","title":{"rendered":"Kinder m\u00fcssen Kinder bleiben"},"content":{"rendered":"<div class=\"wpb-content-wrapper\"><p>[vc_row][vc_column][vc_column_text]<\/p>\n<h1>Kinder m\u00fcssen Kinder bleiben<\/h1>\n<p><strong>Kinderarbeit ist h\u00e4ufig eine Folge von Armut: Reicht das Einkommen der Eltern nicht zum Leben aus, m\u00fcssen die Kinder auf Plantagen, in Minen oder in der Prostitution arbeiten. 79 Millionen der insgesamt 160 Millionen Kinder zwischen 5 und 17 Jahren arbeiten dabei in ausbeuterischen oder gef\u00e4hrlichen Verh\u00e4ltnissen. Durch ihren Einsatz als Arbeitskraft haben die Kinder zudem keinen Zugang zu Bildung und damit keine Perspektive auf ein besseres Leben.<\/strong><\/p>\n<p>Auf dem Weg zu einer gerechteren Welt setzen wir uns aktiv gegen ausbeuterische Kinderarbeit ein. Als Weltladen haben wir uns den zehn Prinzipien des<a href=\"https:\/\/weltlaeden.de\/osterstrasse\/fairer-handel\/\"> Fairen Handels<\/a> verschrieben. Das f\u00fcnfte Prinzip stellt dabei sicher: Es gibt im Fairen Handel keine ausbeuterische Kinderarbeit und Zwangsarbeit, denn wir stehen f\u00fcr die Rechte der Kinder und ihr Recht auf Bildung. Weltweit findet 70 Prozent der Kinderarbeit in der Landwirtschaft statt. Die Fair-Handels-Bewegung setzt genau hier an. Unsere Partner*innen der PREDA-Stiftung auf den Philippinen haben zusammen mit WeltPartner das Projekt \u201e<a href=\"https:\/\/www.mangos-fuer-kinderrechte.de\/de\">Mangos f\u00fcr Kinderrechte<\/a>\u201c ins Leben gerufen. Seit \u00fcber 20 Jahren setzen sie damit die Prinzipien des Fairen Handel um. Heute erhalten die Kleinb\u00e4uer*innen auf Cebu 30 Prozent h\u00f6here Preise. \u201eVom Erl\u00f6s der Ernte eines gr\u00f6\u00dferen Mangobaumes k\u00f6nnen zwei Kinder ein Jahr zur Schule geschickt werden\u201c, sagt Pater Shay Cullen von PREDA. Damit k\u00f6nnen die Familien nicht nur von der Landwirtschaft leben, sondern ihren Kindern auch eine Schulbildung und damit eine Perspektive erm\u00f6glichen.[\/vc_column_text][\/vc_column][\/vc_row][vc_row][vc_column][vc_column_text]<span dir=\"ltr\">Bei uns finden Sie neben den <a href=\"https:\/\/weltlaeden.de\/osterstrasse\/produkte\/produkte-des-monats-2\/\">Mango-Schnitzen<\/a> u.a. auch die Mango Fruchtsauce, <\/span><span dir=\"ltr\">die Mango Kokos B\u00e4llchen oder die fruchtigen Mango Monkeys von PREDA. <\/span><span dir=\"ltr\">Lassen Sie uns gemeinsam jeden Tag ein Zeichen gegen Kinderarbeit setzen. <\/span><span dir=\"ltr\">Damit Kinder weiter Kinder bleiben k\u00f6nnen!<\/span>[\/vc_column_text][vc_empty_space]<div class=\"wl_einzelbild\"><p><img loading=\"lazy\" decoding=\"async\" class=\"alignnone size-full wp-image-2255\" src=\"https:\/\/weltlaeden.de\/osterstrasse\/wp-content\/uploads\/sites\/17\/2021\/06\/Preda_Beitragsbild_c_WeltPartner_eG.JPG.jpg\" alt=\"\" width=\"1200\" height=\"600\" srcset=\"https:\/\/weltlaeden.de\/osterstrasse\/wp-content\/uploads\/sites\/17\/2021\/06\/Preda_Beitragsbild_c_WeltPartner_eG.JPG.jpg 1200w, https:\/\/weltlaeden.de\/osterstrasse\/wp-content\/uploads\/sites\/17\/2021\/06\/Preda_Beitragsbild_c_WeltPartner_eG.JPG-300x150.jpg 300w, https:\/\/weltlaeden.de\/osterstrasse\/wp-content\/uploads\/sites\/17\/2021\/06\/Preda_Beitragsbild_c_WeltPartner_eG.JPG-768x384.jpg 768w, https:\/\/weltlaeden.de\/osterstrasse\/wp-content\/uploads\/sites\/17\/2021\/06\/Preda_Beitragsbild_c_WeltPartner_eG.JPG-1024x512.jpg 1024w\" sizes=\"auto, (max-width: 1200px) 100vw, 1200px\" \/><\/p>\n<p>Foto: Der Ire <strong>Pater Shay Cullen<\/strong> k\u00e4mpft seit Jahrzehnten f\u00fcr die Rechte und den Schutz von Kindern auf den Philippinen. Er ist die Antriebsfeder und das Gesicht der international aktiven Kinder- und Menschenrechtsorganisation <strong>Preda (People\u00b4s Recovery, Empowerment and Development Assistance Foundation)<\/strong>. (WeltPartner eG)<\/p><\/div>[\/vc_column][\/vc_row][vc_row][vc_column][\/vc_column][\/vc_row]<\/p>\n<\/div>","protected":false},"excerpt":{"rendered":"<p>Kinderarbeit ist h\u00e4ufig eine Folge von Armut. Weltweit arbeiten 160 Millionen Kinder und werden damit ihrer Zukunft beraubt. Im Fairen Handel gibt es keine ausbeuterische Kinderarbeit und Zwangsarbeit, denn wir stehen f\u00fcr die Rechte der Kinder und ihr Recht auf Bildung. Am 12. Juni ist Welttag gegen Kinderarbeit \u2013 Zeit ein Zeichen zu setzen! <\/p>\n","protected":false},"author":24,"featured_media":2243,"comment_status":"closed","ping_status":"closed","sticky":false,"template":"","format":"standard","meta":{"footnotes":""},"categories":[8,12],"tags":[],"class_list":["post-2254","post","type-post","status-publish","format-standard","has-post-thumbnail","hentry","category-neues","category-sidebar","category-8","category-12","description-off"],"_links":{"self":[{"href":"https:\/\/weltlaeden.de\/osterstrasse\/wp-json\/wp\/v2\/posts\/2254","targetHints":{"allow":["GET"]}}],"collection":[{"href":"https:\/\/weltlaeden.de\/osterstrasse\/wp-json\/wp\/v2\/posts"}],"about":[{"href":"https:\/\/weltlaeden.de\/osterstrasse\/wp-json\/wp\/v2\/types\/post"}],"author":[{"embeddable":true,"href":"https:\/\/weltlaeden.de\/osterstrasse\/wp-json\/wp\/v2\/users\/24"}],"replies":[{"embeddable":true,"href":"https:\/\/weltlaeden.de\/osterstrasse\/wp-json\/wp\/v2\/comments?post=2254"}],"version-history":[{"count":8,"href":"https:\/\/weltlaeden.de\/osterstrasse\/wp-json\/wp\/v2\/posts\/2254\/revisions"}],"predecessor-version":[{"id":2273,"href":"https:\/\/weltlaeden.de\/osterstrasse\/wp-json\/wp\/v2\/posts\/2254\/revisions\/2273"}],"wp:featuredmedia":[{"embeddable":true,"href":"https:\/\/weltlaeden.de\/osterstrasse\/wp-json\/wp\/v2\/media\/2243"}],"wp:attachment":[{"href":"https:\/\/weltlaeden.de\/osterstrasse\/wp-json\/wp\/v2\/media?parent=2254"}],"wp:term":[{"taxonomy":"category","embeddable":true,"href":"https:\/\/weltlaeden.de\/osterstrasse\/wp-json\/wp\/v2\/categories?post=2254"},{"taxonomy":"post_tag","embeddable":true,"href":"https:\/\/weltlaeden.de\/osterstrasse\/wp-json\/wp\/v2\/tags?post=2254"}],"curies":[{"name":"wp","href":"https:\/\/api.w.org\/{rel}","templated":true}]}}