{"id":2178,"date":"2021-04-30T14:17:27","date_gmt":"2021-04-30T12:17:27","guid":{"rendered":"https:\/\/weltlaeden.de\/osterstrasse\/?p=2178"},"modified":"2021-04-30T14:39:17","modified_gmt":"2021-04-30T12:39:17","slug":"build-back-fairer","status":"publish","type":"post","link":"https:\/\/weltlaeden.de\/osterstrasse\/build-back-fairer\/","title":{"rendered":"Weltladentag: Es ist Zeit f\u00fcr &#8222;Build Back Fairer&#8220;!"},"content":{"rendered":"<div class=\"wpb-content-wrapper\"><p>[vc_row][vc_column][vc_column_text]<\/p>\n<h1>Weltladentag: Es ist Zeit f\u00fcr &#8222;Build Back Fairer&#8220;!<\/h1>\n<p>Der 8. Mai 2021 ist der Internationale Tag des Fairen Handels (<a href=\"https:\/\/wfto.com\/fairtradeday2021\/\">World Fair Trade Day<\/a>). An diesem Tag macht die Fair-Handels-Bewegung global auf ihre Vision einer gerechteren Welt sowie eines Handels zum Wohle von Mensch und Umwelt aufmerksam.<\/p>\n<p>Der diesj\u00e4hrige Weltladentag steht im Zeichen des Wandels im Sinne von <a href=\"https:\/\/fairtrade-advocacy.org\/wp-content\/uploads\/2020\/09\/Build-Back-Fairer-Statement_German.pdf\">Build Back Fairer<\/a>: Nach der Pandemie soll es kein Zur\u00fcck zur alten Normalit\u00e4t geben, die Millionen Menschen zur\u00fcckgelassen und Teile unseres Planeten zerst\u00f6rt hat, sondern ein Hin zu einer neuen Normalit\u00e4t \u2013 durch einen sozial gerechten und \u00f6kologisch nachhaltigen Wandel, auf dessen Grundlage eine widerstandsf\u00e4hige \u00f6konomische Zukunft aufbauen kann.<\/p>\n<p>Die Bew\u00e4ltigung der Pandemie gibt der Welt die Chance, nicht nur zu einer besseren Normalit\u00e4t zur\u00fcckzukehren, sondern sie fairer auszugestalten. Mutiges, gemeinsames Handeln ist erforderlich, um die Klimakrise anzugehen und gleichzeitig die Lebensgrundlagen f\u00fcr alle Menschen auf unserem Planeten zu sichern.<\/p>\n<p>Die Fair-Handels-Bewegung zeigt bereits L\u00f6sungen auf f\u00fcr zunehmende Ungleichheit, Armut, Geschlechterdiskriminierung und Umweltzerst\u00f6rung. Handelspartner*innenschaften, die auf Dialog, Transparenz, Respekt und Solidarit\u00e4t beruhen, erm\u00f6glichen es, Mensch und Planet an erste Stelle zu r\u00fccken. Indem sie \u00f6kologische Verfahren und solidarische Prinzipien unterst\u00fctzen, bereiten Fair-Handels-Unternehmen den Weg f\u00fcr einen sozial-\u00f6kologischen Wandel hin zu einer neuen Form des Wirtschaftens.[\/vc_column_text][vc_empty_space][vc_column_text]<\/p>\n<h3 style=\"text-align: center\"><a href=\"https:\/\/fairtrade-advocacy.org\/wp-content\/uploads\/2020\/09\/Build-Back-Fairer-Statement_German.pdf\">Build Back Fairer<\/a>: f\u00fcr ein gerechtes und nachhaltiges Morgen,<br \/>\nin dem soziale Fairness und \u00f6kologische Zukunftsf\u00e4higkeit Hand in Hand gehen!<\/h3>\n<p>[\/vc_column_text][vc_empty_space]<div class=\"wl_einzelbild\"><p><img loading=\"lazy\" decoding=\"async\" class=\"alignnone size-full wp-image-2182\" src=\"https:\/\/weltlaeden.de\/osterstrasse\/wp-content\/uploads\/sites\/17\/2021\/04\/10-Prinzipien-FH-dreizeilig.png\" alt=\"\" width=\"1200\" height=\"647\" srcset=\"https:\/\/weltlaeden.de\/osterstrasse\/wp-content\/uploads\/sites\/17\/2021\/04\/10-Prinzipien-FH-dreizeilig.png 1200w, https:\/\/weltlaeden.de\/osterstrasse\/wp-content\/uploads\/sites\/17\/2021\/04\/10-Prinzipien-FH-dreizeilig-300x162.png 300w, https:\/\/weltlaeden.de\/osterstrasse\/wp-content\/uploads\/sites\/17\/2021\/04\/10-Prinzipien-FH-dreizeilig-768x414.png 768w, https:\/\/weltlaeden.de\/osterstrasse\/wp-content\/uploads\/sites\/17\/2021\/04\/10-Prinzipien-FH-dreizeilig-1024x552.png 1024w\" sizes=\"auto, (max-width: 1200px) 100vw, 1200px\" \/><\/p><\/div>[\/vc_column][\/vc_row][vc_row][vc_column]<blockquote class=\"text-big shortcode-blockquote\"><h3>Wie Unternehmen, Regierungen und Konsument*innen aktiv werden k\u00f6nnen:<\/h3>\n<ul>\n<li>Unternehmen verpflichten sich, Lebensgrundlagen zu sch\u00fctzen und daf\u00fcr zu sorgen, dass Arbeiter*innen, Produzent*innen und Kunsthandwerker*innen ihre Grundbed\u00fcrfnisse decken k\u00f6nnen.<\/li>\n<li>Durch Regulierung der Wirtschaft stellen Regierungen sicher, dass Unternehmen die Menschenrechte von Arbeiter*innen, B\u00e4uer*innen, Handwerker*innen und Gemeinschaften achten \u2013 besonders in ihren Lieferketten.<\/li>\n<li>Konsument*innen unterst\u00fctzen Fair-Handels-Unternehmen durch Einkauf von fair gehandelten Produkten, insbesondere in Weltladen, den Fachgesch\u00e4ften f\u00fcr Fairen Handel.<\/li>\n<li>Unternehmen \u00fcbernehmen und f\u00f6rdern die 10 Prinzipien des Fairen Handels in ihren Unternehmen und entlang ihrer Lieferketten.<\/li>\n<li>Regierungen unterst\u00fctzen Unternehmen, die sich den 10 Prinzipien des Fairen Handels verpflichten.<\/li>\n<\/ul>\n<\/blockquote>[vc_empty_space][\/vc_column][\/vc_row][vc_row][vc_column width=&#8220;1\/2&#8243;][vc_column_text]<\/p>\n<h3>Im Weltladen beginnt dieses Morgen schon heute:<\/h3>\n<p>Statt Profit stehen bspw. bei <a href=\"https:\/\/weltlaeden.de\/osterstrasse\/fairer-handel\/handelspartnerinnen-2\/prokritee\/\">Prokritee<\/a> in Bangladesch der Umweltschutz und der Blick auf das Gemeinwohl im Mittelpunkt. In S\u00fcdafrika betont Pieter Koopman von <a href=\"https:\/\/weltlaeden.de\/osterstrasse\/fairer-handel\/handelspartnerinnen-2\/heiveld\/\">Heiveld<\/a>: \u201eDer Faire Handel hat das Leben und die Perspektive der Menschen ver\u00e4ndert. Durch den Fairen Handel ist das Selbstvertrauen der Menschen gestiegen.\u201c<\/p>\n<p>Gehen Sie gemeinsam mit unseren ehrenamtlichen Mitarbeiter*innen den Weg zu einer gerechteren Welt. Wir freuen uns auf Sie![\/vc_column_text][\/vc_column][vc_column width=&#8220;1\/2&#8243;]<div class=\"wl_einzelbild\"><p><img loading=\"lazy\" decoding=\"async\" class=\"alignnone size-full wp-image-2181\" src=\"https:\/\/weltlaeden.de\/osterstrasse\/wp-content\/uploads\/sites\/17\/2021\/04\/INSTA-POST-TRANSPARENT.png\" alt=\"\" width=\"811\" height=\"811\" srcset=\"https:\/\/weltlaeden.de\/osterstrasse\/wp-content\/uploads\/sites\/17\/2021\/04\/INSTA-POST-TRANSPARENT.png 811w, https:\/\/weltlaeden.de\/osterstrasse\/wp-content\/uploads\/sites\/17\/2021\/04\/INSTA-POST-TRANSPARENT-150x150.png 150w, https:\/\/weltlaeden.de\/osterstrasse\/wp-content\/uploads\/sites\/17\/2021\/04\/INSTA-POST-TRANSPARENT-300x300.png 300w, https:\/\/weltlaeden.de\/osterstrasse\/wp-content\/uploads\/sites\/17\/2021\/04\/INSTA-POST-TRANSPARENT-768x768.png 768w\" sizes=\"auto, (max-width: 811px) 100vw, 811px\" \/><\/p><\/div>[\/vc_column][\/vc_row][vc_row][vc_column][vc_video link=&#8220;https:\/\/www.youtube.com\/watch?v=AObuIlaLV6w&amp;list=TLGG_zYDoyQGGnkzMDA0MjAyMQ&#8220;][\/vc_column][\/vc_row]<\/p>\n<\/div>","protected":false},"excerpt":{"rendered":"<p>Der 8. Mai 2021 ist der Internationale Tag des Fairen Handels (World Fair Trade Day). An diesem Tag macht die Fair-Handels-Bewegung global auf ihre Vision einer gerechteren Welt sowie eines Handels zum Wohle von Mensch und Umwelt aufmerksam. Zeit f\u00fcr &#8222;Build Back Fairer&#8220;: f\u00fcr ein gerechtes und nachhaltiges Morgen, in dem soziale Fairness und \u00f6kologische Zukunftsf\u00e4higkeit Hand in Hand gehen!<\/p>\n","protected":false},"author":24,"featured_media":2182,"comment_status":"closed","ping_status":"closed","sticky":false,"template":"","format":"standard","meta":{"footnotes":""},"categories":[8,12],"tags":[],"class_list":["post-2178","post","type-post","status-publish","format-standard","has-post-thumbnail","hentry","category-neues","category-sidebar","category-8","category-12","description-off"],"_links":{"self":[{"href":"https:\/\/weltlaeden.de\/osterstrasse\/wp-json\/wp\/v2\/posts\/2178","targetHints":{"allow":["GET"]}}],"collection":[{"href":"https:\/\/weltlaeden.de\/osterstrasse\/wp-json\/wp\/v2\/posts"}],"about":[{"href":"https:\/\/weltlaeden.de\/osterstrasse\/wp-json\/wp\/v2\/types\/post"}],"author":[{"embeddable":true,"href":"https:\/\/weltlaeden.de\/osterstrasse\/wp-json\/wp\/v2\/users\/24"}],"replies":[{"embeddable":true,"href":"https:\/\/weltlaeden.de\/osterstrasse\/wp-json\/wp\/v2\/comments?post=2178"}],"version-history":[{"count":26,"href":"https:\/\/weltlaeden.de\/osterstrasse\/wp-json\/wp\/v2\/posts\/2178\/revisions"}],"predecessor-version":[{"id":2207,"href":"https:\/\/weltlaeden.de\/osterstrasse\/wp-json\/wp\/v2\/posts\/2178\/revisions\/2207"}],"wp:featuredmedia":[{"embeddable":true,"href":"https:\/\/weltlaeden.de\/osterstrasse\/wp-json\/wp\/v2\/media\/2182"}],"wp:attachment":[{"href":"https:\/\/weltlaeden.de\/osterstrasse\/wp-json\/wp\/v2\/media?parent=2178"}],"wp:term":[{"taxonomy":"category","embeddable":true,"href":"https:\/\/weltlaeden.de\/osterstrasse\/wp-json\/wp\/v2\/categories?post=2178"},{"taxonomy":"post_tag","embeddable":true,"href":"https:\/\/weltlaeden.de\/osterstrasse\/wp-json\/wp\/v2\/tags?post=2178"}],"curies":[{"name":"wp","href":"https:\/\/api.w.org\/{rel}","templated":true}]}}