{"id":1086,"date":"2020-12-14T19:20:42","date_gmt":"2020-12-14T18:20:42","guid":{"rendered":"https:\/\/weltlaeden.de\/osterstrasse\/?p=1086"},"modified":"2021-01-10T10:56:58","modified_gmt":"2021-01-10T09:56:58","slug":"datteltrueffel","status":"publish","type":"post","link":"https:\/\/weltlaeden.de\/osterstrasse\/datteltrueffel\/","title":{"rendered":"Feinste Datteltr\u00fcffel von SEKEM aus \u00c4gypten"},"content":{"rendered":"<div class=\"wpb-content-wrapper\"><p>[vc_row][vc_column width=&#8220;1\/2&#8243;][vc_column_text]<\/p>\n<h4><strong>Feinste Datteltr\u00fcffel von SEKEM aus \u00c4gypten<\/strong><\/h4>\n<h2><strong>Gutes braucht nicht viel: Allein zwei Zutaten machen die s\u00fc\u00dfen Datteltr\u00fcffel zu einem Gaumenschmaus.<\/strong><\/h2>\n<p>In den \u00e4gyptischen\u00a0Dattel-Tr\u00fcffeln\u00a0steckt 100 % Natur! Die S\u00fc\u00dfe der sonnengereiften Bio-Datteln verfeinert mit verschiedenen biologisch angebauten Zutaten beschert ein Geschmackserlebnis der besonderen Art.<\/p>\n<p>Hergestellt werden sie von <a href=\"https:\/\/www.el-puente.de\/handelspartner\/sekem\">SEKEM<\/a>, einer Fair-Handels-Organisation in \u00c4gypten, die sich auf bio-faire Lebensmittel und Textilien spezialisiert hat. SEKEM will die nachhaltige Landwirtschaft f\u00f6rdern, ist aber auch f\u00fcr die Mitarbeiter*innen gleichzeitig gesellschaftliches und kulturelles Zentrum. Der Gr\u00fcnder von SEKEM, Ibrahim Abuleish, hatte vor einigen Jahren damit begonnen, nicht weit von Kairo die W\u00fcste landwirtschaftlich zu nutzen. Der Nachhaltigkeit verpflichtet bietet das Unternehmen Produzent*innen Gesundheitsf\u00fcrsorge und Bildungsangebote.<\/p>\n<p>Die schmackhaften Dattel-Tr\u00fcffel gibt es in sechs Varianten: Dattel-Tr\u00fcffel mit Sesam, Dattel-Tr\u00fcffel mit Zimt, Dattel-Tr\u00fcffel mit Hibiskus, Dattel-Tr\u00fcffel mit Kardamom, Dattel-Tr\u00fcffel mit Zitrone und Dattel-Tr\u00fcffel mit Mandel-Orange. Die Datteln stammen aus kontrolliert biologischem Anbau und sind ganz ohne Zuckerzusatz.[\/vc_column_text][\/vc_column][vc_column width=&#8220;1\/2&#8243;]<div class=\"wl_einzelbild\"><p><img loading=\"lazy\" decoding=\"async\" class=\"alignright wp-image-1087 size-large\" src=\"https:\/\/weltlaeden.de\/osterstrasse\/wp-content\/uploads\/sites\/17\/2019\/11\/Datteltr\u00fcffel_Flyer_ElPuente-724x1024.jpg\" alt=\"\" width=\"724\" height=\"1024\" srcset=\"https:\/\/weltlaeden.de\/osterstrasse\/wp-content\/uploads\/sites\/17\/2019\/11\/Datteltr\u00fcffel_Flyer_ElPuente-724x1024.jpg 724w, https:\/\/weltlaeden.de\/osterstrasse\/wp-content\/uploads\/sites\/17\/2019\/11\/Datteltr\u00fcffel_Flyer_ElPuente-212x300.jpg 212w, https:\/\/weltlaeden.de\/osterstrasse\/wp-content\/uploads\/sites\/17\/2019\/11\/Datteltr\u00fcffel_Flyer_ElPuente-768x1087.jpg 768w, https:\/\/weltlaeden.de\/osterstrasse\/wp-content\/uploads\/sites\/17\/2019\/11\/Datteltr\u00fcffel_Flyer_ElPuente.jpg 1357w\" sizes=\"auto, (max-width: 724px) 100vw, 724px\" \/><\/p><\/div>[\/vc_column][\/vc_row][vc_row][vc_column]<div class=\"wl_einzelbild\"><p><img loading=\"lazy\" decoding=\"async\" class=\"size-medium wp-image-1090 alignleft\" src=\"https:\/\/weltlaeden.de\/osterstrasse\/wp-content\/uploads\/sites\/17\/2019\/11\/Dattel-Tr\u00fcffel-3-El-Puente-187x300.jpg\" alt=\"\" width=\"187\" height=\"300\" srcset=\"https:\/\/weltlaeden.de\/osterstrasse\/wp-content\/uploads\/sites\/17\/2019\/11\/Dattel-Tr\u00fcffel-3-El-Puente-187x300.jpg 187w, https:\/\/weltlaeden.de\/osterstrasse\/wp-content\/uploads\/sites\/17\/2019\/11\/Dattel-Tr\u00fcffel-3-El-Puente-768x1229.jpg 768w, https:\/\/weltlaeden.de\/osterstrasse\/wp-content\/uploads\/sites\/17\/2019\/11\/Dattel-Tr\u00fcffel-3-El-Puente-640x1024.jpg 640w, https:\/\/weltlaeden.de\/osterstrasse\/wp-content\/uploads\/sites\/17\/2019\/11\/Dattel-Tr\u00fcffel-3-El-Puente.jpg 1500w\" sizes=\"auto, (max-width: 187px) 100vw, 187px\" \/><img loading=\"lazy\" decoding=\"async\" class=\"size-medium wp-image-1089 alignleft\" src=\"https:\/\/weltlaeden.de\/osterstrasse\/wp-content\/uploads\/sites\/17\/2019\/11\/Dattel-Tr\u00fcffel-El-Puente-169x300.jpg\" alt=\"\" width=\"169\" height=\"300\" srcset=\"https:\/\/weltlaeden.de\/osterstrasse\/wp-content\/uploads\/sites\/17\/2019\/11\/Dattel-Tr\u00fcffel-El-Puente-169x300.jpg 169w, https:\/\/weltlaeden.de\/osterstrasse\/wp-content\/uploads\/sites\/17\/2019\/11\/Dattel-Tr\u00fcffel-El-Puente-768x1366.jpg 768w, https:\/\/weltlaeden.de\/osterstrasse\/wp-content\/uploads\/sites\/17\/2019\/11\/Dattel-Tr\u00fcffel-El-Puente-576x1024.jpg 576w, https:\/\/weltlaeden.de\/osterstrasse\/wp-content\/uploads\/sites\/17\/2019\/11\/Dattel-Tr\u00fcffel-El-Puente.jpg 1500w\" sizes=\"auto, (max-width: 169px) 100vw, 169px\" \/><img loading=\"lazy\" decoding=\"async\" class=\"size-medium wp-image-1088 alignleft\" src=\"https:\/\/weltlaeden.de\/osterstrasse\/wp-content\/uploads\/sites\/17\/2019\/11\/Dattel-Tr\u00fcffel-2-El-Puente-169x300.jpg\" alt=\"\" width=\"169\" height=\"300\" srcset=\"https:\/\/weltlaeden.de\/osterstrasse\/wp-content\/uploads\/sites\/17\/2019\/11\/Dattel-Tr\u00fcffel-2-El-Puente-169x300.jpg 169w, https:\/\/weltlaeden.de\/osterstrasse\/wp-content\/uploads\/sites\/17\/2019\/11\/Dattel-Tr\u00fcffel-2-El-Puente-768x1366.jpg 768w, https:\/\/weltlaeden.de\/osterstrasse\/wp-content\/uploads\/sites\/17\/2019\/11\/Dattel-Tr\u00fcffel-2-El-Puente-576x1024.jpg 576w, https:\/\/weltlaeden.de\/osterstrasse\/wp-content\/uploads\/sites\/17\/2019\/11\/Dattel-Tr\u00fcffel-2-El-Puente.jpg 1500w\" sizes=\"auto, (max-width: 169px) 100vw, 169px\" \/><img loading=\"lazy\" decoding=\"async\" class=\"alignleft\" src=\"https:\/\/trello-attachments.s3.amazonaws.com\/5faa8d60fc843e0b0b2db053\/424x700\/4891775816ad62388be125c88d100a39\/ae110025.jpg\" alt=\"ae110025.jpg\" width=\"182\" height=\"300\" \/> <img loading=\"lazy\" decoding=\"async\" class=\"wp-image-1731 size-medium alignleft\" src=\"https:\/\/weltlaeden.de\/osterstrasse\/wp-content\/uploads\/sites\/17\/2020\/12\/Dattel-Tr\u00fcffel-mit-Orange-und-Mandeln-173x300.jpeg\" alt=\"\" width=\"173\" height=\"300\" \/><img loading=\"lazy\" decoding=\"async\" class=\"wp-image-1732 size-medium alignleft\" src=\"https:\/\/weltlaeden.de\/osterstrasse\/wp-content\/uploads\/sites\/17\/2020\/12\/Dattel-Tr\u00fcffel-mit-Kardamom-172x300.jpeg\" alt=\"\" width=\"172\" height=\"300\" \/><\/p><\/div>[\/vc_column][\/vc_row]<\/p>\n<\/div>","protected":false},"excerpt":{"rendered":"<p>Gutes braucht nicht viel: Allein zwei Zutaten machen die neuen, s\u00fc\u00dfen Datteltr\u00fcffel zu einem Gaumenschmaus.<\/p>\n","protected":false},"author":97,"featured_media":1093,"comment_status":"closed","ping_status":"closed","sticky":false,"template":"","format":"standard","meta":{"footnotes":""},"categories":[11],"tags":[],"class_list":["post-1086","post","type-post","status-publish","format-standard","has-post-thumbnail","hentry","category-neue-produkte","category-11","description-off"],"_links":{"self":[{"href":"https:\/\/weltlaeden.de\/osterstrasse\/wp-json\/wp\/v2\/posts\/1086","targetHints":{"allow":["GET"]}}],"collection":[{"href":"https:\/\/weltlaeden.de\/osterstrasse\/wp-json\/wp\/v2\/posts"}],"about":[{"href":"https:\/\/weltlaeden.de\/osterstrasse\/wp-json\/wp\/v2\/types\/post"}],"author":[{"embeddable":true,"href":"https:\/\/weltlaeden.de\/osterstrasse\/wp-json\/wp\/v2\/users\/97"}],"replies":[{"embeddable":true,"href":"https:\/\/weltlaeden.de\/osterstrasse\/wp-json\/wp\/v2\/comments?post=1086"}],"version-history":[{"count":4,"href":"https:\/\/weltlaeden.de\/osterstrasse\/wp-json\/wp\/v2\/posts\/1086\/revisions"}],"predecessor-version":[{"id":1733,"href":"https:\/\/weltlaeden.de\/osterstrasse\/wp-json\/wp\/v2\/posts\/1086\/revisions\/1733"}],"wp:featuredmedia":[{"embeddable":true,"href":"https:\/\/weltlaeden.de\/osterstrasse\/wp-json\/wp\/v2\/media\/1093"}],"wp:attachment":[{"href":"https:\/\/weltlaeden.de\/osterstrasse\/wp-json\/wp\/v2\/media?parent=1086"}],"wp:term":[{"taxonomy":"category","embeddable":true,"href":"https:\/\/weltlaeden.de\/osterstrasse\/wp-json\/wp\/v2\/categories?post=1086"},{"taxonomy":"post_tag","embeddable":true,"href":"https:\/\/weltlaeden.de\/osterstrasse\/wp-json\/wp\/v2\/tags?post=1086"}],"curies":[{"name":"wp","href":"https:\/\/api.w.org\/{rel}","templated":true}]}}