{"id":3264,"date":"2026-04-14T16:30:04","date_gmt":"2026-04-14T14:30:04","guid":{"rendered":"https:\/\/weltlaeden.de\/oranienburg\/?p=3264"},"modified":"2026-04-14T16:30:04","modified_gmt":"2026-04-14T14:30:04","slug":"gartenglueck-green-und-fair","status":"publish","type":"post","link":"https:\/\/weltlaeden.de\/oranienburg\/gartenglueck-green-und-fair\/","title":{"rendered":"Gartengl\u00fcck green und fair"},"content":{"rendered":"<p>Der Fr\u00fchling ist in voller Bewegung \u2013 \u00fcberall beginnt es zu sprie\u00dfen, zu wachsen und neu zu werden. Wenn du diese Zeit nicht nur f\u00fcr \u00fcppiges Wachstum nutzen m\u00f6chtest, sondern auch bewusst und nachhaltig g\u00e4rtnern willst, findest du im Weltladen Oranienburg viele passende L\u00f6sungen daf\u00fcr.<\/p>\n<p><strong>Kokoblock von GEPA \u2013 einfach losg\u00e4rtnern<\/strong><\/p>\n<p>Samen keimen, Pflanzen wachsen! Mit dem Kokoblock von GEPA gelingt der Start ins Gr\u00fcn ganz unkompliziert und nachhaltig.<\/p>\n<p>Einfach mit Wasser aufquellen lassen und schon erh\u00e4ltst du lockere, hochwertige Blumenerde \u2013 ideal f\u00fcr Aussaat, junge Pflanzen oder deine Balkonk\u00e4sten.<\/p>\n<p>F\u00fcr dich in zwei Gr\u00f6\u00dfen:<\/p>\n<p>600 g (ca. 9 Liter Erde) \u2013 2,95 \u20ac<\/p>\n<p>2600 g (ca. 40 Liter Erde) \u2013 14,95 \u20ac<\/p>\n<p>Der Kokoblock ist eine torffreie, umweltfreundliche Alternative zu herk\u00f6mmlicher Blumenerde. Er wird aus Restfasern der Kokosverarbeitung bei Cocomix India hergestellt, speichert Wasser besonders gut und bietet Pflanzen ideale Wachstumsbedingungen. Gleichzeitig ist er fair gehandelt und entsteht unter Bedingungen, die faire L\u00f6hne und stabile Arbeitsstandards sichern.<\/p>\n<p><strong>Gartenhandschuhe von Green&amp;Fair \u2013 Schutz mit gutem Gef\u00fchl<\/strong><\/p>\n<p>Wenn du im Garten anpackst, sollen deine H\u00e4nde gut gesch\u00fctzt sein und genau daf\u00fcr sind diese Handschuhe gemacht.<\/p>\n<p>Sie bestehen aus FSC\u00ae-zertifiziertem Naturkautschuk und GOTS-zertifizierter Bio-Baumwolle. Das bedeutet: nat\u00fcrliche Materialien, sorgf\u00e4ltig ausgew\u00e4hlt und unter fairen, \u00f6kologischen Bedingungen verarbeitet.<\/p>\n<p>Sie sitzen angenehm, sind atmungsaktiv und durch verst\u00e4rkte Innenfl\u00e4chen besonders strapazierf\u00e4hig. Der Naturkautschuk stammt aus verantwortungsvoller Forstwirtschaft ohne Weichmacher, die Baumwolle aus kontrolliert biologischem Anbau.<\/p>\n<p>Ein zus\u00e4tzlicher Vorteil: F\u00fcr den Naturkautschuk wird eine Fair-Trade-Pr\u00e4mie gezahlt, die direkt den Arbeiterinnen und Arbeitern sowie ihren Familien zugutekommt.<\/p>\n<p><strong>Green&amp;Fair Gartenschnur \u2013 nat\u00fcrlich binden<\/strong><\/p>\n<p>Wenn im Garten etwas Halt braucht, ist diese Schnur eine nachhaltige L\u00f6sung.<\/p>\n<p>Sie besteht aus biozertifizierter, fair gehandelter Schafwolle aus dem Himalaya und ist besonders rei\u00dffest sowie wetterbest\u00e4ndig. Ein Anteil Naturkautschuk sorgt zus\u00e4tzlich f\u00fcr Stabilit\u00e4t, komplett ohne synthetische Zus\u00e4tze. Und das Beste: Nach der Nutzung kannst du sie einfach kompostieren.<\/p>\n<p><strong>Saatschale aus Naturkautschuk \u2013 sanftes Starten<\/strong><\/p>\n<p>F\u00fcr deine Jungpflanzen bietet die Saatschale aus Naturkautschuk die perfekte Grundlage f\u00fcr bis zu 30 Pflanzen. Sie ist biologisch abbaubar, fair gehandelt und besonders flexibel. So lassen sich empfindliche Jungpflanzen ganz leicht und schonend entnehmen, ohne die Wurzeln zu besch\u00e4digen.<\/p>\n<p>Wenn du also den Fr\u00fchling ganz bewusst erleben und deinen Garten nachhaltig gestalten m\u00f6chtest, lohnt sich ein Blick in den Weltladen Oranienburg. Vielleicht ist genau das Richtige f\u00fcr dich dabei, f\u00fcr einen gr\u00fcnen Start, der sich gut anf\u00fchlt.<\/p>\n","protected":false},"excerpt":{"rendered":"<p>Der Fr\u00fchling ist in voller Bewegung \u2013 \u00fcberall beginnt es zu sprie\u00dfen, zu wachsen und neu zu werden. Wenn du diese Zeit nicht nur f\u00fcr \u00fcppiges Wachstum nutzen m\u00f6chtest, sondern auch bewusst und nachhaltig g\u00e4rtnern willst, findest du im Weltladen Oranienburg viele passende L\u00f6sungen daf\u00fcr. Kokoblock von GEPA \u2013 einfach losg\u00e4rtnern Samen keimen, Pflanzen wachsen!&hellip;<\/p>\n","protected":false},"author":185,"featured_media":3254,"comment_status":"closed","ping_status":"closed","sticky":false,"template":"","format":"standard","meta":{"footnotes":""},"categories":[8],"tags":[],"class_list":["post-3264","post","type-post","status-publish","format-standard","has-post-thumbnail","hentry","category-neues","category-8","description-off"],"yoast_head":"<!-- This site is optimized with the Yoast SEO plugin v26.8 - https:\/\/yoast.com\/product\/yoast-seo-wordpress\/ -->\n<title>Gartengl\u00fcck green und fair - Weltladen Oranienburg<\/title>\n<meta name=\"robots\" content=\"index, follow, max-snippet:-1, max-image-preview:large, max-video-preview:-1\" \/>\n<link rel=\"canonical\" href=\"https:\/\/weltlaeden.de\/oranienburg\/gartenglueck-green-und-fair\/\" \/>\n<meta property=\"og:locale\" content=\"de_DE\" \/>\n<meta property=\"og:type\" content=\"article\" \/>\n<meta property=\"og:title\" content=\"Gartengl\u00fcck green und fair - Weltladen Oranienburg\" \/>\n<meta property=\"og:description\" content=\"Der Fr\u00fchling ist in voller Bewegung \u2013 \u00fcberall beginnt es zu sprie\u00dfen, zu wachsen und neu zu werden. Wenn du diese Zeit nicht nur f\u00fcr \u00fcppiges Wachstum nutzen m\u00f6chtest, sondern auch bewusst und nachhaltig g\u00e4rtnern willst, findest du im Weltladen Oranienburg viele passende L\u00f6sungen daf\u00fcr. Kokoblock von GEPA \u2013 einfach losg\u00e4rtnern Samen keimen, Pflanzen wachsen!&hellip;\" \/>\n<meta property=\"og:url\" content=\"https:\/\/weltlaeden.de\/oranienburg\/gartenglueck-green-und-fair\/\" \/>\n<meta property=\"og:site_name\" content=\"Weltladen Oranienburg\" \/>\n<meta property=\"article:published_time\" content=\"2026-04-14T14:30:04+00:00\" \/>\n<meta property=\"og:image\" content=\"https:\/\/weltlaeden.de\/oranienburg\/wp-content\/uploads\/sites\/123\/2026\/04\/Tisch.jpeg\" \/>\n\t<meta property=\"og:image:width\" content=\"1530\" \/>\n\t<meta property=\"og:image:height\" content=\"1530\" \/>\n\t<meta property=\"og:image:type\" content=\"image\/jpeg\" \/>\n<meta name=\"author\" content=\"oranienburg\" \/>\n<meta name=\"twitter:card\" content=\"summary_large_image\" \/>\n<meta name=\"twitter:label1\" content=\"Verfasst von\" \/>\n\t<meta name=\"twitter:data1\" content=\"oranienburg\" \/>\n\t<meta name=\"twitter:label2\" content=\"Gesch\u00e4tzte Lesezeit\" \/>\n\t<meta name=\"twitter:data2\" content=\"2\u00a0Minuten\" \/>\n<script type=\"application\/ld+json\" class=\"yoast-schema-graph\">{\"@context\":\"https:\/\/schema.org\",\"@graph\":[{\"@type\":\"Article\",\"@id\":\"https:\/\/weltlaeden.de\/oranienburg\/gartenglueck-green-und-fair\/#article\",\"isPartOf\":{\"@id\":\"https:\/\/weltlaeden.de\/oranienburg\/gartenglueck-green-und-fair\/\"},\"author\":{\"name\":\"oranienburg\",\"@id\":\"https:\/\/weltlaeden.de\/oranienburg\/#\/schema\/person\/14ca31d10b42d82f7d2af533c76f9a38\"},\"headline\":\"Gartengl\u00fcck green und fair\",\"datePublished\":\"2026-04-14T14:30:04+00:00\",\"mainEntityOfPage\":{\"@id\":\"https:\/\/weltlaeden.de\/oranienburg\/gartenglueck-green-und-fair\/\"},\"wordCount\":427,\"image\":{\"@id\":\"https:\/\/weltlaeden.de\/oranienburg\/gartenglueck-green-und-fair\/#primaryimage\"},\"thumbnailUrl\":\"https:\/\/weltlaeden.de\/oranienburg\/wp-content\/uploads\/sites\/123\/2026\/04\/Tisch.jpeg\",\"articleSection\":[\"Neuigkeiten\"],\"inLanguage\":\"de\"},{\"@type\":\"WebPage\",\"@id\":\"https:\/\/weltlaeden.de\/oranienburg\/gartenglueck-green-und-fair\/\",\"url\":\"https:\/\/weltlaeden.de\/oranienburg\/gartenglueck-green-und-fair\/\",\"name\":\"Gartengl\u00fcck green und fair - Weltladen Oranienburg\",\"isPartOf\":{\"@id\":\"https:\/\/weltlaeden.de\/oranienburg\/#website\"},\"primaryImageOfPage\":{\"@id\":\"https:\/\/weltlaeden.de\/oranienburg\/gartenglueck-green-und-fair\/#primaryimage\"},\"image\":{\"@id\":\"https:\/\/weltlaeden.de\/oranienburg\/gartenglueck-green-und-fair\/#primaryimage\"},\"thumbnailUrl\":\"https:\/\/weltlaeden.de\/oranienburg\/wp-content\/uploads\/sites\/123\/2026\/04\/Tisch.jpeg\",\"datePublished\":\"2026-04-14T14:30:04+00:00\",\"author\":{\"@id\":\"https:\/\/weltlaeden.de\/oranienburg\/#\/schema\/person\/14ca31d10b42d82f7d2af533c76f9a38\"},\"breadcrumb\":{\"@id\":\"https:\/\/weltlaeden.de\/oranienburg\/gartenglueck-green-und-fair\/#breadcrumb\"},\"inLanguage\":\"de\",\"potentialAction\":[{\"@type\":\"ReadAction\",\"target\":[\"https:\/\/weltlaeden.de\/oranienburg\/gartenglueck-green-und-fair\/\"]}]},{\"@type\":\"ImageObject\",\"inLanguage\":\"de\",\"@id\":\"https:\/\/weltlaeden.de\/oranienburg\/gartenglueck-green-und-fair\/#primaryimage\",\"url\":\"https:\/\/weltlaeden.de\/oranienburg\/wp-content\/uploads\/sites\/123\/2026\/04\/Tisch.jpeg\",\"contentUrl\":\"https:\/\/weltlaeden.de\/oranienburg\/wp-content\/uploads\/sites\/123\/2026\/04\/Tisch.jpeg\",\"width\":1530,\"height\":1530},{\"@type\":\"BreadcrumbList\",\"@id\":\"https:\/\/weltlaeden.de\/oranienburg\/gartenglueck-green-und-fair\/#breadcrumb\",\"itemListElement\":[{\"@type\":\"ListItem\",\"position\":1,\"name\":\"Startseite\",\"item\":\"https:\/\/weltlaeden.de\/oranienburg\/\"},{\"@type\":\"ListItem\",\"position\":2,\"name\":\"Gartengl\u00fcck green und fair\"}]},{\"@type\":\"WebSite\",\"@id\":\"https:\/\/weltlaeden.de\/oranienburg\/#website\",\"url\":\"https:\/\/weltlaeden.de\/oranienburg\/\",\"name\":\"Weltladen Oranienburg\",\"description\":\"Faire Produkte seit 1990\",\"potentialAction\":[{\"@type\":\"SearchAction\",\"target\":{\"@type\":\"EntryPoint\",\"urlTemplate\":\"https:\/\/weltlaeden.de\/oranienburg\/?s={search_term_string}\"},\"query-input\":{\"@type\":\"PropertyValueSpecification\",\"valueRequired\":true,\"valueName\":\"search_term_string\"}}],\"inLanguage\":\"de\"},{\"@type\":\"Person\",\"@id\":\"https:\/\/weltlaeden.de\/oranienburg\/#\/schema\/person\/14ca31d10b42d82f7d2af533c76f9a38\",\"name\":\"oranienburg\",\"image\":{\"@type\":\"ImageObject\",\"inLanguage\":\"de\",\"@id\":\"https:\/\/weltlaeden.de\/oranienburg\/#\/schema\/person\/image\/\",\"url\":\"https:\/\/secure.gravatar.com\/avatar\/ffbe719380bad2a0ce779f9ec738479c?s=96&d=mm&r=g\",\"contentUrl\":\"https:\/\/secure.gravatar.com\/avatar\/ffbe719380bad2a0ce779f9ec738479c?s=96&d=mm&r=g\",\"caption\":\"oranienburg\"},\"description\":\"Seit August in der Bernauer Strasse 24.\"}]}<\/script>\n<!-- \/ Yoast SEO plugin. -->","yoast_head_json":{"title":"Gartengl\u00fcck green und fair - Weltladen Oranienburg","robots":{"index":"index","follow":"follow","max-snippet":"max-snippet:-1","max-image-preview":"max-image-preview:large","max-video-preview":"max-video-preview:-1"},"canonical":"https:\/\/weltlaeden.de\/oranienburg\/gartenglueck-green-und-fair\/","og_locale":"de_DE","og_type":"article","og_title":"Gartengl\u00fcck green und fair - Weltladen Oranienburg","og_description":"Der Fr\u00fchling ist in voller Bewegung \u2013 \u00fcberall beginnt es zu sprie\u00dfen, zu wachsen und neu zu werden. Wenn du diese Zeit nicht nur f\u00fcr \u00fcppiges Wachstum nutzen m\u00f6chtest, sondern auch bewusst und nachhaltig g\u00e4rtnern willst, findest du im Weltladen Oranienburg viele passende L\u00f6sungen daf\u00fcr. Kokoblock von GEPA \u2013 einfach losg\u00e4rtnern Samen keimen, Pflanzen wachsen!&hellip;","og_url":"https:\/\/weltlaeden.de\/oranienburg\/gartenglueck-green-und-fair\/","og_site_name":"Weltladen Oranienburg","article_published_time":"2026-04-14T14:30:04+00:00","og_image":[{"width":1530,"height":1530,"url":"https:\/\/weltlaeden.de\/oranienburg\/wp-content\/uploads\/sites\/123\/2026\/04\/Tisch.jpeg","type":"image\/jpeg"}],"author":"oranienburg","twitter_card":"summary_large_image","twitter_misc":{"Verfasst von":"oranienburg","Gesch\u00e4tzte Lesezeit":"2\u00a0Minuten"},"schema":{"@context":"https:\/\/schema.org","@graph":[{"@type":"Article","@id":"https:\/\/weltlaeden.de\/oranienburg\/gartenglueck-green-und-fair\/#article","isPartOf":{"@id":"https:\/\/weltlaeden.de\/oranienburg\/gartenglueck-green-und-fair\/"},"author":{"name":"oranienburg","@id":"https:\/\/weltlaeden.de\/oranienburg\/#\/schema\/person\/14ca31d10b42d82f7d2af533c76f9a38"},"headline":"Gartengl\u00fcck green und fair","datePublished":"2026-04-14T14:30:04+00:00","mainEntityOfPage":{"@id":"https:\/\/weltlaeden.de\/oranienburg\/gartenglueck-green-und-fair\/"},"wordCount":427,"image":{"@id":"https:\/\/weltlaeden.de\/oranienburg\/gartenglueck-green-und-fair\/#primaryimage"},"thumbnailUrl":"https:\/\/weltlaeden.de\/oranienburg\/wp-content\/uploads\/sites\/123\/2026\/04\/Tisch.jpeg","articleSection":["Neuigkeiten"],"inLanguage":"de"},{"@type":"WebPage","@id":"https:\/\/weltlaeden.de\/oranienburg\/gartenglueck-green-und-fair\/","url":"https:\/\/weltlaeden.de\/oranienburg\/gartenglueck-green-und-fair\/","name":"Gartengl\u00fcck green und fair - Weltladen Oranienburg","isPartOf":{"@id":"https:\/\/weltlaeden.de\/oranienburg\/#website"},"primaryImageOfPage":{"@id":"https:\/\/weltlaeden.de\/oranienburg\/gartenglueck-green-und-fair\/#primaryimage"},"image":{"@id":"https:\/\/weltlaeden.de\/oranienburg\/gartenglueck-green-und-fair\/#primaryimage"},"thumbnailUrl":"https:\/\/weltlaeden.de\/oranienburg\/wp-content\/uploads\/sites\/123\/2026\/04\/Tisch.jpeg","datePublished":"2026-04-14T14:30:04+00:00","author":{"@id":"https:\/\/weltlaeden.de\/oranienburg\/#\/schema\/person\/14ca31d10b42d82f7d2af533c76f9a38"},"breadcrumb":{"@id":"https:\/\/weltlaeden.de\/oranienburg\/gartenglueck-green-und-fair\/#breadcrumb"},"inLanguage":"de","potentialAction":[{"@type":"ReadAction","target":["https:\/\/weltlaeden.de\/oranienburg\/gartenglueck-green-und-fair\/"]}]},{"@type":"ImageObject","inLanguage":"de","@id":"https:\/\/weltlaeden.de\/oranienburg\/gartenglueck-green-und-fair\/#primaryimage","url":"https:\/\/weltlaeden.de\/oranienburg\/wp-content\/uploads\/sites\/123\/2026\/04\/Tisch.jpeg","contentUrl":"https:\/\/weltlaeden.de\/oranienburg\/wp-content\/uploads\/sites\/123\/2026\/04\/Tisch.jpeg","width":1530,"height":1530},{"@type":"BreadcrumbList","@id":"https:\/\/weltlaeden.de\/oranienburg\/gartenglueck-green-und-fair\/#breadcrumb","itemListElement":[{"@type":"ListItem","position":1,"name":"Startseite","item":"https:\/\/weltlaeden.de\/oranienburg\/"},{"@type":"ListItem","position":2,"name":"Gartengl\u00fcck green und fair"}]},{"@type":"WebSite","@id":"https:\/\/weltlaeden.de\/oranienburg\/#website","url":"https:\/\/weltlaeden.de\/oranienburg\/","name":"Weltladen Oranienburg","description":"Faire Produkte seit 1990","potentialAction":[{"@type":"SearchAction","target":{"@type":"EntryPoint","urlTemplate":"https:\/\/weltlaeden.de\/oranienburg\/?s={search_term_string}"},"query-input":{"@type":"PropertyValueSpecification","valueRequired":true,"valueName":"search_term_string"}}],"inLanguage":"de"},{"@type":"Person","@id":"https:\/\/weltlaeden.de\/oranienburg\/#\/schema\/person\/14ca31d10b42d82f7d2af533c76f9a38","name":"oranienburg","image":{"@type":"ImageObject","inLanguage":"de","@id":"https:\/\/weltlaeden.de\/oranienburg\/#\/schema\/person\/image\/","url":"https:\/\/secure.gravatar.com\/avatar\/ffbe719380bad2a0ce779f9ec738479c?s=96&d=mm&r=g","contentUrl":"https:\/\/secure.gravatar.com\/avatar\/ffbe719380bad2a0ce779f9ec738479c?s=96&d=mm&r=g","caption":"oranienburg"},"description":"Seit August in der Bernauer Strasse 24."}]}},"_links":{"self":[{"href":"https:\/\/weltlaeden.de\/oranienburg\/wp-json\/wp\/v2\/posts\/3264","targetHints":{"allow":["GET"]}}],"collection":[{"href":"https:\/\/weltlaeden.de\/oranienburg\/wp-json\/wp\/v2\/posts"}],"about":[{"href":"https:\/\/weltlaeden.de\/oranienburg\/wp-json\/wp\/v2\/types\/post"}],"author":[{"embeddable":true,"href":"https:\/\/weltlaeden.de\/oranienburg\/wp-json\/wp\/v2\/users\/185"}],"replies":[{"embeddable":true,"href":"https:\/\/weltlaeden.de\/oranienburg\/wp-json\/wp\/v2\/comments?post=3264"}],"version-history":[{"count":1,"href":"https:\/\/weltlaeden.de\/oranienburg\/wp-json\/wp\/v2\/posts\/3264\/revisions"}],"predecessor-version":[{"id":3265,"href":"https:\/\/weltlaeden.de\/oranienburg\/wp-json\/wp\/v2\/posts\/3264\/revisions\/3265"}],"wp:featuredmedia":[{"embeddable":true,"href":"https:\/\/weltlaeden.de\/oranienburg\/wp-json\/wp\/v2\/media\/3254"}],"wp:attachment":[{"href":"https:\/\/weltlaeden.de\/oranienburg\/wp-json\/wp\/v2\/media?parent=3264"}],"wp:term":[{"taxonomy":"category","embeddable":true,"href":"https:\/\/weltlaeden.de\/oranienburg\/wp-json\/wp\/v2\/categories?post=3264"},{"taxonomy":"post_tag","embeddable":true,"href":"https:\/\/weltlaeden.de\/oranienburg\/wp-json\/wp\/v2\/tags?post=3264"}],"curies":[{"name":"wp","href":"https:\/\/api.w.org\/{rel}","templated":true}]}}