{"id":3121,"date":"2026-01-04T22:21:59","date_gmt":"2026-01-04T21:21:59","guid":{"rendered":"https:\/\/weltlaeden.de\/oranienburg\/?p=3121"},"modified":"2026-01-08T21:11:10","modified_gmt":"2026-01-08T20:11:10","slug":"klangschalen-aus-nepal","status":"publish","type":"post","link":"https:\/\/weltlaeden.de\/oranienburg\/klangschalen-aus-nepal\/","title":{"rendered":"Klangschalen aus Nepal"},"content":{"rendered":"<div class=\"wpb-content-wrapper\"><p>[vc_row][vc_column][vc_column_text]Klangschalen aus Nepal[\/vc_column_text][\/vc_column][\/vc_row][vc_row][vc_column][vc_column_text css=&#8220;&#8220;]<span style=\"font-family: Verdana, serif\"><span style=\"font-size: medium\">Nepal liegt in Asien zwischen dem fruchtbaren Flachland des Terai und dem Hochgebirge des Himalayas. Mit dem Mount Nepali Sagarmatha befindet sich hier der h\u00f6chste Punkt der Erde. <\/span><\/span><\/p>\n<p><span style=\"font-family: Verdana, serif\"><span style=\"font-size: medium\">Au\u00dferhalb der St\u00e4dte ist die Infrastruktur des Landes bis heute nur wenig ausgebaut, viele D\u00f6rfer sind teilweise nur zu Fu\u00df erreichbar und verf\u00fcgen weder \u00fcber eine Stromversorgung noch \u00fcber Telefonempfang. <\/span><\/span><\/p>\n<p><span style=\"font-family: Verdana, serif\"><span style=\"font-size: medium\">In der Vergangenheit haben sich Naturkatastrophen immer wieder verheerend auf das Land und den allgemeinen Lebensstandard ausgewirkt. Dieser z\u00e4hlt zu den niedrigsten weltweit.<\/span><\/span><\/p>\n<p><span style=\"font-family: Verdana, serif\"><span style=\"font-size: medium\">Umso bedeutender ist eine kontinuierliche und faire wirtschaftliche Zusammenarbeit. Verl\u00e4sslicher Fairhandel schafft Einkommen, Planungssicherheit und langfristige Perspektiven.<\/span><\/span><\/p>\n<p><span style=\"font-family: Verdana, serif\"><span style=\"font-size: medium\">Mammad und Ajim arbeiten seit vielen Jahren in der Klangschalengie\u00dferei. Ihnen wird eine kostenlose Unterkunft zur Verf\u00fcgung gestellt und ihr monatliches Einkommen liegt bei etwa 400 Euro. Dadurch k\u00f6nnen sie ihre Familien versorgen und unterst\u00fctzen. Auch die Schul- und Ausbildungskosten der Kinder k\u00f6nnen sie von diesem Gehalt bezahlen.<\/span><\/span><\/p>\n<p><span style=\"font-family: Verdana, serif\"><span style=\"font-size: medium\">AKAR arbeitet mit der Fairhandelsorganisation Manushi in Nepal zusammen. Dabei versteht AKAR die Klangschalen nicht nur als Instrumente, sondern als handwerkliche Produkte mit Herkunft, Geschichte und sozialer Verantwortung.<\/span><\/span><\/p>\n<p><span style=\"font-family: Verdana, serif\"><span style=\"font-size: medium\">Die angebotenen Klangschalen werden in einer traditionellen Klangschalengie\u00dferei gefertigt. Sie bestehen aus Bronze, einer Legierung aus etwa 75 % Kupfer und 25 % Zinn.<\/span><\/span><\/p>\n<p><span style=\"font-family: Verdana, serif\"><span style=\"font-size: medium\">Je nach Herstellungsweise entstehen unterschiedliche Formen und Klangeigenschaften. Gegossene Schalen mit klarem, langanhaltendem Klang oder geh\u00e4mmerte Schalen mit dunklerem Klang.<\/span><\/span><\/p>\n<p><span style=\"font-family: Verdana, serif\"><span style=\"font-size: medium\">Zum Anspielen werden Kl\u00f6ppel aus Filz oder Leder verwendet, die die Schale in Schwingung versetzen und ihren Klang entfalten lassen. F\u00fcr das Abstellen der Klangschalen bieten wir passende Untersetzer, Ringe und Kissen aus Kunstseide oder Filz an.<\/span><\/span>[\/vc_column_text][\/vc_column][\/vc_row][vc_row][vc_column][vc_media_grid css=&#8220;&#8220; grid_id=&#8220;vc_gid:1767902952861-6cf153f4-b605-6&#8243; include=&#8220;1580,3123,2140&#8243;][\/vc_column][\/vc_row]<\/p>\n<\/div>","protected":false},"excerpt":{"rendered":"<p>[vc_row][vc_column][vc_column_text]Klangschalen aus Nepal[\/vc_column_text][\/vc_column][\/vc_row][vc_row][vc_column][vc_column_text css=&#8220;&#8220;]Nepal liegt in Asien zwischen dem fruchtbaren Flachland des Terai und dem Hochgebirge des Himalayas. Mit dem Mount Nepali Sagarmatha befindet sich hier der h\u00f6chste Punkt der Erde. Au\u00dferhalb der St\u00e4dte ist die Infrastruktur des Landes bis heute nur wenig ausgebaut, viele D\u00f6rfer sind teilweise nur zu Fu\u00df erreichbar und verf\u00fcgen weder&hellip;<\/p>\n","protected":false},"author":185,"featured_media":3123,"comment_status":"closed","ping_status":"closed","sticky":false,"template":"","format":"standard","meta":{"footnotes":""},"categories":[8],"tags":[],"class_list":["post-3121","post","type-post","status-publish","format-standard","has-post-thumbnail","hentry","category-neues","category-8","description-off"],"yoast_head":"<!-- This site is optimized with the Yoast SEO plugin v26.8 - https:\/\/yoast.com\/product\/yoast-seo-wordpress\/ -->\n<title>Klangschalen aus Nepal - Weltladen Oranienburg<\/title>\n<meta name=\"robots\" content=\"index, follow, max-snippet:-1, max-image-preview:large, max-video-preview:-1\" \/>\n<link rel=\"canonical\" href=\"https:\/\/weltlaeden.de\/oranienburg\/klangschalen-aus-nepal\/\" \/>\n<meta property=\"og:locale\" content=\"de_DE\" \/>\n<meta property=\"og:type\" content=\"article\" \/>\n<meta property=\"og:title\" content=\"Klangschalen aus Nepal - Weltladen Oranienburg\" \/>\n<meta property=\"og:description\" content=\"[vc_row][vc_column][vc_column_text]Klangschalen aus Nepal[\/vc_column_text][\/vc_column][\/vc_row][vc_row][vc_column][vc_column_text css=&#8220;&#8220;]Nepal liegt in Asien zwischen dem fruchtbaren Flachland des Terai und dem Hochgebirge des Himalayas. Mit dem Mount Nepali Sagarmatha befindet sich hier der h\u00f6chste Punkt der Erde. Au\u00dferhalb der St\u00e4dte ist die Infrastruktur des Landes bis heute nur wenig ausgebaut, viele D\u00f6rfer sind teilweise nur zu Fu\u00df erreichbar und verf\u00fcgen weder&hellip;\" \/>\n<meta property=\"og:url\" content=\"https:\/\/weltlaeden.de\/oranienburg\/klangschalen-aus-nepal\/\" \/>\n<meta property=\"og:site_name\" content=\"Weltladen Oranienburg\" \/>\n<meta property=\"article:published_time\" content=\"2026-01-04T21:21:59+00:00\" \/>\n<meta property=\"article:modified_time\" content=\"2026-01-08T20:11:10+00:00\" \/>\n<meta property=\"og:image\" content=\"https:\/\/weltlaeden.de\/oranienburg\/wp-content\/uploads\/sites\/123\/2026\/01\/Klangschale.jpeg\" \/>\n\t<meta property=\"og:image:width\" content=\"1200\" \/>\n\t<meta property=\"og:image:height\" content=\"1600\" \/>\n\t<meta property=\"og:image:type\" content=\"image\/jpeg\" \/>\n<meta name=\"author\" content=\"oranienburg\" \/>\n<meta name=\"twitter:card\" content=\"summary_large_image\" \/>\n<meta name=\"twitter:label1\" content=\"Verfasst von\" \/>\n\t<meta name=\"twitter:data1\" content=\"oranienburg\" \/>\n\t<meta name=\"twitter:label2\" content=\"Gesch\u00e4tzte Lesezeit\" \/>\n\t<meta name=\"twitter:data2\" content=\"2\u00a0Minuten\" \/>\n<script type=\"application\/ld+json\" class=\"yoast-schema-graph\">{\"@context\":\"https:\/\/schema.org\",\"@graph\":[{\"@type\":\"Article\",\"@id\":\"https:\/\/weltlaeden.de\/oranienburg\/klangschalen-aus-nepal\/#article\",\"isPartOf\":{\"@id\":\"https:\/\/weltlaeden.de\/oranienburg\/klangschalen-aus-nepal\/\"},\"author\":{\"name\":\"oranienburg\",\"@id\":\"https:\/\/weltlaeden.de\/oranienburg\/#\/schema\/person\/14ca31d10b42d82f7d2af533c76f9a38\"},\"headline\":\"Klangschalen aus Nepal\",\"datePublished\":\"2026-01-04T21:21:59+00:00\",\"dateModified\":\"2026-01-08T20:11:10+00:00\",\"mainEntityOfPage\":{\"@id\":\"https:\/\/weltlaeden.de\/oranienburg\/klangschalen-aus-nepal\/\"},\"wordCount\":323,\"image\":{\"@id\":\"https:\/\/weltlaeden.de\/oranienburg\/klangschalen-aus-nepal\/#primaryimage\"},\"thumbnailUrl\":\"https:\/\/weltlaeden.de\/oranienburg\/wp-content\/uploads\/sites\/123\/2026\/01\/Klangschale.jpeg\",\"articleSection\":[\"Neuigkeiten\"],\"inLanguage\":\"de\"},{\"@type\":\"WebPage\",\"@id\":\"https:\/\/weltlaeden.de\/oranienburg\/klangschalen-aus-nepal\/\",\"url\":\"https:\/\/weltlaeden.de\/oranienburg\/klangschalen-aus-nepal\/\",\"name\":\"Klangschalen aus Nepal - Weltladen Oranienburg\",\"isPartOf\":{\"@id\":\"https:\/\/weltlaeden.de\/oranienburg\/#website\"},\"primaryImageOfPage\":{\"@id\":\"https:\/\/weltlaeden.de\/oranienburg\/klangschalen-aus-nepal\/#primaryimage\"},\"image\":{\"@id\":\"https:\/\/weltlaeden.de\/oranienburg\/klangschalen-aus-nepal\/#primaryimage\"},\"thumbnailUrl\":\"https:\/\/weltlaeden.de\/oranienburg\/wp-content\/uploads\/sites\/123\/2026\/01\/Klangschale.jpeg\",\"datePublished\":\"2026-01-04T21:21:59+00:00\",\"dateModified\":\"2026-01-08T20:11:10+00:00\",\"author\":{\"@id\":\"https:\/\/weltlaeden.de\/oranienburg\/#\/schema\/person\/14ca31d10b42d82f7d2af533c76f9a38\"},\"breadcrumb\":{\"@id\":\"https:\/\/weltlaeden.de\/oranienburg\/klangschalen-aus-nepal\/#breadcrumb\"},\"inLanguage\":\"de\",\"potentialAction\":[{\"@type\":\"ReadAction\",\"target\":[\"https:\/\/weltlaeden.de\/oranienburg\/klangschalen-aus-nepal\/\"]}]},{\"@type\":\"ImageObject\",\"inLanguage\":\"de\",\"@id\":\"https:\/\/weltlaeden.de\/oranienburg\/klangschalen-aus-nepal\/#primaryimage\",\"url\":\"https:\/\/weltlaeden.de\/oranienburg\/wp-content\/uploads\/sites\/123\/2026\/01\/Klangschale.jpeg\",\"contentUrl\":\"https:\/\/weltlaeden.de\/oranienburg\/wp-content\/uploads\/sites\/123\/2026\/01\/Klangschale.jpeg\",\"width\":1200,\"height\":1600},{\"@type\":\"BreadcrumbList\",\"@id\":\"https:\/\/weltlaeden.de\/oranienburg\/klangschalen-aus-nepal\/#breadcrumb\",\"itemListElement\":[{\"@type\":\"ListItem\",\"position\":1,\"name\":\"Startseite\",\"item\":\"https:\/\/weltlaeden.de\/oranienburg\/\"},{\"@type\":\"ListItem\",\"position\":2,\"name\":\"Klangschalen aus Nepal\"}]},{\"@type\":\"WebSite\",\"@id\":\"https:\/\/weltlaeden.de\/oranienburg\/#website\",\"url\":\"https:\/\/weltlaeden.de\/oranienburg\/\",\"name\":\"Weltladen Oranienburg\",\"description\":\"Faire Produkte seit 1990\",\"potentialAction\":[{\"@type\":\"SearchAction\",\"target\":{\"@type\":\"EntryPoint\",\"urlTemplate\":\"https:\/\/weltlaeden.de\/oranienburg\/?s={search_term_string}\"},\"query-input\":{\"@type\":\"PropertyValueSpecification\",\"valueRequired\":true,\"valueName\":\"search_term_string\"}}],\"inLanguage\":\"de\"},{\"@type\":\"Person\",\"@id\":\"https:\/\/weltlaeden.de\/oranienburg\/#\/schema\/person\/14ca31d10b42d82f7d2af533c76f9a38\",\"name\":\"oranienburg\",\"image\":{\"@type\":\"ImageObject\",\"inLanguage\":\"de\",\"@id\":\"https:\/\/weltlaeden.de\/oranienburg\/#\/schema\/person\/image\/\",\"url\":\"https:\/\/secure.gravatar.com\/avatar\/ffbe719380bad2a0ce779f9ec738479c?s=96&d=mm&r=g\",\"contentUrl\":\"https:\/\/secure.gravatar.com\/avatar\/ffbe719380bad2a0ce779f9ec738479c?s=96&d=mm&r=g\",\"caption\":\"oranienburg\"},\"description\":\"Seit August in der Bernauer Strasse 24.\"}]}<\/script>\n<!-- \/ Yoast SEO plugin. -->","yoast_head_json":{"title":"Klangschalen aus Nepal - Weltladen Oranienburg","robots":{"index":"index","follow":"follow","max-snippet":"max-snippet:-1","max-image-preview":"max-image-preview:large","max-video-preview":"max-video-preview:-1"},"canonical":"https:\/\/weltlaeden.de\/oranienburg\/klangschalen-aus-nepal\/","og_locale":"de_DE","og_type":"article","og_title":"Klangschalen aus Nepal - Weltladen Oranienburg","og_description":"[vc_row][vc_column][vc_column_text]Klangschalen aus Nepal[\/vc_column_text][\/vc_column][\/vc_row][vc_row][vc_column][vc_column_text css=&#8220;&#8220;]Nepal liegt in Asien zwischen dem fruchtbaren Flachland des Terai und dem Hochgebirge des Himalayas. Mit dem Mount Nepali Sagarmatha befindet sich hier der h\u00f6chste Punkt der Erde. Au\u00dferhalb der St\u00e4dte ist die Infrastruktur des Landes bis heute nur wenig ausgebaut, viele D\u00f6rfer sind teilweise nur zu Fu\u00df erreichbar und verf\u00fcgen weder&hellip;","og_url":"https:\/\/weltlaeden.de\/oranienburg\/klangschalen-aus-nepal\/","og_site_name":"Weltladen Oranienburg","article_published_time":"2026-01-04T21:21:59+00:00","article_modified_time":"2026-01-08T20:11:10+00:00","og_image":[{"width":1200,"height":1600,"url":"https:\/\/weltlaeden.de\/oranienburg\/wp-content\/uploads\/sites\/123\/2026\/01\/Klangschale.jpeg","type":"image\/jpeg"}],"author":"oranienburg","twitter_card":"summary_large_image","twitter_misc":{"Verfasst von":"oranienburg","Gesch\u00e4tzte Lesezeit":"2\u00a0Minuten"},"schema":{"@context":"https:\/\/schema.org","@graph":[{"@type":"Article","@id":"https:\/\/weltlaeden.de\/oranienburg\/klangschalen-aus-nepal\/#article","isPartOf":{"@id":"https:\/\/weltlaeden.de\/oranienburg\/klangschalen-aus-nepal\/"},"author":{"name":"oranienburg","@id":"https:\/\/weltlaeden.de\/oranienburg\/#\/schema\/person\/14ca31d10b42d82f7d2af533c76f9a38"},"headline":"Klangschalen aus Nepal","datePublished":"2026-01-04T21:21:59+00:00","dateModified":"2026-01-08T20:11:10+00:00","mainEntityOfPage":{"@id":"https:\/\/weltlaeden.de\/oranienburg\/klangschalen-aus-nepal\/"},"wordCount":323,"image":{"@id":"https:\/\/weltlaeden.de\/oranienburg\/klangschalen-aus-nepal\/#primaryimage"},"thumbnailUrl":"https:\/\/weltlaeden.de\/oranienburg\/wp-content\/uploads\/sites\/123\/2026\/01\/Klangschale.jpeg","articleSection":["Neuigkeiten"],"inLanguage":"de"},{"@type":"WebPage","@id":"https:\/\/weltlaeden.de\/oranienburg\/klangschalen-aus-nepal\/","url":"https:\/\/weltlaeden.de\/oranienburg\/klangschalen-aus-nepal\/","name":"Klangschalen aus Nepal - Weltladen Oranienburg","isPartOf":{"@id":"https:\/\/weltlaeden.de\/oranienburg\/#website"},"primaryImageOfPage":{"@id":"https:\/\/weltlaeden.de\/oranienburg\/klangschalen-aus-nepal\/#primaryimage"},"image":{"@id":"https:\/\/weltlaeden.de\/oranienburg\/klangschalen-aus-nepal\/#primaryimage"},"thumbnailUrl":"https:\/\/weltlaeden.de\/oranienburg\/wp-content\/uploads\/sites\/123\/2026\/01\/Klangschale.jpeg","datePublished":"2026-01-04T21:21:59+00:00","dateModified":"2026-01-08T20:11:10+00:00","author":{"@id":"https:\/\/weltlaeden.de\/oranienburg\/#\/schema\/person\/14ca31d10b42d82f7d2af533c76f9a38"},"breadcrumb":{"@id":"https:\/\/weltlaeden.de\/oranienburg\/klangschalen-aus-nepal\/#breadcrumb"},"inLanguage":"de","potentialAction":[{"@type":"ReadAction","target":["https:\/\/weltlaeden.de\/oranienburg\/klangschalen-aus-nepal\/"]}]},{"@type":"ImageObject","inLanguage":"de","@id":"https:\/\/weltlaeden.de\/oranienburg\/klangschalen-aus-nepal\/#primaryimage","url":"https:\/\/weltlaeden.de\/oranienburg\/wp-content\/uploads\/sites\/123\/2026\/01\/Klangschale.jpeg","contentUrl":"https:\/\/weltlaeden.de\/oranienburg\/wp-content\/uploads\/sites\/123\/2026\/01\/Klangschale.jpeg","width":1200,"height":1600},{"@type":"BreadcrumbList","@id":"https:\/\/weltlaeden.de\/oranienburg\/klangschalen-aus-nepal\/#breadcrumb","itemListElement":[{"@type":"ListItem","position":1,"name":"Startseite","item":"https:\/\/weltlaeden.de\/oranienburg\/"},{"@type":"ListItem","position":2,"name":"Klangschalen aus Nepal"}]},{"@type":"WebSite","@id":"https:\/\/weltlaeden.de\/oranienburg\/#website","url":"https:\/\/weltlaeden.de\/oranienburg\/","name":"Weltladen Oranienburg","description":"Faire Produkte seit 1990","potentialAction":[{"@type":"SearchAction","target":{"@type":"EntryPoint","urlTemplate":"https:\/\/weltlaeden.de\/oranienburg\/?s={search_term_string}"},"query-input":{"@type":"PropertyValueSpecification","valueRequired":true,"valueName":"search_term_string"}}],"inLanguage":"de"},{"@type":"Person","@id":"https:\/\/weltlaeden.de\/oranienburg\/#\/schema\/person\/14ca31d10b42d82f7d2af533c76f9a38","name":"oranienburg","image":{"@type":"ImageObject","inLanguage":"de","@id":"https:\/\/weltlaeden.de\/oranienburg\/#\/schema\/person\/image\/","url":"https:\/\/secure.gravatar.com\/avatar\/ffbe719380bad2a0ce779f9ec738479c?s=96&d=mm&r=g","contentUrl":"https:\/\/secure.gravatar.com\/avatar\/ffbe719380bad2a0ce779f9ec738479c?s=96&d=mm&r=g","caption":"oranienburg"},"description":"Seit August in der Bernauer Strasse 24."}]}},"_links":{"self":[{"href":"https:\/\/weltlaeden.de\/oranienburg\/wp-json\/wp\/v2\/posts\/3121","targetHints":{"allow":["GET"]}}],"collection":[{"href":"https:\/\/weltlaeden.de\/oranienburg\/wp-json\/wp\/v2\/posts"}],"about":[{"href":"https:\/\/weltlaeden.de\/oranienburg\/wp-json\/wp\/v2\/types\/post"}],"author":[{"embeddable":true,"href":"https:\/\/weltlaeden.de\/oranienburg\/wp-json\/wp\/v2\/users\/185"}],"replies":[{"embeddable":true,"href":"https:\/\/weltlaeden.de\/oranienburg\/wp-json\/wp\/v2\/comments?post=3121"}],"version-history":[{"count":5,"href":"https:\/\/weltlaeden.de\/oranienburg\/wp-json\/wp\/v2\/posts\/3121\/revisions"}],"predecessor-version":[{"id":3130,"href":"https:\/\/weltlaeden.de\/oranienburg\/wp-json\/wp\/v2\/posts\/3121\/revisions\/3130"}],"wp:featuredmedia":[{"embeddable":true,"href":"https:\/\/weltlaeden.de\/oranienburg\/wp-json\/wp\/v2\/media\/3123"}],"wp:attachment":[{"href":"https:\/\/weltlaeden.de\/oranienburg\/wp-json\/wp\/v2\/media?parent=3121"}],"wp:term":[{"taxonomy":"category","embeddable":true,"href":"https:\/\/weltlaeden.de\/oranienburg\/wp-json\/wp\/v2\/categories?post=3121"},{"taxonomy":"post_tag","embeddable":true,"href":"https:\/\/weltlaeden.de\/oranienburg\/wp-json\/wp\/v2\/tags?post=3121"}],"curies":[{"name":"wp","href":"https:\/\/api.w.org\/{rel}","templated":true}]}}