{"id":2100,"date":"2023-11-27T20:33:20","date_gmt":"2023-11-27T19:33:20","guid":{"rendered":"https:\/\/weltlaeden.de\/oranienburg\/?p=2100"},"modified":"2024-02-19T20:36:59","modified_gmt":"2024-02-19T19:36:59","slug":"gaeste-aus-honduras-in-der-evangelischen-kirche-oranienburg","status":"publish","type":"post","link":"https:\/\/weltlaeden.de\/oranienburg\/gaeste-aus-honduras-in-der-evangelischen-kirche-oranienburg\/","title":{"rendered":"G\u00e4ste aus Honduras in der Evangelischen Kirche Oranienburg"},"content":{"rendered":"<p><span style=\"color: #000000\"><span style=\"font-family: Calibri, sans-serif\"><span style=\"font-size: small\">Nasrim B\u00fcttner von der Ev. Gemeinde Oranienburg schreibt:<\/span><\/span><\/span><\/p>\n<p><span style=\"color: #000000\"><span style=\"font-family: Calibri, sans-serif\"><span style=\"font-size: small\">Wir freuen uns sehr, Sie und euch\u00a0 zu einem Honduras-Abend in unsere Gemeinde einzuladen. Honduras gilt als das \u00e4rmste Land Zentralamerikas. Drei Viertel seiner Bev\u00f6lkerung lebt in Armut und in deutschen Medien liest man nur alle paar Monate eine kurze Notiz, wenn wieder einmal ein Hurrikan die Region zerst\u00f6rt oder sich eine Migrantenkarawane Richtung USA auf den Weg gemacht hat, um der Armut, Gewalt und Perspektivlosigkeit in dem zentralamerikanischen Land zu entkommen. Es hat sich die seltene Gelegenheit ergeben, dass eine honduranische Partnerorganisation von Brot f\u00fcr die Welt (BfdW) f\u00fcr 10 Tage zu Besuch in Berlin ist. Dank Verbindungen unserer Gemeinde zu Mitarbeitenden von BfdW konnten wir sie gewinnen, uns an einem Abend in Oranienburg zu besuchen und uns aus ihrem Land, das landschaftlich sehr vielf\u00e4ltig und wundersch\u00f6n, aber auch stark von der Klimakrise und anderen Herausforderungen bedroht ist, zu berichten.<\/span><\/span><\/span><\/p>\n<p><span style=\"color: #000000\"><span style=\"font-family: Calibri, sans-serif\"><span style=\"font-size: small\">ASONOG, wie die Organisation hei\u00dft, ist ein Netzwerk verschiedener honduranischer Nichtregierungsorganisationen und wird seit einigen Jahren mit Geldern der deutschen Entwicklungszusammenarbeit in zwei Bereichen unterst\u00fctzt. Zum einen mit einem gro\u00dfen Bildungsprojekt, \u00fcber das mehr als 80 Stipendien an sozial engagierte, junge Menschen aus <\/span><\/span><\/span><span style=\"color: #000000\"><span style=\"font-family: Calibri, sans-serif\"><span style=\"font-size: small\">mittellosen <\/span><\/span><\/span><span style=\"color: #000000\"><span style=\"font-family: Calibri, sans-serif\"><span style=\"font-size: small\">Familien vergeben werden. In einem anderen Projekt werden Initiativen zur Ern\u00e4hrungssicherheit in l\u00e4ndlichen Gemeinden gef\u00f6rdert. <\/span><\/span><\/span><\/p>\n<p><span style=\"color: #000000\"><span style=\"font-family: Calibri, sans-serif\"><span style=\"font-size: small\">Die Veranstaltung findet auf Deutsch und Spanisch statt, es wird eine Simultan\u00fcbersetzung geben und auch die M\u00f6glichkeit, sich im Anschluss individuell auszutauschen. Der Ein-Welt-Laden wird mit einem Stand und einer kleinen Auswahl u.a. auch honduranischer Produkte vertreten sein. Wir hoffen, mit der Einladung einer Partnerorganisation von BfdW aus Lateinamerika Ihr und euer Interesse zu wecken. Da die j\u00e4hrliche Weihnachtskollekte immer an Brot f\u00fcr die Welt gespendet wird, ist dies einmal eine Gelegenheit, die Arbeit des gr\u00f6\u00dften evangelischen Hilfswerkes n\u00e4her kennenzulernen und mit engagierten Menschen aus dem Globalen S\u00fcden ins Gespr\u00e4ch zu kommen. Herzliche Einladung, wir freuen uns auf alle Interessierten!<br \/>\n<\/span><\/span><\/span><\/p>\n<p><span style=\"color: #ff6600\">Der Weltladen ist dabei, bietet auch Kaffee aus Honduras an und so Mancherlei!<\/span><\/p>\n","protected":false},"excerpt":{"rendered":"<p>Nasrim B\u00fcttner von der Ev. Gemeinde Oranienburg schreibt: Wir freuen uns sehr, Sie und euch\u00a0 zu einem Honduras-Abend in unsere Gemeinde einzuladen. Honduras gilt als das \u00e4rmste Land Zentralamerikas. Drei Viertel seiner Bev\u00f6lkerung lebt in Armut und in deutschen Medien liest man nur alle paar Monate eine kurze Notiz, wenn wieder einmal ein Hurrikan die&hellip;<\/p>\n","protected":false},"author":185,"featured_media":2099,"comment_status":"closed","ping_status":"closed","sticky":false,"template":"","format":"standard","meta":{"footnotes":""},"categories":[8],"tags":[],"class_list":["post-2100","post","type-post","status-publish","format-standard","has-post-thumbnail","hentry","category-neues","category-8","description-off"],"yoast_head":"<!-- This site is optimized with the Yoast SEO plugin v26.8 - https:\/\/yoast.com\/product\/yoast-seo-wordpress\/ -->\n<title>G\u00e4ste aus Honduras in der Evangelischen Kirche Oranienburg - Weltladen Oranienburg<\/title>\n<meta name=\"robots\" content=\"index, follow, max-snippet:-1, max-image-preview:large, max-video-preview:-1\" \/>\n<link rel=\"canonical\" href=\"https:\/\/weltlaeden.de\/oranienburg\/gaeste-aus-honduras-in-der-evangelischen-kirche-oranienburg\/\" \/>\n<meta property=\"og:locale\" content=\"de_DE\" \/>\n<meta property=\"og:type\" content=\"article\" \/>\n<meta property=\"og:title\" content=\"G\u00e4ste aus Honduras in der Evangelischen Kirche Oranienburg - Weltladen Oranienburg\" \/>\n<meta property=\"og:description\" content=\"Nasrim B\u00fcttner von der Ev. Gemeinde Oranienburg schreibt: Wir freuen uns sehr, Sie und euch\u00a0 zu einem Honduras-Abend in unsere Gemeinde einzuladen. Honduras gilt als das \u00e4rmste Land Zentralamerikas. Drei Viertel seiner Bev\u00f6lkerung lebt in Armut und in deutschen Medien liest man nur alle paar Monate eine kurze Notiz, wenn wieder einmal ein Hurrikan die&hellip;\" \/>\n<meta property=\"og:url\" content=\"https:\/\/weltlaeden.de\/oranienburg\/gaeste-aus-honduras-in-der-evangelischen-kirche-oranienburg\/\" \/>\n<meta property=\"og:site_name\" content=\"Weltladen Oranienburg\" \/>\n<meta property=\"article:published_time\" content=\"2023-11-27T19:33:20+00:00\" \/>\n<meta property=\"article:modified_time\" content=\"2024-02-19T19:36:59+00:00\" \/>\n<meta property=\"og:image\" content=\"https:\/\/weltlaeden.de\/oranienburg\/wp-content\/uploads\/sites\/123\/2023\/11\/Honduras_Abend_neu.jpg\" \/>\n\t<meta property=\"og:image:width\" content=\"1080\" \/>\n\t<meta property=\"og:image:height\" content=\"1078\" \/>\n\t<meta property=\"og:image:type\" content=\"image\/jpeg\" \/>\n<meta name=\"author\" content=\"oranienburg\" \/>\n<meta name=\"twitter:card\" content=\"summary_large_image\" \/>\n<meta name=\"twitter:label1\" content=\"Verfasst von\" \/>\n\t<meta name=\"twitter:data1\" content=\"oranienburg\" \/>\n\t<meta name=\"twitter:label2\" content=\"Gesch\u00e4tzte Lesezeit\" \/>\n\t<meta name=\"twitter:data2\" content=\"2\u00a0Minuten\" \/>\n<script type=\"application\/ld+json\" class=\"yoast-schema-graph\">{\"@context\":\"https:\/\/schema.org\",\"@graph\":[{\"@type\":\"Article\",\"@id\":\"https:\/\/weltlaeden.de\/oranienburg\/gaeste-aus-honduras-in-der-evangelischen-kirche-oranienburg\/#article\",\"isPartOf\":{\"@id\":\"https:\/\/weltlaeden.de\/oranienburg\/gaeste-aus-honduras-in-der-evangelischen-kirche-oranienburg\/\"},\"author\":{\"name\":\"oranienburg\",\"@id\":\"https:\/\/weltlaeden.de\/oranienburg\/#\/schema\/person\/14ca31d10b42d82f7d2af533c76f9a38\"},\"headline\":\"G\u00e4ste aus Honduras in der Evangelischen Kirche Oranienburg\",\"datePublished\":\"2023-11-27T19:33:20+00:00\",\"dateModified\":\"2024-02-19T19:36:59+00:00\",\"mainEntityOfPage\":{\"@id\":\"https:\/\/weltlaeden.de\/oranienburg\/gaeste-aus-honduras-in-der-evangelischen-kirche-oranienburg\/\"},\"wordCount\":350,\"image\":{\"@id\":\"https:\/\/weltlaeden.de\/oranienburg\/gaeste-aus-honduras-in-der-evangelischen-kirche-oranienburg\/#primaryimage\"},\"thumbnailUrl\":\"https:\/\/weltlaeden.de\/oranienburg\/wp-content\/uploads\/sites\/123\/2023\/11\/Honduras_Abend_neu.jpg\",\"articleSection\":[\"Neuigkeiten\"],\"inLanguage\":\"de\"},{\"@type\":\"WebPage\",\"@id\":\"https:\/\/weltlaeden.de\/oranienburg\/gaeste-aus-honduras-in-der-evangelischen-kirche-oranienburg\/\",\"url\":\"https:\/\/weltlaeden.de\/oranienburg\/gaeste-aus-honduras-in-der-evangelischen-kirche-oranienburg\/\",\"name\":\"G\u00e4ste aus Honduras in der Evangelischen Kirche Oranienburg - Weltladen Oranienburg\",\"isPartOf\":{\"@id\":\"https:\/\/weltlaeden.de\/oranienburg\/#website\"},\"primaryImageOfPage\":{\"@id\":\"https:\/\/weltlaeden.de\/oranienburg\/gaeste-aus-honduras-in-der-evangelischen-kirche-oranienburg\/#primaryimage\"},\"image\":{\"@id\":\"https:\/\/weltlaeden.de\/oranienburg\/gaeste-aus-honduras-in-der-evangelischen-kirche-oranienburg\/#primaryimage\"},\"thumbnailUrl\":\"https:\/\/weltlaeden.de\/oranienburg\/wp-content\/uploads\/sites\/123\/2023\/11\/Honduras_Abend_neu.jpg\",\"datePublished\":\"2023-11-27T19:33:20+00:00\",\"dateModified\":\"2024-02-19T19:36:59+00:00\",\"author\":{\"@id\":\"https:\/\/weltlaeden.de\/oranienburg\/#\/schema\/person\/14ca31d10b42d82f7d2af533c76f9a38\"},\"breadcrumb\":{\"@id\":\"https:\/\/weltlaeden.de\/oranienburg\/gaeste-aus-honduras-in-der-evangelischen-kirche-oranienburg\/#breadcrumb\"},\"inLanguage\":\"de\",\"potentialAction\":[{\"@type\":\"ReadAction\",\"target\":[\"https:\/\/weltlaeden.de\/oranienburg\/gaeste-aus-honduras-in-der-evangelischen-kirche-oranienburg\/\"]}]},{\"@type\":\"ImageObject\",\"inLanguage\":\"de\",\"@id\":\"https:\/\/weltlaeden.de\/oranienburg\/gaeste-aus-honduras-in-der-evangelischen-kirche-oranienburg\/#primaryimage\",\"url\":\"https:\/\/weltlaeden.de\/oranienburg\/wp-content\/uploads\/sites\/123\/2023\/11\/Honduras_Abend_neu.jpg\",\"contentUrl\":\"https:\/\/weltlaeden.de\/oranienburg\/wp-content\/uploads\/sites\/123\/2023\/11\/Honduras_Abend_neu.jpg\",\"width\":1080,\"height\":1078},{\"@type\":\"BreadcrumbList\",\"@id\":\"https:\/\/weltlaeden.de\/oranienburg\/gaeste-aus-honduras-in-der-evangelischen-kirche-oranienburg\/#breadcrumb\",\"itemListElement\":[{\"@type\":\"ListItem\",\"position\":1,\"name\":\"Startseite\",\"item\":\"https:\/\/weltlaeden.de\/oranienburg\/\"},{\"@type\":\"ListItem\",\"position\":2,\"name\":\"G\u00e4ste aus Honduras in der Evangelischen Kirche Oranienburg\"}]},{\"@type\":\"WebSite\",\"@id\":\"https:\/\/weltlaeden.de\/oranienburg\/#website\",\"url\":\"https:\/\/weltlaeden.de\/oranienburg\/\",\"name\":\"Weltladen Oranienburg\",\"description\":\"Faire Produkte seit 1990\",\"potentialAction\":[{\"@type\":\"SearchAction\",\"target\":{\"@type\":\"EntryPoint\",\"urlTemplate\":\"https:\/\/weltlaeden.de\/oranienburg\/?s={search_term_string}\"},\"query-input\":{\"@type\":\"PropertyValueSpecification\",\"valueRequired\":true,\"valueName\":\"search_term_string\"}}],\"inLanguage\":\"de\"},{\"@type\":\"Person\",\"@id\":\"https:\/\/weltlaeden.de\/oranienburg\/#\/schema\/person\/14ca31d10b42d82f7d2af533c76f9a38\",\"name\":\"oranienburg\",\"image\":{\"@type\":\"ImageObject\",\"inLanguage\":\"de\",\"@id\":\"https:\/\/weltlaeden.de\/oranienburg\/#\/schema\/person\/image\/\",\"url\":\"https:\/\/secure.gravatar.com\/avatar\/ffbe719380bad2a0ce779f9ec738479c?s=96&d=mm&r=g\",\"contentUrl\":\"https:\/\/secure.gravatar.com\/avatar\/ffbe719380bad2a0ce779f9ec738479c?s=96&d=mm&r=g\",\"caption\":\"oranienburg\"},\"description\":\"Seit August in der Bernauer Strasse 24.\"}]}<\/script>\n<!-- \/ Yoast SEO plugin. -->","yoast_head_json":{"title":"G\u00e4ste aus Honduras in der Evangelischen Kirche Oranienburg - Weltladen Oranienburg","robots":{"index":"index","follow":"follow","max-snippet":"max-snippet:-1","max-image-preview":"max-image-preview:large","max-video-preview":"max-video-preview:-1"},"canonical":"https:\/\/weltlaeden.de\/oranienburg\/gaeste-aus-honduras-in-der-evangelischen-kirche-oranienburg\/","og_locale":"de_DE","og_type":"article","og_title":"G\u00e4ste aus Honduras in der Evangelischen Kirche Oranienburg - Weltladen Oranienburg","og_description":"Nasrim B\u00fcttner von der Ev. Gemeinde Oranienburg schreibt: Wir freuen uns sehr, Sie und euch\u00a0 zu einem Honduras-Abend in unsere Gemeinde einzuladen. Honduras gilt als das \u00e4rmste Land Zentralamerikas. Drei Viertel seiner Bev\u00f6lkerung lebt in Armut und in deutschen Medien liest man nur alle paar Monate eine kurze Notiz, wenn wieder einmal ein Hurrikan die&hellip;","og_url":"https:\/\/weltlaeden.de\/oranienburg\/gaeste-aus-honduras-in-der-evangelischen-kirche-oranienburg\/","og_site_name":"Weltladen Oranienburg","article_published_time":"2023-11-27T19:33:20+00:00","article_modified_time":"2024-02-19T19:36:59+00:00","og_image":[{"width":1080,"height":1078,"url":"https:\/\/weltlaeden.de\/oranienburg\/wp-content\/uploads\/sites\/123\/2023\/11\/Honduras_Abend_neu.jpg","type":"image\/jpeg"}],"author":"oranienburg","twitter_card":"summary_large_image","twitter_misc":{"Verfasst von":"oranienburg","Gesch\u00e4tzte Lesezeit":"2\u00a0Minuten"},"schema":{"@context":"https:\/\/schema.org","@graph":[{"@type":"Article","@id":"https:\/\/weltlaeden.de\/oranienburg\/gaeste-aus-honduras-in-der-evangelischen-kirche-oranienburg\/#article","isPartOf":{"@id":"https:\/\/weltlaeden.de\/oranienburg\/gaeste-aus-honduras-in-der-evangelischen-kirche-oranienburg\/"},"author":{"name":"oranienburg","@id":"https:\/\/weltlaeden.de\/oranienburg\/#\/schema\/person\/14ca31d10b42d82f7d2af533c76f9a38"},"headline":"G\u00e4ste aus Honduras in der Evangelischen Kirche Oranienburg","datePublished":"2023-11-27T19:33:20+00:00","dateModified":"2024-02-19T19:36:59+00:00","mainEntityOfPage":{"@id":"https:\/\/weltlaeden.de\/oranienburg\/gaeste-aus-honduras-in-der-evangelischen-kirche-oranienburg\/"},"wordCount":350,"image":{"@id":"https:\/\/weltlaeden.de\/oranienburg\/gaeste-aus-honduras-in-der-evangelischen-kirche-oranienburg\/#primaryimage"},"thumbnailUrl":"https:\/\/weltlaeden.de\/oranienburg\/wp-content\/uploads\/sites\/123\/2023\/11\/Honduras_Abend_neu.jpg","articleSection":["Neuigkeiten"],"inLanguage":"de"},{"@type":"WebPage","@id":"https:\/\/weltlaeden.de\/oranienburg\/gaeste-aus-honduras-in-der-evangelischen-kirche-oranienburg\/","url":"https:\/\/weltlaeden.de\/oranienburg\/gaeste-aus-honduras-in-der-evangelischen-kirche-oranienburg\/","name":"G\u00e4ste aus Honduras in der Evangelischen Kirche Oranienburg - Weltladen Oranienburg","isPartOf":{"@id":"https:\/\/weltlaeden.de\/oranienburg\/#website"},"primaryImageOfPage":{"@id":"https:\/\/weltlaeden.de\/oranienburg\/gaeste-aus-honduras-in-der-evangelischen-kirche-oranienburg\/#primaryimage"},"image":{"@id":"https:\/\/weltlaeden.de\/oranienburg\/gaeste-aus-honduras-in-der-evangelischen-kirche-oranienburg\/#primaryimage"},"thumbnailUrl":"https:\/\/weltlaeden.de\/oranienburg\/wp-content\/uploads\/sites\/123\/2023\/11\/Honduras_Abend_neu.jpg","datePublished":"2023-11-27T19:33:20+00:00","dateModified":"2024-02-19T19:36:59+00:00","author":{"@id":"https:\/\/weltlaeden.de\/oranienburg\/#\/schema\/person\/14ca31d10b42d82f7d2af533c76f9a38"},"breadcrumb":{"@id":"https:\/\/weltlaeden.de\/oranienburg\/gaeste-aus-honduras-in-der-evangelischen-kirche-oranienburg\/#breadcrumb"},"inLanguage":"de","potentialAction":[{"@type":"ReadAction","target":["https:\/\/weltlaeden.de\/oranienburg\/gaeste-aus-honduras-in-der-evangelischen-kirche-oranienburg\/"]}]},{"@type":"ImageObject","inLanguage":"de","@id":"https:\/\/weltlaeden.de\/oranienburg\/gaeste-aus-honduras-in-der-evangelischen-kirche-oranienburg\/#primaryimage","url":"https:\/\/weltlaeden.de\/oranienburg\/wp-content\/uploads\/sites\/123\/2023\/11\/Honduras_Abend_neu.jpg","contentUrl":"https:\/\/weltlaeden.de\/oranienburg\/wp-content\/uploads\/sites\/123\/2023\/11\/Honduras_Abend_neu.jpg","width":1080,"height":1078},{"@type":"BreadcrumbList","@id":"https:\/\/weltlaeden.de\/oranienburg\/gaeste-aus-honduras-in-der-evangelischen-kirche-oranienburg\/#breadcrumb","itemListElement":[{"@type":"ListItem","position":1,"name":"Startseite","item":"https:\/\/weltlaeden.de\/oranienburg\/"},{"@type":"ListItem","position":2,"name":"G\u00e4ste aus Honduras in der Evangelischen Kirche Oranienburg"}]},{"@type":"WebSite","@id":"https:\/\/weltlaeden.de\/oranienburg\/#website","url":"https:\/\/weltlaeden.de\/oranienburg\/","name":"Weltladen Oranienburg","description":"Faire Produkte seit 1990","potentialAction":[{"@type":"SearchAction","target":{"@type":"EntryPoint","urlTemplate":"https:\/\/weltlaeden.de\/oranienburg\/?s={search_term_string}"},"query-input":{"@type":"PropertyValueSpecification","valueRequired":true,"valueName":"search_term_string"}}],"inLanguage":"de"},{"@type":"Person","@id":"https:\/\/weltlaeden.de\/oranienburg\/#\/schema\/person\/14ca31d10b42d82f7d2af533c76f9a38","name":"oranienburg","image":{"@type":"ImageObject","inLanguage":"de","@id":"https:\/\/weltlaeden.de\/oranienburg\/#\/schema\/person\/image\/","url":"https:\/\/secure.gravatar.com\/avatar\/ffbe719380bad2a0ce779f9ec738479c?s=96&d=mm&r=g","contentUrl":"https:\/\/secure.gravatar.com\/avatar\/ffbe719380bad2a0ce779f9ec738479c?s=96&d=mm&r=g","caption":"oranienburg"},"description":"Seit August in der Bernauer Strasse 24."}]}},"_links":{"self":[{"href":"https:\/\/weltlaeden.de\/oranienburg\/wp-json\/wp\/v2\/posts\/2100","targetHints":{"allow":["GET"]}}],"collection":[{"href":"https:\/\/weltlaeden.de\/oranienburg\/wp-json\/wp\/v2\/posts"}],"about":[{"href":"https:\/\/weltlaeden.de\/oranienburg\/wp-json\/wp\/v2\/types\/post"}],"author":[{"embeddable":true,"href":"https:\/\/weltlaeden.de\/oranienburg\/wp-json\/wp\/v2\/users\/185"}],"replies":[{"embeddable":true,"href":"https:\/\/weltlaeden.de\/oranienburg\/wp-json\/wp\/v2\/comments?post=2100"}],"version-history":[{"count":3,"href":"https:\/\/weltlaeden.de\/oranienburg\/wp-json\/wp\/v2\/posts\/2100\/revisions"}],"predecessor-version":[{"id":2105,"href":"https:\/\/weltlaeden.de\/oranienburg\/wp-json\/wp\/v2\/posts\/2100\/revisions\/2105"}],"wp:featuredmedia":[{"embeddable":true,"href":"https:\/\/weltlaeden.de\/oranienburg\/wp-json\/wp\/v2\/media\/2099"}],"wp:attachment":[{"href":"https:\/\/weltlaeden.de\/oranienburg\/wp-json\/wp\/v2\/media?parent=2100"}],"wp:term":[{"taxonomy":"category","embeddable":true,"href":"https:\/\/weltlaeden.de\/oranienburg\/wp-json\/wp\/v2\/categories?post=2100"},{"taxonomy":"post_tag","embeddable":true,"href":"https:\/\/weltlaeden.de\/oranienburg\/wp-json\/wp\/v2\/tags?post=2100"}],"curies":[{"name":"wp","href":"https:\/\/api.w.org\/{rel}","templated":true}]}}