{"id":2081,"date":"2023-11-10T20:59:53","date_gmt":"2023-11-10T19:59:53","guid":{"rendered":"https:\/\/weltlaeden.de\/oranienburg\/?p=2081"},"modified":"2023-11-10T20:59:53","modified_gmt":"2023-11-10T19:59:53","slug":"ausstellungseroeffnung","status":"publish","type":"post","link":"https:\/\/weltlaeden.de\/oranienburg\/ausstellungseroeffnung\/","title":{"rendered":"Ausstellungser\u00f6ffnung"},"content":{"rendered":"<p>Ein toller Abend mit vielen G\u00e4sten und Interessierten f\u00fcr unser Herzensprojekt Fairer Handel<\/p>\n<p>Es ist Zeit, DANKE zu sagen. Ohne das unerm\u00fcdliche Engagement, die M\u00fche und das Herzblut unserer Ehrenamtlichen w\u00e4re so vieles nicht m\u00f6glich, auch eine solche Veranstaltung nicht!<\/p>\n<p>Wir bedanken uns auch ganz herzlich bei der <a href=\"https:\/\/www.facebook.com\/stadtbibliothekoranienburg?__cft__[0]=AZXHaZ0Mbex8YW75uJSuyaZwavq_d2BBOhwKo03Adte57MbZb8kY5vCbwu48l8WTQbksX_Fl9geUWXyxIuOtW2WLrlxyVh_DPhNsKSgai5AbLdYiUIip-9mPr16nLfecO3QjwYwxzpuLwZw8YqR79sqiY0reYNaLW4kpl8l_NR9nv0a3sTeb1PQmv5T57xfeqtg&amp;__tn__=-]K-R\">Stadtbibliothek Oranienburg<\/a> f\u00fcr ihre Gastfreundschaft sowie bei der Trommelgruppe der Kreismusikschule Oberhavel, die unserer Er\u00f6ffnungsveranstaltung den geb\u00fchrenden Auftakt gegeben hat.<\/p>\n<p>Der <a href=\"https:\/\/www.facebook.com\/SPD.Oranienburg?__cft__[0]=AZXHaZ0Mbex8YW75uJSuyaZwavq_d2BBOhwKo03Adte57MbZb8kY5vCbwu48l8WTQbksX_Fl9geUWXyxIuOtW2WLrlxyVh_DPhNsKSgai5AbLdYiUIip-9mPr16nLfecO3QjwYwxzpuLwZw8YqR79sqiY0reYNaLW4kpl8l_NR9nv0a3sTeb1PQmv5T57xfeqtg&amp;__tn__=-]K-R\">SPD Oranienburg<\/a> ist die \u00dcberraschung gegl\u00fcckt: F\u00fcr die \u00fcberreichten Spenden und die fortw\u00e4hrende Unterst\u00fctzung sind wir sehr dankbar! Besonderer Dank gilt <a href=\"https:\/\/www.facebook.com\/spdluettmann?__cft__[0]=AZXHaZ0Mbex8YW75uJSuyaZwavq_d2BBOhwKo03Adte57MbZb8kY5vCbwu48l8WTQbksX_Fl9geUWXyxIuOtW2WLrlxyVh_DPhNsKSgai5AbLdYiUIip-9mPr16nLfecO3QjwYwxzpuLwZw8YqR79sqiY0reYNaLW4kpl8l_NR9nv0a3sTeb1PQmv5T57xfeqtg&amp;__tn__=-]K-R\">Bj\u00f6rn L\u00fcttmann<\/a> f\u00fcr sein anhaltendes aktives Engagement f\u00fcr den <a href=\"https:\/\/www.facebook.com\/profile.php?id=100067038725322&amp;__cft__[0]=AZXHaZ0Mbex8YW75uJSuyaZwavq_d2BBOhwKo03Adte57MbZb8kY5vCbwu48l8WTQbksX_Fl9geUWXyxIuOtW2WLrlxyVh_DPhNsKSgai5AbLdYiUIip-9mPr16nLfecO3QjwYwxzpuLwZw8YqR79sqiY0reYNaLW4kpl8l_NR9nv0a3sTeb1PQmv5T57xfeqtg&amp;__tn__=-]K-R\">Weltladen Oranienburg<\/a>!<\/p>\n\n\t\t\t<style type='text\/css'>\n\t\t\t\t#gallery-1 {\n\t\t\t\t\tmargin: auto;\n\t\t\t\t}\n\t\t\t\t#gallery-1 .gallery-item {\n\t\t\t\t\tfloat: left;\n\t\t\t\t\tmargin-top: 10px;\n\t\t\t\t\ttext-align: center;\n\t\t\t\t\twidth: 33%;\n\t\t\t\t}\n\t\t\t\t#gallery-1 img {\n\t\t\t\t\tborder: 2px solid #cfcfcf;\n\t\t\t\t}\n\t\t\t\t#gallery-1 .gallery-caption {\n\t\t\t\t\tmargin-left: 0;\n\t\t\t\t}\n\t\t\t\t\/* see gallery_shortcode() in wp-includes\/media.php *\/\n\t\t\t<\/style>\n\t\t<div id='gallery-1' class='dt-gallery-container gallery galleryid-2081 gallery-columns-3 gallery-size-full'><dl class='gallery-item'>\n\t\t\t\t<dt class='gallery-icon landscape'>\n\t\t\t\t\t<a class=\"rollover\" href='https:\/\/weltlaeden.de\/oranienburg\/ausstellungseroeffnung\/fahrrad_n\/'><img loading=\"lazy\" decoding=\"async\" width=\"574\" height=\"361\" src=\"https:\/\/weltlaeden.de\/oranienburg\/wp-content\/uploads\/sites\/123\/2023\/11\/Fahrrad_n.jpg\" class=\"attachment-full size-full\" alt=\"\" srcset=\"https:\/\/weltlaeden.de\/oranienburg\/wp-content\/uploads\/sites\/123\/2023\/11\/Fahrrad_n.jpg 574w, https:\/\/weltlaeden.de\/oranienburg\/wp-content\/uploads\/sites\/123\/2023\/11\/Fahrrad_n-300x189.jpg 300w\" sizes=\"auto, (max-width: 574px) 100vw, 574px\" \/><\/a>\n\t\t\t\t<\/dt><\/dl><dl class='gallery-item'>\n\t\t\t\t<dt class='gallery-icon landscape'>\n\t\t\t\t\t<a class=\"rollover\" href='https:\/\/weltlaeden.de\/oranienburg\/ausstellungseroeffnung\/hannah5_n\/'><img loading=\"lazy\" decoding=\"async\" width=\"1074\" height=\"616\" src=\"https:\/\/weltlaeden.de\/oranienburg\/wp-content\/uploads\/sites\/123\/2023\/11\/Hannah5_n-e1699646132375.jpg\" class=\"attachment-full size-full\" alt=\"\" srcset=\"https:\/\/weltlaeden.de\/oranienburg\/wp-content\/uploads\/sites\/123\/2023\/11\/Hannah5_n-e1699646132375.jpg 1074w, https:\/\/weltlaeden.de\/oranienburg\/wp-content\/uploads\/sites\/123\/2023\/11\/Hannah5_n-e1699646132375-300x172.jpg 300w, https:\/\/weltlaeden.de\/oranienburg\/wp-content\/uploads\/sites\/123\/2023\/11\/Hannah5_n-e1699646132375-1024x587.jpg 1024w, https:\/\/weltlaeden.de\/oranienburg\/wp-content\/uploads\/sites\/123\/2023\/11\/Hannah5_n-e1699646132375-768x440.jpg 768w\" sizes=\"auto, (max-width: 1074px) 100vw, 1074px\" \/><\/a>\n\t\t\t\t<\/dt><\/dl><dl class='gallery-item'>\n\t\t\t\t<dt class='gallery-icon landscape'>\n\t\t\t\t\t<a class=\"rollover\" href='https:\/\/weltlaeden.de\/oranienburg\/ausstellungseroeffnung\/percussiongruppejpg\/'><img loading=\"lazy\" decoding=\"async\" width=\"546\" height=\"291\" src=\"https:\/\/weltlaeden.de\/oranienburg\/wp-content\/uploads\/sites\/123\/2023\/11\/Percussiongruppejpg-e1699646354596.jpg\" class=\"attachment-full size-full\" alt=\"\" srcset=\"https:\/\/weltlaeden.de\/oranienburg\/wp-content\/uploads\/sites\/123\/2023\/11\/Percussiongruppejpg-e1699646354596.jpg 546w, https:\/\/weltlaeden.de\/oranienburg\/wp-content\/uploads\/sites\/123\/2023\/11\/Percussiongruppejpg-e1699646354596-300x160.jpg 300w\" sizes=\"auto, (max-width: 546px) 100vw, 546px\" \/><\/a>\n\t\t\t\t<\/dt><\/dl><br style=\"clear: both\" \/>\n\t\t\t<\/div>\n\n<p>&nbsp;<\/p>\n","protected":false},"excerpt":{"rendered":"<p>Ein toller Abend mit vielen G\u00e4sten und Interessierten f\u00fcr unser Herzensprojekt Fairer Handel Es ist Zeit, DANKE zu sagen. Ohne das unerm\u00fcdliche Engagement, die M\u00fche und das Herzblut unserer Ehrenamtlichen w\u00e4re so vieles nicht m\u00f6glich, auch eine solche Veranstaltung nicht! Wir bedanken uns auch ganz herzlich bei der Stadtbibliothek Oranienburg f\u00fcr ihre Gastfreundschaft sowie bei&hellip;<\/p>\n","protected":false},"author":185,"featured_media":0,"comment_status":"closed","ping_status":"closed","sticky":false,"template":"","format":"standard","meta":{"footnotes":""},"categories":[8],"tags":[],"class_list":["post-2081","post","type-post","status-publish","format-standard","hentry","category-neues","category-8","description-off"],"yoast_head":"<!-- This site is optimized with the Yoast SEO plugin v26.8 - https:\/\/yoast.com\/product\/yoast-seo-wordpress\/ -->\n<title>Ausstellungser\u00f6ffnung - Weltladen Oranienburg<\/title>\n<meta name=\"robots\" content=\"index, follow, max-snippet:-1, max-image-preview:large, max-video-preview:-1\" \/>\n<link rel=\"canonical\" href=\"https:\/\/weltlaeden.de\/oranienburg\/ausstellungseroeffnung\/\" \/>\n<meta property=\"og:locale\" content=\"de_DE\" \/>\n<meta property=\"og:type\" content=\"article\" \/>\n<meta property=\"og:title\" content=\"Ausstellungser\u00f6ffnung - Weltladen Oranienburg\" \/>\n<meta property=\"og:description\" content=\"Ein toller Abend mit vielen G\u00e4sten und Interessierten f\u00fcr unser Herzensprojekt Fairer Handel Es ist Zeit, DANKE zu sagen. Ohne das unerm\u00fcdliche Engagement, die M\u00fche und das Herzblut unserer Ehrenamtlichen w\u00e4re so vieles nicht m\u00f6glich, auch eine solche Veranstaltung nicht! Wir bedanken uns auch ganz herzlich bei der Stadtbibliothek Oranienburg f\u00fcr ihre Gastfreundschaft sowie bei&hellip;\" \/>\n<meta property=\"og:url\" content=\"https:\/\/weltlaeden.de\/oranienburg\/ausstellungseroeffnung\/\" \/>\n<meta property=\"og:site_name\" content=\"Weltladen Oranienburg\" \/>\n<meta property=\"article:published_time\" content=\"2023-11-10T19:59:53+00:00\" \/>\n<meta property=\"og:image\" content=\"https:\/\/weltlaeden.de\/oranienburg\/wp-content\/uploads\/sites\/123\/2023\/11\/Fahrrad_n.jpg\" \/>\n<meta name=\"author\" content=\"oranienburg\" \/>\n<meta name=\"twitter:card\" content=\"summary_large_image\" \/>\n<meta name=\"twitter:label1\" content=\"Verfasst von\" \/>\n\t<meta name=\"twitter:data1\" content=\"oranienburg\" \/>\n\t<meta name=\"twitter:label2\" content=\"Gesch\u00e4tzte Lesezeit\" \/>\n\t<meta name=\"twitter:data2\" content=\"1\u00a0Minute\" \/>\n<script type=\"application\/ld+json\" class=\"yoast-schema-graph\">{\"@context\":\"https:\/\/schema.org\",\"@graph\":[{\"@type\":\"Article\",\"@id\":\"https:\/\/weltlaeden.de\/oranienburg\/ausstellungseroeffnung\/#article\",\"isPartOf\":{\"@id\":\"https:\/\/weltlaeden.de\/oranienburg\/ausstellungseroeffnung\/\"},\"author\":{\"name\":\"oranienburg\",\"@id\":\"https:\/\/weltlaeden.de\/oranienburg\/#\/schema\/person\/14ca31d10b42d82f7d2af533c76f9a38\"},\"headline\":\"Ausstellungser\u00f6ffnung\",\"datePublished\":\"2023-11-10T19:59:53+00:00\",\"mainEntityOfPage\":{\"@id\":\"https:\/\/weltlaeden.de\/oranienburg\/ausstellungseroeffnung\/\"},\"wordCount\":125,\"articleSection\":[\"Neuigkeiten\"],\"inLanguage\":\"de\"},{\"@type\":\"WebPage\",\"@id\":\"https:\/\/weltlaeden.de\/oranienburg\/ausstellungseroeffnung\/\",\"url\":\"https:\/\/weltlaeden.de\/oranienburg\/ausstellungseroeffnung\/\",\"name\":\"Ausstellungser\u00f6ffnung - Weltladen Oranienburg\",\"isPartOf\":{\"@id\":\"https:\/\/weltlaeden.de\/oranienburg\/#website\"},\"datePublished\":\"2023-11-10T19:59:53+00:00\",\"author\":{\"@id\":\"https:\/\/weltlaeden.de\/oranienburg\/#\/schema\/person\/14ca31d10b42d82f7d2af533c76f9a38\"},\"breadcrumb\":{\"@id\":\"https:\/\/weltlaeden.de\/oranienburg\/ausstellungseroeffnung\/#breadcrumb\"},\"inLanguage\":\"de\",\"potentialAction\":[{\"@type\":\"ReadAction\",\"target\":[\"https:\/\/weltlaeden.de\/oranienburg\/ausstellungseroeffnung\/\"]}]},{\"@type\":\"BreadcrumbList\",\"@id\":\"https:\/\/weltlaeden.de\/oranienburg\/ausstellungseroeffnung\/#breadcrumb\",\"itemListElement\":[{\"@type\":\"ListItem\",\"position\":1,\"name\":\"Startseite\",\"item\":\"https:\/\/weltlaeden.de\/oranienburg\/\"},{\"@type\":\"ListItem\",\"position\":2,\"name\":\"Ausstellungser\u00f6ffnung\"}]},{\"@type\":\"WebSite\",\"@id\":\"https:\/\/weltlaeden.de\/oranienburg\/#website\",\"url\":\"https:\/\/weltlaeden.de\/oranienburg\/\",\"name\":\"Weltladen Oranienburg\",\"description\":\"Faire Produkte seit 1990\",\"potentialAction\":[{\"@type\":\"SearchAction\",\"target\":{\"@type\":\"EntryPoint\",\"urlTemplate\":\"https:\/\/weltlaeden.de\/oranienburg\/?s={search_term_string}\"},\"query-input\":{\"@type\":\"PropertyValueSpecification\",\"valueRequired\":true,\"valueName\":\"search_term_string\"}}],\"inLanguage\":\"de\"},{\"@type\":\"Person\",\"@id\":\"https:\/\/weltlaeden.de\/oranienburg\/#\/schema\/person\/14ca31d10b42d82f7d2af533c76f9a38\",\"name\":\"oranienburg\",\"image\":{\"@type\":\"ImageObject\",\"inLanguage\":\"de\",\"@id\":\"https:\/\/weltlaeden.de\/oranienburg\/#\/schema\/person\/image\/\",\"url\":\"https:\/\/secure.gravatar.com\/avatar\/ffbe719380bad2a0ce779f9ec738479c?s=96&d=mm&r=g\",\"contentUrl\":\"https:\/\/secure.gravatar.com\/avatar\/ffbe719380bad2a0ce779f9ec738479c?s=96&d=mm&r=g\",\"caption\":\"oranienburg\"},\"description\":\"Seit August in der Bernauer Strasse 24.\"}]}<\/script>\n<!-- \/ Yoast SEO plugin. -->","yoast_head_json":{"title":"Ausstellungser\u00f6ffnung - Weltladen Oranienburg","robots":{"index":"index","follow":"follow","max-snippet":"max-snippet:-1","max-image-preview":"max-image-preview:large","max-video-preview":"max-video-preview:-1"},"canonical":"https:\/\/weltlaeden.de\/oranienburg\/ausstellungseroeffnung\/","og_locale":"de_DE","og_type":"article","og_title":"Ausstellungser\u00f6ffnung - Weltladen Oranienburg","og_description":"Ein toller Abend mit vielen G\u00e4sten und Interessierten f\u00fcr unser Herzensprojekt Fairer Handel Es ist Zeit, DANKE zu sagen. Ohne das unerm\u00fcdliche Engagement, die M\u00fche und das Herzblut unserer Ehrenamtlichen w\u00e4re so vieles nicht m\u00f6glich, auch eine solche Veranstaltung nicht! Wir bedanken uns auch ganz herzlich bei der Stadtbibliothek Oranienburg f\u00fcr ihre Gastfreundschaft sowie bei&hellip;","og_url":"https:\/\/weltlaeden.de\/oranienburg\/ausstellungseroeffnung\/","og_site_name":"Weltladen Oranienburg","article_published_time":"2023-11-10T19:59:53+00:00","og_image":[{"url":"https:\/\/weltlaeden.de\/oranienburg\/wp-content\/uploads\/sites\/123\/2023\/11\/Fahrrad_n.jpg","type":"","width":"","height":""}],"author":"oranienburg","twitter_card":"summary_large_image","twitter_misc":{"Verfasst von":"oranienburg","Gesch\u00e4tzte Lesezeit":"1\u00a0Minute"},"schema":{"@context":"https:\/\/schema.org","@graph":[{"@type":"Article","@id":"https:\/\/weltlaeden.de\/oranienburg\/ausstellungseroeffnung\/#article","isPartOf":{"@id":"https:\/\/weltlaeden.de\/oranienburg\/ausstellungseroeffnung\/"},"author":{"name":"oranienburg","@id":"https:\/\/weltlaeden.de\/oranienburg\/#\/schema\/person\/14ca31d10b42d82f7d2af533c76f9a38"},"headline":"Ausstellungser\u00f6ffnung","datePublished":"2023-11-10T19:59:53+00:00","mainEntityOfPage":{"@id":"https:\/\/weltlaeden.de\/oranienburg\/ausstellungseroeffnung\/"},"wordCount":125,"articleSection":["Neuigkeiten"],"inLanguage":"de"},{"@type":"WebPage","@id":"https:\/\/weltlaeden.de\/oranienburg\/ausstellungseroeffnung\/","url":"https:\/\/weltlaeden.de\/oranienburg\/ausstellungseroeffnung\/","name":"Ausstellungser\u00f6ffnung - Weltladen Oranienburg","isPartOf":{"@id":"https:\/\/weltlaeden.de\/oranienburg\/#website"},"datePublished":"2023-11-10T19:59:53+00:00","author":{"@id":"https:\/\/weltlaeden.de\/oranienburg\/#\/schema\/person\/14ca31d10b42d82f7d2af533c76f9a38"},"breadcrumb":{"@id":"https:\/\/weltlaeden.de\/oranienburg\/ausstellungseroeffnung\/#breadcrumb"},"inLanguage":"de","potentialAction":[{"@type":"ReadAction","target":["https:\/\/weltlaeden.de\/oranienburg\/ausstellungseroeffnung\/"]}]},{"@type":"BreadcrumbList","@id":"https:\/\/weltlaeden.de\/oranienburg\/ausstellungseroeffnung\/#breadcrumb","itemListElement":[{"@type":"ListItem","position":1,"name":"Startseite","item":"https:\/\/weltlaeden.de\/oranienburg\/"},{"@type":"ListItem","position":2,"name":"Ausstellungser\u00f6ffnung"}]},{"@type":"WebSite","@id":"https:\/\/weltlaeden.de\/oranienburg\/#website","url":"https:\/\/weltlaeden.de\/oranienburg\/","name":"Weltladen Oranienburg","description":"Faire Produkte seit 1990","potentialAction":[{"@type":"SearchAction","target":{"@type":"EntryPoint","urlTemplate":"https:\/\/weltlaeden.de\/oranienburg\/?s={search_term_string}"},"query-input":{"@type":"PropertyValueSpecification","valueRequired":true,"valueName":"search_term_string"}}],"inLanguage":"de"},{"@type":"Person","@id":"https:\/\/weltlaeden.de\/oranienburg\/#\/schema\/person\/14ca31d10b42d82f7d2af533c76f9a38","name":"oranienburg","image":{"@type":"ImageObject","inLanguage":"de","@id":"https:\/\/weltlaeden.de\/oranienburg\/#\/schema\/person\/image\/","url":"https:\/\/secure.gravatar.com\/avatar\/ffbe719380bad2a0ce779f9ec738479c?s=96&d=mm&r=g","contentUrl":"https:\/\/secure.gravatar.com\/avatar\/ffbe719380bad2a0ce779f9ec738479c?s=96&d=mm&r=g","caption":"oranienburg"},"description":"Seit August in der Bernauer Strasse 24."}]}},"_links":{"self":[{"href":"https:\/\/weltlaeden.de\/oranienburg\/wp-json\/wp\/v2\/posts\/2081","targetHints":{"allow":["GET"]}}],"collection":[{"href":"https:\/\/weltlaeden.de\/oranienburg\/wp-json\/wp\/v2\/posts"}],"about":[{"href":"https:\/\/weltlaeden.de\/oranienburg\/wp-json\/wp\/v2\/types\/post"}],"author":[{"embeddable":true,"href":"https:\/\/weltlaeden.de\/oranienburg\/wp-json\/wp\/v2\/users\/185"}],"replies":[{"embeddable":true,"href":"https:\/\/weltlaeden.de\/oranienburg\/wp-json\/wp\/v2\/comments?post=2081"}],"version-history":[{"count":1,"href":"https:\/\/weltlaeden.de\/oranienburg\/wp-json\/wp\/v2\/posts\/2081\/revisions"}],"predecessor-version":[{"id":2086,"href":"https:\/\/weltlaeden.de\/oranienburg\/wp-json\/wp\/v2\/posts\/2081\/revisions\/2086"}],"wp:attachment":[{"href":"https:\/\/weltlaeden.de\/oranienburg\/wp-json\/wp\/v2\/media?parent=2081"}],"wp:term":[{"taxonomy":"category","embeddable":true,"href":"https:\/\/weltlaeden.de\/oranienburg\/wp-json\/wp\/v2\/categories?post=2081"},{"taxonomy":"post_tag","embeddable":true,"href":"https:\/\/weltlaeden.de\/oranienburg\/wp-json\/wp\/v2\/tags?post=2081"}],"curies":[{"name":"wp","href":"https:\/\/api.w.org\/{rel}","templated":true}]}}