{"id":3728,"date":"2026-04-30T10:23:16","date_gmt":"2026-04-30T08:23:16","guid":{"rendered":"https:\/\/weltlaeden.de\/offenburg\/?p=3728"},"modified":"2026-04-30T12:32:34","modified_gmt":"2026-04-30T10:32:34","slug":"weltladentag-2026","status":"publish","type":"post","link":"https:\/\/weltlaeden.de\/offenburg\/weltladentag-2026\/","title":{"rendered":"Weltladentag 2026"},"content":{"rendered":"<header class=\"wrap articleheader\">\n<h1 id=\"thecontent\" class=\"mainheadline\">Fair fruchtet!<\/h1>\n<\/header>\n<div class=\"wrap articleheader\">\n<div class=\"teasertext\">Fr\u00fcchte stehen f\u00fcr Vielfalt, Genuss und Lebensfreude. Doch hinter dem, was bei uns selbstverst\u00e4ndlich im Einkaufskorb landet, steckt viel Arbeit unter schwierigen Bedingungen. Am Weltladentag am 09. Mai 2026 nehmen wir diese Themen in den Blick.<\/div>\n<div><\/div>\n<\/div>\n<div>Bananen, Orangen, Ananas und Mangos geh\u00f6ren weltweit zu den beliebtesten Fr\u00fcchten. Doch ihre Produktion ist oft mit schwierigen Arbeitsbedingungen verbunden. Viele Menschen, die sie anbauen und ernten, erhalten niedrige L\u00f6hne, arbeiten befristet oder ohne Vertrag und haben kaum Mitspracherechte. Gro\u00dfe Plantagen internationaler Konzerne bestimmen den Markt, w\u00e4hrend Kleinb\u00e4uerinnen und Kleinbauern mit begrenzten Ressourcen kaum konkurrenzf\u00e4hig sind. Obwohl die Obst- und Fruchtsaftproduktion enorme Gewinne erzielt und j\u00e4hrlich rund 110 Millionen Tonnen Bananen geerntet werden, bleibt am Anfang der Lieferkette nur ein kleiner Teil des Erl\u00f6ses bei den Produzentinnen und Produzenten.<\/div>\n<div>\n<h2 id=\"ausbeutung-auch-in-europa\">Ausbeutung auch in Europa<\/h2>\n<p>Nicht nur im globalen S\u00fcden, aus dem viele der beliebten Fr\u00fcchte stammen, gibt es ein Ungleichgewicht entlang der Lieferketten von Obst und Gem\u00fcse. Auch in Europa zeigen sich problematische Arbeitsbedingungen. Saisonarbeiter*innen arbeiten oft unter schwierigen Bedingungen, verdienen wenig und haben nur befristete Vertr\u00e4ge. H\u00e4ufig fehlen faire Strukturen und der Schutz von Arbeitsrechten, sodass Mitbestimmung und soziale Absicherung nur eingeschr\u00e4nkt m\u00f6glich sind.<\/p>\n<h2 id=\"die-macht-der-big-four\">Die Macht der &#8222;Big Four&#8220;<\/h2>\n<p>Neben den sozialen Aspekten stellt auch der Markt eine Herausforderung dar: In vielen L\u00e4ndern kontrollieren wenige Gro\u00dfunternehmen und Supermarktketten die Preise f\u00fcr Obst und Gem\u00fcse. In Deutschland beispielsweise haben vier Konzerne \u2013 Aldi, Lidl\/Kaufland, Edeka und Rewe \u2013 einen Marktanteil von 85 Prozent. Diese Marktmacht \u00fcbt Druck auf Lieferanten aus, die gezwungen sind, ihre Preise zu senken, h\u00e4ufig ohne dass die Produktionskosten gedeckt sind.<\/p>\n<h2 id=\"faire-preise-machen-den-unterschied\">Faire Preise machen den Unterschied<\/h2>\n<p>Faire Handelsmodelle setzen genau hier an. Sie zielen darauf, die Wertsch\u00f6pfung entlang der Lieferketten gerechter zu verteilen und menschenw\u00fcrdige Arbeitsbedingungen zu st\u00e4rken. Fair-Handels-Organisationen erm\u00f6glichen es Produzent*innen und Arbeiter*innen, verl\u00e4sslicher zu planen, ihre Rechte besser durchzusetzen und langfristige Perspektiven zu entwickeln. Statt kurzfristigem Preisdruck stehen faire Preise, Transparenz und partnerschaftliche Handelsbeziehungen im Mittelpunkt.<\/p>\n<p>Der Weltladentag 2026, der unter dem Motto \u201eFair Fruchtet\u201c steht, nimmt diese Themen in den Blick. Er zeigt, wie Fr\u00fcchte produziert werden, wer daran beteiligt ist und wie der Faire Handel entlang der Lieferketten f\u00fcr gerechtere Preise, faire Entlohnung und bessere Lebensbedingungen sorgt. Gleichzeitig bietet er die Gelegenheit, in den Weltl\u00e4den selbst aktiv zu werden und die Bedeutung fair gehandelter Fr\u00fcchte erlebbar zu machen.<\/p>\n<p>Wer fair gehandelte Fr\u00fcchte kauft, unterst\u00fctzt damit den Wandel hin zu einem gerechteren Wirtschaftssystem. Jede Frucht steht damit f\u00fcr mehr als Genuss: Sie ist ein Symbol daf\u00fcr, dass Fairer Handel funktionieren kann, dass Produktion und Handel gerechter gestaltet werden k\u00f6nnen und dass es sich lohnt, bei jedem Einkauf genau hinzuschauen.<\/p>\n<p>Wollt ihr noch mehr erfahren? Schaut dann mal auf der Homepage des Weltladen-Dachverbandes vorbei! Da gibt es noch mehr Informationen, Filmchen und Mitmach-Aktionen. Hier der Link: <strong><a href=\"https:\/\/www.weltladen.de\/mitmachen\/kampagnen-aktionen\/weltladentag-2026\/\"><span style=\"color: #ff9900\">Fair Fruchtet!<\/span><\/a><\/strong><\/p>\n<p><span style=\"color: #ff9900\"><span style=\"color: #000000\">Passend zum Thema: Hier geht es direkt\u00a0 zum<\/span><strong> Bananenquiz <\/strong><\/span><span style=\"color: #ff9900\"><span style=\"color: #000000\">vom Weltladen Dachverband<\/span><\/span><\/p>\n<\/div>\n<div class=\"wrap articleheader\">\n<div><\/div>\n<\/div>\n","protected":false},"excerpt":{"rendered":"<p>Fair fruchtet! Fr\u00fcchte stehen f\u00fcr Vielfalt, Genuss und Lebensfreude. Doch hinter dem, was bei uns selbstverst\u00e4ndlich im Einkaufskorb landet, steckt viel Arbeit unter schwierigen Bedingungen. Am Weltladentag am 09. Mai 2026 nehmen wir diese Themen in den Blick. Bananen, Orangen, Ananas und Mangos geh\u00f6ren weltweit zu den beliebtesten Fr\u00fcchten. Doch ihre Produktion ist oft mit&hellip;<\/p>\n","protected":false},"author":287,"featured_media":3731,"comment_status":"closed","ping_status":"closed","sticky":false,"template":"","format":"standard","meta":{"footnotes":""},"categories":[8,173,230],"tags":[],"class_list":["post-3728","post","type-post","status-publish","format-standard","has-post-thumbnail","hentry","category-neues","category-veranstaltung","category-weltladentag","category-8","category-173","category-230","description-off"],"yoast_head":"<!-- This site is optimized with the Yoast SEO plugin v26.8 - https:\/\/yoast.com\/product\/yoast-seo-wordpress\/ -->\n<title>Weltladentag 2026 - Weltladen Offenburg<\/title>\n<meta name=\"robots\" content=\"index, follow, max-snippet:-1, max-image-preview:large, max-video-preview:-1\" \/>\n<link rel=\"canonical\" href=\"https:\/\/weltlaeden.de\/offenburg\/weltladentag-2026\/\" \/>\n<meta property=\"og:locale\" content=\"de_DE\" \/>\n<meta property=\"og:type\" content=\"article\" \/>\n<meta property=\"og:title\" content=\"Weltladentag 2026 - Weltladen Offenburg\" \/>\n<meta property=\"og:description\" content=\"Fair fruchtet! Fr\u00fcchte stehen f\u00fcr Vielfalt, Genuss und Lebensfreude. Doch hinter dem, was bei uns selbstverst\u00e4ndlich im Einkaufskorb landet, steckt viel Arbeit unter schwierigen Bedingungen. Am Weltladentag am 09. Mai 2026 nehmen wir diese Themen in den Blick. Bananen, Orangen, Ananas und Mangos geh\u00f6ren weltweit zu den beliebtesten Fr\u00fcchten. Doch ihre Produktion ist oft mit&hellip;\" \/>\n<meta property=\"og:url\" content=\"https:\/\/weltlaeden.de\/offenburg\/weltladentag-2026\/\" \/>\n<meta property=\"og:site_name\" content=\"Weltladen Offenburg\" \/>\n<meta property=\"article:published_time\" content=\"2026-04-30T08:23:16+00:00\" \/>\n<meta property=\"article:modified_time\" content=\"2026-04-30T10:32:34+00:00\" \/>\n<meta property=\"og:image\" content=\"https:\/\/weltlaeden.de\/offenburg\/wp-content\/uploads\/sites\/198\/2026\/04\/wlt26_header_schmal-scaled.jpg\" \/>\n\t<meta property=\"og:image:width\" content=\"2560\" \/>\n\t<meta property=\"og:image:height\" content=\"853\" \/>\n\t<meta property=\"og:image:type\" content=\"image\/jpeg\" \/>\n<meta name=\"author\" content=\"offenburg\" \/>\n<meta name=\"twitter:card\" content=\"summary_large_image\" \/>\n<meta name=\"twitter:label1\" content=\"Verfasst von\" \/>\n\t<meta name=\"twitter:data1\" content=\"offenburg\" \/>\n\t<meta name=\"twitter:label2\" content=\"Gesch\u00e4tzte Lesezeit\" \/>\n\t<meta name=\"twitter:data2\" content=\"3\u00a0Minuten\" \/>\n<script type=\"application\/ld+json\" class=\"yoast-schema-graph\">{\"@context\":\"https:\/\/schema.org\",\"@graph\":[{\"@type\":\"Article\",\"@id\":\"https:\/\/weltlaeden.de\/offenburg\/weltladentag-2026\/#article\",\"isPartOf\":{\"@id\":\"https:\/\/weltlaeden.de\/offenburg\/weltladentag-2026\/\"},\"author\":{\"name\":\"offenburg\",\"@id\":\"https:\/\/weltlaeden.de\/offenburg\/#\/schema\/person\/63e86888f5fd08c1cb250d383dcce436\"},\"headline\":\"Weltladentag 2026\",\"datePublished\":\"2026-04-30T08:23:16+00:00\",\"dateModified\":\"2026-04-30T10:32:34+00:00\",\"mainEntityOfPage\":{\"@id\":\"https:\/\/weltlaeden.de\/offenburg\/weltladentag-2026\/\"},\"wordCount\":508,\"image\":{\"@id\":\"https:\/\/weltlaeden.de\/offenburg\/weltladentag-2026\/#primaryimage\"},\"thumbnailUrl\":\"https:\/\/weltlaeden.de\/offenburg\/wp-content\/uploads\/sites\/198\/2026\/04\/wlt26_header_schmal-scaled.jpg\",\"articleSection\":[\"Neuigkeiten\",\"Veranstaltung\",\"Weltladentag\"],\"inLanguage\":\"de\"},{\"@type\":\"WebPage\",\"@id\":\"https:\/\/weltlaeden.de\/offenburg\/weltladentag-2026\/\",\"url\":\"https:\/\/weltlaeden.de\/offenburg\/weltladentag-2026\/\",\"name\":\"Weltladentag 2026 - Weltladen Offenburg\",\"isPartOf\":{\"@id\":\"https:\/\/weltlaeden.de\/offenburg\/#website\"},\"primaryImageOfPage\":{\"@id\":\"https:\/\/weltlaeden.de\/offenburg\/weltladentag-2026\/#primaryimage\"},\"image\":{\"@id\":\"https:\/\/weltlaeden.de\/offenburg\/weltladentag-2026\/#primaryimage\"},\"thumbnailUrl\":\"https:\/\/weltlaeden.de\/offenburg\/wp-content\/uploads\/sites\/198\/2026\/04\/wlt26_header_schmal-scaled.jpg\",\"datePublished\":\"2026-04-30T08:23:16+00:00\",\"dateModified\":\"2026-04-30T10:32:34+00:00\",\"author\":{\"@id\":\"https:\/\/weltlaeden.de\/offenburg\/#\/schema\/person\/63e86888f5fd08c1cb250d383dcce436\"},\"breadcrumb\":{\"@id\":\"https:\/\/weltlaeden.de\/offenburg\/weltladentag-2026\/#breadcrumb\"},\"inLanguage\":\"de\",\"potentialAction\":[{\"@type\":\"ReadAction\",\"target\":[\"https:\/\/weltlaeden.de\/offenburg\/weltladentag-2026\/\"]}]},{\"@type\":\"ImageObject\",\"inLanguage\":\"de\",\"@id\":\"https:\/\/weltlaeden.de\/offenburg\/weltladentag-2026\/#primaryimage\",\"url\":\"https:\/\/weltlaeden.de\/offenburg\/wp-content\/uploads\/sites\/198\/2026\/04\/wlt26_header_schmal-scaled.jpg\",\"contentUrl\":\"https:\/\/weltlaeden.de\/offenburg\/wp-content\/uploads\/sites\/198\/2026\/04\/wlt26_header_schmal-scaled.jpg\",\"width\":2560,\"height\":853},{\"@type\":\"BreadcrumbList\",\"@id\":\"https:\/\/weltlaeden.de\/offenburg\/weltladentag-2026\/#breadcrumb\",\"itemListElement\":[{\"@type\":\"ListItem\",\"position\":1,\"name\":\"Startseite\",\"item\":\"https:\/\/weltlaeden.de\/offenburg\/\"},{\"@type\":\"ListItem\",\"position\":2,\"name\":\"Weltladentag 2026\"}]},{\"@type\":\"WebSite\",\"@id\":\"https:\/\/weltlaeden.de\/offenburg\/#website\",\"url\":\"https:\/\/weltlaeden.de\/offenburg\/\",\"name\":\"Weltladen Offenburg\",\"description\":\"Faire Produkte seit 1990\",\"potentialAction\":[{\"@type\":\"SearchAction\",\"target\":{\"@type\":\"EntryPoint\",\"urlTemplate\":\"https:\/\/weltlaeden.de\/offenburg\/?s={search_term_string}\"},\"query-input\":{\"@type\":\"PropertyValueSpecification\",\"valueRequired\":true,\"valueName\":\"search_term_string\"}}],\"inLanguage\":\"de\"},{\"@type\":\"Person\",\"@id\":\"https:\/\/weltlaeden.de\/offenburg\/#\/schema\/person\/63e86888f5fd08c1cb250d383dcce436\",\"name\":\"offenburg\",\"image\":{\"@type\":\"ImageObject\",\"inLanguage\":\"de\",\"@id\":\"https:\/\/weltlaeden.de\/offenburg\/#\/schema\/person\/image\/\",\"url\":\"https:\/\/secure.gravatar.com\/avatar\/f2c845fa9b4dc68bcac338b7f4ca5d3e?s=96&d=mm&r=g\",\"contentUrl\":\"https:\/\/secure.gravatar.com\/avatar\/f2c845fa9b4dc68bcac338b7f4ca5d3e?s=96&d=mm&r=g\",\"caption\":\"offenburg\"}}]}<\/script>\n<!-- \/ Yoast SEO plugin. -->","yoast_head_json":{"title":"Weltladentag 2026 - Weltladen Offenburg","robots":{"index":"index","follow":"follow","max-snippet":"max-snippet:-1","max-image-preview":"max-image-preview:large","max-video-preview":"max-video-preview:-1"},"canonical":"https:\/\/weltlaeden.de\/offenburg\/weltladentag-2026\/","og_locale":"de_DE","og_type":"article","og_title":"Weltladentag 2026 - Weltladen Offenburg","og_description":"Fair fruchtet! Fr\u00fcchte stehen f\u00fcr Vielfalt, Genuss und Lebensfreude. Doch hinter dem, was bei uns selbstverst\u00e4ndlich im Einkaufskorb landet, steckt viel Arbeit unter schwierigen Bedingungen. Am Weltladentag am 09. Mai 2026 nehmen wir diese Themen in den Blick. Bananen, Orangen, Ananas und Mangos geh\u00f6ren weltweit zu den beliebtesten Fr\u00fcchten. Doch ihre Produktion ist oft mit&hellip;","og_url":"https:\/\/weltlaeden.de\/offenburg\/weltladentag-2026\/","og_site_name":"Weltladen Offenburg","article_published_time":"2026-04-30T08:23:16+00:00","article_modified_time":"2026-04-30T10:32:34+00:00","og_image":[{"width":2560,"height":853,"url":"https:\/\/weltlaeden.de\/offenburg\/wp-content\/uploads\/sites\/198\/2026\/04\/wlt26_header_schmal-scaled.jpg","type":"image\/jpeg"}],"author":"offenburg","twitter_card":"summary_large_image","twitter_misc":{"Verfasst von":"offenburg","Gesch\u00e4tzte Lesezeit":"3\u00a0Minuten"},"schema":{"@context":"https:\/\/schema.org","@graph":[{"@type":"Article","@id":"https:\/\/weltlaeden.de\/offenburg\/weltladentag-2026\/#article","isPartOf":{"@id":"https:\/\/weltlaeden.de\/offenburg\/weltladentag-2026\/"},"author":{"name":"offenburg","@id":"https:\/\/weltlaeden.de\/offenburg\/#\/schema\/person\/63e86888f5fd08c1cb250d383dcce436"},"headline":"Weltladentag 2026","datePublished":"2026-04-30T08:23:16+00:00","dateModified":"2026-04-30T10:32:34+00:00","mainEntityOfPage":{"@id":"https:\/\/weltlaeden.de\/offenburg\/weltladentag-2026\/"},"wordCount":508,"image":{"@id":"https:\/\/weltlaeden.de\/offenburg\/weltladentag-2026\/#primaryimage"},"thumbnailUrl":"https:\/\/weltlaeden.de\/offenburg\/wp-content\/uploads\/sites\/198\/2026\/04\/wlt26_header_schmal-scaled.jpg","articleSection":["Neuigkeiten","Veranstaltung","Weltladentag"],"inLanguage":"de"},{"@type":"WebPage","@id":"https:\/\/weltlaeden.de\/offenburg\/weltladentag-2026\/","url":"https:\/\/weltlaeden.de\/offenburg\/weltladentag-2026\/","name":"Weltladentag 2026 - Weltladen Offenburg","isPartOf":{"@id":"https:\/\/weltlaeden.de\/offenburg\/#website"},"primaryImageOfPage":{"@id":"https:\/\/weltlaeden.de\/offenburg\/weltladentag-2026\/#primaryimage"},"image":{"@id":"https:\/\/weltlaeden.de\/offenburg\/weltladentag-2026\/#primaryimage"},"thumbnailUrl":"https:\/\/weltlaeden.de\/offenburg\/wp-content\/uploads\/sites\/198\/2026\/04\/wlt26_header_schmal-scaled.jpg","datePublished":"2026-04-30T08:23:16+00:00","dateModified":"2026-04-30T10:32:34+00:00","author":{"@id":"https:\/\/weltlaeden.de\/offenburg\/#\/schema\/person\/63e86888f5fd08c1cb250d383dcce436"},"breadcrumb":{"@id":"https:\/\/weltlaeden.de\/offenburg\/weltladentag-2026\/#breadcrumb"},"inLanguage":"de","potentialAction":[{"@type":"ReadAction","target":["https:\/\/weltlaeden.de\/offenburg\/weltladentag-2026\/"]}]},{"@type":"ImageObject","inLanguage":"de","@id":"https:\/\/weltlaeden.de\/offenburg\/weltladentag-2026\/#primaryimage","url":"https:\/\/weltlaeden.de\/offenburg\/wp-content\/uploads\/sites\/198\/2026\/04\/wlt26_header_schmal-scaled.jpg","contentUrl":"https:\/\/weltlaeden.de\/offenburg\/wp-content\/uploads\/sites\/198\/2026\/04\/wlt26_header_schmal-scaled.jpg","width":2560,"height":853},{"@type":"BreadcrumbList","@id":"https:\/\/weltlaeden.de\/offenburg\/weltladentag-2026\/#breadcrumb","itemListElement":[{"@type":"ListItem","position":1,"name":"Startseite","item":"https:\/\/weltlaeden.de\/offenburg\/"},{"@type":"ListItem","position":2,"name":"Weltladentag 2026"}]},{"@type":"WebSite","@id":"https:\/\/weltlaeden.de\/offenburg\/#website","url":"https:\/\/weltlaeden.de\/offenburg\/","name":"Weltladen Offenburg","description":"Faire Produkte seit 1990","potentialAction":[{"@type":"SearchAction","target":{"@type":"EntryPoint","urlTemplate":"https:\/\/weltlaeden.de\/offenburg\/?s={search_term_string}"},"query-input":{"@type":"PropertyValueSpecification","valueRequired":true,"valueName":"search_term_string"}}],"inLanguage":"de"},{"@type":"Person","@id":"https:\/\/weltlaeden.de\/offenburg\/#\/schema\/person\/63e86888f5fd08c1cb250d383dcce436","name":"offenburg","image":{"@type":"ImageObject","inLanguage":"de","@id":"https:\/\/weltlaeden.de\/offenburg\/#\/schema\/person\/image\/","url":"https:\/\/secure.gravatar.com\/avatar\/f2c845fa9b4dc68bcac338b7f4ca5d3e?s=96&d=mm&r=g","contentUrl":"https:\/\/secure.gravatar.com\/avatar\/f2c845fa9b4dc68bcac338b7f4ca5d3e?s=96&d=mm&r=g","caption":"offenburg"}}]}},"_links":{"self":[{"href":"https:\/\/weltlaeden.de\/offenburg\/wp-json\/wp\/v2\/posts\/3728","targetHints":{"allow":["GET"]}}],"collection":[{"href":"https:\/\/weltlaeden.de\/offenburg\/wp-json\/wp\/v2\/posts"}],"about":[{"href":"https:\/\/weltlaeden.de\/offenburg\/wp-json\/wp\/v2\/types\/post"}],"author":[{"embeddable":true,"href":"https:\/\/weltlaeden.de\/offenburg\/wp-json\/wp\/v2\/users\/287"}],"replies":[{"embeddable":true,"href":"https:\/\/weltlaeden.de\/offenburg\/wp-json\/wp\/v2\/comments?post=3728"}],"version-history":[{"count":6,"href":"https:\/\/weltlaeden.de\/offenburg\/wp-json\/wp\/v2\/posts\/3728\/revisions"}],"predecessor-version":[{"id":3747,"href":"https:\/\/weltlaeden.de\/offenburg\/wp-json\/wp\/v2\/posts\/3728\/revisions\/3747"}],"wp:featuredmedia":[{"embeddable":true,"href":"https:\/\/weltlaeden.de\/offenburg\/wp-json\/wp\/v2\/media\/3731"}],"wp:attachment":[{"href":"https:\/\/weltlaeden.de\/offenburg\/wp-json\/wp\/v2\/media?parent=3728"}],"wp:term":[{"taxonomy":"category","embeddable":true,"href":"https:\/\/weltlaeden.de\/offenburg\/wp-json\/wp\/v2\/categories?post=3728"},{"taxonomy":"post_tag","embeddable":true,"href":"https:\/\/weltlaeden.de\/offenburg\/wp-json\/wp\/v2\/tags?post=3728"}],"curies":[{"name":"wp","href":"https:\/\/api.w.org\/{rel}","templated":true}]}}