{"id":3630,"date":"2026-03-28T09:42:08","date_gmt":"2026-03-28T08:42:08","guid":{"rendered":"https:\/\/weltlaeden.de\/offenburg\/?p=3630"},"modified":"2026-04-19T09:42:40","modified_gmt":"2026-04-19T07:42:40","slug":"inkota-aktion-osterhasen-streiken-in-offenburg","status":"publish","type":"post","link":"https:\/\/weltlaeden.de\/offenburg\/inkota-aktion-osterhasen-streiken-in-offenburg\/","title":{"rendered":"Inkota-Aktion &#8211; Osterhasen streiken in Offenburg"},"content":{"rendered":"<h1><strong>Osterhasenstreik in Offenburg am 28. M\u00e4rz 2026<\/strong><\/h1>\n<p>Ob Getreide<img loading=\"lazy\" decoding=\"async\" class=\"size-medium wp-image-3603 alignleft\" src=\"https:\/\/weltlaeden.de\/offenburg\/wp-content\/uploads\/sites\/198\/2026\/04\/kleinn-241x300.jpg\" alt=\"\" width=\"241\" height=\"300\" srcset=\"https:\/\/weltlaeden.de\/offenburg\/wp-content\/uploads\/sites\/198\/2026\/04\/kleinn-241x300.jpg 241w, https:\/\/weltlaeden.de\/offenburg\/wp-content\/uploads\/sites\/198\/2026\/04\/kleinn.jpg 600w\" sizes=\"auto, (max-width: 241px) 100vw, 241px\" \/>&#8211; und Milchb\u00e4uerinnen und -bauern in Deutschland oder Kakaob\u00e4uerinnen und -bauern in Westafrika, viele von ihnen k\u00f6nnen von ihrer Arbeit nicht leben. <strong>Unfaire Handelspraktiken und zu niedrige Preise gef\u00e4hrden die Zukunft der Landwirtschaft.\u00a0<\/strong> Die Folgen sind gravierend: Sie k\u00f6nnen nicht in ihre Betriebe investieren, nicht nachhaltiger wirtschaften und den Menschen, die auf ihren H\u00f6fen arbeiten, <strong>keine existenzsichernden L\u00f6hne zahlen<\/strong>. Unfaire Preise bedrohen Existenzen \u2013 entlang lokaler wie globaler Lieferketten.<\/p>\n<p>Schokolade muss fair f\u00fcr alle werden! Daf\u00fcr gingen auch 2026 wieder die Osterhasen in Offenburg auf die Stra\u00dfe. Gemeinsam mit Fairtra <img loading=\"lazy\" decoding=\"async\" class=\"size-medium wp-image-3636 alignright\" src=\"https:\/\/weltlaeden.de\/offenburg\/wp-content\/uploads\/sites\/198\/2026\/04\/Aktionstisch-klein-300x169.jpg\" alt=\"\" width=\"300\" height=\"169\" srcset=\"https:\/\/weltlaeden.de\/offenburg\/wp-content\/uploads\/sites\/198\/2026\/04\/Aktionstisch-klein-300x169.jpg 300w, https:\/\/weltlaeden.de\/offenburg\/wp-content\/uploads\/sites\/198\/2026\/04\/Aktionstisch-klein.jpg 600w\" sizes=\"auto, (max-width: 300px) 100vw, 300px\" \/>de und vielen weiteren Partner fordern sie: Faire Kakaopreise, die \u00fcber den Produktionskosten liegen. Gemeinsam setzen wir ein starkes Zeichen f\u00fcr Gerechtigkeit im Kakaoanbau. Seit mehr als zehn Jahren macht die INKOTA-Osteraktion auf die Missst\u00e4nde im Kakaoanbau aufmerksam. Noch immer lebt die Mehrheit der 5,5 Millionen Kakaob\u00e4uerinnen und -bauern weltweit in Armut, Kinderarbeit ist noch immer bittere Realit\u00e4t in den meisten Lieferketten.<\/p>\n<p><img loading=\"lazy\" decoding=\"async\" class=\"alignnone size-medium wp-image-3637\" src=\"https:\/\/weltlaeden.de\/offenburg\/wp-content\/uploads\/sites\/198\/2026\/04\/Protestschild-klein-169x300.jpg\" alt=\"\" width=\"169\" height=\"300\" \/><\/p>\n","protected":false},"excerpt":{"rendered":"<p>Osterhasenstreik in Offenburg am 28. M\u00e4rz 2026 Ob Getreide&#8211; und Milchb\u00e4uerinnen und -bauern in Deutschland oder Kakaob\u00e4uerinnen und -bauern in Westafrika, viele von ihnen k\u00f6nnen von ihrer Arbeit nicht leben. Unfaire Handelspraktiken und zu niedrige Preise gef\u00e4hrden die Zukunft der Landwirtschaft.\u00a0 Die Folgen sind gravierend: Sie k\u00f6nnen nicht in ihre Betriebe investieren, nicht nachhaltiger wirtschaften&hellip;<\/p>\n","protected":false},"author":287,"featured_media":3637,"comment_status":"closed","ping_status":"closed","sticky":false,"template":"","format":"standard","meta":{"footnotes":""},"categories":[8,173],"tags":[],"class_list":["post-3630","post","type-post","status-publish","format-standard","has-post-thumbnail","hentry","category-neues","category-veranstaltung","category-8","category-173","description-off"],"yoast_head":"<!-- This site is optimized with the Yoast SEO plugin v26.8 - https:\/\/yoast.com\/product\/yoast-seo-wordpress\/ -->\n<title>Inkota-Aktion - Osterhasen streiken in Offenburg - Weltladen Offenburg<\/title>\n<meta name=\"robots\" content=\"index, follow, max-snippet:-1, max-image-preview:large, max-video-preview:-1\" \/>\n<link rel=\"canonical\" href=\"https:\/\/weltlaeden.de\/offenburg\/inkota-aktion-osterhasen-streiken-in-offenburg\/\" \/>\n<meta property=\"og:locale\" content=\"de_DE\" \/>\n<meta property=\"og:type\" content=\"article\" \/>\n<meta property=\"og:title\" content=\"Inkota-Aktion - Osterhasen streiken in Offenburg - Weltladen Offenburg\" \/>\n<meta property=\"og:description\" content=\"Osterhasenstreik in Offenburg am 28. M\u00e4rz 2026 Ob Getreide&#8211; und Milchb\u00e4uerinnen und -bauern in Deutschland oder Kakaob\u00e4uerinnen und -bauern in Westafrika, viele von ihnen k\u00f6nnen von ihrer Arbeit nicht leben. Unfaire Handelspraktiken und zu niedrige Preise gef\u00e4hrden die Zukunft der Landwirtschaft.\u00a0 Die Folgen sind gravierend: Sie k\u00f6nnen nicht in ihre Betriebe investieren, nicht nachhaltiger wirtschaften&hellip;\" \/>\n<meta property=\"og:url\" content=\"https:\/\/weltlaeden.de\/offenburg\/inkota-aktion-osterhasen-streiken-in-offenburg\/\" \/>\n<meta property=\"og:site_name\" content=\"Weltladen Offenburg\" \/>\n<meta property=\"article:published_time\" content=\"2026-03-28T08:42:08+00:00\" \/>\n<meta property=\"article:modified_time\" content=\"2026-04-19T07:42:40+00:00\" \/>\n<meta property=\"og:image\" content=\"https:\/\/weltlaeden.de\/offenburg\/wp-content\/uploads\/sites\/198\/2026\/04\/Protestschild-klein-rotated-e1776584473961.jpg\" \/>\n\t<meta property=\"og:image:width\" content=\"600\" \/>\n\t<meta property=\"og:image:height\" content=\"375\" \/>\n\t<meta property=\"og:image:type\" content=\"image\/jpeg\" \/>\n<meta name=\"author\" content=\"offenburg\" \/>\n<meta name=\"twitter:card\" content=\"summary_large_image\" \/>\n<meta name=\"twitter:label1\" content=\"Verfasst von\" \/>\n\t<meta name=\"twitter:data1\" content=\"offenburg\" \/>\n\t<meta name=\"twitter:label2\" content=\"Gesch\u00e4tzte Lesezeit\" \/>\n\t<meta name=\"twitter:data2\" content=\"1\u00a0Minute\" \/>\n<script type=\"application\/ld+json\" class=\"yoast-schema-graph\">{\"@context\":\"https:\/\/schema.org\",\"@graph\":[{\"@type\":\"Article\",\"@id\":\"https:\/\/weltlaeden.de\/offenburg\/inkota-aktion-osterhasen-streiken-in-offenburg\/#article\",\"isPartOf\":{\"@id\":\"https:\/\/weltlaeden.de\/offenburg\/inkota-aktion-osterhasen-streiken-in-offenburg\/\"},\"author\":{\"name\":\"offenburg\",\"@id\":\"https:\/\/weltlaeden.de\/offenburg\/#\/schema\/person\/63e86888f5fd08c1cb250d383dcce436\"},\"headline\":\"Inkota-Aktion &#8211; Osterhasen streiken in Offenburg\",\"datePublished\":\"2026-03-28T08:42:08+00:00\",\"dateModified\":\"2026-04-19T07:42:40+00:00\",\"mainEntityOfPage\":{\"@id\":\"https:\/\/weltlaeden.de\/offenburg\/inkota-aktion-osterhasen-streiken-in-offenburg\/\"},\"wordCount\":176,\"image\":{\"@id\":\"https:\/\/weltlaeden.de\/offenburg\/inkota-aktion-osterhasen-streiken-in-offenburg\/#primaryimage\"},\"thumbnailUrl\":\"https:\/\/weltlaeden.de\/offenburg\/wp-content\/uploads\/sites\/198\/2026\/04\/Protestschild-klein-rotated-e1776584473961.jpg\",\"articleSection\":[\"Neuigkeiten\",\"Veranstaltung\"],\"inLanguage\":\"de\"},{\"@type\":\"WebPage\",\"@id\":\"https:\/\/weltlaeden.de\/offenburg\/inkota-aktion-osterhasen-streiken-in-offenburg\/\",\"url\":\"https:\/\/weltlaeden.de\/offenburg\/inkota-aktion-osterhasen-streiken-in-offenburg\/\",\"name\":\"Inkota-Aktion - Osterhasen streiken in Offenburg - Weltladen Offenburg\",\"isPartOf\":{\"@id\":\"https:\/\/weltlaeden.de\/offenburg\/#website\"},\"primaryImageOfPage\":{\"@id\":\"https:\/\/weltlaeden.de\/offenburg\/inkota-aktion-osterhasen-streiken-in-offenburg\/#primaryimage\"},\"image\":{\"@id\":\"https:\/\/weltlaeden.de\/offenburg\/inkota-aktion-osterhasen-streiken-in-offenburg\/#primaryimage\"},\"thumbnailUrl\":\"https:\/\/weltlaeden.de\/offenburg\/wp-content\/uploads\/sites\/198\/2026\/04\/Protestschild-klein-rotated-e1776584473961.jpg\",\"datePublished\":\"2026-03-28T08:42:08+00:00\",\"dateModified\":\"2026-04-19T07:42:40+00:00\",\"author\":{\"@id\":\"https:\/\/weltlaeden.de\/offenburg\/#\/schema\/person\/63e86888f5fd08c1cb250d383dcce436\"},\"breadcrumb\":{\"@id\":\"https:\/\/weltlaeden.de\/offenburg\/inkota-aktion-osterhasen-streiken-in-offenburg\/#breadcrumb\"},\"inLanguage\":\"de\",\"potentialAction\":[{\"@type\":\"ReadAction\",\"target\":[\"https:\/\/weltlaeden.de\/offenburg\/inkota-aktion-osterhasen-streiken-in-offenburg\/\"]}]},{\"@type\":\"ImageObject\",\"inLanguage\":\"de\",\"@id\":\"https:\/\/weltlaeden.de\/offenburg\/inkota-aktion-osterhasen-streiken-in-offenburg\/#primaryimage\",\"url\":\"https:\/\/weltlaeden.de\/offenburg\/wp-content\/uploads\/sites\/198\/2026\/04\/Protestschild-klein-rotated-e1776584473961.jpg\",\"contentUrl\":\"https:\/\/weltlaeden.de\/offenburg\/wp-content\/uploads\/sites\/198\/2026\/04\/Protestschild-klein-rotated-e1776584473961.jpg\",\"width\":600,\"height\":375},{\"@type\":\"BreadcrumbList\",\"@id\":\"https:\/\/weltlaeden.de\/offenburg\/inkota-aktion-osterhasen-streiken-in-offenburg\/#breadcrumb\",\"itemListElement\":[{\"@type\":\"ListItem\",\"position\":1,\"name\":\"Startseite\",\"item\":\"https:\/\/weltlaeden.de\/offenburg\/\"},{\"@type\":\"ListItem\",\"position\":2,\"name\":\"Inkota-Aktion &#8211; Osterhasen streiken in Offenburg\"}]},{\"@type\":\"WebSite\",\"@id\":\"https:\/\/weltlaeden.de\/offenburg\/#website\",\"url\":\"https:\/\/weltlaeden.de\/offenburg\/\",\"name\":\"Weltladen Offenburg\",\"description\":\"Faire Produkte seit 1990\",\"potentialAction\":[{\"@type\":\"SearchAction\",\"target\":{\"@type\":\"EntryPoint\",\"urlTemplate\":\"https:\/\/weltlaeden.de\/offenburg\/?s={search_term_string}\"},\"query-input\":{\"@type\":\"PropertyValueSpecification\",\"valueRequired\":true,\"valueName\":\"search_term_string\"}}],\"inLanguage\":\"de\"},{\"@type\":\"Person\",\"@id\":\"https:\/\/weltlaeden.de\/offenburg\/#\/schema\/person\/63e86888f5fd08c1cb250d383dcce436\",\"name\":\"offenburg\",\"image\":{\"@type\":\"ImageObject\",\"inLanguage\":\"de\",\"@id\":\"https:\/\/weltlaeden.de\/offenburg\/#\/schema\/person\/image\/\",\"url\":\"https:\/\/secure.gravatar.com\/avatar\/f2c845fa9b4dc68bcac338b7f4ca5d3e?s=96&d=mm&r=g\",\"contentUrl\":\"https:\/\/secure.gravatar.com\/avatar\/f2c845fa9b4dc68bcac338b7f4ca5d3e?s=96&d=mm&r=g\",\"caption\":\"offenburg\"}}]}<\/script>\n<!-- \/ Yoast SEO plugin. -->","yoast_head_json":{"title":"Inkota-Aktion - Osterhasen streiken in Offenburg - Weltladen Offenburg","robots":{"index":"index","follow":"follow","max-snippet":"max-snippet:-1","max-image-preview":"max-image-preview:large","max-video-preview":"max-video-preview:-1"},"canonical":"https:\/\/weltlaeden.de\/offenburg\/inkota-aktion-osterhasen-streiken-in-offenburg\/","og_locale":"de_DE","og_type":"article","og_title":"Inkota-Aktion - Osterhasen streiken in Offenburg - Weltladen Offenburg","og_description":"Osterhasenstreik in Offenburg am 28. M\u00e4rz 2026 Ob Getreide&#8211; und Milchb\u00e4uerinnen und -bauern in Deutschland oder Kakaob\u00e4uerinnen und -bauern in Westafrika, viele von ihnen k\u00f6nnen von ihrer Arbeit nicht leben. Unfaire Handelspraktiken und zu niedrige Preise gef\u00e4hrden die Zukunft der Landwirtschaft.\u00a0 Die Folgen sind gravierend: Sie k\u00f6nnen nicht in ihre Betriebe investieren, nicht nachhaltiger wirtschaften&hellip;","og_url":"https:\/\/weltlaeden.de\/offenburg\/inkota-aktion-osterhasen-streiken-in-offenburg\/","og_site_name":"Weltladen Offenburg","article_published_time":"2026-03-28T08:42:08+00:00","article_modified_time":"2026-04-19T07:42:40+00:00","og_image":[{"width":600,"height":375,"url":"https:\/\/weltlaeden.de\/offenburg\/wp-content\/uploads\/sites\/198\/2026\/04\/Protestschild-klein-rotated-e1776584473961.jpg","type":"image\/jpeg"}],"author":"offenburg","twitter_card":"summary_large_image","twitter_misc":{"Verfasst von":"offenburg","Gesch\u00e4tzte Lesezeit":"1\u00a0Minute"},"schema":{"@context":"https:\/\/schema.org","@graph":[{"@type":"Article","@id":"https:\/\/weltlaeden.de\/offenburg\/inkota-aktion-osterhasen-streiken-in-offenburg\/#article","isPartOf":{"@id":"https:\/\/weltlaeden.de\/offenburg\/inkota-aktion-osterhasen-streiken-in-offenburg\/"},"author":{"name":"offenburg","@id":"https:\/\/weltlaeden.de\/offenburg\/#\/schema\/person\/63e86888f5fd08c1cb250d383dcce436"},"headline":"Inkota-Aktion &#8211; Osterhasen streiken in Offenburg","datePublished":"2026-03-28T08:42:08+00:00","dateModified":"2026-04-19T07:42:40+00:00","mainEntityOfPage":{"@id":"https:\/\/weltlaeden.de\/offenburg\/inkota-aktion-osterhasen-streiken-in-offenburg\/"},"wordCount":176,"image":{"@id":"https:\/\/weltlaeden.de\/offenburg\/inkota-aktion-osterhasen-streiken-in-offenburg\/#primaryimage"},"thumbnailUrl":"https:\/\/weltlaeden.de\/offenburg\/wp-content\/uploads\/sites\/198\/2026\/04\/Protestschild-klein-rotated-e1776584473961.jpg","articleSection":["Neuigkeiten","Veranstaltung"],"inLanguage":"de"},{"@type":"WebPage","@id":"https:\/\/weltlaeden.de\/offenburg\/inkota-aktion-osterhasen-streiken-in-offenburg\/","url":"https:\/\/weltlaeden.de\/offenburg\/inkota-aktion-osterhasen-streiken-in-offenburg\/","name":"Inkota-Aktion - Osterhasen streiken in Offenburg - Weltladen Offenburg","isPartOf":{"@id":"https:\/\/weltlaeden.de\/offenburg\/#website"},"primaryImageOfPage":{"@id":"https:\/\/weltlaeden.de\/offenburg\/inkota-aktion-osterhasen-streiken-in-offenburg\/#primaryimage"},"image":{"@id":"https:\/\/weltlaeden.de\/offenburg\/inkota-aktion-osterhasen-streiken-in-offenburg\/#primaryimage"},"thumbnailUrl":"https:\/\/weltlaeden.de\/offenburg\/wp-content\/uploads\/sites\/198\/2026\/04\/Protestschild-klein-rotated-e1776584473961.jpg","datePublished":"2026-03-28T08:42:08+00:00","dateModified":"2026-04-19T07:42:40+00:00","author":{"@id":"https:\/\/weltlaeden.de\/offenburg\/#\/schema\/person\/63e86888f5fd08c1cb250d383dcce436"},"breadcrumb":{"@id":"https:\/\/weltlaeden.de\/offenburg\/inkota-aktion-osterhasen-streiken-in-offenburg\/#breadcrumb"},"inLanguage":"de","potentialAction":[{"@type":"ReadAction","target":["https:\/\/weltlaeden.de\/offenburg\/inkota-aktion-osterhasen-streiken-in-offenburg\/"]}]},{"@type":"ImageObject","inLanguage":"de","@id":"https:\/\/weltlaeden.de\/offenburg\/inkota-aktion-osterhasen-streiken-in-offenburg\/#primaryimage","url":"https:\/\/weltlaeden.de\/offenburg\/wp-content\/uploads\/sites\/198\/2026\/04\/Protestschild-klein-rotated-e1776584473961.jpg","contentUrl":"https:\/\/weltlaeden.de\/offenburg\/wp-content\/uploads\/sites\/198\/2026\/04\/Protestschild-klein-rotated-e1776584473961.jpg","width":600,"height":375},{"@type":"BreadcrumbList","@id":"https:\/\/weltlaeden.de\/offenburg\/inkota-aktion-osterhasen-streiken-in-offenburg\/#breadcrumb","itemListElement":[{"@type":"ListItem","position":1,"name":"Startseite","item":"https:\/\/weltlaeden.de\/offenburg\/"},{"@type":"ListItem","position":2,"name":"Inkota-Aktion &#8211; Osterhasen streiken in Offenburg"}]},{"@type":"WebSite","@id":"https:\/\/weltlaeden.de\/offenburg\/#website","url":"https:\/\/weltlaeden.de\/offenburg\/","name":"Weltladen Offenburg","description":"Faire Produkte seit 1990","potentialAction":[{"@type":"SearchAction","target":{"@type":"EntryPoint","urlTemplate":"https:\/\/weltlaeden.de\/offenburg\/?s={search_term_string}"},"query-input":{"@type":"PropertyValueSpecification","valueRequired":true,"valueName":"search_term_string"}}],"inLanguage":"de"},{"@type":"Person","@id":"https:\/\/weltlaeden.de\/offenburg\/#\/schema\/person\/63e86888f5fd08c1cb250d383dcce436","name":"offenburg","image":{"@type":"ImageObject","inLanguage":"de","@id":"https:\/\/weltlaeden.de\/offenburg\/#\/schema\/person\/image\/","url":"https:\/\/secure.gravatar.com\/avatar\/f2c845fa9b4dc68bcac338b7f4ca5d3e?s=96&d=mm&r=g","contentUrl":"https:\/\/secure.gravatar.com\/avatar\/f2c845fa9b4dc68bcac338b7f4ca5d3e?s=96&d=mm&r=g","caption":"offenburg"}}]}},"_links":{"self":[{"href":"https:\/\/weltlaeden.de\/offenburg\/wp-json\/wp\/v2\/posts\/3630","targetHints":{"allow":["GET"]}}],"collection":[{"href":"https:\/\/weltlaeden.de\/offenburg\/wp-json\/wp\/v2\/posts"}],"about":[{"href":"https:\/\/weltlaeden.de\/offenburg\/wp-json\/wp\/v2\/types\/post"}],"author":[{"embeddable":true,"href":"https:\/\/weltlaeden.de\/offenburg\/wp-json\/wp\/v2\/users\/287"}],"replies":[{"embeddable":true,"href":"https:\/\/weltlaeden.de\/offenburg\/wp-json\/wp\/v2\/comments?post=3630"}],"version-history":[{"count":4,"href":"https:\/\/weltlaeden.de\/offenburg\/wp-json\/wp\/v2\/posts\/3630\/revisions"}],"predecessor-version":[{"id":3640,"href":"https:\/\/weltlaeden.de\/offenburg\/wp-json\/wp\/v2\/posts\/3630\/revisions\/3640"}],"wp:featuredmedia":[{"embeddable":true,"href":"https:\/\/weltlaeden.de\/offenburg\/wp-json\/wp\/v2\/media\/3637"}],"wp:attachment":[{"href":"https:\/\/weltlaeden.de\/offenburg\/wp-json\/wp\/v2\/media?parent=3630"}],"wp:term":[{"taxonomy":"category","embeddable":true,"href":"https:\/\/weltlaeden.de\/offenburg\/wp-json\/wp\/v2\/categories?post=3630"},{"taxonomy":"post_tag","embeddable":true,"href":"https:\/\/weltlaeden.de\/offenburg\/wp-json\/wp\/v2\/tags?post=3630"}],"curies":[{"name":"wp","href":"https:\/\/api.w.org\/{rel}","templated":true}]}}