{"id":1456,"date":"2025-03-24T12:00:53","date_gmt":"2025-03-24T11:00:53","guid":{"rendered":"https:\/\/weltlaeden.de\/offenburg\/?p=1456"},"modified":"2025-07-01T11:51:43","modified_gmt":"2025-07-01T09:51:43","slug":"nocap-tomaten-ohne-ausbeutung","status":"publish","type":"post","link":"https:\/\/weltlaeden.de\/offenburg\/nocap-tomaten-ohne-ausbeutung\/","title":{"rendered":"NoCap: Tomaten ohne Ausbeutung"},"content":{"rendered":"<h2>NoCap ist ein Projekt, das sich f\u00fcr die Rechte der Erntehelfern in S\u00fcd-Italien einsetzt. NoCap-Produkte gibt es bei uns im Weltladen.<\/h2>\n<p>S\u00fcd-Italien: Schier endlos erstrecken sich Felder mit Gem\u00fcse und Zitrusfr\u00fcchten bis zum Horizont, <a href=\"tel:500000\">500.000<\/a> Hektar Land, eines der gr\u00f6\u00dften und fruchtbarsten Anbaugebiete Italiens. Vieles von dem, das in Deutschland als gesund und vitaminreich auf den Tisch kommt, stammt von hier. Schon seit 500 Jahren wird hier Korn und Gem\u00fcse f\u00fcr das ganze Land angebaut, inzwischen f\u00fcr nahezu ganz Europa.<br \/>\nWas viele Konsumenten in Deutschland und in anderen L\u00e4ndern Europas nicht wissen oder nicht wissen wollen: Rund ums Mittelmeer ernten \u00fcberwiegend Fl\u00fcchtlinge aus Afrika unter ausbeuterischen Bedingungen dieses Obst und Gem\u00fcse f\u00fcr den europ\u00e4ischen Markt.<\/p>\n<p>Die Migranten und Migrantinnen leben in menschenunw\u00fcrdigen Behausungen aus Karton, verrostetem Wellblech und aufgeschnittenen Plastikt\u00fcten. Bei Regen steht das alles im Schlamm. Um die Baracken herum M\u00fcll, wohin man blickt: zerbeulte Autos, in denen angeschlagene Waschbecken lagern, kaputte Fahrr\u00e4der, aus denen man vielleicht ein neues basteln k\u00f6nnte. W\u00e4hrend der Tomatenernte leben bis zu zweitausend Menschen hier. Es sind Gefl\u00fcchtete aus Westafrika, aus Mali, Niger und Senegal \u2013 Illegale. Auch ein paar Syrer und Afghanen sind darunter. Nachdem die Erstaufnahmeeinrichtungen f\u00fcr Gefl\u00fcchtete 2018\/2019 vom fr\u00fcheren Innenminister Matteo Salvini, Mitglied der rechtspopulistischen Lega, abgebaut wurden, sind viele Migrant*innen in solchen Ghettos gestrandet.<\/p>\n<h2>Wo die Unsichtbaren schuften<\/h2>\n<p>Ein inoffizielles System von Vermittlern verteilt sie an die Betriebe, die ihren t\u00e4glichen Bedarf melden. Das System nutzt die Hilflosigkeit der Menschen aus, weil sie keine Aufenthaltsgenehmigung oder Duldungspapiere haben oder ein Asylantrag abgelehnt wurde und eine Abschiebung droht. Um auf die oft isolierten Feldern der landwirtschaftlichen Produktion zu kommen sind diese \u201eInvisibili\u201c, die Unsichtbaren, oft auf improvisierte Transporteure mit riskanten Transportmitteln oder auf caporalato (Kontaktleute der Mafia) angewiesen, die einen Teil der (ohnehin schon miserablen) Bezahlung der Landarbeiterinnen und Landarbeiter im Austausch f\u00fcr den Transport erpressen k\u00f6nnen.<br \/>\nNo Cap bedeutet \u00fcbrigens \u201eno caporalato\u201c = keine illegale Anwerbung unterbezahlter Landarbeiter.<\/p>\n<p>Mehr erfahren: <a href=\"https:\/\/nocap.oeko-und-fair.de\/\">\u00d6ko &amp; Fair Umweltzentrum Gauting<\/a><\/p>\n<p>\u00d6ko &amp; Fair Umweltzentrum Gauting sammelt Spenden mit Crowdfunding und vertreibt die Produkte von NoCap in Deutschland.<br \/>\nMit den Spenden werden mehrere Projekte zur Integration von Gefl\u00fcchteten in S\u00fcditalien unterst\u00fctzt.<\/p>\n","protected":false},"excerpt":{"rendered":"<p>NoCap ist ein Projekt, das sich f\u00fcr die Rechte der Erntehelfern in S\u00fcd-Italien einsetzt. NoCap-Produkte gibt es bei uns im Weltladen. S\u00fcd-Italien: Schier endlos erstrecken sich Felder mit Gem\u00fcse und Zitrusfr\u00fcchten bis zum Horizont, 500.000 Hektar Land, eines der gr\u00f6\u00dften und fruchtbarsten Anbaugebiete Italiens. Vieles von dem, das in Deutschland als gesund und vitaminreich auf&hellip;<\/p>\n","protected":false},"author":287,"featured_media":2279,"comment_status":"closed","ping_status":"closed","sticky":false,"template":"","format":"standard","meta":{"footnotes":""},"categories":[109,50],"tags":[124,57,123],"class_list":["post-1456","post","type-post","status-publish","format-standard","has-post-thumbnail","hentry","category-lebensmittel","category-sortiment","tag-italien","tag-nocap","tag-tomaten","category-109","category-50","description-off"],"yoast_head":"<!-- This site is optimized with the Yoast SEO plugin v26.8 - https:\/\/yoast.com\/product\/yoast-seo-wordpress\/ -->\n<title>NoCap: Tomaten ohne Ausbeutung - Weltladen Offenburg<\/title>\n<meta name=\"robots\" content=\"index, follow, max-snippet:-1, max-image-preview:large, max-video-preview:-1\" \/>\n<link rel=\"canonical\" href=\"https:\/\/weltlaeden.de\/offenburg\/nocap-tomaten-ohne-ausbeutung\/\" \/>\n<meta property=\"og:locale\" content=\"de_DE\" \/>\n<meta property=\"og:type\" content=\"article\" \/>\n<meta property=\"og:title\" content=\"NoCap: Tomaten ohne Ausbeutung - Weltladen Offenburg\" \/>\n<meta property=\"og:description\" content=\"NoCap ist ein Projekt, das sich f\u00fcr die Rechte der Erntehelfern in S\u00fcd-Italien einsetzt. NoCap-Produkte gibt es bei uns im Weltladen. S\u00fcd-Italien: Schier endlos erstrecken sich Felder mit Gem\u00fcse und Zitrusfr\u00fcchten bis zum Horizont, 500.000 Hektar Land, eines der gr\u00f6\u00dften und fruchtbarsten Anbaugebiete Italiens. Vieles von dem, das in Deutschland als gesund und vitaminreich auf&hellip;\" \/>\n<meta property=\"og:url\" content=\"https:\/\/weltlaeden.de\/offenburg\/nocap-tomaten-ohne-ausbeutung\/\" \/>\n<meta property=\"og:site_name\" content=\"Weltladen Offenburg\" \/>\n<meta property=\"article:published_time\" content=\"2025-03-24T11:00:53+00:00\" \/>\n<meta property=\"article:modified_time\" content=\"2025-07-01T09:51:43+00:00\" \/>\n<meta property=\"og:image\" content=\"https:\/\/weltlaeden.de\/offenburg\/wp-content\/uploads\/sites\/198\/2025\/03\/20250328_122724.jpg\" \/>\n\t<meta property=\"og:image:width\" content=\"924\" \/>\n\t<meta property=\"og:image:height\" content=\"520\" \/>\n\t<meta property=\"og:image:type\" content=\"image\/jpeg\" \/>\n<meta name=\"author\" content=\"offenburg\" \/>\n<meta name=\"twitter:card\" content=\"summary_large_image\" \/>\n<meta name=\"twitter:label1\" content=\"Verfasst von\" \/>\n\t<meta name=\"twitter:data1\" content=\"offenburg\" \/>\n\t<meta name=\"twitter:label2\" content=\"Gesch\u00e4tzte Lesezeit\" \/>\n\t<meta name=\"twitter:data2\" content=\"2\u00a0Minuten\" \/>\n<script type=\"application\/ld+json\" class=\"yoast-schema-graph\">{\"@context\":\"https:\/\/schema.org\",\"@graph\":[{\"@type\":\"Article\",\"@id\":\"https:\/\/weltlaeden.de\/offenburg\/nocap-tomaten-ohne-ausbeutung\/#article\",\"isPartOf\":{\"@id\":\"https:\/\/weltlaeden.de\/offenburg\/nocap-tomaten-ohne-ausbeutung\/\"},\"author\":{\"name\":\"offenburg\",\"@id\":\"https:\/\/weltlaeden.de\/offenburg\/#\/schema\/person\/63e86888f5fd08c1cb250d383dcce436\"},\"headline\":\"NoCap: Tomaten ohne Ausbeutung\",\"datePublished\":\"2025-03-24T11:00:53+00:00\",\"dateModified\":\"2025-07-01T09:51:43+00:00\",\"mainEntityOfPage\":{\"@id\":\"https:\/\/weltlaeden.de\/offenburg\/nocap-tomaten-ohne-ausbeutung\/\"},\"wordCount\":386,\"image\":{\"@id\":\"https:\/\/weltlaeden.de\/offenburg\/nocap-tomaten-ohne-ausbeutung\/#primaryimage\"},\"thumbnailUrl\":\"https:\/\/weltlaeden.de\/offenburg\/wp-content\/uploads\/sites\/198\/2025\/03\/20250328_122724.jpg\",\"keywords\":[\"Italien\",\"NOCAP\",\"Tomaten\"],\"articleSection\":[\"Lebensmittel\",\"Sortiment\"],\"inLanguage\":\"de\"},{\"@type\":\"WebPage\",\"@id\":\"https:\/\/weltlaeden.de\/offenburg\/nocap-tomaten-ohne-ausbeutung\/\",\"url\":\"https:\/\/weltlaeden.de\/offenburg\/nocap-tomaten-ohne-ausbeutung\/\",\"name\":\"NoCap: Tomaten ohne Ausbeutung - Weltladen Offenburg\",\"isPartOf\":{\"@id\":\"https:\/\/weltlaeden.de\/offenburg\/#website\"},\"primaryImageOfPage\":{\"@id\":\"https:\/\/weltlaeden.de\/offenburg\/nocap-tomaten-ohne-ausbeutung\/#primaryimage\"},\"image\":{\"@id\":\"https:\/\/weltlaeden.de\/offenburg\/nocap-tomaten-ohne-ausbeutung\/#primaryimage\"},\"thumbnailUrl\":\"https:\/\/weltlaeden.de\/offenburg\/wp-content\/uploads\/sites\/198\/2025\/03\/20250328_122724.jpg\",\"datePublished\":\"2025-03-24T11:00:53+00:00\",\"dateModified\":\"2025-07-01T09:51:43+00:00\",\"author\":{\"@id\":\"https:\/\/weltlaeden.de\/offenburg\/#\/schema\/person\/63e86888f5fd08c1cb250d383dcce436\"},\"breadcrumb\":{\"@id\":\"https:\/\/weltlaeden.de\/offenburg\/nocap-tomaten-ohne-ausbeutung\/#breadcrumb\"},\"inLanguage\":\"de\",\"potentialAction\":[{\"@type\":\"ReadAction\",\"target\":[\"https:\/\/weltlaeden.de\/offenburg\/nocap-tomaten-ohne-ausbeutung\/\"]}]},{\"@type\":\"ImageObject\",\"inLanguage\":\"de\",\"@id\":\"https:\/\/weltlaeden.de\/offenburg\/nocap-tomaten-ohne-ausbeutung\/#primaryimage\",\"url\":\"https:\/\/weltlaeden.de\/offenburg\/wp-content\/uploads\/sites\/198\/2025\/03\/20250328_122724.jpg\",\"contentUrl\":\"https:\/\/weltlaeden.de\/offenburg\/wp-content\/uploads\/sites\/198\/2025\/03\/20250328_122724.jpg\",\"width\":924,\"height\":520},{\"@type\":\"BreadcrumbList\",\"@id\":\"https:\/\/weltlaeden.de\/offenburg\/nocap-tomaten-ohne-ausbeutung\/#breadcrumb\",\"itemListElement\":[{\"@type\":\"ListItem\",\"position\":1,\"name\":\"Startseite\",\"item\":\"https:\/\/weltlaeden.de\/offenburg\/\"},{\"@type\":\"ListItem\",\"position\":2,\"name\":\"NoCap: Tomaten ohne Ausbeutung\"}]},{\"@type\":\"WebSite\",\"@id\":\"https:\/\/weltlaeden.de\/offenburg\/#website\",\"url\":\"https:\/\/weltlaeden.de\/offenburg\/\",\"name\":\"Weltladen Offenburg\",\"description\":\"Faire Produkte seit 1990\",\"potentialAction\":[{\"@type\":\"SearchAction\",\"target\":{\"@type\":\"EntryPoint\",\"urlTemplate\":\"https:\/\/weltlaeden.de\/offenburg\/?s={search_term_string}\"},\"query-input\":{\"@type\":\"PropertyValueSpecification\",\"valueRequired\":true,\"valueName\":\"search_term_string\"}}],\"inLanguage\":\"de\"},{\"@type\":\"Person\",\"@id\":\"https:\/\/weltlaeden.de\/offenburg\/#\/schema\/person\/63e86888f5fd08c1cb250d383dcce436\",\"name\":\"offenburg\",\"image\":{\"@type\":\"ImageObject\",\"inLanguage\":\"de\",\"@id\":\"https:\/\/weltlaeden.de\/offenburg\/#\/schema\/person\/image\/\",\"url\":\"https:\/\/secure.gravatar.com\/avatar\/f2c845fa9b4dc68bcac338b7f4ca5d3e?s=96&d=mm&r=g\",\"contentUrl\":\"https:\/\/secure.gravatar.com\/avatar\/f2c845fa9b4dc68bcac338b7f4ca5d3e?s=96&d=mm&r=g\",\"caption\":\"offenburg\"}}]}<\/script>\n<!-- \/ Yoast SEO plugin. -->","yoast_head_json":{"title":"NoCap: Tomaten ohne Ausbeutung - Weltladen Offenburg","robots":{"index":"index","follow":"follow","max-snippet":"max-snippet:-1","max-image-preview":"max-image-preview:large","max-video-preview":"max-video-preview:-1"},"canonical":"https:\/\/weltlaeden.de\/offenburg\/nocap-tomaten-ohne-ausbeutung\/","og_locale":"de_DE","og_type":"article","og_title":"NoCap: Tomaten ohne Ausbeutung - Weltladen Offenburg","og_description":"NoCap ist ein Projekt, das sich f\u00fcr die Rechte der Erntehelfern in S\u00fcd-Italien einsetzt. NoCap-Produkte gibt es bei uns im Weltladen. S\u00fcd-Italien: Schier endlos erstrecken sich Felder mit Gem\u00fcse und Zitrusfr\u00fcchten bis zum Horizont, 500.000 Hektar Land, eines der gr\u00f6\u00dften und fruchtbarsten Anbaugebiete Italiens. Vieles von dem, das in Deutschland als gesund und vitaminreich auf&hellip;","og_url":"https:\/\/weltlaeden.de\/offenburg\/nocap-tomaten-ohne-ausbeutung\/","og_site_name":"Weltladen Offenburg","article_published_time":"2025-03-24T11:00:53+00:00","article_modified_time":"2025-07-01T09:51:43+00:00","og_image":[{"width":924,"height":520,"url":"https:\/\/weltlaeden.de\/offenburg\/wp-content\/uploads\/sites\/198\/2025\/03\/20250328_122724.jpg","type":"image\/jpeg"}],"author":"offenburg","twitter_card":"summary_large_image","twitter_misc":{"Verfasst von":"offenburg","Gesch\u00e4tzte Lesezeit":"2\u00a0Minuten"},"schema":{"@context":"https:\/\/schema.org","@graph":[{"@type":"Article","@id":"https:\/\/weltlaeden.de\/offenburg\/nocap-tomaten-ohne-ausbeutung\/#article","isPartOf":{"@id":"https:\/\/weltlaeden.de\/offenburg\/nocap-tomaten-ohne-ausbeutung\/"},"author":{"name":"offenburg","@id":"https:\/\/weltlaeden.de\/offenburg\/#\/schema\/person\/63e86888f5fd08c1cb250d383dcce436"},"headline":"NoCap: Tomaten ohne Ausbeutung","datePublished":"2025-03-24T11:00:53+00:00","dateModified":"2025-07-01T09:51:43+00:00","mainEntityOfPage":{"@id":"https:\/\/weltlaeden.de\/offenburg\/nocap-tomaten-ohne-ausbeutung\/"},"wordCount":386,"image":{"@id":"https:\/\/weltlaeden.de\/offenburg\/nocap-tomaten-ohne-ausbeutung\/#primaryimage"},"thumbnailUrl":"https:\/\/weltlaeden.de\/offenburg\/wp-content\/uploads\/sites\/198\/2025\/03\/20250328_122724.jpg","keywords":["Italien","NOCAP","Tomaten"],"articleSection":["Lebensmittel","Sortiment"],"inLanguage":"de"},{"@type":"WebPage","@id":"https:\/\/weltlaeden.de\/offenburg\/nocap-tomaten-ohne-ausbeutung\/","url":"https:\/\/weltlaeden.de\/offenburg\/nocap-tomaten-ohne-ausbeutung\/","name":"NoCap: Tomaten ohne Ausbeutung - Weltladen Offenburg","isPartOf":{"@id":"https:\/\/weltlaeden.de\/offenburg\/#website"},"primaryImageOfPage":{"@id":"https:\/\/weltlaeden.de\/offenburg\/nocap-tomaten-ohne-ausbeutung\/#primaryimage"},"image":{"@id":"https:\/\/weltlaeden.de\/offenburg\/nocap-tomaten-ohne-ausbeutung\/#primaryimage"},"thumbnailUrl":"https:\/\/weltlaeden.de\/offenburg\/wp-content\/uploads\/sites\/198\/2025\/03\/20250328_122724.jpg","datePublished":"2025-03-24T11:00:53+00:00","dateModified":"2025-07-01T09:51:43+00:00","author":{"@id":"https:\/\/weltlaeden.de\/offenburg\/#\/schema\/person\/63e86888f5fd08c1cb250d383dcce436"},"breadcrumb":{"@id":"https:\/\/weltlaeden.de\/offenburg\/nocap-tomaten-ohne-ausbeutung\/#breadcrumb"},"inLanguage":"de","potentialAction":[{"@type":"ReadAction","target":["https:\/\/weltlaeden.de\/offenburg\/nocap-tomaten-ohne-ausbeutung\/"]}]},{"@type":"ImageObject","inLanguage":"de","@id":"https:\/\/weltlaeden.de\/offenburg\/nocap-tomaten-ohne-ausbeutung\/#primaryimage","url":"https:\/\/weltlaeden.de\/offenburg\/wp-content\/uploads\/sites\/198\/2025\/03\/20250328_122724.jpg","contentUrl":"https:\/\/weltlaeden.de\/offenburg\/wp-content\/uploads\/sites\/198\/2025\/03\/20250328_122724.jpg","width":924,"height":520},{"@type":"BreadcrumbList","@id":"https:\/\/weltlaeden.de\/offenburg\/nocap-tomaten-ohne-ausbeutung\/#breadcrumb","itemListElement":[{"@type":"ListItem","position":1,"name":"Startseite","item":"https:\/\/weltlaeden.de\/offenburg\/"},{"@type":"ListItem","position":2,"name":"NoCap: Tomaten ohne Ausbeutung"}]},{"@type":"WebSite","@id":"https:\/\/weltlaeden.de\/offenburg\/#website","url":"https:\/\/weltlaeden.de\/offenburg\/","name":"Weltladen Offenburg","description":"Faire Produkte seit 1990","potentialAction":[{"@type":"SearchAction","target":{"@type":"EntryPoint","urlTemplate":"https:\/\/weltlaeden.de\/offenburg\/?s={search_term_string}"},"query-input":{"@type":"PropertyValueSpecification","valueRequired":true,"valueName":"search_term_string"}}],"inLanguage":"de"},{"@type":"Person","@id":"https:\/\/weltlaeden.de\/offenburg\/#\/schema\/person\/63e86888f5fd08c1cb250d383dcce436","name":"offenburg","image":{"@type":"ImageObject","inLanguage":"de","@id":"https:\/\/weltlaeden.de\/offenburg\/#\/schema\/person\/image\/","url":"https:\/\/secure.gravatar.com\/avatar\/f2c845fa9b4dc68bcac338b7f4ca5d3e?s=96&d=mm&r=g","contentUrl":"https:\/\/secure.gravatar.com\/avatar\/f2c845fa9b4dc68bcac338b7f4ca5d3e?s=96&d=mm&r=g","caption":"offenburg"}}]}},"_links":{"self":[{"href":"https:\/\/weltlaeden.de\/offenburg\/wp-json\/wp\/v2\/posts\/1456","targetHints":{"allow":["GET"]}}],"collection":[{"href":"https:\/\/weltlaeden.de\/offenburg\/wp-json\/wp\/v2\/posts"}],"about":[{"href":"https:\/\/weltlaeden.de\/offenburg\/wp-json\/wp\/v2\/types\/post"}],"author":[{"embeddable":true,"href":"https:\/\/weltlaeden.de\/offenburg\/wp-json\/wp\/v2\/users\/287"}],"replies":[{"embeddable":true,"href":"https:\/\/weltlaeden.de\/offenburg\/wp-json\/wp\/v2\/comments?post=1456"}],"version-history":[{"count":1,"href":"https:\/\/weltlaeden.de\/offenburg\/wp-json\/wp\/v2\/posts\/1456\/revisions"}],"predecessor-version":[{"id":1457,"href":"https:\/\/weltlaeden.de\/offenburg\/wp-json\/wp\/v2\/posts\/1456\/revisions\/1457"}],"wp:featuredmedia":[{"embeddable":true,"href":"https:\/\/weltlaeden.de\/offenburg\/wp-json\/wp\/v2\/media\/2279"}],"wp:attachment":[{"href":"https:\/\/weltlaeden.de\/offenburg\/wp-json\/wp\/v2\/media?parent=1456"}],"wp:term":[{"taxonomy":"category","embeddable":true,"href":"https:\/\/weltlaeden.de\/offenburg\/wp-json\/wp\/v2\/categories?post=1456"},{"taxonomy":"post_tag","embeddable":true,"href":"https:\/\/weltlaeden.de\/offenburg\/wp-json\/wp\/v2\/tags?post=1456"}],"curies":[{"name":"wp","href":"https:\/\/api.w.org\/{rel}","templated":true}]}}