{"id":831,"date":"2026-04-27T19:08:32","date_gmt":"2026-04-27T17:08:32","guid":{"rendered":"https:\/\/weltlaeden.de\/ochsenfurt\/?p=831"},"modified":"2026-04-27T19:09:25","modified_gmt":"2026-04-27T17:09:25","slug":"weltladen-beim-fruehlingsmarkt","status":"publish","type":"post","link":"https:\/\/weltlaeden.de\/ochsenfurt\/weltladen-beim-fruehlingsmarkt\/","title":{"rendered":"Weltladen auf dem Fr\u00fchlingsmarkt"},"content":{"rendered":"<p><img loading=\"lazy\" decoding=\"async\" class=\"alignnone size-medium wp-image-832\" src=\"https:\/\/weltlaeden.de\/ochsenfurt\/wp-content\/uploads\/sites\/190\/2026\/04\/IMG-20260426-WA0000-300x225.jpg\" alt=\"\" width=\"300\" height=\"225\" srcset=\"https:\/\/weltlaeden.de\/ochsenfurt\/wp-content\/uploads\/sites\/190\/2026\/04\/IMG-20260426-WA0000-300x225.jpg 300w, https:\/\/weltlaeden.de\/ochsenfurt\/wp-content\/uploads\/sites\/190\/2026\/04\/IMG-20260426-WA0000-1024x768.jpg 1024w, https:\/\/weltlaeden.de\/ochsenfurt\/wp-content\/uploads\/sites\/190\/2026\/04\/IMG-20260426-WA0000-768x576.jpg 768w, https:\/\/weltlaeden.de\/ochsenfurt\/wp-content\/uploads\/sites\/190\/2026\/04\/IMG-20260426-WA0000-1536x1152.jpg 1536w, https:\/\/weltlaeden.de\/ochsenfurt\/wp-content\/uploads\/sites\/190\/2026\/04\/IMG-20260426-WA0000.jpg 2048w\" sizes=\"auto, (max-width: 300px) 100vw, 300px\" \/><br \/>\nMitarbeiterinnen pr\u00e4sentieren fair gehandelte Waren auf dem Fr\u00fchlingsmarkt.<\/p>\n","protected":false},"excerpt":{"rendered":"<p>Mitarbeiterinnen pr\u00e4sentieren fair gehandelte Waren auf dem Fr\u00fchlingsmarkt.<\/p>\n","protected":false},"author":283,"featured_media":0,"comment_status":"closed","ping_status":"closed","sticky":false,"template":"","format":"standard","meta":{"footnotes":""},"categories":[1],"tags":[],"class_list":["post-831","post","type-post","status-publish","format-standard","hentry","category-allgemein","category-1","description-off"],"yoast_head":"<!-- This site is optimized with the Yoast SEO plugin v26.8 - https:\/\/yoast.com\/product\/yoast-seo-wordpress\/ -->\n<title>Weltladen auf dem Fr\u00fchlingsmarkt - Weltladen Ochsenfurt<\/title>\n<meta name=\"robots\" content=\"index, follow, max-snippet:-1, max-image-preview:large, max-video-preview:-1\" \/>\n<link rel=\"canonical\" href=\"https:\/\/weltlaeden.de\/ochsenfurt\/weltladen-beim-fruehlingsmarkt\/\" \/>\n<meta property=\"og:locale\" content=\"de_DE\" \/>\n<meta property=\"og:type\" content=\"article\" \/>\n<meta property=\"og:title\" content=\"Weltladen auf dem Fr\u00fchlingsmarkt - Weltladen Ochsenfurt\" \/>\n<meta property=\"og:description\" content=\"Mitarbeiterinnen pr\u00e4sentieren fair gehandelte Waren auf dem Fr\u00fchlingsmarkt.\" \/>\n<meta property=\"og:url\" content=\"https:\/\/weltlaeden.de\/ochsenfurt\/weltladen-beim-fruehlingsmarkt\/\" \/>\n<meta property=\"og:site_name\" content=\"Weltladen Ochsenfurt\" \/>\n<meta property=\"article:published_time\" content=\"2026-04-27T17:08:32+00:00\" \/>\n<meta property=\"article:modified_time\" content=\"2026-04-27T17:09:25+00:00\" \/>\n<meta property=\"og:image\" content=\"https:\/\/weltlaeden.de\/ochsenfurt\/wp-content\/uploads\/sites\/190\/2026\/04\/IMG-20260426-WA0000.jpg\" \/>\n\t<meta property=\"og:image:width\" content=\"2048\" \/>\n\t<meta property=\"og:image:height\" content=\"1536\" \/>\n\t<meta property=\"og:image:type\" content=\"image\/jpeg\" \/>\n<meta name=\"author\" content=\"ochsenfurt\" \/>\n<meta name=\"twitter:card\" content=\"summary_large_image\" \/>\n<meta name=\"twitter:label1\" content=\"Verfasst von\" \/>\n\t<meta name=\"twitter:data1\" content=\"ochsenfurt\" \/>\n<script type=\"application\/ld+json\" class=\"yoast-schema-graph\">{\"@context\":\"https:\/\/schema.org\",\"@graph\":[{\"@type\":\"Article\",\"@id\":\"https:\/\/weltlaeden.de\/ochsenfurt\/weltladen-beim-fruehlingsmarkt\/#article\",\"isPartOf\":{\"@id\":\"https:\/\/weltlaeden.de\/ochsenfurt\/weltladen-beim-fruehlingsmarkt\/\"},\"author\":{\"name\":\"ochsenfurt\",\"@id\":\"https:\/\/weltlaeden.de\/ochsenfurt\/#\/schema\/person\/5ca224e780ee94f7cb2f72432a8f54e4\"},\"headline\":\"Weltladen auf dem Fr\u00fchlingsmarkt\",\"datePublished\":\"2026-04-27T17:08:32+00:00\",\"dateModified\":\"2026-04-27T17:09:25+00:00\",\"mainEntityOfPage\":{\"@id\":\"https:\/\/weltlaeden.de\/ochsenfurt\/weltladen-beim-fruehlingsmarkt\/\"},\"wordCount\":15,\"image\":{\"@id\":\"https:\/\/weltlaeden.de\/ochsenfurt\/weltladen-beim-fruehlingsmarkt\/#primaryimage\"},\"thumbnailUrl\":\"https:\/\/weltlaeden.de\/ochsenfurt\/wp-content\/uploads\/sites\/190\/2026\/04\/IMG-20260426-WA0000-300x225.jpg\",\"articleSection\":[\"Keine Kategorie\"],\"inLanguage\":\"de\"},{\"@type\":\"WebPage\",\"@id\":\"https:\/\/weltlaeden.de\/ochsenfurt\/weltladen-beim-fruehlingsmarkt\/\",\"url\":\"https:\/\/weltlaeden.de\/ochsenfurt\/weltladen-beim-fruehlingsmarkt\/\",\"name\":\"Weltladen auf dem Fr\u00fchlingsmarkt - Weltladen Ochsenfurt\",\"isPartOf\":{\"@id\":\"https:\/\/weltlaeden.de\/ochsenfurt\/#website\"},\"primaryImageOfPage\":{\"@id\":\"https:\/\/weltlaeden.de\/ochsenfurt\/weltladen-beim-fruehlingsmarkt\/#primaryimage\"},\"image\":{\"@id\":\"https:\/\/weltlaeden.de\/ochsenfurt\/weltladen-beim-fruehlingsmarkt\/#primaryimage\"},\"thumbnailUrl\":\"https:\/\/weltlaeden.de\/ochsenfurt\/wp-content\/uploads\/sites\/190\/2026\/04\/IMG-20260426-WA0000-300x225.jpg\",\"datePublished\":\"2026-04-27T17:08:32+00:00\",\"dateModified\":\"2026-04-27T17:09:25+00:00\",\"author\":{\"@id\":\"https:\/\/weltlaeden.de\/ochsenfurt\/#\/schema\/person\/5ca224e780ee94f7cb2f72432a8f54e4\"},\"breadcrumb\":{\"@id\":\"https:\/\/weltlaeden.de\/ochsenfurt\/weltladen-beim-fruehlingsmarkt\/#breadcrumb\"},\"inLanguage\":\"de\",\"potentialAction\":[{\"@type\":\"ReadAction\",\"target\":[\"https:\/\/weltlaeden.de\/ochsenfurt\/weltladen-beim-fruehlingsmarkt\/\"]}]},{\"@type\":\"ImageObject\",\"inLanguage\":\"de\",\"@id\":\"https:\/\/weltlaeden.de\/ochsenfurt\/weltladen-beim-fruehlingsmarkt\/#primaryimage\",\"url\":\"https:\/\/weltlaeden.de\/ochsenfurt\/wp-content\/uploads\/sites\/190\/2026\/04\/IMG-20260426-WA0000.jpg\",\"contentUrl\":\"https:\/\/weltlaeden.de\/ochsenfurt\/wp-content\/uploads\/sites\/190\/2026\/04\/IMG-20260426-WA0000.jpg\",\"width\":2048,\"height\":1536},{\"@type\":\"BreadcrumbList\",\"@id\":\"https:\/\/weltlaeden.de\/ochsenfurt\/weltladen-beim-fruehlingsmarkt\/#breadcrumb\",\"itemListElement\":[{\"@type\":\"ListItem\",\"position\":1,\"name\":\"Startseite\",\"item\":\"https:\/\/weltlaeden.de\/ochsenfurt\/\"},{\"@type\":\"ListItem\",\"position\":2,\"name\":\"Weltladen auf dem Fr\u00fchlingsmarkt\"}]},{\"@type\":\"WebSite\",\"@id\":\"https:\/\/weltlaeden.de\/ochsenfurt\/#website\",\"url\":\"https:\/\/weltlaeden.de\/ochsenfurt\/\",\"name\":\"Weltladen Ochsenfurt\",\"description\":\"Faire Produkte seit 1988\",\"potentialAction\":[{\"@type\":\"SearchAction\",\"target\":{\"@type\":\"EntryPoint\",\"urlTemplate\":\"https:\/\/weltlaeden.de\/ochsenfurt\/?s={search_term_string}\"},\"query-input\":{\"@type\":\"PropertyValueSpecification\",\"valueRequired\":true,\"valueName\":\"search_term_string\"}}],\"inLanguage\":\"de\"},{\"@type\":\"Person\",\"@id\":\"https:\/\/weltlaeden.de\/ochsenfurt\/#\/schema\/person\/5ca224e780ee94f7cb2f72432a8f54e4\",\"name\":\"ochsenfurt\",\"image\":{\"@type\":\"ImageObject\",\"inLanguage\":\"de\",\"@id\":\"https:\/\/weltlaeden.de\/ochsenfurt\/#\/schema\/person\/image\/\",\"url\":\"https:\/\/secure.gravatar.com\/avatar\/331170d5a11439d2ea553bd0b9260104?s=96&d=mm&r=g\",\"contentUrl\":\"https:\/\/secure.gravatar.com\/avatar\/331170d5a11439d2ea553bd0b9260104?s=96&d=mm&r=g\",\"caption\":\"ochsenfurt\"}}]}<\/script>\n<!-- \/ Yoast SEO plugin. -->","yoast_head_json":{"title":"Weltladen auf dem Fr\u00fchlingsmarkt - Weltladen Ochsenfurt","robots":{"index":"index","follow":"follow","max-snippet":"max-snippet:-1","max-image-preview":"max-image-preview:large","max-video-preview":"max-video-preview:-1"},"canonical":"https:\/\/weltlaeden.de\/ochsenfurt\/weltladen-beim-fruehlingsmarkt\/","og_locale":"de_DE","og_type":"article","og_title":"Weltladen auf dem Fr\u00fchlingsmarkt - Weltladen Ochsenfurt","og_description":"Mitarbeiterinnen pr\u00e4sentieren fair gehandelte Waren auf dem Fr\u00fchlingsmarkt.","og_url":"https:\/\/weltlaeden.de\/ochsenfurt\/weltladen-beim-fruehlingsmarkt\/","og_site_name":"Weltladen Ochsenfurt","article_published_time":"2026-04-27T17:08:32+00:00","article_modified_time":"2026-04-27T17:09:25+00:00","og_image":[{"width":2048,"height":1536,"url":"https:\/\/weltlaeden.de\/ochsenfurt\/wp-content\/uploads\/sites\/190\/2026\/04\/IMG-20260426-WA0000.jpg","type":"image\/jpeg"}],"author":"ochsenfurt","twitter_card":"summary_large_image","twitter_misc":{"Verfasst von":"ochsenfurt"},"schema":{"@context":"https:\/\/schema.org","@graph":[{"@type":"Article","@id":"https:\/\/weltlaeden.de\/ochsenfurt\/weltladen-beim-fruehlingsmarkt\/#article","isPartOf":{"@id":"https:\/\/weltlaeden.de\/ochsenfurt\/weltladen-beim-fruehlingsmarkt\/"},"author":{"name":"ochsenfurt","@id":"https:\/\/weltlaeden.de\/ochsenfurt\/#\/schema\/person\/5ca224e780ee94f7cb2f72432a8f54e4"},"headline":"Weltladen auf dem Fr\u00fchlingsmarkt","datePublished":"2026-04-27T17:08:32+00:00","dateModified":"2026-04-27T17:09:25+00:00","mainEntityOfPage":{"@id":"https:\/\/weltlaeden.de\/ochsenfurt\/weltladen-beim-fruehlingsmarkt\/"},"wordCount":15,"image":{"@id":"https:\/\/weltlaeden.de\/ochsenfurt\/weltladen-beim-fruehlingsmarkt\/#primaryimage"},"thumbnailUrl":"https:\/\/weltlaeden.de\/ochsenfurt\/wp-content\/uploads\/sites\/190\/2026\/04\/IMG-20260426-WA0000-300x225.jpg","articleSection":["Keine Kategorie"],"inLanguage":"de"},{"@type":"WebPage","@id":"https:\/\/weltlaeden.de\/ochsenfurt\/weltladen-beim-fruehlingsmarkt\/","url":"https:\/\/weltlaeden.de\/ochsenfurt\/weltladen-beim-fruehlingsmarkt\/","name":"Weltladen auf dem Fr\u00fchlingsmarkt - Weltladen Ochsenfurt","isPartOf":{"@id":"https:\/\/weltlaeden.de\/ochsenfurt\/#website"},"primaryImageOfPage":{"@id":"https:\/\/weltlaeden.de\/ochsenfurt\/weltladen-beim-fruehlingsmarkt\/#primaryimage"},"image":{"@id":"https:\/\/weltlaeden.de\/ochsenfurt\/weltladen-beim-fruehlingsmarkt\/#primaryimage"},"thumbnailUrl":"https:\/\/weltlaeden.de\/ochsenfurt\/wp-content\/uploads\/sites\/190\/2026\/04\/IMG-20260426-WA0000-300x225.jpg","datePublished":"2026-04-27T17:08:32+00:00","dateModified":"2026-04-27T17:09:25+00:00","author":{"@id":"https:\/\/weltlaeden.de\/ochsenfurt\/#\/schema\/person\/5ca224e780ee94f7cb2f72432a8f54e4"},"breadcrumb":{"@id":"https:\/\/weltlaeden.de\/ochsenfurt\/weltladen-beim-fruehlingsmarkt\/#breadcrumb"},"inLanguage":"de","potentialAction":[{"@type":"ReadAction","target":["https:\/\/weltlaeden.de\/ochsenfurt\/weltladen-beim-fruehlingsmarkt\/"]}]},{"@type":"ImageObject","inLanguage":"de","@id":"https:\/\/weltlaeden.de\/ochsenfurt\/weltladen-beim-fruehlingsmarkt\/#primaryimage","url":"https:\/\/weltlaeden.de\/ochsenfurt\/wp-content\/uploads\/sites\/190\/2026\/04\/IMG-20260426-WA0000.jpg","contentUrl":"https:\/\/weltlaeden.de\/ochsenfurt\/wp-content\/uploads\/sites\/190\/2026\/04\/IMG-20260426-WA0000.jpg","width":2048,"height":1536},{"@type":"BreadcrumbList","@id":"https:\/\/weltlaeden.de\/ochsenfurt\/weltladen-beim-fruehlingsmarkt\/#breadcrumb","itemListElement":[{"@type":"ListItem","position":1,"name":"Startseite","item":"https:\/\/weltlaeden.de\/ochsenfurt\/"},{"@type":"ListItem","position":2,"name":"Weltladen auf dem Fr\u00fchlingsmarkt"}]},{"@type":"WebSite","@id":"https:\/\/weltlaeden.de\/ochsenfurt\/#website","url":"https:\/\/weltlaeden.de\/ochsenfurt\/","name":"Weltladen Ochsenfurt","description":"Faire Produkte seit 1988","potentialAction":[{"@type":"SearchAction","target":{"@type":"EntryPoint","urlTemplate":"https:\/\/weltlaeden.de\/ochsenfurt\/?s={search_term_string}"},"query-input":{"@type":"PropertyValueSpecification","valueRequired":true,"valueName":"search_term_string"}}],"inLanguage":"de"},{"@type":"Person","@id":"https:\/\/weltlaeden.de\/ochsenfurt\/#\/schema\/person\/5ca224e780ee94f7cb2f72432a8f54e4","name":"ochsenfurt","image":{"@type":"ImageObject","inLanguage":"de","@id":"https:\/\/weltlaeden.de\/ochsenfurt\/#\/schema\/person\/image\/","url":"https:\/\/secure.gravatar.com\/avatar\/331170d5a11439d2ea553bd0b9260104?s=96&d=mm&r=g","contentUrl":"https:\/\/secure.gravatar.com\/avatar\/331170d5a11439d2ea553bd0b9260104?s=96&d=mm&r=g","caption":"ochsenfurt"}}]}},"_links":{"self":[{"href":"https:\/\/weltlaeden.de\/ochsenfurt\/wp-json\/wp\/v2\/posts\/831","targetHints":{"allow":["GET"]}}],"collection":[{"href":"https:\/\/weltlaeden.de\/ochsenfurt\/wp-json\/wp\/v2\/posts"}],"about":[{"href":"https:\/\/weltlaeden.de\/ochsenfurt\/wp-json\/wp\/v2\/types\/post"}],"author":[{"embeddable":true,"href":"https:\/\/weltlaeden.de\/ochsenfurt\/wp-json\/wp\/v2\/users\/283"}],"replies":[{"embeddable":true,"href":"https:\/\/weltlaeden.de\/ochsenfurt\/wp-json\/wp\/v2\/comments?post=831"}],"version-history":[{"count":2,"href":"https:\/\/weltlaeden.de\/ochsenfurt\/wp-json\/wp\/v2\/posts\/831\/revisions"}],"predecessor-version":[{"id":834,"href":"https:\/\/weltlaeden.de\/ochsenfurt\/wp-json\/wp\/v2\/posts\/831\/revisions\/834"}],"wp:attachment":[{"href":"https:\/\/weltlaeden.de\/ochsenfurt\/wp-json\/wp\/v2\/media?parent=831"}],"wp:term":[{"taxonomy":"category","embeddable":true,"href":"https:\/\/weltlaeden.de\/ochsenfurt\/wp-json\/wp\/v2\/categories?post=831"},{"taxonomy":"post_tag","embeddable":true,"href":"https:\/\/weltlaeden.de\/ochsenfurt\/wp-json\/wp\/v2\/tags?post=831"}],"curies":[{"name":"wp","href":"https:\/\/api.w.org\/{rel}","templated":true}]}}