{"id":865,"date":"2024-08-28T11:11:37","date_gmt":"2024-08-28T09:11:37","guid":{"rendered":"https:\/\/weltlaeden.de\/mannheim\/?p=865"},"modified":"2024-08-28T11:40:32","modified_gmt":"2024-08-28T09:40:32","slug":"vortrag-zur-energiewende-im-sueden-von-afrika","status":"publish","type":"post","link":"https:\/\/weltlaeden.de\/mannheim\/vortrag-zur-energiewende-im-sueden-von-afrika\/","title":{"rendered":"Veranstaltungen zur Fairen Woche 2024"},"content":{"rendered":"<p>Im Weltladen Mannheim finden im Rahmen der Fairen Woche 2024 zwei Veranstaltungen statt:<\/p>\n<ul>\n<li><a href=\"https:\/\/weltlaeden.de\/mannheim\/termin\/vortrag-zur-energiewende-im-sueden-von-afrika\/\"><strong>Vortrag: Energiewende in S\u00fcdafrika<\/strong><\/a><br \/>\n06. September, 19:30 Uhr<\/li>\n<li><a href=\"https:\/\/weltlaeden.de\/mannheim\/termin\/klimafaires-fingerfood-zum-fruehstueck\/\"><strong>Klimafaires Fingerfood zum Fr\u00fchst\u00fcck<\/strong><\/a><br \/>\n21. September, 11 bis 14 Uhr<\/li>\n<\/ul>\n<h4>FAIRE WOCHE 2024<\/h4>\n<p>Die Veranstaltung findet im Rahmen der Fairen Woche 2024 statt. Unter dem Motto \u201eFair. Und kein Grad mehr!\u201c dreht sich bei der Fairen Woche vom 13. bis 27. September alles rund um das Thema Klimagerechtigkeit und Fairer Handel. Mehr Infos dazu gibt es auf der <a href=\"https:\/\/www.faire-woche.de\/start\">Webseite der Fairen Woche<\/a>.<\/p>\n","protected":false},"excerpt":{"rendered":"<p>Im Weltladen Mannheim finden im Rahmen der Fairen Woche 2024 zwei Veranstaltungen statt: Vortrag: Energiewende in S\u00fcdafrika 06. September, 19:30 Uhr Klimafaires Fingerfood zum Fr\u00fchst\u00fcck 21. September, 11 bis 14 Uhr FAIRE WOCHE 2024 Die Veranstaltung findet im Rahmen der Fairen Woche 2024 statt. Unter dem Motto \u201eFair. Und kein Grad mehr!\u201c dreht sich bei&hellip;<\/p>\n","protected":false},"author":59,"featured_media":872,"comment_status":"closed","ping_status":"closed","sticky":false,"template":"","format":"standard","meta":{"footnotes":""},"categories":[3],"tags":[],"class_list":["post-865","post","type-post","status-publish","format-standard","has-post-thumbnail","hentry","category-termine","category-3","description-off"],"yoast_head":"<!-- This site is optimized with the Yoast SEO plugin v26.8 - https:\/\/yoast.com\/product\/yoast-seo-wordpress\/ -->\n<title>Veranstaltungen zur Fairen Woche 2024 - Weltladen Mannheim<\/title>\n<meta name=\"robots\" content=\"index, follow, max-snippet:-1, max-image-preview:large, max-video-preview:-1\" \/>\n<link rel=\"canonical\" href=\"https:\/\/weltlaeden.de\/mannheim\/vortrag-zur-energiewende-im-sueden-von-afrika\/\" \/>\n<meta property=\"og:locale\" content=\"de_DE\" \/>\n<meta property=\"og:type\" content=\"article\" \/>\n<meta property=\"og:title\" content=\"Veranstaltungen zur Fairen Woche 2024 - Weltladen Mannheim\" \/>\n<meta property=\"og:description\" content=\"Im Weltladen Mannheim finden im Rahmen der Fairen Woche 2024 zwei Veranstaltungen statt: Vortrag: Energiewende in S\u00fcdafrika 06. September, 19:30 Uhr Klimafaires Fingerfood zum Fr\u00fchst\u00fcck 21. September, 11 bis 14 Uhr FAIRE WOCHE 2024 Die Veranstaltung findet im Rahmen der Fairen Woche 2024 statt. Unter dem Motto \u201eFair. Und kein Grad mehr!\u201c dreht sich bei&hellip;\" \/>\n<meta property=\"og:url\" content=\"https:\/\/weltlaeden.de\/mannheim\/vortrag-zur-energiewende-im-sueden-von-afrika\/\" \/>\n<meta property=\"og:site_name\" content=\"Weltladen Mannheim\" \/>\n<meta property=\"article:published_time\" content=\"2024-08-28T09:11:37+00:00\" \/>\n<meta property=\"article:modified_time\" content=\"2024-08-28T09:40:32+00:00\" \/>\n<meta property=\"og:image\" content=\"https:\/\/weltlaeden.de\/mannheim\/wp-content\/uploads\/sites\/36\/2024\/08\/Instashare_Pics_2024_1080x1080_04.png\" \/>\n\t<meta property=\"og:image:width\" content=\"1080\" \/>\n\t<meta property=\"og:image:height\" content=\"1080\" \/>\n\t<meta property=\"og:image:type\" content=\"image\/png\" \/>\n<meta name=\"author\" content=\"mannheim\" \/>\n<meta name=\"twitter:card\" content=\"summary_large_image\" \/>\n<meta name=\"twitter:label1\" content=\"Verfasst von\" \/>\n\t<meta name=\"twitter:data1\" content=\"mannheim\" \/>\n\t<meta name=\"twitter:label2\" content=\"Gesch\u00e4tzte Lesezeit\" \/>\n\t<meta name=\"twitter:data2\" content=\"1\u00a0Minute\" \/>\n<script type=\"application\/ld+json\" class=\"yoast-schema-graph\">{\"@context\":\"https:\/\/schema.org\",\"@graph\":[{\"@type\":\"Article\",\"@id\":\"https:\/\/weltlaeden.de\/mannheim\/vortrag-zur-energiewende-im-sueden-von-afrika\/#article\",\"isPartOf\":{\"@id\":\"https:\/\/weltlaeden.de\/mannheim\/vortrag-zur-energiewende-im-sueden-von-afrika\/\"},\"author\":{\"name\":\"mannheim\",\"@id\":\"https:\/\/weltlaeden.de\/mannheim\/#\/schema\/person\/37750c37190ea2026a65e7ed7d0d53d8\"},\"headline\":\"Veranstaltungen zur Fairen Woche 2024\",\"datePublished\":\"2024-08-28T09:11:37+00:00\",\"dateModified\":\"2024-08-28T09:40:32+00:00\",\"mainEntityOfPage\":{\"@id\":\"https:\/\/weltlaeden.de\/mannheim\/vortrag-zur-energiewende-im-sueden-von-afrika\/\"},\"wordCount\":80,\"image\":{\"@id\":\"https:\/\/weltlaeden.de\/mannheim\/vortrag-zur-energiewende-im-sueden-von-afrika\/#primaryimage\"},\"thumbnailUrl\":\"https:\/\/weltlaeden.de\/mannheim\/wp-content\/uploads\/sites\/36\/2024\/08\/Instashare_Pics_2024_1080x1080_04.png\",\"articleSection\":[\"Termine\"],\"inLanguage\":\"de\"},{\"@type\":\"WebPage\",\"@id\":\"https:\/\/weltlaeden.de\/mannheim\/vortrag-zur-energiewende-im-sueden-von-afrika\/\",\"url\":\"https:\/\/weltlaeden.de\/mannheim\/vortrag-zur-energiewende-im-sueden-von-afrika\/\",\"name\":\"Veranstaltungen zur Fairen Woche 2024 - Weltladen Mannheim\",\"isPartOf\":{\"@id\":\"https:\/\/weltlaeden.de\/mannheim\/#website\"},\"primaryImageOfPage\":{\"@id\":\"https:\/\/weltlaeden.de\/mannheim\/vortrag-zur-energiewende-im-sueden-von-afrika\/#primaryimage\"},\"image\":{\"@id\":\"https:\/\/weltlaeden.de\/mannheim\/vortrag-zur-energiewende-im-sueden-von-afrika\/#primaryimage\"},\"thumbnailUrl\":\"https:\/\/weltlaeden.de\/mannheim\/wp-content\/uploads\/sites\/36\/2024\/08\/Instashare_Pics_2024_1080x1080_04.png\",\"datePublished\":\"2024-08-28T09:11:37+00:00\",\"dateModified\":\"2024-08-28T09:40:32+00:00\",\"author\":{\"@id\":\"https:\/\/weltlaeden.de\/mannheim\/#\/schema\/person\/37750c37190ea2026a65e7ed7d0d53d8\"},\"breadcrumb\":{\"@id\":\"https:\/\/weltlaeden.de\/mannheim\/vortrag-zur-energiewende-im-sueden-von-afrika\/#breadcrumb\"},\"inLanguage\":\"de\",\"potentialAction\":[{\"@type\":\"ReadAction\",\"target\":[\"https:\/\/weltlaeden.de\/mannheim\/vortrag-zur-energiewende-im-sueden-von-afrika\/\"]}]},{\"@type\":\"ImageObject\",\"inLanguage\":\"de\",\"@id\":\"https:\/\/weltlaeden.de\/mannheim\/vortrag-zur-energiewende-im-sueden-von-afrika\/#primaryimage\",\"url\":\"https:\/\/weltlaeden.de\/mannheim\/wp-content\/uploads\/sites\/36\/2024\/08\/Instashare_Pics_2024_1080x1080_04.png\",\"contentUrl\":\"https:\/\/weltlaeden.de\/mannheim\/wp-content\/uploads\/sites\/36\/2024\/08\/Instashare_Pics_2024_1080x1080_04.png\",\"width\":1080,\"height\":1080},{\"@type\":\"BreadcrumbList\",\"@id\":\"https:\/\/weltlaeden.de\/mannheim\/vortrag-zur-energiewende-im-sueden-von-afrika\/#breadcrumb\",\"itemListElement\":[{\"@type\":\"ListItem\",\"position\":1,\"name\":\"Startseite\",\"item\":\"https:\/\/weltlaeden.de\/mannheim\/\"},{\"@type\":\"ListItem\",\"position\":2,\"name\":\"Veranstaltungen zur Fairen Woche 2024\"}]},{\"@type\":\"WebSite\",\"@id\":\"https:\/\/weltlaeden.de\/mannheim\/#website\",\"url\":\"https:\/\/weltlaeden.de\/mannheim\/\",\"name\":\"Vorlage\",\"description\":\"Fairer Handel im Quadrat\",\"potentialAction\":[{\"@type\":\"SearchAction\",\"target\":{\"@type\":\"EntryPoint\",\"urlTemplate\":\"https:\/\/weltlaeden.de\/mannheim\/?s={search_term_string}\"},\"query-input\":{\"@type\":\"PropertyValueSpecification\",\"valueRequired\":true,\"valueName\":\"search_term_string\"}}],\"inLanguage\":\"de\"},{\"@type\":\"Person\",\"@id\":\"https:\/\/weltlaeden.de\/mannheim\/#\/schema\/person\/37750c37190ea2026a65e7ed7d0d53d8\",\"name\":\"mannheim\",\"image\":{\"@type\":\"ImageObject\",\"inLanguage\":\"de\",\"@id\":\"https:\/\/weltlaeden.de\/mannheim\/#\/schema\/person\/image\/\",\"url\":\"https:\/\/secure.gravatar.com\/avatar\/2e91d0cf4403f5b8e86100db9837b01c?s=96&d=mm&r=g\",\"contentUrl\":\"https:\/\/secure.gravatar.com\/avatar\/2e91d0cf4403f5b8e86100db9837b01c?s=96&d=mm&r=g\",\"caption\":\"mannheim\"},\"url\":\"https:\/\/weltlaeden.de\/mannheim\/author\/mannheim\/\"}]}<\/script>\n<!-- \/ Yoast SEO plugin. -->","yoast_head_json":{"title":"Veranstaltungen zur Fairen Woche 2024 - Weltladen Mannheim","robots":{"index":"index","follow":"follow","max-snippet":"max-snippet:-1","max-image-preview":"max-image-preview:large","max-video-preview":"max-video-preview:-1"},"canonical":"https:\/\/weltlaeden.de\/mannheim\/vortrag-zur-energiewende-im-sueden-von-afrika\/","og_locale":"de_DE","og_type":"article","og_title":"Veranstaltungen zur Fairen Woche 2024 - Weltladen Mannheim","og_description":"Im Weltladen Mannheim finden im Rahmen der Fairen Woche 2024 zwei Veranstaltungen statt: Vortrag: Energiewende in S\u00fcdafrika 06. September, 19:30 Uhr Klimafaires Fingerfood zum Fr\u00fchst\u00fcck 21. September, 11 bis 14 Uhr FAIRE WOCHE 2024 Die Veranstaltung findet im Rahmen der Fairen Woche 2024 statt. Unter dem Motto \u201eFair. Und kein Grad mehr!\u201c dreht sich bei&hellip;","og_url":"https:\/\/weltlaeden.de\/mannheim\/vortrag-zur-energiewende-im-sueden-von-afrika\/","og_site_name":"Weltladen Mannheim","article_published_time":"2024-08-28T09:11:37+00:00","article_modified_time":"2024-08-28T09:40:32+00:00","og_image":[{"width":1080,"height":1080,"url":"https:\/\/weltlaeden.de\/mannheim\/wp-content\/uploads\/sites\/36\/2024\/08\/Instashare_Pics_2024_1080x1080_04.png","type":"image\/png"}],"author":"mannheim","twitter_card":"summary_large_image","twitter_misc":{"Verfasst von":"mannheim","Gesch\u00e4tzte Lesezeit":"1\u00a0Minute"},"schema":{"@context":"https:\/\/schema.org","@graph":[{"@type":"Article","@id":"https:\/\/weltlaeden.de\/mannheim\/vortrag-zur-energiewende-im-sueden-von-afrika\/#article","isPartOf":{"@id":"https:\/\/weltlaeden.de\/mannheim\/vortrag-zur-energiewende-im-sueden-von-afrika\/"},"author":{"name":"mannheim","@id":"https:\/\/weltlaeden.de\/mannheim\/#\/schema\/person\/37750c37190ea2026a65e7ed7d0d53d8"},"headline":"Veranstaltungen zur Fairen Woche 2024","datePublished":"2024-08-28T09:11:37+00:00","dateModified":"2024-08-28T09:40:32+00:00","mainEntityOfPage":{"@id":"https:\/\/weltlaeden.de\/mannheim\/vortrag-zur-energiewende-im-sueden-von-afrika\/"},"wordCount":80,"image":{"@id":"https:\/\/weltlaeden.de\/mannheim\/vortrag-zur-energiewende-im-sueden-von-afrika\/#primaryimage"},"thumbnailUrl":"https:\/\/weltlaeden.de\/mannheim\/wp-content\/uploads\/sites\/36\/2024\/08\/Instashare_Pics_2024_1080x1080_04.png","articleSection":["Termine"],"inLanguage":"de"},{"@type":"WebPage","@id":"https:\/\/weltlaeden.de\/mannheim\/vortrag-zur-energiewende-im-sueden-von-afrika\/","url":"https:\/\/weltlaeden.de\/mannheim\/vortrag-zur-energiewende-im-sueden-von-afrika\/","name":"Veranstaltungen zur Fairen Woche 2024 - Weltladen Mannheim","isPartOf":{"@id":"https:\/\/weltlaeden.de\/mannheim\/#website"},"primaryImageOfPage":{"@id":"https:\/\/weltlaeden.de\/mannheim\/vortrag-zur-energiewende-im-sueden-von-afrika\/#primaryimage"},"image":{"@id":"https:\/\/weltlaeden.de\/mannheim\/vortrag-zur-energiewende-im-sueden-von-afrika\/#primaryimage"},"thumbnailUrl":"https:\/\/weltlaeden.de\/mannheim\/wp-content\/uploads\/sites\/36\/2024\/08\/Instashare_Pics_2024_1080x1080_04.png","datePublished":"2024-08-28T09:11:37+00:00","dateModified":"2024-08-28T09:40:32+00:00","author":{"@id":"https:\/\/weltlaeden.de\/mannheim\/#\/schema\/person\/37750c37190ea2026a65e7ed7d0d53d8"},"breadcrumb":{"@id":"https:\/\/weltlaeden.de\/mannheim\/vortrag-zur-energiewende-im-sueden-von-afrika\/#breadcrumb"},"inLanguage":"de","potentialAction":[{"@type":"ReadAction","target":["https:\/\/weltlaeden.de\/mannheim\/vortrag-zur-energiewende-im-sueden-von-afrika\/"]}]},{"@type":"ImageObject","inLanguage":"de","@id":"https:\/\/weltlaeden.de\/mannheim\/vortrag-zur-energiewende-im-sueden-von-afrika\/#primaryimage","url":"https:\/\/weltlaeden.de\/mannheim\/wp-content\/uploads\/sites\/36\/2024\/08\/Instashare_Pics_2024_1080x1080_04.png","contentUrl":"https:\/\/weltlaeden.de\/mannheim\/wp-content\/uploads\/sites\/36\/2024\/08\/Instashare_Pics_2024_1080x1080_04.png","width":1080,"height":1080},{"@type":"BreadcrumbList","@id":"https:\/\/weltlaeden.de\/mannheim\/vortrag-zur-energiewende-im-sueden-von-afrika\/#breadcrumb","itemListElement":[{"@type":"ListItem","position":1,"name":"Startseite","item":"https:\/\/weltlaeden.de\/mannheim\/"},{"@type":"ListItem","position":2,"name":"Veranstaltungen zur Fairen Woche 2024"}]},{"@type":"WebSite","@id":"https:\/\/weltlaeden.de\/mannheim\/#website","url":"https:\/\/weltlaeden.de\/mannheim\/","name":"Vorlage","description":"Fairer Handel im Quadrat","potentialAction":[{"@type":"SearchAction","target":{"@type":"EntryPoint","urlTemplate":"https:\/\/weltlaeden.de\/mannheim\/?s={search_term_string}"},"query-input":{"@type":"PropertyValueSpecification","valueRequired":true,"valueName":"search_term_string"}}],"inLanguage":"de"},{"@type":"Person","@id":"https:\/\/weltlaeden.de\/mannheim\/#\/schema\/person\/37750c37190ea2026a65e7ed7d0d53d8","name":"mannheim","image":{"@type":"ImageObject","inLanguage":"de","@id":"https:\/\/weltlaeden.de\/mannheim\/#\/schema\/person\/image\/","url":"https:\/\/secure.gravatar.com\/avatar\/2e91d0cf4403f5b8e86100db9837b01c?s=96&d=mm&r=g","contentUrl":"https:\/\/secure.gravatar.com\/avatar\/2e91d0cf4403f5b8e86100db9837b01c?s=96&d=mm&r=g","caption":"mannheim"},"url":"https:\/\/weltlaeden.de\/mannheim\/author\/mannheim\/"}]}},"_links":{"self":[{"href":"https:\/\/weltlaeden.de\/mannheim\/wp-json\/wp\/v2\/posts\/865","targetHints":{"allow":["GET"]}}],"collection":[{"href":"https:\/\/weltlaeden.de\/mannheim\/wp-json\/wp\/v2\/posts"}],"about":[{"href":"https:\/\/weltlaeden.de\/mannheim\/wp-json\/wp\/v2\/types\/post"}],"author":[{"embeddable":true,"href":"https:\/\/weltlaeden.de\/mannheim\/wp-json\/wp\/v2\/users\/59"}],"replies":[{"embeddable":true,"href":"https:\/\/weltlaeden.de\/mannheim\/wp-json\/wp\/v2\/comments?post=865"}],"version-history":[{"count":4,"href":"https:\/\/weltlaeden.de\/mannheim\/wp-json\/wp\/v2\/posts\/865\/revisions"}],"predecessor-version":[{"id":871,"href":"https:\/\/weltlaeden.de\/mannheim\/wp-json\/wp\/v2\/posts\/865\/revisions\/871"}],"wp:featuredmedia":[{"embeddable":true,"href":"https:\/\/weltlaeden.de\/mannheim\/wp-json\/wp\/v2\/media\/872"}],"wp:attachment":[{"href":"https:\/\/weltlaeden.de\/mannheim\/wp-json\/wp\/v2\/media?parent=865"}],"wp:term":[{"taxonomy":"category","embeddable":true,"href":"https:\/\/weltlaeden.de\/mannheim\/wp-json\/wp\/v2\/categories?post=865"},{"taxonomy":"post_tag","embeddable":true,"href":"https:\/\/weltlaeden.de\/mannheim\/wp-json\/wp\/v2\/tags?post=865"}],"curies":[{"name":"wp","href":"https:\/\/api.w.org\/{rel}","templated":true}]}}