{"id":755,"date":"2023-09-08T16:20:31","date_gmt":"2023-09-08T14:20:31","guid":{"rendered":"https:\/\/weltlaeden.de\/leer\/?p=755"},"modified":"2023-09-08T16:21:07","modified_gmt":"2023-09-08T14:21:07","slug":"755-2","status":"publish","type":"post","link":"https:\/\/weltlaeden.de\/leer\/755-2\/","title":{"rendered":"Mit Fairem Handel zu mehr Klimagerechtigkeit"},"content":{"rendered":"<p>&nbsp;<\/p>\n<p><strong>Bundesweite Aktionswoche des Fairen Handels l\u00e4dt zum Mitmachen ein<\/strong><\/p>\n<p><strong>Das Motto \u201eFair. Und kein Grad mehr!\u201c macht deutlich, worum es bei der 22. Auflage der Fairen Woche geht: Die gr\u00f6\u00dfte Aktionswoche des Fairen Handels nimmt vom 15. bis 29. September die Klimakrise in den Fokus.<\/strong><\/p>\n<p><strong>Leer.<\/strong> Mit der Verkostung von fairen Produkten, mit Informationen zum Thema Klimagerechtigkeit und mit einem Klima-Quiz beteiligt sich der Weltladen Leer in der Rathausstra\u00dfe 30 an der diesj\u00e4hrigen Fairen Woche. Los geht es am 15. September. Jeweils am Freitag und Samstag k\u00f6nnen Feinschmeckerinnen und Feinschmecker bei einer Verkostung von Tee, Schokolade, Orangensaft und Geb\u00e4ck neue Lieblingssorten entdecken, beim Quiz ihr Wissen in Sachen Klima testen und etwas gewinnen.<\/p>\n<p>Die Faire Woche wird veranstaltet vom Forum Fairer Handel e.V. in Kooperation mit dem Weltladen-Dachverband e.V. und Fairtrade Deutschland e.V. \u2013 in diesem Jahr bereits zum 22. Mal. Die Veranstalter rechnen mit rund 2.000 Veranstaltungen bundesweit. Unter anderem werden Vertreterinnen und Vertreter von Produzentenorganisationen bei Veranstaltungen in Deutschland sowie in Videobotschaften berichten, wie sie von der Klimakrise betroffen sind und wie sie vom Fairen Handel profitieren. Produkte aus Fairem Handel sind in 900 Weltl\u00e4den, mehr als 40.000 Biol\u00e4den, Superm\u00e4rkten, Discountern und B\u00e4ckereien sowie in \u00fcber 20.000 Caf\u00e9s und Restaurants erh\u00e4ltlich. Der Faire Handel schafft Perspektiven f\u00fcr rund 2,5 Mio. Kleinproduzierende und ihre Familien weltweit und erzielte im Jahr 2022 in Deutschland einen Umsatz von rund 2,2 Mrd. Euro.<\/p>\n<p><strong>Weitere Informationen: https:\/\/faire-woche.de<\/strong><\/p>\n<p><strong>\u00a0<\/strong><\/p>\n<p><strong>Kontakt:<\/strong><\/p>\n<p>Weltladen Leer e.V.,<br \/>\nRathausstra\u00dfe 30, 26789 Leer<br \/>\nDi-Sa 11-13 Uhr, Do 15-17 Uhr, Fr 15-18 Uhr<\/p>\n<p>Tel.: 0491-9922349<br \/>\nE-Mail: info@weltladen-leer.de<\/p>\n","protected":false},"excerpt":{"rendered":"<p>&nbsp; Bundesweite Aktionswoche des Fairen Handels l\u00e4dt zum Mitmachen ein Das Motto \u201eFair. Und kein Grad mehr!\u201c macht deutlich, worum es bei der 22. Auflage der Fairen Woche geht: Die gr\u00f6\u00dfte Aktionswoche des Fairen Handels nimmt vom 15. bis 29. September die Klimakrise in den Fokus. Leer. Mit der Verkostung von fairen Produkten, mit Informationen&hellip;<\/p>\n","protected":false},"author":291,"featured_media":0,"comment_status":"closed","ping_status":"closed","sticky":false,"template":"","format":"standard","meta":{"footnotes":""},"categories":[1],"tags":[],"class_list":["post-755","post","type-post","status-publish","format-standard","hentry","category-allgemein","category-1","description-off"],"yoast_head":"<!-- This site is optimized with the Yoast SEO plugin v26.8 - https:\/\/yoast.com\/product\/yoast-seo-wordpress\/ -->\n<title>Mit Fairem Handel zu mehr Klimagerechtigkeit - Weltladen Leer<\/title>\n<meta name=\"robots\" content=\"index, follow, max-snippet:-1, max-image-preview:large, max-video-preview:-1\" \/>\n<link rel=\"canonical\" href=\"https:\/\/weltlaeden.de\/leer\/755-2\/\" \/>\n<meta property=\"og:locale\" content=\"de_DE\" \/>\n<meta property=\"og:type\" content=\"article\" \/>\n<meta property=\"og:title\" content=\"Mit Fairem Handel zu mehr Klimagerechtigkeit - Weltladen Leer\" \/>\n<meta property=\"og:description\" content=\"&nbsp; Bundesweite Aktionswoche des Fairen Handels l\u00e4dt zum Mitmachen ein Das Motto \u201eFair. Und kein Grad mehr!\u201c macht deutlich, worum es bei der 22. Auflage der Fairen Woche geht: Die gr\u00f6\u00dfte Aktionswoche des Fairen Handels nimmt vom 15. bis 29. September die Klimakrise in den Fokus. Leer. Mit der Verkostung von fairen Produkten, mit Informationen&hellip;\" \/>\n<meta property=\"og:url\" content=\"https:\/\/weltlaeden.de\/leer\/755-2\/\" \/>\n<meta property=\"og:site_name\" content=\"Weltladen Leer\" \/>\n<meta property=\"article:author\" content=\"https:\/\/www.facebook.com\/weltladenleer\" \/>\n<meta property=\"article:published_time\" content=\"2023-09-08T14:20:31+00:00\" \/>\n<meta property=\"article:modified_time\" content=\"2023-09-08T14:21:07+00:00\" \/>\n<meta name=\"author\" content=\"leer\" \/>\n<meta name=\"twitter:card\" content=\"summary_large_image\" \/>\n<meta name=\"twitter:label1\" content=\"Verfasst von\" \/>\n\t<meta name=\"twitter:data1\" content=\"leer\" \/>\n\t<meta name=\"twitter:label2\" content=\"Gesch\u00e4tzte Lesezeit\" \/>\n\t<meta name=\"twitter:data2\" content=\"1\u00a0Minute\" \/>\n<script type=\"application\/ld+json\" class=\"yoast-schema-graph\">{\"@context\":\"https:\/\/schema.org\",\"@graph\":[{\"@type\":\"Article\",\"@id\":\"https:\/\/weltlaeden.de\/leer\/755-2\/#article\",\"isPartOf\":{\"@id\":\"https:\/\/weltlaeden.de\/leer\/755-2\/\"},\"author\":{\"name\":\"leer\",\"@id\":\"https:\/\/weltlaeden.de\/leer\/#\/schema\/person\/d1f6aa56aef549bfb0b2e89c9c316c3e\"},\"headline\":\"Mit Fairem Handel zu mehr Klimagerechtigkeit\",\"datePublished\":\"2023-09-08T14:20:31+00:00\",\"dateModified\":\"2023-09-08T14:21:07+00:00\",\"mainEntityOfPage\":{\"@id\":\"https:\/\/weltlaeden.de\/leer\/755-2\/\"},\"wordCount\":268,\"articleSection\":[\"Keine Kategorie\"],\"inLanguage\":\"de\"},{\"@type\":\"WebPage\",\"@id\":\"https:\/\/weltlaeden.de\/leer\/755-2\/\",\"url\":\"https:\/\/weltlaeden.de\/leer\/755-2\/\",\"name\":\"Mit Fairem Handel zu mehr Klimagerechtigkeit - Weltladen Leer\",\"isPartOf\":{\"@id\":\"https:\/\/weltlaeden.de\/leer\/#website\"},\"datePublished\":\"2023-09-08T14:20:31+00:00\",\"dateModified\":\"2023-09-08T14:21:07+00:00\",\"author\":{\"@id\":\"https:\/\/weltlaeden.de\/leer\/#\/schema\/person\/d1f6aa56aef549bfb0b2e89c9c316c3e\"},\"breadcrumb\":{\"@id\":\"https:\/\/weltlaeden.de\/leer\/755-2\/#breadcrumb\"},\"inLanguage\":\"de\",\"potentialAction\":[{\"@type\":\"ReadAction\",\"target\":[\"https:\/\/weltlaeden.de\/leer\/755-2\/\"]}]},{\"@type\":\"BreadcrumbList\",\"@id\":\"https:\/\/weltlaeden.de\/leer\/755-2\/#breadcrumb\",\"itemListElement\":[{\"@type\":\"ListItem\",\"position\":1,\"name\":\"Startseite\",\"item\":\"https:\/\/weltlaeden.de\/leer\/\"},{\"@type\":\"ListItem\",\"position\":2,\"name\":\"Mit Fairem Handel zu mehr Klimagerechtigkeit\"}]},{\"@type\":\"WebSite\",\"@id\":\"https:\/\/weltlaeden.de\/leer\/#website\",\"url\":\"https:\/\/weltlaeden.de\/leer\/\",\"name\":\"Weltladen Leer\",\"description\":\"Faire Produkte seit 1990\",\"potentialAction\":[{\"@type\":\"SearchAction\",\"target\":{\"@type\":\"EntryPoint\",\"urlTemplate\":\"https:\/\/weltlaeden.de\/leer\/?s={search_term_string}\"},\"query-input\":{\"@type\":\"PropertyValueSpecification\",\"valueRequired\":true,\"valueName\":\"search_term_string\"}}],\"inLanguage\":\"de\"},{\"@type\":\"Person\",\"@id\":\"https:\/\/weltlaeden.de\/leer\/#\/schema\/person\/d1f6aa56aef549bfb0b2e89c9c316c3e\",\"name\":\"leer\",\"image\":{\"@type\":\"ImageObject\",\"inLanguage\":\"de\",\"@id\":\"https:\/\/weltlaeden.de\/leer\/#\/schema\/person\/image\/\",\"url\":\"https:\/\/secure.gravatar.com\/avatar\/74bc4d1b4ef76d0a1baf5b16c8638050?s=96&d=mm&r=g\",\"contentUrl\":\"https:\/\/secure.gravatar.com\/avatar\/74bc4d1b4ef76d0a1baf5b16c8638050?s=96&d=mm&r=g\",\"caption\":\"leer\"},\"sameAs\":[\"http:\/\/weltladen-leer.de\",\"https:\/\/www.facebook.com\/weltladenleer\",\"https:\/\/www.instagram.com\/weltladen_leer\/\"]}]}<\/script>\n<!-- \/ Yoast SEO plugin. -->","yoast_head_json":{"title":"Mit Fairem Handel zu mehr Klimagerechtigkeit - Weltladen Leer","robots":{"index":"index","follow":"follow","max-snippet":"max-snippet:-1","max-image-preview":"max-image-preview:large","max-video-preview":"max-video-preview:-1"},"canonical":"https:\/\/weltlaeden.de\/leer\/755-2\/","og_locale":"de_DE","og_type":"article","og_title":"Mit Fairem Handel zu mehr Klimagerechtigkeit - Weltladen Leer","og_description":"&nbsp; Bundesweite Aktionswoche des Fairen Handels l\u00e4dt zum Mitmachen ein Das Motto \u201eFair. Und kein Grad mehr!\u201c macht deutlich, worum es bei der 22. Auflage der Fairen Woche geht: Die gr\u00f6\u00dfte Aktionswoche des Fairen Handels nimmt vom 15. bis 29. September die Klimakrise in den Fokus. Leer. Mit der Verkostung von fairen Produkten, mit Informationen&hellip;","og_url":"https:\/\/weltlaeden.de\/leer\/755-2\/","og_site_name":"Weltladen Leer","article_author":"https:\/\/www.facebook.com\/weltladenleer","article_published_time":"2023-09-08T14:20:31+00:00","article_modified_time":"2023-09-08T14:21:07+00:00","author":"leer","twitter_card":"summary_large_image","twitter_misc":{"Verfasst von":"leer","Gesch\u00e4tzte Lesezeit":"1\u00a0Minute"},"schema":{"@context":"https:\/\/schema.org","@graph":[{"@type":"Article","@id":"https:\/\/weltlaeden.de\/leer\/755-2\/#article","isPartOf":{"@id":"https:\/\/weltlaeden.de\/leer\/755-2\/"},"author":{"name":"leer","@id":"https:\/\/weltlaeden.de\/leer\/#\/schema\/person\/d1f6aa56aef549bfb0b2e89c9c316c3e"},"headline":"Mit Fairem Handel zu mehr Klimagerechtigkeit","datePublished":"2023-09-08T14:20:31+00:00","dateModified":"2023-09-08T14:21:07+00:00","mainEntityOfPage":{"@id":"https:\/\/weltlaeden.de\/leer\/755-2\/"},"wordCount":268,"articleSection":["Keine Kategorie"],"inLanguage":"de"},{"@type":"WebPage","@id":"https:\/\/weltlaeden.de\/leer\/755-2\/","url":"https:\/\/weltlaeden.de\/leer\/755-2\/","name":"Mit Fairem Handel zu mehr Klimagerechtigkeit - Weltladen Leer","isPartOf":{"@id":"https:\/\/weltlaeden.de\/leer\/#website"},"datePublished":"2023-09-08T14:20:31+00:00","dateModified":"2023-09-08T14:21:07+00:00","author":{"@id":"https:\/\/weltlaeden.de\/leer\/#\/schema\/person\/d1f6aa56aef549bfb0b2e89c9c316c3e"},"breadcrumb":{"@id":"https:\/\/weltlaeden.de\/leer\/755-2\/#breadcrumb"},"inLanguage":"de","potentialAction":[{"@type":"ReadAction","target":["https:\/\/weltlaeden.de\/leer\/755-2\/"]}]},{"@type":"BreadcrumbList","@id":"https:\/\/weltlaeden.de\/leer\/755-2\/#breadcrumb","itemListElement":[{"@type":"ListItem","position":1,"name":"Startseite","item":"https:\/\/weltlaeden.de\/leer\/"},{"@type":"ListItem","position":2,"name":"Mit Fairem Handel zu mehr Klimagerechtigkeit"}]},{"@type":"WebSite","@id":"https:\/\/weltlaeden.de\/leer\/#website","url":"https:\/\/weltlaeden.de\/leer\/","name":"Weltladen Leer","description":"Faire Produkte seit 1990","potentialAction":[{"@type":"SearchAction","target":{"@type":"EntryPoint","urlTemplate":"https:\/\/weltlaeden.de\/leer\/?s={search_term_string}"},"query-input":{"@type":"PropertyValueSpecification","valueRequired":true,"valueName":"search_term_string"}}],"inLanguage":"de"},{"@type":"Person","@id":"https:\/\/weltlaeden.de\/leer\/#\/schema\/person\/d1f6aa56aef549bfb0b2e89c9c316c3e","name":"leer","image":{"@type":"ImageObject","inLanguage":"de","@id":"https:\/\/weltlaeden.de\/leer\/#\/schema\/person\/image\/","url":"https:\/\/secure.gravatar.com\/avatar\/74bc4d1b4ef76d0a1baf5b16c8638050?s=96&d=mm&r=g","contentUrl":"https:\/\/secure.gravatar.com\/avatar\/74bc4d1b4ef76d0a1baf5b16c8638050?s=96&d=mm&r=g","caption":"leer"},"sameAs":["http:\/\/weltladen-leer.de","https:\/\/www.facebook.com\/weltladenleer","https:\/\/www.instagram.com\/weltladen_leer\/"]}]}},"_links":{"self":[{"href":"https:\/\/weltlaeden.de\/leer\/wp-json\/wp\/v2\/posts\/755","targetHints":{"allow":["GET"]}}],"collection":[{"href":"https:\/\/weltlaeden.de\/leer\/wp-json\/wp\/v2\/posts"}],"about":[{"href":"https:\/\/weltlaeden.de\/leer\/wp-json\/wp\/v2\/types\/post"}],"author":[{"embeddable":true,"href":"https:\/\/weltlaeden.de\/leer\/wp-json\/wp\/v2\/users\/291"}],"replies":[{"embeddable":true,"href":"https:\/\/weltlaeden.de\/leer\/wp-json\/wp\/v2\/comments?post=755"}],"version-history":[{"count":3,"href":"https:\/\/weltlaeden.de\/leer\/wp-json\/wp\/v2\/posts\/755\/revisions"}],"predecessor-version":[{"id":758,"href":"https:\/\/weltlaeden.de\/leer\/wp-json\/wp\/v2\/posts\/755\/revisions\/758"}],"wp:attachment":[{"href":"https:\/\/weltlaeden.de\/leer\/wp-json\/wp\/v2\/media?parent=755"}],"wp:term":[{"taxonomy":"category","embeddable":true,"href":"https:\/\/weltlaeden.de\/leer\/wp-json\/wp\/v2\/categories?post=755"},{"taxonomy":"post_tag","embeddable":true,"href":"https:\/\/weltlaeden.de\/leer\/wp-json\/wp\/v2\/tags?post=755"}],"curies":[{"name":"wp","href":"https:\/\/api.w.org\/{rel}","templated":true}]}}