{"id":823,"date":"2019-07-31T23:18:13","date_gmt":"2019-07-31T21:18:13","guid":{"rendered":"https:\/\/weltlaeden.de\/landsberg\/?p=823"},"modified":"2019-07-31T23:21:15","modified_gmt":"2019-07-31T21:21:15","slug":"sommerfest-2019","status":"publish","type":"post","link":"https:\/\/weltlaeden.de\/landsberg\/sommerfest-2019\/","title":{"rendered":"Sommerfest 2019"},"content":{"rendered":"<p><img loading=\"lazy\" decoding=\"async\" class=\"alignnone wp-image-824\" src=\"https:\/\/weltlaeden.de\/landsberg\/wp-content\/uploads\/sites\/68\/2019\/07\/WL_Sommerfest_2019_Foto1-300x200.jpg\" alt=\"\" width=\"239\" height=\"159\" srcset=\"https:\/\/weltlaeden.de\/landsberg\/wp-content\/uploads\/sites\/68\/2019\/07\/WL_Sommerfest_2019_Foto1-300x200.jpg 300w, https:\/\/weltlaeden.de\/landsberg\/wp-content\/uploads\/sites\/68\/2019\/07\/WL_Sommerfest_2019_Foto1-768x512.jpg 768w, https:\/\/weltlaeden.de\/landsberg\/wp-content\/uploads\/sites\/68\/2019\/07\/WL_Sommerfest_2019_Foto1-1024x683.jpg 1024w\" sizes=\"auto, (max-width: 239px) 100vw, 239px\" \/><img loading=\"lazy\" decoding=\"async\" class=\"alignnone wp-image-821\" src=\"https:\/\/weltlaeden.de\/landsberg\/wp-content\/uploads\/sites\/68\/2019\/07\/WL_Sommerfest_2019_Foto3-300x200.jpg\" alt=\"\" width=\"240\" height=\"160\" srcset=\"https:\/\/weltlaeden.de\/landsberg\/wp-content\/uploads\/sites\/68\/2019\/07\/WL_Sommerfest_2019_Foto3-300x200.jpg 300w, https:\/\/weltlaeden.de\/landsberg\/wp-content\/uploads\/sites\/68\/2019\/07\/WL_Sommerfest_2019_Foto3-768x512.jpg 768w, https:\/\/weltlaeden.de\/landsberg\/wp-content\/uploads\/sites\/68\/2019\/07\/WL_Sommerfest_2019_Foto3-1024x683.jpg 1024w\" sizes=\"auto, (max-width: 240px) 100vw, 240px\" \/><img loading=\"lazy\" decoding=\"async\" class=\"alignnone wp-image-825\" src=\"https:\/\/weltlaeden.de\/landsberg\/wp-content\/uploads\/sites\/68\/2019\/07\/WL_Sommerfest_2019_Foto2-300x200.jpg\" alt=\"\" width=\"240\" height=\"160\" srcset=\"https:\/\/weltlaeden.de\/landsberg\/wp-content\/uploads\/sites\/68\/2019\/07\/WL_Sommerfest_2019_Foto2-300x200.jpg 300w, https:\/\/weltlaeden.de\/landsberg\/wp-content\/uploads\/sites\/68\/2019\/07\/WL_Sommerfest_2019_Foto2-768x512.jpg 768w, https:\/\/weltlaeden.de\/landsberg\/wp-content\/uploads\/sites\/68\/2019\/07\/WL_Sommerfest_2019_Foto2-1024x683.jpg 1024w\" sizes=\"auto, (max-width: 240px) 100vw, 240px\" \/><\/p>\n<h3><\/h3>\n<h2><strong>Der Weltladen Landsberg feierte sein Sommerfest<\/strong><\/h2>\n<p>Das Mitarbeiterteam des Weltladens hat wieder ein erfolgreiches Sommerfest im Hof der Pfarrei Mari\u00e4 Himmelfahrt abgehalten. Die zahlreich erschienenen G\u00e4ste wurden mit leckeren Speisen sowie Kaffee und Kuchen, von den ehrenamtlichen HelferInnen des Weltladens bereitet, verw\u00f6hnt. F\u00fcr die musikalische Unterhaltung sorgte die Band Arche\u00b4s Finest. Die Musiker begeisterten das Publikum.<\/p>\n<p>Die Besucher hatten auch die M\u00f6glichkeit, direkt in Ghana produzierte Schokoladen zu verkosten. Der beliebte B\u00fcchertisch lockte wieder zahlreiche Leser an. Die G\u00e4ste informierten sich auch \u00fcber das umfangreiche Sortiment des Weltladens. Am Gl\u00fccksrad konnten Jung und Alt ihr Wissen \u00fcber Fair Trade zeigen und tolle Gewinne erspielen.<\/p>\n<p>Fazit des Sommerfestes: Der Verein mit seinen Mitgliedern und Helfern sowie die zahlreichen Besucher waren allesamt hoch zufrieden. So konnten auch reichlich Spenden f\u00fcr den Bau eines H\u00fchnerstalls der Arche Uganda in Afrika entgegengenommen werden. Auch im n\u00e4chsten Jahr wird es wieder so ein Fest geben.<\/p>\n<p>Text und Fotos: Peter-Paul Stra\u00dfer<\/p>\n<p>&nbsp;<\/p>\n<p><a href=\"https:\/\/weltlaeden.de\/landsberg\/veranstaltungen\">zur\u00fcck zu Veranstaltungen<\/a><\/p>\n","protected":false},"excerpt":{"rendered":"<p>Der Weltladen Landsberg feierte sein Sommerfest Das Mitarbeiterteam des Weltladens hat wieder ein erfolgreiches Sommerfest im Hof der Pfarrei Mari\u00e4 Himmelfahrt abgehalten. Die zahlreich erschienenen G\u00e4ste wurden mit leckeren Speisen sowie Kaffee und Kuchen, von den ehrenamtlichen HelferInnen des Weltladens bereitet, verw\u00f6hnt. F\u00fcr die musikalische Unterhaltung sorgte die Band Arche\u00b4s Finest. Die Musiker begeisterten das&hellip;<\/p>\n","protected":false},"author":101,"featured_media":0,"comment_status":"closed","ping_status":"closed","sticky":false,"template":"","format":"standard","meta":{"footnotes":""},"categories":[1],"tags":[],"class_list":["post-823","post","type-post","status-publish","format-standard","hentry","category-allgemein","category-1","description-off"],"yoast_head":"<!-- This site is optimized with the Yoast SEO plugin v26.8 - https:\/\/yoast.com\/product\/yoast-seo-wordpress\/ -->\n<title>Sommerfest 2019 - Weltladen Landsberg<\/title>\n<meta name=\"robots\" content=\"index, follow, max-snippet:-1, max-image-preview:large, max-video-preview:-1\" \/>\n<link rel=\"canonical\" href=\"https:\/\/weltlaeden.de\/landsberg\/sommerfest-2019\/\" \/>\n<meta property=\"og:locale\" content=\"de_DE\" \/>\n<meta property=\"og:type\" content=\"article\" \/>\n<meta property=\"og:title\" content=\"Sommerfest 2019 - Weltladen Landsberg\" \/>\n<meta property=\"og:description\" content=\"Der Weltladen Landsberg feierte sein Sommerfest Das Mitarbeiterteam des Weltladens hat wieder ein erfolgreiches Sommerfest im Hof der Pfarrei Mari\u00e4 Himmelfahrt abgehalten. Die zahlreich erschienenen G\u00e4ste wurden mit leckeren Speisen sowie Kaffee und Kuchen, von den ehrenamtlichen HelferInnen des Weltladens bereitet, verw\u00f6hnt. F\u00fcr die musikalische Unterhaltung sorgte die Band Arche\u00b4s Finest. Die Musiker begeisterten das&hellip;\" \/>\n<meta property=\"og:url\" content=\"https:\/\/weltlaeden.de\/landsberg\/sommerfest-2019\/\" \/>\n<meta property=\"og:site_name\" content=\"Weltladen Landsberg\" \/>\n<meta property=\"article:published_time\" content=\"2019-07-31T21:18:13+00:00\" \/>\n<meta property=\"article:modified_time\" content=\"2019-07-31T21:21:15+00:00\" \/>\n<meta property=\"og:image\" content=\"https:\/\/weltlaeden.de\/landsberg\/wp-content\/uploads\/sites\/68\/2019\/07\/WL_Sommerfest_2019_Foto1-300x200.jpg\" \/>\n<meta name=\"author\" content=\"landsberg\" \/>\n<meta name=\"twitter:card\" content=\"summary_large_image\" \/>\n<meta name=\"twitter:label1\" content=\"Verfasst von\" \/>\n\t<meta name=\"twitter:data1\" content=\"landsberg\" \/>\n\t<meta name=\"twitter:label2\" content=\"Gesch\u00e4tzte Lesezeit\" \/>\n\t<meta name=\"twitter:data2\" content=\"1\u00a0Minute\" \/>\n<script type=\"application\/ld+json\" class=\"yoast-schema-graph\">{\"@context\":\"https:\/\/schema.org\",\"@graph\":[{\"@type\":\"Article\",\"@id\":\"https:\/\/weltlaeden.de\/landsberg\/sommerfest-2019\/#article\",\"isPartOf\":{\"@id\":\"https:\/\/weltlaeden.de\/landsberg\/sommerfest-2019\/\"},\"author\":{\"name\":\"landsberg\",\"@id\":\"https:\/\/weltlaeden.de\/landsberg\/#\/schema\/person\/3eaf1ae597a62854f52185d78a013b14\"},\"headline\":\"Sommerfest 2019\",\"datePublished\":\"2019-07-31T21:18:13+00:00\",\"dateModified\":\"2019-07-31T21:21:15+00:00\",\"mainEntityOfPage\":{\"@id\":\"https:\/\/weltlaeden.de\/landsberg\/sommerfest-2019\/\"},\"wordCount\":173,\"image\":{\"@id\":\"https:\/\/weltlaeden.de\/landsberg\/sommerfest-2019\/#primaryimage\"},\"thumbnailUrl\":\"https:\/\/weltlaeden.de\/landsberg\/wp-content\/uploads\/sites\/68\/2019\/07\/WL_Sommerfest_2019_Foto1-300x200.jpg\",\"articleSection\":[\"Keine Kategorie\"],\"inLanguage\":\"de\"},{\"@type\":\"WebPage\",\"@id\":\"https:\/\/weltlaeden.de\/landsberg\/sommerfest-2019\/\",\"url\":\"https:\/\/weltlaeden.de\/landsberg\/sommerfest-2019\/\",\"name\":\"Sommerfest 2019 - Weltladen Landsberg\",\"isPartOf\":{\"@id\":\"https:\/\/weltlaeden.de\/landsberg\/#website\"},\"primaryImageOfPage\":{\"@id\":\"https:\/\/weltlaeden.de\/landsberg\/sommerfest-2019\/#primaryimage\"},\"image\":{\"@id\":\"https:\/\/weltlaeden.de\/landsberg\/sommerfest-2019\/#primaryimage\"},\"thumbnailUrl\":\"https:\/\/weltlaeden.de\/landsberg\/wp-content\/uploads\/sites\/68\/2019\/07\/WL_Sommerfest_2019_Foto1-300x200.jpg\",\"datePublished\":\"2019-07-31T21:18:13+00:00\",\"dateModified\":\"2019-07-31T21:21:15+00:00\",\"author\":{\"@id\":\"https:\/\/weltlaeden.de\/landsberg\/#\/schema\/person\/3eaf1ae597a62854f52185d78a013b14\"},\"breadcrumb\":{\"@id\":\"https:\/\/weltlaeden.de\/landsberg\/sommerfest-2019\/#breadcrumb\"},\"inLanguage\":\"de\",\"potentialAction\":[{\"@type\":\"ReadAction\",\"target\":[\"https:\/\/weltlaeden.de\/landsberg\/sommerfest-2019\/\"]}]},{\"@type\":\"ImageObject\",\"inLanguage\":\"de\",\"@id\":\"https:\/\/weltlaeden.de\/landsberg\/sommerfest-2019\/#primaryimage\",\"url\":\"https:\/\/weltlaeden.de\/landsberg\/wp-content\/uploads\/sites\/68\/2019\/07\/WL_Sommerfest_2019_Foto1.jpg\",\"contentUrl\":\"https:\/\/weltlaeden.de\/landsberg\/wp-content\/uploads\/sites\/68\/2019\/07\/WL_Sommerfest_2019_Foto1.jpg\",\"width\":5472,\"height\":3648},{\"@type\":\"BreadcrumbList\",\"@id\":\"https:\/\/weltlaeden.de\/landsberg\/sommerfest-2019\/#breadcrumb\",\"itemListElement\":[{\"@type\":\"ListItem\",\"position\":1,\"name\":\"Startseite\",\"item\":\"https:\/\/weltlaeden.de\/landsberg\/\"},{\"@type\":\"ListItem\",\"position\":2,\"name\":\"Sommerfest 2019\"}]},{\"@type\":\"WebSite\",\"@id\":\"https:\/\/weltlaeden.de\/landsberg\/#website\",\"url\":\"https:\/\/weltlaeden.de\/landsberg\/\",\"name\":\"Vorlage\",\"description\":\"Faire Produkte seit 1981\",\"potentialAction\":[{\"@type\":\"SearchAction\",\"target\":{\"@type\":\"EntryPoint\",\"urlTemplate\":\"https:\/\/weltlaeden.de\/landsberg\/?s={search_term_string}\"},\"query-input\":{\"@type\":\"PropertyValueSpecification\",\"valueRequired\":true,\"valueName\":\"search_term_string\"}}],\"inLanguage\":\"de\"},{\"@type\":\"Person\",\"@id\":\"https:\/\/weltlaeden.de\/landsberg\/#\/schema\/person\/3eaf1ae597a62854f52185d78a013b14\",\"name\":\"landsberg\",\"image\":{\"@type\":\"ImageObject\",\"inLanguage\":\"de\",\"@id\":\"https:\/\/weltlaeden.de\/landsberg\/#\/schema\/person\/image\/\",\"url\":\"https:\/\/secure.gravatar.com\/avatar\/3ca1086a43a5f9997caa814c597cff47?s=96&d=mm&r=g\",\"contentUrl\":\"https:\/\/secure.gravatar.com\/avatar\/3ca1086a43a5f9997caa814c597cff47?s=96&d=mm&r=g\",\"caption\":\"landsberg\"}}]}<\/script>\n<!-- \/ Yoast SEO plugin. -->","yoast_head_json":{"title":"Sommerfest 2019 - Weltladen Landsberg","robots":{"index":"index","follow":"follow","max-snippet":"max-snippet:-1","max-image-preview":"max-image-preview:large","max-video-preview":"max-video-preview:-1"},"canonical":"https:\/\/weltlaeden.de\/landsberg\/sommerfest-2019\/","og_locale":"de_DE","og_type":"article","og_title":"Sommerfest 2019 - Weltladen Landsberg","og_description":"Der Weltladen Landsberg feierte sein Sommerfest Das Mitarbeiterteam des Weltladens hat wieder ein erfolgreiches Sommerfest im Hof der Pfarrei Mari\u00e4 Himmelfahrt abgehalten. Die zahlreich erschienenen G\u00e4ste wurden mit leckeren Speisen sowie Kaffee und Kuchen, von den ehrenamtlichen HelferInnen des Weltladens bereitet, verw\u00f6hnt. F\u00fcr die musikalische Unterhaltung sorgte die Band Arche\u00b4s Finest. Die Musiker begeisterten das&hellip;","og_url":"https:\/\/weltlaeden.de\/landsberg\/sommerfest-2019\/","og_site_name":"Weltladen Landsberg","article_published_time":"2019-07-31T21:18:13+00:00","article_modified_time":"2019-07-31T21:21:15+00:00","og_image":[{"url":"https:\/\/weltlaeden.de\/landsberg\/wp-content\/uploads\/sites\/68\/2019\/07\/WL_Sommerfest_2019_Foto1-300x200.jpg","type":"","width":"","height":""}],"author":"landsberg","twitter_card":"summary_large_image","twitter_misc":{"Verfasst von":"landsberg","Gesch\u00e4tzte Lesezeit":"1\u00a0Minute"},"schema":{"@context":"https:\/\/schema.org","@graph":[{"@type":"Article","@id":"https:\/\/weltlaeden.de\/landsberg\/sommerfest-2019\/#article","isPartOf":{"@id":"https:\/\/weltlaeden.de\/landsberg\/sommerfest-2019\/"},"author":{"name":"landsberg","@id":"https:\/\/weltlaeden.de\/landsberg\/#\/schema\/person\/3eaf1ae597a62854f52185d78a013b14"},"headline":"Sommerfest 2019","datePublished":"2019-07-31T21:18:13+00:00","dateModified":"2019-07-31T21:21:15+00:00","mainEntityOfPage":{"@id":"https:\/\/weltlaeden.de\/landsberg\/sommerfest-2019\/"},"wordCount":173,"image":{"@id":"https:\/\/weltlaeden.de\/landsberg\/sommerfest-2019\/#primaryimage"},"thumbnailUrl":"https:\/\/weltlaeden.de\/landsberg\/wp-content\/uploads\/sites\/68\/2019\/07\/WL_Sommerfest_2019_Foto1-300x200.jpg","articleSection":["Keine Kategorie"],"inLanguage":"de"},{"@type":"WebPage","@id":"https:\/\/weltlaeden.de\/landsberg\/sommerfest-2019\/","url":"https:\/\/weltlaeden.de\/landsberg\/sommerfest-2019\/","name":"Sommerfest 2019 - Weltladen Landsberg","isPartOf":{"@id":"https:\/\/weltlaeden.de\/landsberg\/#website"},"primaryImageOfPage":{"@id":"https:\/\/weltlaeden.de\/landsberg\/sommerfest-2019\/#primaryimage"},"image":{"@id":"https:\/\/weltlaeden.de\/landsberg\/sommerfest-2019\/#primaryimage"},"thumbnailUrl":"https:\/\/weltlaeden.de\/landsberg\/wp-content\/uploads\/sites\/68\/2019\/07\/WL_Sommerfest_2019_Foto1-300x200.jpg","datePublished":"2019-07-31T21:18:13+00:00","dateModified":"2019-07-31T21:21:15+00:00","author":{"@id":"https:\/\/weltlaeden.de\/landsberg\/#\/schema\/person\/3eaf1ae597a62854f52185d78a013b14"},"breadcrumb":{"@id":"https:\/\/weltlaeden.de\/landsberg\/sommerfest-2019\/#breadcrumb"},"inLanguage":"de","potentialAction":[{"@type":"ReadAction","target":["https:\/\/weltlaeden.de\/landsberg\/sommerfest-2019\/"]}]},{"@type":"ImageObject","inLanguage":"de","@id":"https:\/\/weltlaeden.de\/landsberg\/sommerfest-2019\/#primaryimage","url":"https:\/\/weltlaeden.de\/landsberg\/wp-content\/uploads\/sites\/68\/2019\/07\/WL_Sommerfest_2019_Foto1.jpg","contentUrl":"https:\/\/weltlaeden.de\/landsberg\/wp-content\/uploads\/sites\/68\/2019\/07\/WL_Sommerfest_2019_Foto1.jpg","width":5472,"height":3648},{"@type":"BreadcrumbList","@id":"https:\/\/weltlaeden.de\/landsberg\/sommerfest-2019\/#breadcrumb","itemListElement":[{"@type":"ListItem","position":1,"name":"Startseite","item":"https:\/\/weltlaeden.de\/landsberg\/"},{"@type":"ListItem","position":2,"name":"Sommerfest 2019"}]},{"@type":"WebSite","@id":"https:\/\/weltlaeden.de\/landsberg\/#website","url":"https:\/\/weltlaeden.de\/landsberg\/","name":"Vorlage","description":"Faire Produkte seit 1981","potentialAction":[{"@type":"SearchAction","target":{"@type":"EntryPoint","urlTemplate":"https:\/\/weltlaeden.de\/landsberg\/?s={search_term_string}"},"query-input":{"@type":"PropertyValueSpecification","valueRequired":true,"valueName":"search_term_string"}}],"inLanguage":"de"},{"@type":"Person","@id":"https:\/\/weltlaeden.de\/landsberg\/#\/schema\/person\/3eaf1ae597a62854f52185d78a013b14","name":"landsberg","image":{"@type":"ImageObject","inLanguage":"de","@id":"https:\/\/weltlaeden.de\/landsberg\/#\/schema\/person\/image\/","url":"https:\/\/secure.gravatar.com\/avatar\/3ca1086a43a5f9997caa814c597cff47?s=96&d=mm&r=g","contentUrl":"https:\/\/secure.gravatar.com\/avatar\/3ca1086a43a5f9997caa814c597cff47?s=96&d=mm&r=g","caption":"landsberg"}}]}},"_links":{"self":[{"href":"https:\/\/weltlaeden.de\/landsberg\/wp-json\/wp\/v2\/posts\/823","targetHints":{"allow":["GET"]}}],"collection":[{"href":"https:\/\/weltlaeden.de\/landsberg\/wp-json\/wp\/v2\/posts"}],"about":[{"href":"https:\/\/weltlaeden.de\/landsberg\/wp-json\/wp\/v2\/types\/post"}],"author":[{"embeddable":true,"href":"https:\/\/weltlaeden.de\/landsberg\/wp-json\/wp\/v2\/users\/101"}],"replies":[{"embeddable":true,"href":"https:\/\/weltlaeden.de\/landsberg\/wp-json\/wp\/v2\/comments?post=823"}],"version-history":[{"count":4,"href":"https:\/\/weltlaeden.de\/landsberg\/wp-json\/wp\/v2\/posts\/823\/revisions"}],"predecessor-version":[{"id":830,"href":"https:\/\/weltlaeden.de\/landsberg\/wp-json\/wp\/v2\/posts\/823\/revisions\/830"}],"wp:attachment":[{"href":"https:\/\/weltlaeden.de\/landsberg\/wp-json\/wp\/v2\/media?parent=823"}],"wp:term":[{"taxonomy":"category","embeddable":true,"href":"https:\/\/weltlaeden.de\/landsberg\/wp-json\/wp\/v2\/categories?post=823"},{"taxonomy":"post_tag","embeddable":true,"href":"https:\/\/weltlaeden.de\/landsberg\/wp-json\/wp\/v2\/tags?post=823"}],"curies":[{"name":"wp","href":"https:\/\/api.w.org\/{rel}","templated":true}]}}