{"id":810,"date":"2019-07-30T23:06:00","date_gmt":"2019-07-30T21:06:00","guid":{"rendered":"https:\/\/weltlaeden.de\/landsberg\/?p=810"},"modified":"2019-07-31T23:19:21","modified_gmt":"2019-07-31T21:19:21","slug":"besuch-des-landtages-2019","status":"publish","type":"post","link":"https:\/\/weltlaeden.de\/landsberg\/besuch-des-landtages-2019\/","title":{"rendered":"Besuch des Landtages 2019"},"content":{"rendered":"<p><img loading=\"lazy\" decoding=\"async\" class=\"alignnone size-medium wp-image-808\" src=\"https:\/\/weltlaeden.de\/landsberg\/wp-content\/uploads\/sites\/68\/2019\/07\/19-06-05_Landtag_-WeltladenLL-300x161.png\" alt=\"\" width=\"300\" height=\"161\" srcset=\"https:\/\/weltlaeden.de\/landsberg\/wp-content\/uploads\/sites\/68\/2019\/07\/19-06-05_Landtag_-WeltladenLL-300x161.png 300w, https:\/\/weltlaeden.de\/landsberg\/wp-content\/uploads\/sites\/68\/2019\/07\/19-06-05_Landtag_-WeltladenLL-768x413.png 768w, https:\/\/weltlaeden.de\/landsberg\/wp-content\/uploads\/sites\/68\/2019\/07\/19-06-05_Landtag_-WeltladenLL-1024x550.png 1024w, https:\/\/weltlaeden.de\/landsberg\/wp-content\/uploads\/sites\/68\/2019\/07\/19-06-05_Landtag_-WeltladenLL.png 1317w\" sizes=\"auto, (max-width: 300px) 100vw, 300px\" \/><\/p>\n<p>&nbsp;<\/p>\n<h2><strong>Besuch des Landtages am 05.06.2019 in M\u00fcnchen<\/strong><\/h2>\n<p>Am Mittwoch, den 05.06.2019 hatten wir gemeinsam mit MitarbeiterInnen des Weltladens in Weilheim die Gelegenheit, den Bayerischen Landtag auf Einladung von Ludwig Hartmann, MdL und Fraktionsvorsitzender B\u00fcndnis 90 \/ Die Gr\u00fcnen, zu besuchen. Nach einer \u00f6kologisch-sozialen Stadtf\u00fchrung durch M\u00fcnchen am Vormittag trafen wir um 14:00 Uhr im Landtag ein. Zuerst wurde uns das Maximilianeum durch das Referat \u00d6ffentlichkeitsarbeit vorgestellt und wir bekamen zur Geschichte des Bayerischen Landtages einen Film gezeigt. Anschlie\u00dfend hatten wir die Gelegenheit, als Zuschauer bei der 21. Plenarsitzung des Bayerischen Landtages zuzuschauen: wir sahen die zweite Lesung zum Gesetzentwurf der Staatsregierung zur Anpassung des Rechts der Fixierung im bayerischen Justizvollzug, Abstimmung \u00fcber Antr\u00e4ge, die gem\u00e4\u00df Gesch\u00e4ftsordnung nicht einzeln beraten werden. Danach stand uns Ludwig Hartmann etwa eine Stunde f\u00fcr Fragen und Anregungen zur Verf\u00fcgung. So unterhielten wir uns \u00fcber Nachhaltigkeit, \u00f6ffentlicher Verkehr, Eind\u00e4mmung der Verpackungsflut und Gesch\u00e4ftesterben in Zentren kleinerer und mittlerer St\u00e4dte dank Online-Handel. Zum Abschluss waren wir noch auf eine Brotzeit in der Landtagskantine eingeladen.<\/p>\n<p>F\u00fcr alle war das ein gelungener Ausflug!<\/p>\n<p>Foto: Bayerischer Landtag, Text: Peter-Paul Stra\u00dfer<\/p>\n<p>&nbsp;<\/p>\n<p><a href=\"https:\/\/weltlaeden.de\/landsberg\/veranstaltungen\">zur\u00fcck zu Veranstaltungen<\/a><\/p>\n","protected":false},"excerpt":{"rendered":"<p>&nbsp; Besuch des Landtages am 05.06.2019 in M\u00fcnchen Am Mittwoch, den 05.06.2019 hatten wir gemeinsam mit MitarbeiterInnen des Weltladens in Weilheim die Gelegenheit, den Bayerischen Landtag auf Einladung von Ludwig Hartmann, MdL und Fraktionsvorsitzender B\u00fcndnis 90 \/ Die Gr\u00fcnen, zu besuchen. Nach einer \u00f6kologisch-sozialen Stadtf\u00fchrung durch M\u00fcnchen am Vormittag trafen wir um 14:00 Uhr im&hellip;<\/p>\n","protected":false},"author":101,"featured_media":0,"comment_status":"closed","ping_status":"closed","sticky":false,"template":"","format":"standard","meta":{"footnotes":""},"categories":[1],"tags":[],"class_list":["post-810","post","type-post","status-publish","format-standard","hentry","category-allgemein","category-1","description-off"],"yoast_head":"<!-- This site is optimized with the Yoast SEO plugin v26.8 - https:\/\/yoast.com\/product\/yoast-seo-wordpress\/ -->\n<title>Besuch des Landtages 2019 - Weltladen Landsberg<\/title>\n<meta name=\"robots\" content=\"index, follow, max-snippet:-1, max-image-preview:large, max-video-preview:-1\" \/>\n<link rel=\"canonical\" href=\"https:\/\/weltlaeden.de\/landsberg\/besuch-des-landtages-2019\/\" \/>\n<meta property=\"og:locale\" content=\"de_DE\" \/>\n<meta property=\"og:type\" content=\"article\" \/>\n<meta property=\"og:title\" content=\"Besuch des Landtages 2019 - Weltladen Landsberg\" \/>\n<meta property=\"og:description\" content=\"&nbsp; Besuch des Landtages am 05.06.2019 in M\u00fcnchen Am Mittwoch, den 05.06.2019 hatten wir gemeinsam mit MitarbeiterInnen des Weltladens in Weilheim die Gelegenheit, den Bayerischen Landtag auf Einladung von Ludwig Hartmann, MdL und Fraktionsvorsitzender B\u00fcndnis 90 \/ Die Gr\u00fcnen, zu besuchen. Nach einer \u00f6kologisch-sozialen Stadtf\u00fchrung durch M\u00fcnchen am Vormittag trafen wir um 14:00 Uhr im&hellip;\" \/>\n<meta property=\"og:url\" content=\"https:\/\/weltlaeden.de\/landsberg\/besuch-des-landtages-2019\/\" \/>\n<meta property=\"og:site_name\" content=\"Weltladen Landsberg\" \/>\n<meta property=\"article:published_time\" content=\"2019-07-30T21:06:00+00:00\" \/>\n<meta property=\"article:modified_time\" content=\"2019-07-31T21:19:21+00:00\" \/>\n<meta property=\"og:image\" content=\"https:\/\/weltlaeden.de\/landsberg\/wp-content\/uploads\/sites\/68\/2019\/07\/19-06-05_Landtag_-WeltladenLL-300x161.png\" \/>\n<meta name=\"author\" content=\"landsberg\" \/>\n<meta name=\"twitter:card\" content=\"summary_large_image\" \/>\n<meta name=\"twitter:label1\" content=\"Verfasst von\" \/>\n\t<meta name=\"twitter:data1\" content=\"landsberg\" \/>\n\t<meta name=\"twitter:label2\" content=\"Gesch\u00e4tzte Lesezeit\" \/>\n\t<meta name=\"twitter:data2\" content=\"1\u00a0Minute\" \/>\n<script type=\"application\/ld+json\" class=\"yoast-schema-graph\">{\"@context\":\"https:\/\/schema.org\",\"@graph\":[{\"@type\":\"Article\",\"@id\":\"https:\/\/weltlaeden.de\/landsberg\/besuch-des-landtages-2019\/#article\",\"isPartOf\":{\"@id\":\"https:\/\/weltlaeden.de\/landsberg\/besuch-des-landtages-2019\/\"},\"author\":{\"name\":\"landsberg\",\"@id\":\"https:\/\/weltlaeden.de\/landsberg\/#\/schema\/person\/3eaf1ae597a62854f52185d78a013b14\"},\"headline\":\"Besuch des Landtages 2019\",\"datePublished\":\"2019-07-30T21:06:00+00:00\",\"dateModified\":\"2019-07-31T21:19:21+00:00\",\"mainEntityOfPage\":{\"@id\":\"https:\/\/weltlaeden.de\/landsberg\/besuch-des-landtages-2019\/\"},\"wordCount\":198,\"image\":{\"@id\":\"https:\/\/weltlaeden.de\/landsberg\/besuch-des-landtages-2019\/#primaryimage\"},\"thumbnailUrl\":\"https:\/\/weltlaeden.de\/landsberg\/wp-content\/uploads\/sites\/68\/2019\/07\/19-06-05_Landtag_-WeltladenLL-300x161.png\",\"articleSection\":[\"Keine Kategorie\"],\"inLanguage\":\"de\"},{\"@type\":\"WebPage\",\"@id\":\"https:\/\/weltlaeden.de\/landsberg\/besuch-des-landtages-2019\/\",\"url\":\"https:\/\/weltlaeden.de\/landsberg\/besuch-des-landtages-2019\/\",\"name\":\"Besuch des Landtages 2019 - Weltladen Landsberg\",\"isPartOf\":{\"@id\":\"https:\/\/weltlaeden.de\/landsberg\/#website\"},\"primaryImageOfPage\":{\"@id\":\"https:\/\/weltlaeden.de\/landsberg\/besuch-des-landtages-2019\/#primaryimage\"},\"image\":{\"@id\":\"https:\/\/weltlaeden.de\/landsberg\/besuch-des-landtages-2019\/#primaryimage\"},\"thumbnailUrl\":\"https:\/\/weltlaeden.de\/landsberg\/wp-content\/uploads\/sites\/68\/2019\/07\/19-06-05_Landtag_-WeltladenLL-300x161.png\",\"datePublished\":\"2019-07-30T21:06:00+00:00\",\"dateModified\":\"2019-07-31T21:19:21+00:00\",\"author\":{\"@id\":\"https:\/\/weltlaeden.de\/landsberg\/#\/schema\/person\/3eaf1ae597a62854f52185d78a013b14\"},\"breadcrumb\":{\"@id\":\"https:\/\/weltlaeden.de\/landsberg\/besuch-des-landtages-2019\/#breadcrumb\"},\"inLanguage\":\"de\",\"potentialAction\":[{\"@type\":\"ReadAction\",\"target\":[\"https:\/\/weltlaeden.de\/landsberg\/besuch-des-landtages-2019\/\"]}]},{\"@type\":\"ImageObject\",\"inLanguage\":\"de\",\"@id\":\"https:\/\/weltlaeden.de\/landsberg\/besuch-des-landtages-2019\/#primaryimage\",\"url\":\"https:\/\/weltlaeden.de\/landsberg\/wp-content\/uploads\/sites\/68\/2019\/07\/19-06-05_Landtag_-WeltladenLL.png\",\"contentUrl\":\"https:\/\/weltlaeden.de\/landsberg\/wp-content\/uploads\/sites\/68\/2019\/07\/19-06-05_Landtag_-WeltladenLL.png\",\"width\":1317,\"height\":708},{\"@type\":\"BreadcrumbList\",\"@id\":\"https:\/\/weltlaeden.de\/landsberg\/besuch-des-landtages-2019\/#breadcrumb\",\"itemListElement\":[{\"@type\":\"ListItem\",\"position\":1,\"name\":\"Startseite\",\"item\":\"https:\/\/weltlaeden.de\/landsberg\/\"},{\"@type\":\"ListItem\",\"position\":2,\"name\":\"Besuch des Landtages 2019\"}]},{\"@type\":\"WebSite\",\"@id\":\"https:\/\/weltlaeden.de\/landsberg\/#website\",\"url\":\"https:\/\/weltlaeden.de\/landsberg\/\",\"name\":\"Vorlage\",\"description\":\"Faire Produkte seit 1981\",\"potentialAction\":[{\"@type\":\"SearchAction\",\"target\":{\"@type\":\"EntryPoint\",\"urlTemplate\":\"https:\/\/weltlaeden.de\/landsberg\/?s={search_term_string}\"},\"query-input\":{\"@type\":\"PropertyValueSpecification\",\"valueRequired\":true,\"valueName\":\"search_term_string\"}}],\"inLanguage\":\"de\"},{\"@type\":\"Person\",\"@id\":\"https:\/\/weltlaeden.de\/landsberg\/#\/schema\/person\/3eaf1ae597a62854f52185d78a013b14\",\"name\":\"landsberg\",\"image\":{\"@type\":\"ImageObject\",\"inLanguage\":\"de\",\"@id\":\"https:\/\/weltlaeden.de\/landsberg\/#\/schema\/person\/image\/\",\"url\":\"https:\/\/secure.gravatar.com\/avatar\/3ca1086a43a5f9997caa814c597cff47?s=96&d=mm&r=g\",\"contentUrl\":\"https:\/\/secure.gravatar.com\/avatar\/3ca1086a43a5f9997caa814c597cff47?s=96&d=mm&r=g\",\"caption\":\"landsberg\"}}]}<\/script>\n<!-- \/ Yoast SEO plugin. -->","yoast_head_json":{"title":"Besuch des Landtages 2019 - Weltladen Landsberg","robots":{"index":"index","follow":"follow","max-snippet":"max-snippet:-1","max-image-preview":"max-image-preview:large","max-video-preview":"max-video-preview:-1"},"canonical":"https:\/\/weltlaeden.de\/landsberg\/besuch-des-landtages-2019\/","og_locale":"de_DE","og_type":"article","og_title":"Besuch des Landtages 2019 - Weltladen Landsberg","og_description":"&nbsp; Besuch des Landtages am 05.06.2019 in M\u00fcnchen Am Mittwoch, den 05.06.2019 hatten wir gemeinsam mit MitarbeiterInnen des Weltladens in Weilheim die Gelegenheit, den Bayerischen Landtag auf Einladung von Ludwig Hartmann, MdL und Fraktionsvorsitzender B\u00fcndnis 90 \/ Die Gr\u00fcnen, zu besuchen. Nach einer \u00f6kologisch-sozialen Stadtf\u00fchrung durch M\u00fcnchen am Vormittag trafen wir um 14:00 Uhr im&hellip;","og_url":"https:\/\/weltlaeden.de\/landsberg\/besuch-des-landtages-2019\/","og_site_name":"Weltladen Landsberg","article_published_time":"2019-07-30T21:06:00+00:00","article_modified_time":"2019-07-31T21:19:21+00:00","og_image":[{"url":"https:\/\/weltlaeden.de\/landsberg\/wp-content\/uploads\/sites\/68\/2019\/07\/19-06-05_Landtag_-WeltladenLL-300x161.png","type":"","width":"","height":""}],"author":"landsberg","twitter_card":"summary_large_image","twitter_misc":{"Verfasst von":"landsberg","Gesch\u00e4tzte Lesezeit":"1\u00a0Minute"},"schema":{"@context":"https:\/\/schema.org","@graph":[{"@type":"Article","@id":"https:\/\/weltlaeden.de\/landsberg\/besuch-des-landtages-2019\/#article","isPartOf":{"@id":"https:\/\/weltlaeden.de\/landsberg\/besuch-des-landtages-2019\/"},"author":{"name":"landsberg","@id":"https:\/\/weltlaeden.de\/landsberg\/#\/schema\/person\/3eaf1ae597a62854f52185d78a013b14"},"headline":"Besuch des Landtages 2019","datePublished":"2019-07-30T21:06:00+00:00","dateModified":"2019-07-31T21:19:21+00:00","mainEntityOfPage":{"@id":"https:\/\/weltlaeden.de\/landsberg\/besuch-des-landtages-2019\/"},"wordCount":198,"image":{"@id":"https:\/\/weltlaeden.de\/landsberg\/besuch-des-landtages-2019\/#primaryimage"},"thumbnailUrl":"https:\/\/weltlaeden.de\/landsberg\/wp-content\/uploads\/sites\/68\/2019\/07\/19-06-05_Landtag_-WeltladenLL-300x161.png","articleSection":["Keine Kategorie"],"inLanguage":"de"},{"@type":"WebPage","@id":"https:\/\/weltlaeden.de\/landsberg\/besuch-des-landtages-2019\/","url":"https:\/\/weltlaeden.de\/landsberg\/besuch-des-landtages-2019\/","name":"Besuch des Landtages 2019 - Weltladen Landsberg","isPartOf":{"@id":"https:\/\/weltlaeden.de\/landsberg\/#website"},"primaryImageOfPage":{"@id":"https:\/\/weltlaeden.de\/landsberg\/besuch-des-landtages-2019\/#primaryimage"},"image":{"@id":"https:\/\/weltlaeden.de\/landsberg\/besuch-des-landtages-2019\/#primaryimage"},"thumbnailUrl":"https:\/\/weltlaeden.de\/landsberg\/wp-content\/uploads\/sites\/68\/2019\/07\/19-06-05_Landtag_-WeltladenLL-300x161.png","datePublished":"2019-07-30T21:06:00+00:00","dateModified":"2019-07-31T21:19:21+00:00","author":{"@id":"https:\/\/weltlaeden.de\/landsberg\/#\/schema\/person\/3eaf1ae597a62854f52185d78a013b14"},"breadcrumb":{"@id":"https:\/\/weltlaeden.de\/landsberg\/besuch-des-landtages-2019\/#breadcrumb"},"inLanguage":"de","potentialAction":[{"@type":"ReadAction","target":["https:\/\/weltlaeden.de\/landsberg\/besuch-des-landtages-2019\/"]}]},{"@type":"ImageObject","inLanguage":"de","@id":"https:\/\/weltlaeden.de\/landsberg\/besuch-des-landtages-2019\/#primaryimage","url":"https:\/\/weltlaeden.de\/landsberg\/wp-content\/uploads\/sites\/68\/2019\/07\/19-06-05_Landtag_-WeltladenLL.png","contentUrl":"https:\/\/weltlaeden.de\/landsberg\/wp-content\/uploads\/sites\/68\/2019\/07\/19-06-05_Landtag_-WeltladenLL.png","width":1317,"height":708},{"@type":"BreadcrumbList","@id":"https:\/\/weltlaeden.de\/landsberg\/besuch-des-landtages-2019\/#breadcrumb","itemListElement":[{"@type":"ListItem","position":1,"name":"Startseite","item":"https:\/\/weltlaeden.de\/landsberg\/"},{"@type":"ListItem","position":2,"name":"Besuch des Landtages 2019"}]},{"@type":"WebSite","@id":"https:\/\/weltlaeden.de\/landsberg\/#website","url":"https:\/\/weltlaeden.de\/landsberg\/","name":"Vorlage","description":"Faire Produkte seit 1981","potentialAction":[{"@type":"SearchAction","target":{"@type":"EntryPoint","urlTemplate":"https:\/\/weltlaeden.de\/landsberg\/?s={search_term_string}"},"query-input":{"@type":"PropertyValueSpecification","valueRequired":true,"valueName":"search_term_string"}}],"inLanguage":"de"},{"@type":"Person","@id":"https:\/\/weltlaeden.de\/landsberg\/#\/schema\/person\/3eaf1ae597a62854f52185d78a013b14","name":"landsberg","image":{"@type":"ImageObject","inLanguage":"de","@id":"https:\/\/weltlaeden.de\/landsberg\/#\/schema\/person\/image\/","url":"https:\/\/secure.gravatar.com\/avatar\/3ca1086a43a5f9997caa814c597cff47?s=96&d=mm&r=g","contentUrl":"https:\/\/secure.gravatar.com\/avatar\/3ca1086a43a5f9997caa814c597cff47?s=96&d=mm&r=g","caption":"landsberg"}}]}},"_links":{"self":[{"href":"https:\/\/weltlaeden.de\/landsberg\/wp-json\/wp\/v2\/posts\/810","targetHints":{"allow":["GET"]}}],"collection":[{"href":"https:\/\/weltlaeden.de\/landsberg\/wp-json\/wp\/v2\/posts"}],"about":[{"href":"https:\/\/weltlaeden.de\/landsberg\/wp-json\/wp\/v2\/types\/post"}],"author":[{"embeddable":true,"href":"https:\/\/weltlaeden.de\/landsberg\/wp-json\/wp\/v2\/users\/101"}],"replies":[{"embeddable":true,"href":"https:\/\/weltlaeden.de\/landsberg\/wp-json\/wp\/v2\/comments?post=810"}],"version-history":[{"count":5,"href":"https:\/\/weltlaeden.de\/landsberg\/wp-json\/wp\/v2\/posts\/810\/revisions"}],"predecessor-version":[{"id":829,"href":"https:\/\/weltlaeden.de\/landsberg\/wp-json\/wp\/v2\/posts\/810\/revisions\/829"}],"wp:attachment":[{"href":"https:\/\/weltlaeden.de\/landsberg\/wp-json\/wp\/v2\/media?parent=810"}],"wp:term":[{"taxonomy":"category","embeddable":true,"href":"https:\/\/weltlaeden.de\/landsberg\/wp-json\/wp\/v2\/categories?post=810"},{"taxonomy":"post_tag","embeddable":true,"href":"https:\/\/weltlaeden.de\/landsberg\/wp-json\/wp\/v2\/tags?post=810"}],"curies":[{"name":"wp","href":"https:\/\/api.w.org\/{rel}","templated":true}]}}