{"id":545,"date":"2019-04-26T22:51:03","date_gmt":"2019-04-26T20:51:03","guid":{"rendered":"https:\/\/weltlaeden.de\/landsberg\/?p=545"},"modified":"2019-04-26T23:23:07","modified_gmt":"2019-04-26T21:23:07","slug":"workshop-flucht-und-asyl","status":"publish","type":"post","link":"https:\/\/weltlaeden.de\/landsberg\/workshop-flucht-und-asyl\/","title":{"rendered":"Workshop Flucht und Asyl"},"content":{"rendered":"<h2><strong>Workshop zum Thema Flucht und Asyl am 12. Oktober 2018<\/strong><\/h2>\n<p>Weltweit nimmt die Zahl von Menschen zu, die auf der Flucht vor Kriegen, Verfolgung, Diskriminierung und Zerst\u00f6rung ihrer Lebensgrundlagen sind.<\/p>\n<p>Europa reagiert mit einem versch\u00e4rften Grenzregime, dem Ausbau der \u201eFestung Europa\u201c. Mediale Berichterstattung bedient oft eher \u00c4ngste und Vorurteile. Aber auch die Hilfsbereitschaft gegen\u00fcber Fl\u00fcchtlingen hierzulande w\u00e4chst.<\/p>\n<p>Der Weltladen Landsberg veranstaltete deshalb am Freitag, dem 12. Oktober 2018, in der Pfarrei Zu den Heiligen Engeln einen Workshop zum Thema Flucht und Asyl mit den Referenten Marita Matschke und Christoph Steinbrink vom Eine Welt Netzwerk Bayern e.V. Beide zeigten, wie mit Hilfe von Songtexten, Filmen, Fotos und Karikaturen sowie mit einer Fantasiereise \u00fcber eine Flucht das Thema lehrreich und auch selbst f\u00fchlbar im Bildungsbereich umgesetzt werden kann.<br \/>\nEin \u00fcberaus interessanter Nachmittag mit vielen konkreten Ideen f\u00fcr alle Teilnehmer!<\/p>\n<p>Foto: Ursula Siebel<\/p>\n<p>&nbsp;<\/p>\n<p><a href=\"https:\/\/weltlaeden.de\/landsberg\/veranstaltungen\">zur\u00fcck zu Veranstaltungen<\/a><\/p>\n","protected":false},"excerpt":{"rendered":"<p>Workshop zum Thema Flucht und Asyl am 12. Oktober 2018 Weltweit nimmt die Zahl von Menschen zu, die auf der Flucht vor Kriegen, Verfolgung, Diskriminierung und Zerst\u00f6rung ihrer Lebensgrundlagen sind. Europa reagiert mit einem versch\u00e4rften Grenzregime, dem Ausbau der \u201eFestung Europa\u201c. Mediale Berichterstattung bedient oft eher \u00c4ngste und Vorurteile. Aber auch die Hilfsbereitschaft gegen\u00fcber Fl\u00fcchtlingen&hellip;<\/p>\n","protected":false},"author":101,"featured_media":0,"comment_status":"closed","ping_status":"closed","sticky":false,"template":"","format":"standard","meta":{"footnotes":""},"categories":[11],"tags":[],"class_list":["post-545","post","type-post","status-publish","format-standard","hentry","category-veranstaltungen","category-11","description-off"],"yoast_head":"<!-- This site is optimized with the Yoast SEO plugin v26.8 - https:\/\/yoast.com\/product\/yoast-seo-wordpress\/ -->\n<title>Workshop Flucht und Asyl - Weltladen Landsberg<\/title>\n<meta name=\"robots\" content=\"index, follow, max-snippet:-1, max-image-preview:large, max-video-preview:-1\" \/>\n<link rel=\"canonical\" href=\"https:\/\/weltlaeden.de\/landsberg\/workshop-flucht-und-asyl\/\" \/>\n<meta property=\"og:locale\" content=\"de_DE\" \/>\n<meta property=\"og:type\" content=\"article\" \/>\n<meta property=\"og:title\" content=\"Workshop Flucht und Asyl - Weltladen Landsberg\" \/>\n<meta property=\"og:description\" content=\"Workshop zum Thema Flucht und Asyl am 12. Oktober 2018 Weltweit nimmt die Zahl von Menschen zu, die auf der Flucht vor Kriegen, Verfolgung, Diskriminierung und Zerst\u00f6rung ihrer Lebensgrundlagen sind. Europa reagiert mit einem versch\u00e4rften Grenzregime, dem Ausbau der \u201eFestung Europa\u201c. Mediale Berichterstattung bedient oft eher \u00c4ngste und Vorurteile. Aber auch die Hilfsbereitschaft gegen\u00fcber Fl\u00fcchtlingen&hellip;\" \/>\n<meta property=\"og:url\" content=\"https:\/\/weltlaeden.de\/landsberg\/workshop-flucht-und-asyl\/\" \/>\n<meta property=\"og:site_name\" content=\"Weltladen Landsberg\" \/>\n<meta property=\"article:published_time\" content=\"2019-04-26T20:51:03+00:00\" \/>\n<meta property=\"article:modified_time\" content=\"2019-04-26T21:23:07+00:00\" \/>\n<meta name=\"author\" content=\"landsberg\" \/>\n<meta name=\"twitter:card\" content=\"summary_large_image\" \/>\n<meta name=\"twitter:label1\" content=\"Verfasst von\" \/>\n\t<meta name=\"twitter:data1\" content=\"landsberg\" \/>\n\t<meta name=\"twitter:label2\" content=\"Gesch\u00e4tzte Lesezeit\" \/>\n\t<meta name=\"twitter:data2\" content=\"1\u00a0Minute\" \/>\n<script type=\"application\/ld+json\" class=\"yoast-schema-graph\">{\"@context\":\"https:\/\/schema.org\",\"@graph\":[{\"@type\":\"Article\",\"@id\":\"https:\/\/weltlaeden.de\/landsberg\/workshop-flucht-und-asyl\/#article\",\"isPartOf\":{\"@id\":\"https:\/\/weltlaeden.de\/landsberg\/workshop-flucht-und-asyl\/\"},\"author\":{\"name\":\"landsberg\",\"@id\":\"https:\/\/weltlaeden.de\/landsberg\/#\/schema\/person\/3eaf1ae597a62854f52185d78a013b14\"},\"headline\":\"Workshop Flucht und Asyl\",\"datePublished\":\"2019-04-26T20:51:03+00:00\",\"dateModified\":\"2019-04-26T21:23:07+00:00\",\"mainEntityOfPage\":{\"@id\":\"https:\/\/weltlaeden.de\/landsberg\/workshop-flucht-und-asyl\/\"},\"wordCount\":153,\"articleSection\":[\"Veranstaltungen\"],\"inLanguage\":\"de\"},{\"@type\":\"WebPage\",\"@id\":\"https:\/\/weltlaeden.de\/landsberg\/workshop-flucht-und-asyl\/\",\"url\":\"https:\/\/weltlaeden.de\/landsberg\/workshop-flucht-und-asyl\/\",\"name\":\"Workshop Flucht und Asyl - Weltladen Landsberg\",\"isPartOf\":{\"@id\":\"https:\/\/weltlaeden.de\/landsberg\/#website\"},\"datePublished\":\"2019-04-26T20:51:03+00:00\",\"dateModified\":\"2019-04-26T21:23:07+00:00\",\"author\":{\"@id\":\"https:\/\/weltlaeden.de\/landsberg\/#\/schema\/person\/3eaf1ae597a62854f52185d78a013b14\"},\"breadcrumb\":{\"@id\":\"https:\/\/weltlaeden.de\/landsberg\/workshop-flucht-und-asyl\/#breadcrumb\"},\"inLanguage\":\"de\",\"potentialAction\":[{\"@type\":\"ReadAction\",\"target\":[\"https:\/\/weltlaeden.de\/landsberg\/workshop-flucht-und-asyl\/\"]}]},{\"@type\":\"BreadcrumbList\",\"@id\":\"https:\/\/weltlaeden.de\/landsberg\/workshop-flucht-und-asyl\/#breadcrumb\",\"itemListElement\":[{\"@type\":\"ListItem\",\"position\":1,\"name\":\"Startseite\",\"item\":\"https:\/\/weltlaeden.de\/landsberg\/\"},{\"@type\":\"ListItem\",\"position\":2,\"name\":\"Workshop Flucht und Asyl\"}]},{\"@type\":\"WebSite\",\"@id\":\"https:\/\/weltlaeden.de\/landsberg\/#website\",\"url\":\"https:\/\/weltlaeden.de\/landsberg\/\",\"name\":\"Vorlage\",\"description\":\"Faire Produkte seit 1981\",\"potentialAction\":[{\"@type\":\"SearchAction\",\"target\":{\"@type\":\"EntryPoint\",\"urlTemplate\":\"https:\/\/weltlaeden.de\/landsberg\/?s={search_term_string}\"},\"query-input\":{\"@type\":\"PropertyValueSpecification\",\"valueRequired\":true,\"valueName\":\"search_term_string\"}}],\"inLanguage\":\"de\"},{\"@type\":\"Person\",\"@id\":\"https:\/\/weltlaeden.de\/landsberg\/#\/schema\/person\/3eaf1ae597a62854f52185d78a013b14\",\"name\":\"landsberg\",\"image\":{\"@type\":\"ImageObject\",\"inLanguage\":\"de\",\"@id\":\"https:\/\/weltlaeden.de\/landsberg\/#\/schema\/person\/image\/\",\"url\":\"https:\/\/secure.gravatar.com\/avatar\/3ca1086a43a5f9997caa814c597cff47?s=96&d=mm&r=g\",\"contentUrl\":\"https:\/\/secure.gravatar.com\/avatar\/3ca1086a43a5f9997caa814c597cff47?s=96&d=mm&r=g\",\"caption\":\"landsberg\"}}]}<\/script>\n<!-- \/ Yoast SEO plugin. -->","yoast_head_json":{"title":"Workshop Flucht und Asyl - Weltladen Landsberg","robots":{"index":"index","follow":"follow","max-snippet":"max-snippet:-1","max-image-preview":"max-image-preview:large","max-video-preview":"max-video-preview:-1"},"canonical":"https:\/\/weltlaeden.de\/landsberg\/workshop-flucht-und-asyl\/","og_locale":"de_DE","og_type":"article","og_title":"Workshop Flucht und Asyl - Weltladen Landsberg","og_description":"Workshop zum Thema Flucht und Asyl am 12. Oktober 2018 Weltweit nimmt die Zahl von Menschen zu, die auf der Flucht vor Kriegen, Verfolgung, Diskriminierung und Zerst\u00f6rung ihrer Lebensgrundlagen sind. Europa reagiert mit einem versch\u00e4rften Grenzregime, dem Ausbau der \u201eFestung Europa\u201c. Mediale Berichterstattung bedient oft eher \u00c4ngste und Vorurteile. Aber auch die Hilfsbereitschaft gegen\u00fcber Fl\u00fcchtlingen&hellip;","og_url":"https:\/\/weltlaeden.de\/landsberg\/workshop-flucht-und-asyl\/","og_site_name":"Weltladen Landsberg","article_published_time":"2019-04-26T20:51:03+00:00","article_modified_time":"2019-04-26T21:23:07+00:00","author":"landsberg","twitter_card":"summary_large_image","twitter_misc":{"Verfasst von":"landsberg","Gesch\u00e4tzte Lesezeit":"1\u00a0Minute"},"schema":{"@context":"https:\/\/schema.org","@graph":[{"@type":"Article","@id":"https:\/\/weltlaeden.de\/landsberg\/workshop-flucht-und-asyl\/#article","isPartOf":{"@id":"https:\/\/weltlaeden.de\/landsberg\/workshop-flucht-und-asyl\/"},"author":{"name":"landsberg","@id":"https:\/\/weltlaeden.de\/landsberg\/#\/schema\/person\/3eaf1ae597a62854f52185d78a013b14"},"headline":"Workshop Flucht und Asyl","datePublished":"2019-04-26T20:51:03+00:00","dateModified":"2019-04-26T21:23:07+00:00","mainEntityOfPage":{"@id":"https:\/\/weltlaeden.de\/landsberg\/workshop-flucht-und-asyl\/"},"wordCount":153,"articleSection":["Veranstaltungen"],"inLanguage":"de"},{"@type":"WebPage","@id":"https:\/\/weltlaeden.de\/landsberg\/workshop-flucht-und-asyl\/","url":"https:\/\/weltlaeden.de\/landsberg\/workshop-flucht-und-asyl\/","name":"Workshop Flucht und Asyl - Weltladen Landsberg","isPartOf":{"@id":"https:\/\/weltlaeden.de\/landsberg\/#website"},"datePublished":"2019-04-26T20:51:03+00:00","dateModified":"2019-04-26T21:23:07+00:00","author":{"@id":"https:\/\/weltlaeden.de\/landsberg\/#\/schema\/person\/3eaf1ae597a62854f52185d78a013b14"},"breadcrumb":{"@id":"https:\/\/weltlaeden.de\/landsberg\/workshop-flucht-und-asyl\/#breadcrumb"},"inLanguage":"de","potentialAction":[{"@type":"ReadAction","target":["https:\/\/weltlaeden.de\/landsberg\/workshop-flucht-und-asyl\/"]}]},{"@type":"BreadcrumbList","@id":"https:\/\/weltlaeden.de\/landsberg\/workshop-flucht-und-asyl\/#breadcrumb","itemListElement":[{"@type":"ListItem","position":1,"name":"Startseite","item":"https:\/\/weltlaeden.de\/landsberg\/"},{"@type":"ListItem","position":2,"name":"Workshop Flucht und Asyl"}]},{"@type":"WebSite","@id":"https:\/\/weltlaeden.de\/landsberg\/#website","url":"https:\/\/weltlaeden.de\/landsberg\/","name":"Vorlage","description":"Faire Produkte seit 1981","potentialAction":[{"@type":"SearchAction","target":{"@type":"EntryPoint","urlTemplate":"https:\/\/weltlaeden.de\/landsberg\/?s={search_term_string}"},"query-input":{"@type":"PropertyValueSpecification","valueRequired":true,"valueName":"search_term_string"}}],"inLanguage":"de"},{"@type":"Person","@id":"https:\/\/weltlaeden.de\/landsberg\/#\/schema\/person\/3eaf1ae597a62854f52185d78a013b14","name":"landsberg","image":{"@type":"ImageObject","inLanguage":"de","@id":"https:\/\/weltlaeden.de\/landsberg\/#\/schema\/person\/image\/","url":"https:\/\/secure.gravatar.com\/avatar\/3ca1086a43a5f9997caa814c597cff47?s=96&d=mm&r=g","contentUrl":"https:\/\/secure.gravatar.com\/avatar\/3ca1086a43a5f9997caa814c597cff47?s=96&d=mm&r=g","caption":"landsberg"}}]}},"_links":{"self":[{"href":"https:\/\/weltlaeden.de\/landsberg\/wp-json\/wp\/v2\/posts\/545","targetHints":{"allow":["GET"]}}],"collection":[{"href":"https:\/\/weltlaeden.de\/landsberg\/wp-json\/wp\/v2\/posts"}],"about":[{"href":"https:\/\/weltlaeden.de\/landsberg\/wp-json\/wp\/v2\/types\/post"}],"author":[{"embeddable":true,"href":"https:\/\/weltlaeden.de\/landsberg\/wp-json\/wp\/v2\/users\/101"}],"replies":[{"embeddable":true,"href":"https:\/\/weltlaeden.de\/landsberg\/wp-json\/wp\/v2\/comments?post=545"}],"version-history":[{"count":4,"href":"https:\/\/weltlaeden.de\/landsberg\/wp-json\/wp\/v2\/posts\/545\/revisions"}],"predecessor-version":[{"id":562,"href":"https:\/\/weltlaeden.de\/landsberg\/wp-json\/wp\/v2\/posts\/545\/revisions\/562"}],"wp:attachment":[{"href":"https:\/\/weltlaeden.de\/landsberg\/wp-json\/wp\/v2\/media?parent=545"}],"wp:term":[{"taxonomy":"category","embeddable":true,"href":"https:\/\/weltlaeden.de\/landsberg\/wp-json\/wp\/v2\/categories?post=545"},{"taxonomy":"post_tag","embeddable":true,"href":"https:\/\/weltlaeden.de\/landsberg\/wp-json\/wp\/v2\/tags?post=545"}],"curies":[{"name":"wp","href":"https:\/\/api.w.org\/{rel}","templated":true}]}}