{"id":1449,"date":"2025-03-01T21:32:30","date_gmt":"2025-03-01T20:32:30","guid":{"rendered":"https:\/\/weltlaeden.de\/landsberg\/?p=1449"},"modified":"2025-03-01T21:32:30","modified_gmt":"2025-03-01T20:32:30","slug":"aktionsstand-roestung-gegen-rechts","status":"publish","type":"post","link":"https:\/\/weltlaeden.de\/landsberg\/aktionsstand-roestung-gegen-rechts\/","title":{"rendered":"Aktionsstand &#8222;R\u00f6stung gegen Rechts&#8220;"},"content":{"rendered":"<p><img loading=\"lazy\" decoding=\"async\" class=\"aligncenter wp-image-1450 size-medium\" src=\"https:\/\/weltlaeden.de\/landsberg\/wp-content\/uploads\/sites\/68\/2025\/03\/Roestung-gegen-Rechts_Team-289x300.jpg\" alt=\"\" width=\"289\" height=\"300\" srcset=\"https:\/\/weltlaeden.de\/landsberg\/wp-content\/uploads\/sites\/68\/2025\/03\/Roestung-gegen-Rechts_Team-289x300.jpg 289w, https:\/\/weltlaeden.de\/landsberg\/wp-content\/uploads\/sites\/68\/2025\/03\/Roestung-gegen-Rechts_Team-988x1024.jpg 988w, https:\/\/weltlaeden.de\/landsberg\/wp-content\/uploads\/sites\/68\/2025\/03\/Roestung-gegen-Rechts_Team-768x796.jpg 768w, https:\/\/weltlaeden.de\/landsberg\/wp-content\/uploads\/sites\/68\/2025\/03\/Roestung-gegen-Rechts_Team-1482x1536.jpg 1482w, https:\/\/weltlaeden.de\/landsberg\/wp-content\/uploads\/sites\/68\/2025\/03\/Roestung-gegen-Rechts_Team-1976x2048.jpg 1976w\" sizes=\"auto, (max-width: 289px) 100vw, 289px\" \/><\/p>\n<p>&nbsp;<\/p>\n<p class=\"mb-6 text-xs md:text-m lg:text-l font-serif group-[.font-sans]:font-sans \">Am Samstag, 15. Februar 2025, organisierte der Weltladen Landsberg am Toreingang zum Pfarrinnenhof Mari\u00e4 Himmelfahrt von 10:00 \u2013 14:00 Uhr einen Kaffeeausschank mit der speziellen <strong>Kaffeer\u00f6stung \u201eR\u00f6stung gegen <\/strong><strong>Rechts\u201c v<\/strong><strong>on El Puente<\/strong>. Mit dieser Aktion beteiligte sich der Weltladen Landsberg zusammen mit anderen Weltl\u00e4den in Bayern an dem von El Puente gegr\u00fcndeten Projekt in Kooperation mit dem bundesweiten Aktionsb\u00fcndnis \u201eAufstehen gegen Rechts\u201c gegen rechtsextreme, populistische, faschistische und rassistische Gruppierungen und f\u00fcr Demokratie und Menschenrechte.<\/p>\n<p class=\"mb-6 text-xs md:text-m lg:text-l font-serif group-[.font-sans]:font-sans \">Mit der \u201eR\u00f6stung gegen Rechts\u201c m\u00f6chte El Puente, ein Sozialunternehmen im Fairen Handel, zum aktiven Engagement gegen Rechtsextremismus motivieren. Der Kaffee ist wie die anderen El Puente Produkte fair kalkuliert, jedoch soll mit dem Verkauf der R\u00f6stung gegen Rechts ein finanzieller Beitrag im Engagement gegen Rechtsextremismus geleistet und ein kleiner Teil der Einnahmen an die Kampagne \u201eAufstehen gegen Rassismus\u201c gespendet werden.<\/p>\n<p class=\"mb-6 text-xs md:text-m lg:text-l font-serif group-[.font-sans]:font-sans \">Der Aktionsstand des Weltladens Landsberg war ein voller Erfolg. Viele Besucher nutzten das Angebot den Kaffee \u201eR\u00f6stung gegen Rechts\u201c kostenlos zu testen und am Stand auch zu erwerben. Bei selbst gebackene Leckereien aus Fair Trade Produkten nutzten die Besucher die M\u00f6glichkeit zu einem Austausch \u00fcber die El Puente Aktion.<\/p>\n<p class=\"mb-6 text-xs md:text-m lg:text-l font-serif group-[.font-sans]:font-sans \">Es gab nur positive und lobende Stimmen f\u00fcr die R\u00f6stung gegen Rechts und die Aktivit\u00e4t der ehrenamtlichen Mitarbeiterinnen des Weltladen Landsberg. Am Ende waren alle Kaffeepackungen verkauft und die Spendenkasse reichlich gef\u00fcllt. Die Spendensumme wird jeweils zur H\u00e4lfte an das B\u00fcndnis \u201eAufstehen gegen Rechts\u201c und an die Projekte des Weltladens Landsberg aufgeteilt.<\/p>\n<p>&nbsp;<\/p>\n<p>Text: Susanne B\u00fchl, Foto: privat<\/p>\n","protected":false},"excerpt":{"rendered":"<p>&nbsp; Am Samstag, 15. Februar 2025, organisierte der Weltladen Landsberg am Toreingang zum Pfarrinnenhof Mari\u00e4 Himmelfahrt von 10:00 \u2013 14:00 Uhr einen Kaffeeausschank mit der speziellen Kaffeer\u00f6stung \u201eR\u00f6stung gegen Rechts\u201c von El Puente. Mit dieser Aktion beteiligte sich der Weltladen Landsberg zusammen mit anderen Weltl\u00e4den in Bayern an dem von El Puente gegr\u00fcndeten Projekt in&hellip;<\/p>\n","protected":false},"author":101,"featured_media":0,"comment_status":"closed","ping_status":"closed","sticky":false,"template":"","format":"standard","meta":{"footnotes":""},"categories":[1],"tags":[],"class_list":["post-1449","post","type-post","status-publish","format-standard","hentry","category-allgemein","category-1","description-off"],"yoast_head":"<!-- This site is optimized with the Yoast SEO plugin v26.8 - https:\/\/yoast.com\/product\/yoast-seo-wordpress\/ -->\n<title>Aktionsstand &quot;R\u00f6stung gegen Rechts&quot; - Weltladen Landsberg<\/title>\n<meta name=\"robots\" content=\"index, follow, max-snippet:-1, max-image-preview:large, max-video-preview:-1\" \/>\n<link rel=\"canonical\" href=\"https:\/\/weltlaeden.de\/landsberg\/aktionsstand-roestung-gegen-rechts\/\" \/>\n<meta property=\"og:locale\" content=\"de_DE\" \/>\n<meta property=\"og:type\" content=\"article\" \/>\n<meta property=\"og:title\" content=\"Aktionsstand &quot;R\u00f6stung gegen Rechts&quot; - Weltladen Landsberg\" \/>\n<meta property=\"og:description\" content=\"&nbsp; Am Samstag, 15. Februar 2025, organisierte der Weltladen Landsberg am Toreingang zum Pfarrinnenhof Mari\u00e4 Himmelfahrt von 10:00 \u2013 14:00 Uhr einen Kaffeeausschank mit der speziellen Kaffeer\u00f6stung \u201eR\u00f6stung gegen Rechts\u201c von El Puente. Mit dieser Aktion beteiligte sich der Weltladen Landsberg zusammen mit anderen Weltl\u00e4den in Bayern an dem von El Puente gegr\u00fcndeten Projekt in&hellip;\" \/>\n<meta property=\"og:url\" content=\"https:\/\/weltlaeden.de\/landsberg\/aktionsstand-roestung-gegen-rechts\/\" \/>\n<meta property=\"og:site_name\" content=\"Weltladen Landsberg\" \/>\n<meta property=\"article:published_time\" content=\"2025-03-01T20:32:30+00:00\" \/>\n<meta property=\"og:image\" content=\"https:\/\/weltlaeden.de\/landsberg\/wp-content\/uploads\/sites\/68\/2025\/03\/Roestung-gegen-Rechts_Team.jpg\" \/>\n\t<meta property=\"og:image:width\" content=\"2471\" \/>\n\t<meta property=\"og:image:height\" content=\"2561\" \/>\n\t<meta property=\"og:image:type\" content=\"image\/jpeg\" \/>\n<meta name=\"author\" content=\"landsberg\" \/>\n<meta name=\"twitter:card\" content=\"summary_large_image\" \/>\n<meta name=\"twitter:label1\" content=\"Verfasst von\" \/>\n\t<meta name=\"twitter:data1\" content=\"landsberg\" \/>\n\t<meta name=\"twitter:label2\" content=\"Gesch\u00e4tzte Lesezeit\" \/>\n\t<meta name=\"twitter:data2\" content=\"2\u00a0Minuten\" \/>\n<script type=\"application\/ld+json\" class=\"yoast-schema-graph\">{\"@context\":\"https:\/\/schema.org\",\"@graph\":[{\"@type\":\"Article\",\"@id\":\"https:\/\/weltlaeden.de\/landsberg\/aktionsstand-roestung-gegen-rechts\/#article\",\"isPartOf\":{\"@id\":\"https:\/\/weltlaeden.de\/landsberg\/aktionsstand-roestung-gegen-rechts\/\"},\"author\":{\"name\":\"landsberg\",\"@id\":\"https:\/\/weltlaeden.de\/landsberg\/#\/schema\/person\/3eaf1ae597a62854f52185d78a013b14\"},\"headline\":\"Aktionsstand &#8222;R\u00f6stung gegen Rechts&#8220;\",\"datePublished\":\"2025-03-01T20:32:30+00:00\",\"mainEntityOfPage\":{\"@id\":\"https:\/\/weltlaeden.de\/landsberg\/aktionsstand-roestung-gegen-rechts\/\"},\"wordCount\":262,\"image\":{\"@id\":\"https:\/\/weltlaeden.de\/landsberg\/aktionsstand-roestung-gegen-rechts\/#primaryimage\"},\"thumbnailUrl\":\"https:\/\/weltlaeden.de\/landsberg\/wp-content\/uploads\/sites\/68\/2025\/03\/Roestung-gegen-Rechts_Team-289x300.jpg\",\"articleSection\":[\"Keine Kategorie\"],\"inLanguage\":\"de\"},{\"@type\":\"WebPage\",\"@id\":\"https:\/\/weltlaeden.de\/landsberg\/aktionsstand-roestung-gegen-rechts\/\",\"url\":\"https:\/\/weltlaeden.de\/landsberg\/aktionsstand-roestung-gegen-rechts\/\",\"name\":\"Aktionsstand \\\"R\u00f6stung gegen Rechts\\\" - Weltladen Landsberg\",\"isPartOf\":{\"@id\":\"https:\/\/weltlaeden.de\/landsberg\/#website\"},\"primaryImageOfPage\":{\"@id\":\"https:\/\/weltlaeden.de\/landsberg\/aktionsstand-roestung-gegen-rechts\/#primaryimage\"},\"image\":{\"@id\":\"https:\/\/weltlaeden.de\/landsberg\/aktionsstand-roestung-gegen-rechts\/#primaryimage\"},\"thumbnailUrl\":\"https:\/\/weltlaeden.de\/landsberg\/wp-content\/uploads\/sites\/68\/2025\/03\/Roestung-gegen-Rechts_Team-289x300.jpg\",\"datePublished\":\"2025-03-01T20:32:30+00:00\",\"author\":{\"@id\":\"https:\/\/weltlaeden.de\/landsberg\/#\/schema\/person\/3eaf1ae597a62854f52185d78a013b14\"},\"breadcrumb\":{\"@id\":\"https:\/\/weltlaeden.de\/landsberg\/aktionsstand-roestung-gegen-rechts\/#breadcrumb\"},\"inLanguage\":\"de\",\"potentialAction\":[{\"@type\":\"ReadAction\",\"target\":[\"https:\/\/weltlaeden.de\/landsberg\/aktionsstand-roestung-gegen-rechts\/\"]}]},{\"@type\":\"ImageObject\",\"inLanguage\":\"de\",\"@id\":\"https:\/\/weltlaeden.de\/landsberg\/aktionsstand-roestung-gegen-rechts\/#primaryimage\",\"url\":\"https:\/\/weltlaeden.de\/landsberg\/wp-content\/uploads\/sites\/68\/2025\/03\/Roestung-gegen-Rechts_Team.jpg\",\"contentUrl\":\"https:\/\/weltlaeden.de\/landsberg\/wp-content\/uploads\/sites\/68\/2025\/03\/Roestung-gegen-Rechts_Team.jpg\",\"width\":2471,\"height\":2561},{\"@type\":\"BreadcrumbList\",\"@id\":\"https:\/\/weltlaeden.de\/landsberg\/aktionsstand-roestung-gegen-rechts\/#breadcrumb\",\"itemListElement\":[{\"@type\":\"ListItem\",\"position\":1,\"name\":\"Startseite\",\"item\":\"https:\/\/weltlaeden.de\/landsberg\/\"},{\"@type\":\"ListItem\",\"position\":2,\"name\":\"Aktionsstand &#8222;R\u00f6stung gegen Rechts&#8220;\"}]},{\"@type\":\"WebSite\",\"@id\":\"https:\/\/weltlaeden.de\/landsberg\/#website\",\"url\":\"https:\/\/weltlaeden.de\/landsberg\/\",\"name\":\"Vorlage\",\"description\":\"Faire Produkte seit 1981\",\"potentialAction\":[{\"@type\":\"SearchAction\",\"target\":{\"@type\":\"EntryPoint\",\"urlTemplate\":\"https:\/\/weltlaeden.de\/landsberg\/?s={search_term_string}\"},\"query-input\":{\"@type\":\"PropertyValueSpecification\",\"valueRequired\":true,\"valueName\":\"search_term_string\"}}],\"inLanguage\":\"de\"},{\"@type\":\"Person\",\"@id\":\"https:\/\/weltlaeden.de\/landsberg\/#\/schema\/person\/3eaf1ae597a62854f52185d78a013b14\",\"name\":\"landsberg\",\"image\":{\"@type\":\"ImageObject\",\"inLanguage\":\"de\",\"@id\":\"https:\/\/weltlaeden.de\/landsberg\/#\/schema\/person\/image\/\",\"url\":\"https:\/\/secure.gravatar.com\/avatar\/3ca1086a43a5f9997caa814c597cff47?s=96&d=mm&r=g\",\"contentUrl\":\"https:\/\/secure.gravatar.com\/avatar\/3ca1086a43a5f9997caa814c597cff47?s=96&d=mm&r=g\",\"caption\":\"landsberg\"}}]}<\/script>\n<!-- \/ Yoast SEO plugin. -->","yoast_head_json":{"title":"Aktionsstand \"R\u00f6stung gegen Rechts\" - Weltladen Landsberg","robots":{"index":"index","follow":"follow","max-snippet":"max-snippet:-1","max-image-preview":"max-image-preview:large","max-video-preview":"max-video-preview:-1"},"canonical":"https:\/\/weltlaeden.de\/landsberg\/aktionsstand-roestung-gegen-rechts\/","og_locale":"de_DE","og_type":"article","og_title":"Aktionsstand \"R\u00f6stung gegen Rechts\" - Weltladen Landsberg","og_description":"&nbsp; Am Samstag, 15. Februar 2025, organisierte der Weltladen Landsberg am Toreingang zum Pfarrinnenhof Mari\u00e4 Himmelfahrt von 10:00 \u2013 14:00 Uhr einen Kaffeeausschank mit der speziellen Kaffeer\u00f6stung \u201eR\u00f6stung gegen Rechts\u201c von El Puente. Mit dieser Aktion beteiligte sich der Weltladen Landsberg zusammen mit anderen Weltl\u00e4den in Bayern an dem von El Puente gegr\u00fcndeten Projekt in&hellip;","og_url":"https:\/\/weltlaeden.de\/landsberg\/aktionsstand-roestung-gegen-rechts\/","og_site_name":"Weltladen Landsberg","article_published_time":"2025-03-01T20:32:30+00:00","og_image":[{"width":2471,"height":2561,"url":"https:\/\/weltlaeden.de\/landsberg\/wp-content\/uploads\/sites\/68\/2025\/03\/Roestung-gegen-Rechts_Team.jpg","type":"image\/jpeg"}],"author":"landsberg","twitter_card":"summary_large_image","twitter_misc":{"Verfasst von":"landsberg","Gesch\u00e4tzte Lesezeit":"2\u00a0Minuten"},"schema":{"@context":"https:\/\/schema.org","@graph":[{"@type":"Article","@id":"https:\/\/weltlaeden.de\/landsberg\/aktionsstand-roestung-gegen-rechts\/#article","isPartOf":{"@id":"https:\/\/weltlaeden.de\/landsberg\/aktionsstand-roestung-gegen-rechts\/"},"author":{"name":"landsberg","@id":"https:\/\/weltlaeden.de\/landsberg\/#\/schema\/person\/3eaf1ae597a62854f52185d78a013b14"},"headline":"Aktionsstand &#8222;R\u00f6stung gegen Rechts&#8220;","datePublished":"2025-03-01T20:32:30+00:00","mainEntityOfPage":{"@id":"https:\/\/weltlaeden.de\/landsberg\/aktionsstand-roestung-gegen-rechts\/"},"wordCount":262,"image":{"@id":"https:\/\/weltlaeden.de\/landsberg\/aktionsstand-roestung-gegen-rechts\/#primaryimage"},"thumbnailUrl":"https:\/\/weltlaeden.de\/landsberg\/wp-content\/uploads\/sites\/68\/2025\/03\/Roestung-gegen-Rechts_Team-289x300.jpg","articleSection":["Keine Kategorie"],"inLanguage":"de"},{"@type":"WebPage","@id":"https:\/\/weltlaeden.de\/landsberg\/aktionsstand-roestung-gegen-rechts\/","url":"https:\/\/weltlaeden.de\/landsberg\/aktionsstand-roestung-gegen-rechts\/","name":"Aktionsstand \"R\u00f6stung gegen Rechts\" - Weltladen Landsberg","isPartOf":{"@id":"https:\/\/weltlaeden.de\/landsberg\/#website"},"primaryImageOfPage":{"@id":"https:\/\/weltlaeden.de\/landsberg\/aktionsstand-roestung-gegen-rechts\/#primaryimage"},"image":{"@id":"https:\/\/weltlaeden.de\/landsberg\/aktionsstand-roestung-gegen-rechts\/#primaryimage"},"thumbnailUrl":"https:\/\/weltlaeden.de\/landsberg\/wp-content\/uploads\/sites\/68\/2025\/03\/Roestung-gegen-Rechts_Team-289x300.jpg","datePublished":"2025-03-01T20:32:30+00:00","author":{"@id":"https:\/\/weltlaeden.de\/landsberg\/#\/schema\/person\/3eaf1ae597a62854f52185d78a013b14"},"breadcrumb":{"@id":"https:\/\/weltlaeden.de\/landsberg\/aktionsstand-roestung-gegen-rechts\/#breadcrumb"},"inLanguage":"de","potentialAction":[{"@type":"ReadAction","target":["https:\/\/weltlaeden.de\/landsberg\/aktionsstand-roestung-gegen-rechts\/"]}]},{"@type":"ImageObject","inLanguage":"de","@id":"https:\/\/weltlaeden.de\/landsberg\/aktionsstand-roestung-gegen-rechts\/#primaryimage","url":"https:\/\/weltlaeden.de\/landsberg\/wp-content\/uploads\/sites\/68\/2025\/03\/Roestung-gegen-Rechts_Team.jpg","contentUrl":"https:\/\/weltlaeden.de\/landsberg\/wp-content\/uploads\/sites\/68\/2025\/03\/Roestung-gegen-Rechts_Team.jpg","width":2471,"height":2561},{"@type":"BreadcrumbList","@id":"https:\/\/weltlaeden.de\/landsberg\/aktionsstand-roestung-gegen-rechts\/#breadcrumb","itemListElement":[{"@type":"ListItem","position":1,"name":"Startseite","item":"https:\/\/weltlaeden.de\/landsberg\/"},{"@type":"ListItem","position":2,"name":"Aktionsstand &#8222;R\u00f6stung gegen Rechts&#8220;"}]},{"@type":"WebSite","@id":"https:\/\/weltlaeden.de\/landsberg\/#website","url":"https:\/\/weltlaeden.de\/landsberg\/","name":"Vorlage","description":"Faire Produkte seit 1981","potentialAction":[{"@type":"SearchAction","target":{"@type":"EntryPoint","urlTemplate":"https:\/\/weltlaeden.de\/landsberg\/?s={search_term_string}"},"query-input":{"@type":"PropertyValueSpecification","valueRequired":true,"valueName":"search_term_string"}}],"inLanguage":"de"},{"@type":"Person","@id":"https:\/\/weltlaeden.de\/landsberg\/#\/schema\/person\/3eaf1ae597a62854f52185d78a013b14","name":"landsberg","image":{"@type":"ImageObject","inLanguage":"de","@id":"https:\/\/weltlaeden.de\/landsberg\/#\/schema\/person\/image\/","url":"https:\/\/secure.gravatar.com\/avatar\/3ca1086a43a5f9997caa814c597cff47?s=96&d=mm&r=g","contentUrl":"https:\/\/secure.gravatar.com\/avatar\/3ca1086a43a5f9997caa814c597cff47?s=96&d=mm&r=g","caption":"landsberg"}}]}},"_links":{"self":[{"href":"https:\/\/weltlaeden.de\/landsberg\/wp-json\/wp\/v2\/posts\/1449","targetHints":{"allow":["GET"]}}],"collection":[{"href":"https:\/\/weltlaeden.de\/landsberg\/wp-json\/wp\/v2\/posts"}],"about":[{"href":"https:\/\/weltlaeden.de\/landsberg\/wp-json\/wp\/v2\/types\/post"}],"author":[{"embeddable":true,"href":"https:\/\/weltlaeden.de\/landsberg\/wp-json\/wp\/v2\/users\/101"}],"replies":[{"embeddable":true,"href":"https:\/\/weltlaeden.de\/landsberg\/wp-json\/wp\/v2\/comments?post=1449"}],"version-history":[{"count":2,"href":"https:\/\/weltlaeden.de\/landsberg\/wp-json\/wp\/v2\/posts\/1449\/revisions"}],"predecessor-version":[{"id":1452,"href":"https:\/\/weltlaeden.de\/landsberg\/wp-json\/wp\/v2\/posts\/1449\/revisions\/1452"}],"wp:attachment":[{"href":"https:\/\/weltlaeden.de\/landsberg\/wp-json\/wp\/v2\/media?parent=1449"}],"wp:term":[{"taxonomy":"category","embeddable":true,"href":"https:\/\/weltlaeden.de\/landsberg\/wp-json\/wp\/v2\/categories?post=1449"},{"taxonomy":"post_tag","embeddable":true,"href":"https:\/\/weltlaeden.de\/landsberg\/wp-json\/wp\/v2\/tags?post=1449"}],"curies":[{"name":"wp","href":"https:\/\/api.w.org\/{rel}","templated":true}]}}