{"id":1409,"date":"2024-10-06T20:16:07","date_gmt":"2024-10-06T18:16:07","guid":{"rendered":"https:\/\/weltlaeden.de\/landsberg\/?p=1409"},"modified":"2024-10-06T20:16:07","modified_gmt":"2024-10-06T18:16:07","slug":"faire-kaffeepause","status":"publish","type":"post","link":"https:\/\/weltlaeden.de\/landsberg\/faire-kaffeepause\/","title":{"rendered":"Faire Kaffeepause"},"content":{"rendered":"<p><img loading=\"lazy\" decoding=\"async\" class=\"wp-image-1404 size-medium aligncenter\" src=\"https:\/\/weltlaeden.de\/landsberg\/wp-content\/uploads\/sites\/68\/2024\/10\/Faire-Kaffeepause-Stand-2024-10-06-300x226.jpg\" alt=\"\" width=\"300\" height=\"226\" srcset=\"https:\/\/weltlaeden.de\/landsberg\/wp-content\/uploads\/sites\/68\/2024\/10\/Faire-Kaffeepause-Stand-2024-10-06-300x226.jpg 300w, https:\/\/weltlaeden.de\/landsberg\/wp-content\/uploads\/sites\/68\/2024\/10\/Faire-Kaffeepause-Stand-2024-10-06-1024x771.jpg 1024w, https:\/\/weltlaeden.de\/landsberg\/wp-content\/uploads\/sites\/68\/2024\/10\/Faire-Kaffeepause-Stand-2024-10-06-768x578.jpg 768w, https:\/\/weltlaeden.de\/landsberg\/wp-content\/uploads\/sites\/68\/2024\/10\/Faire-Kaffeepause-Stand-2024-10-06-1536x1157.jpg 1536w, https:\/\/weltlaeden.de\/landsberg\/wp-content\/uploads\/sites\/68\/2024\/10\/Faire-Kaffeepause-Stand-2024-10-06.jpg 2048w\" sizes=\"auto, (max-width: 300px) 100vw, 300px\" \/><\/p>\n<p>&nbsp;<\/p>\n<h2><strong>Faire Kaffeepause vom Weltladen Landsberg fand gro\u00dfen Zuspruch<\/strong><\/h2>\n<p><strong>\u00a0<\/strong><\/p>\n<p>Am Samstag, 05. Oktober 2024 fand in der Landsberger Innenstadt am Toreingang zum Pfarrinnenhof Mari\u00e4 Himmelfahrt der Aktionsstand \u201eFaire Kaffeepause\u201c vom Weltladen Landsberg statt.<\/p>\n<p>Der bunt dekorierte Stand bot einen \u00dcberblick \u00fcber die im Weltladen angebotenen Kaffeesorten, Schokoladen und auch Kunsthandwerk . An dem Kaffeetisch konnten die Besucher und Besucherinnen bei einer Tasse kostenlosen Kaffees auch die mit Produkten aus dem Weltladen zubereiteten Pralinen, Brownies und Cookies testen.<br \/>\nAn dem B\u00fcchertisch konnte man in dem Sortiment von B\u00fcchern aus aller Welt, die auch im Weltladen zu erstehen sind, st\u00f6bern.<\/p>\n<p>Trotz zeitweisem Nieselregen war der Stand immer umlagert von interessierten Stammkunden und Kundinnen, aber auch G\u00e4sten, die sich durch den Stand wieder erinnerten, dem Weltladen mal wieder ein Besuch abzustatten. Einige Touristen gegr\u00fc\u00dften das Angebot und nahmen die Gelegenheit wahr sich im Weltladen umzusehen.<\/p>\n<p>Es wurden viele Gespr\u00e4che mit den ehrenamtlichen Mitarbeiterinnen am Stand gef\u00fchrt und \u00fcber die Fairtrade Produkte informiert. Das Bewusstsein \u00fcber die Bedeutung des Fairen Handels konnte bei einer Reihe von G\u00e4sten geweckt oder verst\u00e4rkt werden.<\/p>\n<p>Die Aktion wurde von allen Beteiligten als sehr erfolgreich bezeichnet und eine Wiederholung der Fairen Kaffeepause ist bereits in Planung.<\/p>\n<p>&nbsp;<\/p>\n<p>Text und Foto: Susanne B\u00fchl, Weltladen Landsberg<\/p>\n","protected":false},"excerpt":{"rendered":"<p>&nbsp; Faire Kaffeepause vom Weltladen Landsberg fand gro\u00dfen Zuspruch \u00a0 Am Samstag, 05. Oktober 2024 fand in der Landsberger Innenstadt am Toreingang zum Pfarrinnenhof Mari\u00e4 Himmelfahrt der Aktionsstand \u201eFaire Kaffeepause\u201c vom Weltladen Landsberg statt. Der bunt dekorierte Stand bot einen \u00dcberblick \u00fcber die im Weltladen angebotenen Kaffeesorten, Schokoladen und auch Kunsthandwerk . An dem Kaffeetisch&hellip;<\/p>\n","protected":false},"author":101,"featured_media":0,"comment_status":"closed","ping_status":"closed","sticky":false,"template":"","format":"standard","meta":{"footnotes":""},"categories":[1],"tags":[],"class_list":["post-1409","post","type-post","status-publish","format-standard","hentry","category-allgemein","category-1","description-off"],"yoast_head":"<!-- This site is optimized with the Yoast SEO plugin v26.8 - https:\/\/yoast.com\/product\/yoast-seo-wordpress\/ -->\n<title>Faire Kaffeepause - Weltladen Landsberg<\/title>\n<meta name=\"robots\" content=\"index, follow, max-snippet:-1, max-image-preview:large, max-video-preview:-1\" \/>\n<link rel=\"canonical\" href=\"https:\/\/weltlaeden.de\/landsberg\/faire-kaffeepause\/\" \/>\n<meta property=\"og:locale\" content=\"de_DE\" \/>\n<meta property=\"og:type\" content=\"article\" \/>\n<meta property=\"og:title\" content=\"Faire Kaffeepause - Weltladen Landsberg\" \/>\n<meta property=\"og:description\" content=\"&nbsp; Faire Kaffeepause vom Weltladen Landsberg fand gro\u00dfen Zuspruch \u00a0 Am Samstag, 05. Oktober 2024 fand in der Landsberger Innenstadt am Toreingang zum Pfarrinnenhof Mari\u00e4 Himmelfahrt der Aktionsstand \u201eFaire Kaffeepause\u201c vom Weltladen Landsberg statt. Der bunt dekorierte Stand bot einen \u00dcberblick \u00fcber die im Weltladen angebotenen Kaffeesorten, Schokoladen und auch Kunsthandwerk . An dem Kaffeetisch&hellip;\" \/>\n<meta property=\"og:url\" content=\"https:\/\/weltlaeden.de\/landsberg\/faire-kaffeepause\/\" \/>\n<meta property=\"og:site_name\" content=\"Weltladen Landsberg\" \/>\n<meta property=\"article:published_time\" content=\"2024-10-06T18:16:07+00:00\" \/>\n<meta property=\"og:image\" content=\"https:\/\/weltlaeden.de\/landsberg\/wp-content\/uploads\/sites\/68\/2024\/10\/Faire-Kaffeepause-Stand-2024-10-06-300x226.jpg\" \/>\n<meta name=\"author\" content=\"landsberg\" \/>\n<meta name=\"twitter:card\" content=\"summary_large_image\" \/>\n<meta name=\"twitter:label1\" content=\"Verfasst von\" \/>\n\t<meta name=\"twitter:data1\" content=\"landsberg\" \/>\n\t<meta name=\"twitter:label2\" content=\"Gesch\u00e4tzte Lesezeit\" \/>\n\t<meta name=\"twitter:data2\" content=\"2\u00a0Minuten\" \/>\n<script type=\"application\/ld+json\" class=\"yoast-schema-graph\">{\"@context\":\"https:\/\/schema.org\",\"@graph\":[{\"@type\":\"Article\",\"@id\":\"https:\/\/weltlaeden.de\/landsberg\/faire-kaffeepause\/#article\",\"isPartOf\":{\"@id\":\"https:\/\/weltlaeden.de\/landsberg\/faire-kaffeepause\/\"},\"author\":{\"name\":\"landsberg\",\"@id\":\"https:\/\/weltlaeden.de\/landsberg\/#\/schema\/person\/3eaf1ae597a62854f52185d78a013b14\"},\"headline\":\"Faire Kaffeepause\",\"datePublished\":\"2024-10-06T18:16:07+00:00\",\"mainEntityOfPage\":{\"@id\":\"https:\/\/weltlaeden.de\/landsberg\/faire-kaffeepause\/\"},\"wordCount\":215,\"image\":{\"@id\":\"https:\/\/weltlaeden.de\/landsberg\/faire-kaffeepause\/#primaryimage\"},\"thumbnailUrl\":\"https:\/\/weltlaeden.de\/landsberg\/wp-content\/uploads\/sites\/68\/2024\/10\/Faire-Kaffeepause-Stand-2024-10-06-300x226.jpg\",\"articleSection\":[\"Keine Kategorie\"],\"inLanguage\":\"de\"},{\"@type\":\"WebPage\",\"@id\":\"https:\/\/weltlaeden.de\/landsberg\/faire-kaffeepause\/\",\"url\":\"https:\/\/weltlaeden.de\/landsberg\/faire-kaffeepause\/\",\"name\":\"Faire Kaffeepause - Weltladen Landsberg\",\"isPartOf\":{\"@id\":\"https:\/\/weltlaeden.de\/landsberg\/#website\"},\"primaryImageOfPage\":{\"@id\":\"https:\/\/weltlaeden.de\/landsberg\/faire-kaffeepause\/#primaryimage\"},\"image\":{\"@id\":\"https:\/\/weltlaeden.de\/landsberg\/faire-kaffeepause\/#primaryimage\"},\"thumbnailUrl\":\"https:\/\/weltlaeden.de\/landsberg\/wp-content\/uploads\/sites\/68\/2024\/10\/Faire-Kaffeepause-Stand-2024-10-06-300x226.jpg\",\"datePublished\":\"2024-10-06T18:16:07+00:00\",\"author\":{\"@id\":\"https:\/\/weltlaeden.de\/landsberg\/#\/schema\/person\/3eaf1ae597a62854f52185d78a013b14\"},\"breadcrumb\":{\"@id\":\"https:\/\/weltlaeden.de\/landsberg\/faire-kaffeepause\/#breadcrumb\"},\"inLanguage\":\"de\",\"potentialAction\":[{\"@type\":\"ReadAction\",\"target\":[\"https:\/\/weltlaeden.de\/landsberg\/faire-kaffeepause\/\"]}]},{\"@type\":\"ImageObject\",\"inLanguage\":\"de\",\"@id\":\"https:\/\/weltlaeden.de\/landsberg\/faire-kaffeepause\/#primaryimage\",\"url\":\"https:\/\/weltlaeden.de\/landsberg\/wp-content\/uploads\/sites\/68\/2024\/10\/Faire-Kaffeepause-Stand-2024-10-06.jpg\",\"contentUrl\":\"https:\/\/weltlaeden.de\/landsberg\/wp-content\/uploads\/sites\/68\/2024\/10\/Faire-Kaffeepause-Stand-2024-10-06.jpg\",\"width\":2048,\"height\":1542},{\"@type\":\"BreadcrumbList\",\"@id\":\"https:\/\/weltlaeden.de\/landsberg\/faire-kaffeepause\/#breadcrumb\",\"itemListElement\":[{\"@type\":\"ListItem\",\"position\":1,\"name\":\"Startseite\",\"item\":\"https:\/\/weltlaeden.de\/landsberg\/\"},{\"@type\":\"ListItem\",\"position\":2,\"name\":\"Faire Kaffeepause\"}]},{\"@type\":\"WebSite\",\"@id\":\"https:\/\/weltlaeden.de\/landsberg\/#website\",\"url\":\"https:\/\/weltlaeden.de\/landsberg\/\",\"name\":\"Vorlage\",\"description\":\"Faire Produkte seit 1981\",\"potentialAction\":[{\"@type\":\"SearchAction\",\"target\":{\"@type\":\"EntryPoint\",\"urlTemplate\":\"https:\/\/weltlaeden.de\/landsberg\/?s={search_term_string}\"},\"query-input\":{\"@type\":\"PropertyValueSpecification\",\"valueRequired\":true,\"valueName\":\"search_term_string\"}}],\"inLanguage\":\"de\"},{\"@type\":\"Person\",\"@id\":\"https:\/\/weltlaeden.de\/landsberg\/#\/schema\/person\/3eaf1ae597a62854f52185d78a013b14\",\"name\":\"landsberg\",\"image\":{\"@type\":\"ImageObject\",\"inLanguage\":\"de\",\"@id\":\"https:\/\/weltlaeden.de\/landsberg\/#\/schema\/person\/image\/\",\"url\":\"https:\/\/secure.gravatar.com\/avatar\/3ca1086a43a5f9997caa814c597cff47?s=96&d=mm&r=g\",\"contentUrl\":\"https:\/\/secure.gravatar.com\/avatar\/3ca1086a43a5f9997caa814c597cff47?s=96&d=mm&r=g\",\"caption\":\"landsberg\"}}]}<\/script>\n<!-- \/ Yoast SEO plugin. -->","yoast_head_json":{"title":"Faire Kaffeepause - Weltladen Landsberg","robots":{"index":"index","follow":"follow","max-snippet":"max-snippet:-1","max-image-preview":"max-image-preview:large","max-video-preview":"max-video-preview:-1"},"canonical":"https:\/\/weltlaeden.de\/landsberg\/faire-kaffeepause\/","og_locale":"de_DE","og_type":"article","og_title":"Faire Kaffeepause - Weltladen Landsberg","og_description":"&nbsp; Faire Kaffeepause vom Weltladen Landsberg fand gro\u00dfen Zuspruch \u00a0 Am Samstag, 05. Oktober 2024 fand in der Landsberger Innenstadt am Toreingang zum Pfarrinnenhof Mari\u00e4 Himmelfahrt der Aktionsstand \u201eFaire Kaffeepause\u201c vom Weltladen Landsberg statt. Der bunt dekorierte Stand bot einen \u00dcberblick \u00fcber die im Weltladen angebotenen Kaffeesorten, Schokoladen und auch Kunsthandwerk . An dem Kaffeetisch&hellip;","og_url":"https:\/\/weltlaeden.de\/landsberg\/faire-kaffeepause\/","og_site_name":"Weltladen Landsberg","article_published_time":"2024-10-06T18:16:07+00:00","og_image":[{"url":"https:\/\/weltlaeden.de\/landsberg\/wp-content\/uploads\/sites\/68\/2024\/10\/Faire-Kaffeepause-Stand-2024-10-06-300x226.jpg","type":"","width":"","height":""}],"author":"landsberg","twitter_card":"summary_large_image","twitter_misc":{"Verfasst von":"landsberg","Gesch\u00e4tzte Lesezeit":"2\u00a0Minuten"},"schema":{"@context":"https:\/\/schema.org","@graph":[{"@type":"Article","@id":"https:\/\/weltlaeden.de\/landsberg\/faire-kaffeepause\/#article","isPartOf":{"@id":"https:\/\/weltlaeden.de\/landsberg\/faire-kaffeepause\/"},"author":{"name":"landsberg","@id":"https:\/\/weltlaeden.de\/landsberg\/#\/schema\/person\/3eaf1ae597a62854f52185d78a013b14"},"headline":"Faire Kaffeepause","datePublished":"2024-10-06T18:16:07+00:00","mainEntityOfPage":{"@id":"https:\/\/weltlaeden.de\/landsberg\/faire-kaffeepause\/"},"wordCount":215,"image":{"@id":"https:\/\/weltlaeden.de\/landsberg\/faire-kaffeepause\/#primaryimage"},"thumbnailUrl":"https:\/\/weltlaeden.de\/landsberg\/wp-content\/uploads\/sites\/68\/2024\/10\/Faire-Kaffeepause-Stand-2024-10-06-300x226.jpg","articleSection":["Keine Kategorie"],"inLanguage":"de"},{"@type":"WebPage","@id":"https:\/\/weltlaeden.de\/landsberg\/faire-kaffeepause\/","url":"https:\/\/weltlaeden.de\/landsberg\/faire-kaffeepause\/","name":"Faire Kaffeepause - Weltladen Landsberg","isPartOf":{"@id":"https:\/\/weltlaeden.de\/landsberg\/#website"},"primaryImageOfPage":{"@id":"https:\/\/weltlaeden.de\/landsberg\/faire-kaffeepause\/#primaryimage"},"image":{"@id":"https:\/\/weltlaeden.de\/landsberg\/faire-kaffeepause\/#primaryimage"},"thumbnailUrl":"https:\/\/weltlaeden.de\/landsberg\/wp-content\/uploads\/sites\/68\/2024\/10\/Faire-Kaffeepause-Stand-2024-10-06-300x226.jpg","datePublished":"2024-10-06T18:16:07+00:00","author":{"@id":"https:\/\/weltlaeden.de\/landsberg\/#\/schema\/person\/3eaf1ae597a62854f52185d78a013b14"},"breadcrumb":{"@id":"https:\/\/weltlaeden.de\/landsberg\/faire-kaffeepause\/#breadcrumb"},"inLanguage":"de","potentialAction":[{"@type":"ReadAction","target":["https:\/\/weltlaeden.de\/landsberg\/faire-kaffeepause\/"]}]},{"@type":"ImageObject","inLanguage":"de","@id":"https:\/\/weltlaeden.de\/landsberg\/faire-kaffeepause\/#primaryimage","url":"https:\/\/weltlaeden.de\/landsberg\/wp-content\/uploads\/sites\/68\/2024\/10\/Faire-Kaffeepause-Stand-2024-10-06.jpg","contentUrl":"https:\/\/weltlaeden.de\/landsberg\/wp-content\/uploads\/sites\/68\/2024\/10\/Faire-Kaffeepause-Stand-2024-10-06.jpg","width":2048,"height":1542},{"@type":"BreadcrumbList","@id":"https:\/\/weltlaeden.de\/landsberg\/faire-kaffeepause\/#breadcrumb","itemListElement":[{"@type":"ListItem","position":1,"name":"Startseite","item":"https:\/\/weltlaeden.de\/landsberg\/"},{"@type":"ListItem","position":2,"name":"Faire Kaffeepause"}]},{"@type":"WebSite","@id":"https:\/\/weltlaeden.de\/landsberg\/#website","url":"https:\/\/weltlaeden.de\/landsberg\/","name":"Vorlage","description":"Faire Produkte seit 1981","potentialAction":[{"@type":"SearchAction","target":{"@type":"EntryPoint","urlTemplate":"https:\/\/weltlaeden.de\/landsberg\/?s={search_term_string}"},"query-input":{"@type":"PropertyValueSpecification","valueRequired":true,"valueName":"search_term_string"}}],"inLanguage":"de"},{"@type":"Person","@id":"https:\/\/weltlaeden.de\/landsberg\/#\/schema\/person\/3eaf1ae597a62854f52185d78a013b14","name":"landsberg","image":{"@type":"ImageObject","inLanguage":"de","@id":"https:\/\/weltlaeden.de\/landsberg\/#\/schema\/person\/image\/","url":"https:\/\/secure.gravatar.com\/avatar\/3ca1086a43a5f9997caa814c597cff47?s=96&d=mm&r=g","contentUrl":"https:\/\/secure.gravatar.com\/avatar\/3ca1086a43a5f9997caa814c597cff47?s=96&d=mm&r=g","caption":"landsberg"}}]}},"_links":{"self":[{"href":"https:\/\/weltlaeden.de\/landsberg\/wp-json\/wp\/v2\/posts\/1409","targetHints":{"allow":["GET"]}}],"collection":[{"href":"https:\/\/weltlaeden.de\/landsberg\/wp-json\/wp\/v2\/posts"}],"about":[{"href":"https:\/\/weltlaeden.de\/landsberg\/wp-json\/wp\/v2\/types\/post"}],"author":[{"embeddable":true,"href":"https:\/\/weltlaeden.de\/landsberg\/wp-json\/wp\/v2\/users\/101"}],"replies":[{"embeddable":true,"href":"https:\/\/weltlaeden.de\/landsberg\/wp-json\/wp\/v2\/comments?post=1409"}],"version-history":[{"count":1,"href":"https:\/\/weltlaeden.de\/landsberg\/wp-json\/wp\/v2\/posts\/1409\/revisions"}],"predecessor-version":[{"id":1410,"href":"https:\/\/weltlaeden.de\/landsberg\/wp-json\/wp\/v2\/posts\/1409\/revisions\/1410"}],"wp:attachment":[{"href":"https:\/\/weltlaeden.de\/landsberg\/wp-json\/wp\/v2\/media?parent=1409"}],"wp:term":[{"taxonomy":"category","embeddable":true,"href":"https:\/\/weltlaeden.de\/landsberg\/wp-json\/wp\/v2\/categories?post=1409"},{"taxonomy":"post_tag","embeddable":true,"href":"https:\/\/weltlaeden.de\/landsberg\/wp-json\/wp\/v2\/tags?post=1409"}],"curies":[{"name":"wp","href":"https:\/\/api.w.org\/{rel}","templated":true}]}}