{"id":1250,"date":"2022-10-02T21:28:04","date_gmt":"2022-10-02T19:28:04","guid":{"rendered":"https:\/\/weltlaeden.de\/landsberg\/?p=1250"},"modified":"2022-10-02T21:28:04","modified_gmt":"2022-10-02T19:28:04","slug":"weltladenfest-2022","status":"publish","type":"post","link":"https:\/\/weltlaeden.de\/landsberg\/weltladenfest-2022\/","title":{"rendered":"Weltladenfest 2022"},"content":{"rendered":"<p><img loading=\"lazy\" decoding=\"async\" src=\"https:\/\/weltlaeden.de\/landsberg\/wp-content\/uploads\/sites\/68\/2022\/10\/Weltladenfest-LL-40plus1-150x150.jpg\" alt=\"\" width=\"150\" height=\"150\" class=\"alignnone size-thumbnail wp-image-1243\" \/><\/p>\n<p>Gerne h\u00e4tte man das 40-j\u00e4hrige Bestehen des Weltladens im vergangenen Jahr gefeiert, doch Corona lie\u00df das nicht zu. Dann wird das eben nachgeholt, dachten sich die Mitglieder des Vereins Partnerschaft Eine Welt Landsberg e.V. und so fand am Samstag, 17. September 2022 das Weltladenfest 40+1 statt. Er\u00f6ffnet wurde die Feier durch ein \u00f6kumenisches Gebet der Arche Landsberg, einer Wohn- und Lebensgemeinschaft von Menschen mit und ohne geistige Behinderung. Im Rahmen der gleichzeitig stattfindenden \u201eFairen Woche 2022\u201c konnte man sich zudem rund um das Thema Faire Kleidung und (un)faire Produktion informieren. Ein reichhaltiges Buffet, von den Ehrenamtlichen des Vereins liebevoll zubereitet, verw\u00f6hnte die Festbesucher und sorgte gleichzeitig f\u00fcr zus\u00e4tzliche Spenden.<\/p>\n<p>Trotz Corona-Pandemie kann der Weltladen Landsberg am Lech auf eine kontinuierliche Umsatzsteigerung zur\u00fcckblicken. Viele Stammkunden sind dem Laden treu geblieben und zahlreiche neue Kunden hinzu gekommen. So konnten in diesem Jahr Spendengelder an insgesamt 8 \u201eProjekte des globalen S\u00fcdens\u201c verteilt werden.<\/p>\n","protected":false},"excerpt":{"rendered":"<p>Gerne h\u00e4tte man das 40-j\u00e4hrige Bestehen des Weltladens im vergangenen Jahr gefeiert, doch Corona lie\u00df das nicht zu. Dann wird das eben nachgeholt, dachten sich die Mitglieder des Vereins Partnerschaft Eine Welt Landsberg e.V. und so fand am Samstag, 17. September 2022 das Weltladenfest 40+1 statt. Er\u00f6ffnet wurde die Feier durch ein \u00f6kumenisches Gebet der&hellip;<\/p>\n","protected":false},"author":101,"featured_media":0,"comment_status":"closed","ping_status":"closed","sticky":false,"template":"","format":"standard","meta":{"footnotes":""},"categories":[1],"tags":[],"class_list":["post-1250","post","type-post","status-publish","format-standard","hentry","category-allgemein","category-1","description-off"],"yoast_head":"<!-- This site is optimized with the Yoast SEO plugin v26.8 - https:\/\/yoast.com\/product\/yoast-seo-wordpress\/ -->\n<title>Weltladenfest 2022 - Weltladen Landsberg<\/title>\n<meta name=\"robots\" content=\"index, follow, max-snippet:-1, max-image-preview:large, max-video-preview:-1\" \/>\n<link rel=\"canonical\" href=\"https:\/\/weltlaeden.de\/landsberg\/weltladenfest-2022\/\" \/>\n<meta property=\"og:locale\" content=\"de_DE\" \/>\n<meta property=\"og:type\" content=\"article\" \/>\n<meta property=\"og:title\" content=\"Weltladenfest 2022 - Weltladen Landsberg\" \/>\n<meta property=\"og:description\" content=\"Gerne h\u00e4tte man das 40-j\u00e4hrige Bestehen des Weltladens im vergangenen Jahr gefeiert, doch Corona lie\u00df das nicht zu. Dann wird das eben nachgeholt, dachten sich die Mitglieder des Vereins Partnerschaft Eine Welt Landsberg e.V. und so fand am Samstag, 17. September 2022 das Weltladenfest 40+1 statt. Er\u00f6ffnet wurde die Feier durch ein \u00f6kumenisches Gebet der&hellip;\" \/>\n<meta property=\"og:url\" content=\"https:\/\/weltlaeden.de\/landsberg\/weltladenfest-2022\/\" \/>\n<meta property=\"og:site_name\" content=\"Weltladen Landsberg\" \/>\n<meta property=\"article:published_time\" content=\"2022-10-02T19:28:04+00:00\" \/>\n<meta property=\"og:image\" content=\"https:\/\/weltlaeden.de\/landsberg\/wp-content\/uploads\/sites\/68\/2022\/10\/Weltladenfest-LL-40plus1-150x150.jpg\" \/>\n<meta name=\"author\" content=\"landsberg\" \/>\n<meta name=\"twitter:card\" content=\"summary_large_image\" \/>\n<meta name=\"twitter:label1\" content=\"Verfasst von\" \/>\n\t<meta name=\"twitter:data1\" content=\"landsberg\" \/>\n\t<meta name=\"twitter:label2\" content=\"Gesch\u00e4tzte Lesezeit\" \/>\n\t<meta name=\"twitter:data2\" content=\"1\u00a0Minute\" \/>\n<script type=\"application\/ld+json\" class=\"yoast-schema-graph\">{\"@context\":\"https:\/\/schema.org\",\"@graph\":[{\"@type\":\"Article\",\"@id\":\"https:\/\/weltlaeden.de\/landsberg\/weltladenfest-2022\/#article\",\"isPartOf\":{\"@id\":\"https:\/\/weltlaeden.de\/landsberg\/weltladenfest-2022\/\"},\"author\":{\"name\":\"landsberg\",\"@id\":\"https:\/\/weltlaeden.de\/landsberg\/#\/schema\/person\/3eaf1ae597a62854f52185d78a013b14\"},\"headline\":\"Weltladenfest 2022\",\"datePublished\":\"2022-10-02T19:28:04+00:00\",\"mainEntityOfPage\":{\"@id\":\"https:\/\/weltlaeden.de\/landsberg\/weltladenfest-2022\/\"},\"wordCount\":156,\"image\":{\"@id\":\"https:\/\/weltlaeden.de\/landsberg\/weltladenfest-2022\/#primaryimage\"},\"thumbnailUrl\":\"https:\/\/weltlaeden.de\/landsberg\/wp-content\/uploads\/sites\/68\/2022\/10\/Weltladenfest-LL-40plus1-150x150.jpg\",\"articleSection\":[\"Keine Kategorie\"],\"inLanguage\":\"de\"},{\"@type\":\"WebPage\",\"@id\":\"https:\/\/weltlaeden.de\/landsberg\/weltladenfest-2022\/\",\"url\":\"https:\/\/weltlaeden.de\/landsberg\/weltladenfest-2022\/\",\"name\":\"Weltladenfest 2022 - Weltladen Landsberg\",\"isPartOf\":{\"@id\":\"https:\/\/weltlaeden.de\/landsberg\/#website\"},\"primaryImageOfPage\":{\"@id\":\"https:\/\/weltlaeden.de\/landsberg\/weltladenfest-2022\/#primaryimage\"},\"image\":{\"@id\":\"https:\/\/weltlaeden.de\/landsberg\/weltladenfest-2022\/#primaryimage\"},\"thumbnailUrl\":\"https:\/\/weltlaeden.de\/landsberg\/wp-content\/uploads\/sites\/68\/2022\/10\/Weltladenfest-LL-40plus1-150x150.jpg\",\"datePublished\":\"2022-10-02T19:28:04+00:00\",\"author\":{\"@id\":\"https:\/\/weltlaeden.de\/landsberg\/#\/schema\/person\/3eaf1ae597a62854f52185d78a013b14\"},\"breadcrumb\":{\"@id\":\"https:\/\/weltlaeden.de\/landsberg\/weltladenfest-2022\/#breadcrumb\"},\"inLanguage\":\"de\",\"potentialAction\":[{\"@type\":\"ReadAction\",\"target\":[\"https:\/\/weltlaeden.de\/landsberg\/weltladenfest-2022\/\"]}]},{\"@type\":\"ImageObject\",\"inLanguage\":\"de\",\"@id\":\"https:\/\/weltlaeden.de\/landsberg\/weltladenfest-2022\/#primaryimage\",\"url\":\"https:\/\/weltlaeden.de\/landsberg\/wp-content\/uploads\/sites\/68\/2022\/10\/Weltladenfest-LL-40plus1.jpg\",\"contentUrl\":\"https:\/\/weltlaeden.de\/landsberg\/wp-content\/uploads\/sites\/68\/2022\/10\/Weltladenfest-LL-40plus1.jpg\",\"width\":652,\"height\":620},{\"@type\":\"BreadcrumbList\",\"@id\":\"https:\/\/weltlaeden.de\/landsberg\/weltladenfest-2022\/#breadcrumb\",\"itemListElement\":[{\"@type\":\"ListItem\",\"position\":1,\"name\":\"Startseite\",\"item\":\"https:\/\/weltlaeden.de\/landsberg\/\"},{\"@type\":\"ListItem\",\"position\":2,\"name\":\"Weltladenfest 2022\"}]},{\"@type\":\"WebSite\",\"@id\":\"https:\/\/weltlaeden.de\/landsberg\/#website\",\"url\":\"https:\/\/weltlaeden.de\/landsberg\/\",\"name\":\"Vorlage\",\"description\":\"Faire Produkte seit 1981\",\"potentialAction\":[{\"@type\":\"SearchAction\",\"target\":{\"@type\":\"EntryPoint\",\"urlTemplate\":\"https:\/\/weltlaeden.de\/landsberg\/?s={search_term_string}\"},\"query-input\":{\"@type\":\"PropertyValueSpecification\",\"valueRequired\":true,\"valueName\":\"search_term_string\"}}],\"inLanguage\":\"de\"},{\"@type\":\"Person\",\"@id\":\"https:\/\/weltlaeden.de\/landsberg\/#\/schema\/person\/3eaf1ae597a62854f52185d78a013b14\",\"name\":\"landsberg\",\"image\":{\"@type\":\"ImageObject\",\"inLanguage\":\"de\",\"@id\":\"https:\/\/weltlaeden.de\/landsberg\/#\/schema\/person\/image\/\",\"url\":\"https:\/\/secure.gravatar.com\/avatar\/3ca1086a43a5f9997caa814c597cff47?s=96&d=mm&r=g\",\"contentUrl\":\"https:\/\/secure.gravatar.com\/avatar\/3ca1086a43a5f9997caa814c597cff47?s=96&d=mm&r=g\",\"caption\":\"landsberg\"}}]}<\/script>\n<!-- \/ Yoast SEO plugin. -->","yoast_head_json":{"title":"Weltladenfest 2022 - Weltladen Landsberg","robots":{"index":"index","follow":"follow","max-snippet":"max-snippet:-1","max-image-preview":"max-image-preview:large","max-video-preview":"max-video-preview:-1"},"canonical":"https:\/\/weltlaeden.de\/landsberg\/weltladenfest-2022\/","og_locale":"de_DE","og_type":"article","og_title":"Weltladenfest 2022 - Weltladen Landsberg","og_description":"Gerne h\u00e4tte man das 40-j\u00e4hrige Bestehen des Weltladens im vergangenen Jahr gefeiert, doch Corona lie\u00df das nicht zu. Dann wird das eben nachgeholt, dachten sich die Mitglieder des Vereins Partnerschaft Eine Welt Landsberg e.V. und so fand am Samstag, 17. September 2022 das Weltladenfest 40+1 statt. Er\u00f6ffnet wurde die Feier durch ein \u00f6kumenisches Gebet der&hellip;","og_url":"https:\/\/weltlaeden.de\/landsberg\/weltladenfest-2022\/","og_site_name":"Weltladen Landsberg","article_published_time":"2022-10-02T19:28:04+00:00","og_image":[{"url":"https:\/\/weltlaeden.de\/landsberg\/wp-content\/uploads\/sites\/68\/2022\/10\/Weltladenfest-LL-40plus1-150x150.jpg","type":"","width":"","height":""}],"author":"landsberg","twitter_card":"summary_large_image","twitter_misc":{"Verfasst von":"landsberg","Gesch\u00e4tzte Lesezeit":"1\u00a0Minute"},"schema":{"@context":"https:\/\/schema.org","@graph":[{"@type":"Article","@id":"https:\/\/weltlaeden.de\/landsberg\/weltladenfest-2022\/#article","isPartOf":{"@id":"https:\/\/weltlaeden.de\/landsberg\/weltladenfest-2022\/"},"author":{"name":"landsberg","@id":"https:\/\/weltlaeden.de\/landsberg\/#\/schema\/person\/3eaf1ae597a62854f52185d78a013b14"},"headline":"Weltladenfest 2022","datePublished":"2022-10-02T19:28:04+00:00","mainEntityOfPage":{"@id":"https:\/\/weltlaeden.de\/landsberg\/weltladenfest-2022\/"},"wordCount":156,"image":{"@id":"https:\/\/weltlaeden.de\/landsberg\/weltladenfest-2022\/#primaryimage"},"thumbnailUrl":"https:\/\/weltlaeden.de\/landsberg\/wp-content\/uploads\/sites\/68\/2022\/10\/Weltladenfest-LL-40plus1-150x150.jpg","articleSection":["Keine Kategorie"],"inLanguage":"de"},{"@type":"WebPage","@id":"https:\/\/weltlaeden.de\/landsberg\/weltladenfest-2022\/","url":"https:\/\/weltlaeden.de\/landsberg\/weltladenfest-2022\/","name":"Weltladenfest 2022 - Weltladen Landsberg","isPartOf":{"@id":"https:\/\/weltlaeden.de\/landsberg\/#website"},"primaryImageOfPage":{"@id":"https:\/\/weltlaeden.de\/landsberg\/weltladenfest-2022\/#primaryimage"},"image":{"@id":"https:\/\/weltlaeden.de\/landsberg\/weltladenfest-2022\/#primaryimage"},"thumbnailUrl":"https:\/\/weltlaeden.de\/landsberg\/wp-content\/uploads\/sites\/68\/2022\/10\/Weltladenfest-LL-40plus1-150x150.jpg","datePublished":"2022-10-02T19:28:04+00:00","author":{"@id":"https:\/\/weltlaeden.de\/landsberg\/#\/schema\/person\/3eaf1ae597a62854f52185d78a013b14"},"breadcrumb":{"@id":"https:\/\/weltlaeden.de\/landsberg\/weltladenfest-2022\/#breadcrumb"},"inLanguage":"de","potentialAction":[{"@type":"ReadAction","target":["https:\/\/weltlaeden.de\/landsberg\/weltladenfest-2022\/"]}]},{"@type":"ImageObject","inLanguage":"de","@id":"https:\/\/weltlaeden.de\/landsberg\/weltladenfest-2022\/#primaryimage","url":"https:\/\/weltlaeden.de\/landsberg\/wp-content\/uploads\/sites\/68\/2022\/10\/Weltladenfest-LL-40plus1.jpg","contentUrl":"https:\/\/weltlaeden.de\/landsberg\/wp-content\/uploads\/sites\/68\/2022\/10\/Weltladenfest-LL-40plus1.jpg","width":652,"height":620},{"@type":"BreadcrumbList","@id":"https:\/\/weltlaeden.de\/landsberg\/weltladenfest-2022\/#breadcrumb","itemListElement":[{"@type":"ListItem","position":1,"name":"Startseite","item":"https:\/\/weltlaeden.de\/landsberg\/"},{"@type":"ListItem","position":2,"name":"Weltladenfest 2022"}]},{"@type":"WebSite","@id":"https:\/\/weltlaeden.de\/landsberg\/#website","url":"https:\/\/weltlaeden.de\/landsberg\/","name":"Vorlage","description":"Faire Produkte seit 1981","potentialAction":[{"@type":"SearchAction","target":{"@type":"EntryPoint","urlTemplate":"https:\/\/weltlaeden.de\/landsberg\/?s={search_term_string}"},"query-input":{"@type":"PropertyValueSpecification","valueRequired":true,"valueName":"search_term_string"}}],"inLanguage":"de"},{"@type":"Person","@id":"https:\/\/weltlaeden.de\/landsberg\/#\/schema\/person\/3eaf1ae597a62854f52185d78a013b14","name":"landsberg","image":{"@type":"ImageObject","inLanguage":"de","@id":"https:\/\/weltlaeden.de\/landsberg\/#\/schema\/person\/image\/","url":"https:\/\/secure.gravatar.com\/avatar\/3ca1086a43a5f9997caa814c597cff47?s=96&d=mm&r=g","contentUrl":"https:\/\/secure.gravatar.com\/avatar\/3ca1086a43a5f9997caa814c597cff47?s=96&d=mm&r=g","caption":"landsberg"}}]}},"_links":{"self":[{"href":"https:\/\/weltlaeden.de\/landsberg\/wp-json\/wp\/v2\/posts\/1250","targetHints":{"allow":["GET"]}}],"collection":[{"href":"https:\/\/weltlaeden.de\/landsberg\/wp-json\/wp\/v2\/posts"}],"about":[{"href":"https:\/\/weltlaeden.de\/landsberg\/wp-json\/wp\/v2\/types\/post"}],"author":[{"embeddable":true,"href":"https:\/\/weltlaeden.de\/landsberg\/wp-json\/wp\/v2\/users\/101"}],"replies":[{"embeddable":true,"href":"https:\/\/weltlaeden.de\/landsberg\/wp-json\/wp\/v2\/comments?post=1250"}],"version-history":[{"count":1,"href":"https:\/\/weltlaeden.de\/landsberg\/wp-json\/wp\/v2\/posts\/1250\/revisions"}],"predecessor-version":[{"id":1251,"href":"https:\/\/weltlaeden.de\/landsberg\/wp-json\/wp\/v2\/posts\/1250\/revisions\/1251"}],"wp:attachment":[{"href":"https:\/\/weltlaeden.de\/landsberg\/wp-json\/wp\/v2\/media?parent=1250"}],"wp:term":[{"taxonomy":"category","embeddable":true,"href":"https:\/\/weltlaeden.de\/landsberg\/wp-json\/wp\/v2\/categories?post=1250"},{"taxonomy":"post_tag","embeddable":true,"href":"https:\/\/weltlaeden.de\/landsberg\/wp-json\/wp\/v2\/tags?post=1250"}],"curies":[{"name":"wp","href":"https:\/\/api.w.org\/{rel}","templated":true}]}}