{"id":995,"date":"2025-12-03T14:35:49","date_gmt":"2025-12-03T13:35:49","guid":{"rendered":"https:\/\/weltlaeden.de\/katzenelnbogen\/?p=995"},"modified":"2025-12-03T15:28:54","modified_gmt":"2025-12-03T14:28:54","slug":"oeffnungszeiten-vorweihnachtszeit-im-weltladen-katzenelnbogen-weihnachtslose","status":"publish","type":"post","link":"https:\/\/weltlaeden.de\/katzenelnbogen\/oeffnungszeiten-vorweihnachtszeit-im-weltladen-katzenelnbogen-weihnachtslose\/","title":{"rendered":"\u00d6ffnungszeiten Vorweihnachtszeit im Weltladen Katzenelnbogen + Weihnachtslose"},"content":{"rendered":"<div class=\"wpb-content-wrapper\"><p>[vc_row][vc_column][vc_column_text css=&#8220;&#8220;]<img loading=\"lazy\" decoding=\"async\" class=\" wp-image-996 alignleft\" src=\"https:\/\/weltlaeden.de\/katzenelnbogen\/wp-content\/uploads\/sites\/229\/2025\/12\/business-1294211_1280-300x300.png\" alt=\"\" width=\"235\" height=\"235\" srcset=\"https:\/\/weltlaeden.de\/katzenelnbogen\/wp-content\/uploads\/sites\/229\/2025\/12\/business-1294211_1280-300x300.png 300w, https:\/\/weltlaeden.de\/katzenelnbogen\/wp-content\/uploads\/sites\/229\/2025\/12\/business-1294211_1280-1024x1024.png 1024w, https:\/\/weltlaeden.de\/katzenelnbogen\/wp-content\/uploads\/sites\/229\/2025\/12\/business-1294211_1280-150x150.png 150w, https:\/\/weltlaeden.de\/katzenelnbogen\/wp-content\/uploads\/sites\/229\/2025\/12\/business-1294211_1280-768x768.png 768w, https:\/\/weltlaeden.de\/katzenelnbogen\/wp-content\/uploads\/sites\/229\/2025\/12\/business-1294211_1280.png 1280w\" sizes=\"auto, (max-width: 235px) 100vw, 235px\" \/>Damit ihr genug Zeit habt, alle Eink\u00e4ufe rund um die Feiertage erledigen zu k\u00f6nnen, passen wir f\u00fcr einige Wochen unsere \u00d6ffnungszeiten ein wenig an.<\/p>\n<p>So haben wir direkt morgen, am 04.12., bis 19:30 Uhr ge\u00f6ffnet. Das soll den Weihnachtsmarktbesuchenden die Gelegenheit bieten, auch bei uns rein zu schauen.<\/p>\n<p>Dar\u00fcber hinaus werden wir Mittwochs bis Weihnachten zus\u00e4tzlich nachmittags offen sein. Von 15:00-18:00 Uhr stehen wir euch am 10. und 17.12. zus\u00e4tzlich mit Rat und Unterst\u00fctzung zur Seite.<img loading=\"lazy\" decoding=\"async\" class=\"size-medium wp-image-998 alignright\" src=\"https:\/\/weltlaeden.de\/katzenelnbogen\/wp-content\/uploads\/sites\/229\/2025\/12\/image02-e1764768861869-300x217.png\" alt=\"\" width=\"300\" height=\"217\" srcset=\"https:\/\/weltlaeden.de\/katzenelnbogen\/wp-content\/uploads\/sites\/229\/2025\/12\/image02-e1764768861869-300x217.png 300w, https:\/\/weltlaeden.de\/katzenelnbogen\/wp-content\/uploads\/sites\/229\/2025\/12\/image02-e1764768861869.png 686w\" sizes=\"auto, (max-width: 300px) 100vw, 300px\" \/><\/p>\n<p>Seit 01.12. gibt es zudem f\u00fcr die Einkaufenden die beliebten Weihnachtslose des Gewerberings der Verbandsgemeinde Katzenelnbogen. Gewinne von bis zu 250,- EUR sind m\u00f6glich.<\/p>\n<p><strong>Kommt gerne vorbei, nutzt die zus\u00e4tzlichen Stunden und holt euch eure Gewinnchancen ab. Wir freuen uns auf euch und haben vielleicht auch noch ein kleines Mitgebsel f\u00fcr die Advents-Shopper.<\/strong><\/p>\n<p>&nbsp;<\/p>\n<p>&nbsp;<\/p>\n<p>[\/vc_column_text][\/vc_column][\/vc_row]<\/p>\n<\/div>","protected":false},"excerpt":{"rendered":"<p>[vc_row][vc_column][vc_column_text css=&#8220;&#8220;]Damit ihr genug Zeit habt, alle Eink\u00e4ufe rund um die Feiertage erledigen zu k\u00f6nnen, passen wir f\u00fcr einige Wochen unsere \u00d6ffnungszeiten ein wenig an. So haben wir direkt morgen, am 04.12., bis 19:30 Uhr ge\u00f6ffnet. Das soll den Weihnachtsmarktbesuchenden die Gelegenheit bieten, auch bei uns rein zu schauen. Dar\u00fcber hinaus werden wir Mittwochs bis&hellip;<\/p>\n","protected":false},"author":340,"featured_media":996,"comment_status":"closed","ping_status":"closed","sticky":false,"template":"","format":"standard","meta":{"footnotes":""},"categories":[8],"tags":[],"class_list":["post-995","post","type-post","status-publish","format-standard","has-post-thumbnail","hentry","category-neues","category-8","description-off"],"yoast_head":"<!-- This site is optimized with the Yoast SEO plugin v26.8 - https:\/\/yoast.com\/product\/yoast-seo-wordpress\/ -->\n<title>\u00d6ffnungszeiten Vorweihnachtszeit im Weltladen Katzenelnbogen + Weihnachtslose - Weltladen Katzenelnbogen<\/title>\n<meta name=\"robots\" content=\"index, follow, max-snippet:-1, max-image-preview:large, max-video-preview:-1\" \/>\n<link rel=\"canonical\" href=\"https:\/\/weltlaeden.de\/katzenelnbogen\/oeffnungszeiten-vorweihnachtszeit-im-weltladen-katzenelnbogen-weihnachtslose\/\" \/>\n<meta property=\"og:locale\" content=\"de_DE\" \/>\n<meta property=\"og:type\" content=\"article\" \/>\n<meta property=\"og:title\" content=\"\u00d6ffnungszeiten Vorweihnachtszeit im Weltladen Katzenelnbogen + Weihnachtslose - Weltladen Katzenelnbogen\" \/>\n<meta property=\"og:description\" content=\"[vc_row][vc_column][vc_column_text css=&#8220;&#8220;]Damit ihr genug Zeit habt, alle Eink\u00e4ufe rund um die Feiertage erledigen zu k\u00f6nnen, passen wir f\u00fcr einige Wochen unsere \u00d6ffnungszeiten ein wenig an. So haben wir direkt morgen, am 04.12., bis 19:30 Uhr ge\u00f6ffnet. Das soll den Weihnachtsmarktbesuchenden die Gelegenheit bieten, auch bei uns rein zu schauen. Dar\u00fcber hinaus werden wir Mittwochs bis&hellip;\" \/>\n<meta property=\"og:url\" content=\"https:\/\/weltlaeden.de\/katzenelnbogen\/oeffnungszeiten-vorweihnachtszeit-im-weltladen-katzenelnbogen-weihnachtslose\/\" \/>\n<meta property=\"og:site_name\" content=\"Weltladen Katzenelnbogen\" \/>\n<meta property=\"article:published_time\" content=\"2025-12-03T13:35:49+00:00\" \/>\n<meta property=\"article:modified_time\" content=\"2025-12-03T14:28:54+00:00\" \/>\n<meta property=\"og:image\" content=\"https:\/\/weltlaeden.de\/katzenelnbogen\/wp-content\/uploads\/sites\/229\/2025\/12\/business-1294211_1280.png\" \/>\n\t<meta property=\"og:image:width\" content=\"1280\" \/>\n\t<meta property=\"og:image:height\" content=\"1280\" \/>\n\t<meta property=\"og:image:type\" content=\"image\/png\" \/>\n<meta name=\"author\" content=\"katzenelnbogen\" \/>\n<meta name=\"twitter:card\" content=\"summary_large_image\" \/>\n<meta name=\"twitter:label1\" content=\"Verfasst von\" \/>\n\t<meta name=\"twitter:data1\" content=\"katzenelnbogen\" \/>\n\t<meta name=\"twitter:label2\" content=\"Gesch\u00e4tzte Lesezeit\" \/>\n\t<meta name=\"twitter:data2\" content=\"1\u00a0Minute\" \/>\n<script type=\"application\/ld+json\" class=\"yoast-schema-graph\">{\"@context\":\"https:\/\/schema.org\",\"@graph\":[{\"@type\":\"Article\",\"@id\":\"https:\/\/weltlaeden.de\/katzenelnbogen\/oeffnungszeiten-vorweihnachtszeit-im-weltladen-katzenelnbogen-weihnachtslose\/#article\",\"isPartOf\":{\"@id\":\"https:\/\/weltlaeden.de\/katzenelnbogen\/oeffnungszeiten-vorweihnachtszeit-im-weltladen-katzenelnbogen-weihnachtslose\/\"},\"author\":{\"name\":\"katzenelnbogen\",\"@id\":\"https:\/\/weltlaeden.de\/katzenelnbogen\/#\/schema\/person\/1e48028d6dee1acc5fcccfca7cf8a38c\"},\"headline\":\"\u00d6ffnungszeiten Vorweihnachtszeit im Weltladen Katzenelnbogen + Weihnachtslose\",\"datePublished\":\"2025-12-03T13:35:49+00:00\",\"dateModified\":\"2025-12-03T14:28:54+00:00\",\"mainEntityOfPage\":{\"@id\":\"https:\/\/weltlaeden.de\/katzenelnbogen\/oeffnungszeiten-vorweihnachtszeit-im-weltladen-katzenelnbogen-weihnachtslose\/\"},\"wordCount\":159,\"image\":{\"@id\":\"https:\/\/weltlaeden.de\/katzenelnbogen\/oeffnungszeiten-vorweihnachtszeit-im-weltladen-katzenelnbogen-weihnachtslose\/#primaryimage\"},\"thumbnailUrl\":\"https:\/\/weltlaeden.de\/katzenelnbogen\/wp-content\/uploads\/sites\/229\/2025\/12\/business-1294211_1280.png\",\"articleSection\":[\"Neuigkeiten\"],\"inLanguage\":\"de\"},{\"@type\":\"WebPage\",\"@id\":\"https:\/\/weltlaeden.de\/katzenelnbogen\/oeffnungszeiten-vorweihnachtszeit-im-weltladen-katzenelnbogen-weihnachtslose\/\",\"url\":\"https:\/\/weltlaeden.de\/katzenelnbogen\/oeffnungszeiten-vorweihnachtszeit-im-weltladen-katzenelnbogen-weihnachtslose\/\",\"name\":\"\u00d6ffnungszeiten Vorweihnachtszeit im Weltladen Katzenelnbogen + Weihnachtslose - Weltladen Katzenelnbogen\",\"isPartOf\":{\"@id\":\"https:\/\/weltlaeden.de\/katzenelnbogen\/#website\"},\"primaryImageOfPage\":{\"@id\":\"https:\/\/weltlaeden.de\/katzenelnbogen\/oeffnungszeiten-vorweihnachtszeit-im-weltladen-katzenelnbogen-weihnachtslose\/#primaryimage\"},\"image\":{\"@id\":\"https:\/\/weltlaeden.de\/katzenelnbogen\/oeffnungszeiten-vorweihnachtszeit-im-weltladen-katzenelnbogen-weihnachtslose\/#primaryimage\"},\"thumbnailUrl\":\"https:\/\/weltlaeden.de\/katzenelnbogen\/wp-content\/uploads\/sites\/229\/2025\/12\/business-1294211_1280.png\",\"datePublished\":\"2025-12-03T13:35:49+00:00\",\"dateModified\":\"2025-12-03T14:28:54+00:00\",\"author\":{\"@id\":\"https:\/\/weltlaeden.de\/katzenelnbogen\/#\/schema\/person\/1e48028d6dee1acc5fcccfca7cf8a38c\"},\"breadcrumb\":{\"@id\":\"https:\/\/weltlaeden.de\/katzenelnbogen\/oeffnungszeiten-vorweihnachtszeit-im-weltladen-katzenelnbogen-weihnachtslose\/#breadcrumb\"},\"inLanguage\":\"de\",\"potentialAction\":[{\"@type\":\"ReadAction\",\"target\":[\"https:\/\/weltlaeden.de\/katzenelnbogen\/oeffnungszeiten-vorweihnachtszeit-im-weltladen-katzenelnbogen-weihnachtslose\/\"]}]},{\"@type\":\"ImageObject\",\"inLanguage\":\"de\",\"@id\":\"https:\/\/weltlaeden.de\/katzenelnbogen\/oeffnungszeiten-vorweihnachtszeit-im-weltladen-katzenelnbogen-weihnachtslose\/#primaryimage\",\"url\":\"https:\/\/weltlaeden.de\/katzenelnbogen\/wp-content\/uploads\/sites\/229\/2025\/12\/business-1294211_1280.png\",\"contentUrl\":\"https:\/\/weltlaeden.de\/katzenelnbogen\/wp-content\/uploads\/sites\/229\/2025\/12\/business-1294211_1280.png\",\"width\":1280,\"height\":1280},{\"@type\":\"BreadcrumbList\",\"@id\":\"https:\/\/weltlaeden.de\/katzenelnbogen\/oeffnungszeiten-vorweihnachtszeit-im-weltladen-katzenelnbogen-weihnachtslose\/#breadcrumb\",\"itemListElement\":[{\"@type\":\"ListItem\",\"position\":1,\"name\":\"Startseite\",\"item\":\"https:\/\/weltlaeden.de\/katzenelnbogen\/\"},{\"@type\":\"ListItem\",\"position\":2,\"name\":\"\u00d6ffnungszeiten Vorweihnachtszeit im Weltladen Katzenelnbogen + Weihnachtslose\"}]},{\"@type\":\"WebSite\",\"@id\":\"https:\/\/weltlaeden.de\/katzenelnbogen\/#website\",\"url\":\"https:\/\/weltlaeden.de\/katzenelnbogen\/\",\"name\":\"Weltladen Katzenelnbogen\",\"description\":\"Faire Produkte seit 1990\",\"potentialAction\":[{\"@type\":\"SearchAction\",\"target\":{\"@type\":\"EntryPoint\",\"urlTemplate\":\"https:\/\/weltlaeden.de\/katzenelnbogen\/?s={search_term_string}\"},\"query-input\":{\"@type\":\"PropertyValueSpecification\",\"valueRequired\":true,\"valueName\":\"search_term_string\"}}],\"inLanguage\":\"de\"},{\"@type\":\"Person\",\"@id\":\"https:\/\/weltlaeden.de\/katzenelnbogen\/#\/schema\/person\/1e48028d6dee1acc5fcccfca7cf8a38c\",\"name\":\"katzenelnbogen\",\"image\":{\"@type\":\"ImageObject\",\"inLanguage\":\"de\",\"@id\":\"https:\/\/weltlaeden.de\/katzenelnbogen\/#\/schema\/person\/image\/\",\"url\":\"https:\/\/secure.gravatar.com\/avatar\/897c2ff6faf7d2cc03929403bdf1796b?s=96&d=mm&r=g\",\"contentUrl\":\"https:\/\/secure.gravatar.com\/avatar\/897c2ff6faf7d2cc03929403bdf1796b?s=96&d=mm&r=g\",\"caption\":\"katzenelnbogen\"}}]}<\/script>\n<!-- \/ Yoast SEO plugin. -->","yoast_head_json":{"title":"\u00d6ffnungszeiten Vorweihnachtszeit im Weltladen Katzenelnbogen + Weihnachtslose - Weltladen Katzenelnbogen","robots":{"index":"index","follow":"follow","max-snippet":"max-snippet:-1","max-image-preview":"max-image-preview:large","max-video-preview":"max-video-preview:-1"},"canonical":"https:\/\/weltlaeden.de\/katzenelnbogen\/oeffnungszeiten-vorweihnachtszeit-im-weltladen-katzenelnbogen-weihnachtslose\/","og_locale":"de_DE","og_type":"article","og_title":"\u00d6ffnungszeiten Vorweihnachtszeit im Weltladen Katzenelnbogen + Weihnachtslose - Weltladen Katzenelnbogen","og_description":"[vc_row][vc_column][vc_column_text css=&#8220;&#8220;]Damit ihr genug Zeit habt, alle Eink\u00e4ufe rund um die Feiertage erledigen zu k\u00f6nnen, passen wir f\u00fcr einige Wochen unsere \u00d6ffnungszeiten ein wenig an. So haben wir direkt morgen, am 04.12., bis 19:30 Uhr ge\u00f6ffnet. Das soll den Weihnachtsmarktbesuchenden die Gelegenheit bieten, auch bei uns rein zu schauen. Dar\u00fcber hinaus werden wir Mittwochs bis&hellip;","og_url":"https:\/\/weltlaeden.de\/katzenelnbogen\/oeffnungszeiten-vorweihnachtszeit-im-weltladen-katzenelnbogen-weihnachtslose\/","og_site_name":"Weltladen Katzenelnbogen","article_published_time":"2025-12-03T13:35:49+00:00","article_modified_time":"2025-12-03T14:28:54+00:00","og_image":[{"width":1280,"height":1280,"url":"https:\/\/weltlaeden.de\/katzenelnbogen\/wp-content\/uploads\/sites\/229\/2025\/12\/business-1294211_1280.png","type":"image\/png"}],"author":"katzenelnbogen","twitter_card":"summary_large_image","twitter_misc":{"Verfasst von":"katzenelnbogen","Gesch\u00e4tzte Lesezeit":"1\u00a0Minute"},"schema":{"@context":"https:\/\/schema.org","@graph":[{"@type":"Article","@id":"https:\/\/weltlaeden.de\/katzenelnbogen\/oeffnungszeiten-vorweihnachtszeit-im-weltladen-katzenelnbogen-weihnachtslose\/#article","isPartOf":{"@id":"https:\/\/weltlaeden.de\/katzenelnbogen\/oeffnungszeiten-vorweihnachtszeit-im-weltladen-katzenelnbogen-weihnachtslose\/"},"author":{"name":"katzenelnbogen","@id":"https:\/\/weltlaeden.de\/katzenelnbogen\/#\/schema\/person\/1e48028d6dee1acc5fcccfca7cf8a38c"},"headline":"\u00d6ffnungszeiten Vorweihnachtszeit im Weltladen Katzenelnbogen + Weihnachtslose","datePublished":"2025-12-03T13:35:49+00:00","dateModified":"2025-12-03T14:28:54+00:00","mainEntityOfPage":{"@id":"https:\/\/weltlaeden.de\/katzenelnbogen\/oeffnungszeiten-vorweihnachtszeit-im-weltladen-katzenelnbogen-weihnachtslose\/"},"wordCount":159,"image":{"@id":"https:\/\/weltlaeden.de\/katzenelnbogen\/oeffnungszeiten-vorweihnachtszeit-im-weltladen-katzenelnbogen-weihnachtslose\/#primaryimage"},"thumbnailUrl":"https:\/\/weltlaeden.de\/katzenelnbogen\/wp-content\/uploads\/sites\/229\/2025\/12\/business-1294211_1280.png","articleSection":["Neuigkeiten"],"inLanguage":"de"},{"@type":"WebPage","@id":"https:\/\/weltlaeden.de\/katzenelnbogen\/oeffnungszeiten-vorweihnachtszeit-im-weltladen-katzenelnbogen-weihnachtslose\/","url":"https:\/\/weltlaeden.de\/katzenelnbogen\/oeffnungszeiten-vorweihnachtszeit-im-weltladen-katzenelnbogen-weihnachtslose\/","name":"\u00d6ffnungszeiten Vorweihnachtszeit im Weltladen Katzenelnbogen + Weihnachtslose - Weltladen Katzenelnbogen","isPartOf":{"@id":"https:\/\/weltlaeden.de\/katzenelnbogen\/#website"},"primaryImageOfPage":{"@id":"https:\/\/weltlaeden.de\/katzenelnbogen\/oeffnungszeiten-vorweihnachtszeit-im-weltladen-katzenelnbogen-weihnachtslose\/#primaryimage"},"image":{"@id":"https:\/\/weltlaeden.de\/katzenelnbogen\/oeffnungszeiten-vorweihnachtszeit-im-weltladen-katzenelnbogen-weihnachtslose\/#primaryimage"},"thumbnailUrl":"https:\/\/weltlaeden.de\/katzenelnbogen\/wp-content\/uploads\/sites\/229\/2025\/12\/business-1294211_1280.png","datePublished":"2025-12-03T13:35:49+00:00","dateModified":"2025-12-03T14:28:54+00:00","author":{"@id":"https:\/\/weltlaeden.de\/katzenelnbogen\/#\/schema\/person\/1e48028d6dee1acc5fcccfca7cf8a38c"},"breadcrumb":{"@id":"https:\/\/weltlaeden.de\/katzenelnbogen\/oeffnungszeiten-vorweihnachtszeit-im-weltladen-katzenelnbogen-weihnachtslose\/#breadcrumb"},"inLanguage":"de","potentialAction":[{"@type":"ReadAction","target":["https:\/\/weltlaeden.de\/katzenelnbogen\/oeffnungszeiten-vorweihnachtszeit-im-weltladen-katzenelnbogen-weihnachtslose\/"]}]},{"@type":"ImageObject","inLanguage":"de","@id":"https:\/\/weltlaeden.de\/katzenelnbogen\/oeffnungszeiten-vorweihnachtszeit-im-weltladen-katzenelnbogen-weihnachtslose\/#primaryimage","url":"https:\/\/weltlaeden.de\/katzenelnbogen\/wp-content\/uploads\/sites\/229\/2025\/12\/business-1294211_1280.png","contentUrl":"https:\/\/weltlaeden.de\/katzenelnbogen\/wp-content\/uploads\/sites\/229\/2025\/12\/business-1294211_1280.png","width":1280,"height":1280},{"@type":"BreadcrumbList","@id":"https:\/\/weltlaeden.de\/katzenelnbogen\/oeffnungszeiten-vorweihnachtszeit-im-weltladen-katzenelnbogen-weihnachtslose\/#breadcrumb","itemListElement":[{"@type":"ListItem","position":1,"name":"Startseite","item":"https:\/\/weltlaeden.de\/katzenelnbogen\/"},{"@type":"ListItem","position":2,"name":"\u00d6ffnungszeiten Vorweihnachtszeit im Weltladen Katzenelnbogen + Weihnachtslose"}]},{"@type":"WebSite","@id":"https:\/\/weltlaeden.de\/katzenelnbogen\/#website","url":"https:\/\/weltlaeden.de\/katzenelnbogen\/","name":"Weltladen Katzenelnbogen","description":"Faire Produkte seit 1990","potentialAction":[{"@type":"SearchAction","target":{"@type":"EntryPoint","urlTemplate":"https:\/\/weltlaeden.de\/katzenelnbogen\/?s={search_term_string}"},"query-input":{"@type":"PropertyValueSpecification","valueRequired":true,"valueName":"search_term_string"}}],"inLanguage":"de"},{"@type":"Person","@id":"https:\/\/weltlaeden.de\/katzenelnbogen\/#\/schema\/person\/1e48028d6dee1acc5fcccfca7cf8a38c","name":"katzenelnbogen","image":{"@type":"ImageObject","inLanguage":"de","@id":"https:\/\/weltlaeden.de\/katzenelnbogen\/#\/schema\/person\/image\/","url":"https:\/\/secure.gravatar.com\/avatar\/897c2ff6faf7d2cc03929403bdf1796b?s=96&d=mm&r=g","contentUrl":"https:\/\/secure.gravatar.com\/avatar\/897c2ff6faf7d2cc03929403bdf1796b?s=96&d=mm&r=g","caption":"katzenelnbogen"}}]}},"_links":{"self":[{"href":"https:\/\/weltlaeden.de\/katzenelnbogen\/wp-json\/wp\/v2\/posts\/995","targetHints":{"allow":["GET"]}}],"collection":[{"href":"https:\/\/weltlaeden.de\/katzenelnbogen\/wp-json\/wp\/v2\/posts"}],"about":[{"href":"https:\/\/weltlaeden.de\/katzenelnbogen\/wp-json\/wp\/v2\/types\/post"}],"author":[{"embeddable":true,"href":"https:\/\/weltlaeden.de\/katzenelnbogen\/wp-json\/wp\/v2\/users\/340"}],"replies":[{"embeddable":true,"href":"https:\/\/weltlaeden.de\/katzenelnbogen\/wp-json\/wp\/v2\/comments?post=995"}],"version-history":[{"count":4,"href":"https:\/\/weltlaeden.de\/katzenelnbogen\/wp-json\/wp\/v2\/posts\/995\/revisions"}],"predecessor-version":[{"id":1001,"href":"https:\/\/weltlaeden.de\/katzenelnbogen\/wp-json\/wp\/v2\/posts\/995\/revisions\/1001"}],"wp:featuredmedia":[{"embeddable":true,"href":"https:\/\/weltlaeden.de\/katzenelnbogen\/wp-json\/wp\/v2\/media\/996"}],"wp:attachment":[{"href":"https:\/\/weltlaeden.de\/katzenelnbogen\/wp-json\/wp\/v2\/media?parent=995"}],"wp:term":[{"taxonomy":"category","embeddable":true,"href":"https:\/\/weltlaeden.de\/katzenelnbogen\/wp-json\/wp\/v2\/categories?post=995"},{"taxonomy":"post_tag","embeddable":true,"href":"https:\/\/weltlaeden.de\/katzenelnbogen\/wp-json\/wp\/v2\/tags?post=995"}],"curies":[{"name":"wp","href":"https:\/\/api.w.org\/{rel}","templated":true}]}}