{"id":946,"date":"2025-11-04T10:00:55","date_gmt":"2025-11-04T09:00:55","guid":{"rendered":"https:\/\/weltlaeden.de\/katzenelnbogen\/?p=946"},"modified":"2025-11-04T11:04:47","modified_gmt":"2025-11-04T10:04:47","slug":"jahresmitgliedsversammlung-2025-wahl-neuer-vorstand","status":"publish","type":"post","link":"https:\/\/weltlaeden.de\/katzenelnbogen\/jahresmitgliedsversammlung-2025-wahl-neuer-vorstand\/","title":{"rendered":"Jahresmitgliederversammlung 2025 AG Eine Welt e.V. &#8211; Wahl neuer Vorstand"},"content":{"rendered":"<p>Am 30.10. fand die Jahresmitgliedsversammlung unserer AG Eine Welt e.V. im Pfarrheim Katzenelnbogen statt.<\/p>\n<p><img loading=\"lazy\" decoding=\"async\" class=\"size-medium wp-image-948 alignright\" src=\"https:\/\/weltlaeden.de\/katzenelnbogen\/wp-content\/uploads\/sites\/229\/2025\/11\/EventsVorjahr-300x150.jpg\" alt=\"\" width=\"300\" height=\"150\" srcset=\"https:\/\/weltlaeden.de\/katzenelnbogen\/wp-content\/uploads\/sites\/229\/2025\/11\/EventsVorjahr-300x150.jpg 300w, https:\/\/weltlaeden.de\/katzenelnbogen\/wp-content\/uploads\/sites\/229\/2025\/11\/EventsVorjahr-1024x511.jpg 1024w, https:\/\/weltlaeden.de\/katzenelnbogen\/wp-content\/uploads\/sites\/229\/2025\/11\/EventsVorjahr-768x383.jpg 768w, https:\/\/weltlaeden.de\/katzenelnbogen\/wp-content\/uploads\/sites\/229\/2025\/11\/EventsVorjahr.jpg 1516w\" sizes=\"auto, (max-width: 300px) 100vw, 300px\" \/><\/p>\n<p>Mit \u00fcber 20 Teilnehmenden war der Verein beschlussf\u00e4hig vor Ort und konnte so verschiedene Themen zu einer Entscheidung bringen.<\/p>\n<p>Zun\u00e4chst wurde jedoch ein kurzer R\u00fcckblick auf die vergangenen 12 Monate geworfen und ein \u00dcberblick der Veranstaltungen geliefert sowie die Ertrags- und Verlustrechnung vorgestellt. Auch der Bericht der Kassenpr\u00fcfer war obligatorischer Bestandteil der Sitzung.<\/p>\n<p>&nbsp;<\/p>\n<div id=\"attachment_949\" style=\"width: 310px\" class=\"wp-caption alignleft\"><img loading=\"lazy\" decoding=\"async\" aria-describedby=\"caption-attachment-949\" class=\"wp-image-949 size-medium\" src=\"https:\/\/weltlaeden.de\/katzenelnbogen\/wp-content\/uploads\/sites\/229\/2025\/11\/NeuerVorstandVerein-300x192.jpg\" alt=\"\" width=\"300\" height=\"192\" srcset=\"https:\/\/weltlaeden.de\/katzenelnbogen\/wp-content\/uploads\/sites\/229\/2025\/11\/NeuerVorstandVerein-300x192.jpg 300w, https:\/\/weltlaeden.de\/katzenelnbogen\/wp-content\/uploads\/sites\/229\/2025\/11\/NeuerVorstandVerein-1024x656.jpg 1024w, https:\/\/weltlaeden.de\/katzenelnbogen\/wp-content\/uploads\/sites\/229\/2025\/11\/NeuerVorstandVerein-768x492.jpg 768w, https:\/\/weltlaeden.de\/katzenelnbogen\/wp-content\/uploads\/sites\/229\/2025\/11\/NeuerVorstandVerein.jpg 1194w\" sizes=\"auto, (max-width: 300px) 100vw, 300px\" \/><p id=\"caption-attachment-949\" class=\"wp-caption-text\">Neuer Vorstand AG Eine Welt e.V. v.l.n.r.: Detlef Rieger, Susanne Seelbach, Anke Metz<\/p><\/div>\n<p>Einer der Schwerpunkte des diesj\u00e4hrigen Treffens bestand in der Neuwahl des Vorstandes, da sich der aktuelle Vorstand nach langj\u00e4hriger Mitarbeit, zum Teil \u00fcber 30 Jahre, zu einem gesamthaften R\u00fccktritt entschieden hat. In den letzten Monaten konnten neue Interessierte f\u00fcr die Vorstandsarbeit gewonnen werden, die sich zur Wahl stellten und in dieser auch mit einstimmiger Mehrheit best\u00e4tigt wurden.<br \/>\nEine weitere Entscheidung, die einstimmig getoffen wurde, betraf erzielte Gewinne des Vereins. Diese werden nach Beschluss zun\u00e4chst nicht verteilt sondern dem neuen Vorstand als Planmasse f\u00fcr vielf\u00e4ltige Themen wie z.B. Digitalisierungsaktivit\u00e4ten im Weltladen-Kontext \u00fcberlassen. \u00dcber verbleibende Gewinne kann im Folgejahr ein neuer Beschluss zur Verteilung getroffen werden. Abschlie\u00dfend wurden zuk\u00fcnftige Termine besprochen.<\/p>\n<div id=\"attachment_964\" style=\"width: 310px\" class=\"wp-caption alignright\"><img loading=\"lazy\" decoding=\"async\" aria-describedby=\"caption-attachment-964\" class=\"wp-image-964 size-medium\" src=\"https:\/\/weltlaeden.de\/katzenelnbogen\/wp-content\/uploads\/sites\/229\/2025\/11\/Screenshot-2025-11-04-105621-300x165.jpg\" alt=\"\" width=\"300\" height=\"165\" srcset=\"https:\/\/weltlaeden.de\/katzenelnbogen\/wp-content\/uploads\/sites\/229\/2025\/11\/Screenshot-2025-11-04-105621-300x165.jpg 300w, https:\/\/weltlaeden.de\/katzenelnbogen\/wp-content\/uploads\/sites\/229\/2025\/11\/Screenshot-2025-11-04-105621-768x424.jpg 768w, https:\/\/weltlaeden.de\/katzenelnbogen\/wp-content\/uploads\/sites\/229\/2025\/11\/Screenshot-2025-11-04-105621.jpg 892w\" sizes=\"auto, (max-width: 300px) 100vw, 300px\" \/><p id=\"caption-attachment-964\" class=\"wp-caption-text\">Bisheriger Vorstand AG Eine Welt e.V. v.l.n.r.: Therese Liesenfeld, Iris Nefferdorf, Marita Schulz<\/p><\/div>\n<p>Der neue Vorstand sowie der gesamte Verein m\u00f6chten sich ganz herzlich nochmal bei den ausscheidenden Vorst\u00e4nden f\u00fcr die gro\u00dfartige Arbeit in den letzten Jahren &amp; Jahrzehnten bedanken und freuen sich vor allem in der \u00dcbergangsphase auf eine weitere erfolgreiche Zusammenarbeit.<\/p>\n<p>Zus\u00e4tzlich blicken die neuen Vorst\u00e4nde gespannt auf die Zukunft und werden die kommenden Wochen f\u00fcr \u00dcbergaben aber auch Eruierung neuer Ideen\/M\u00f6glichkeiten nutzen, die Weltladen und Verein noch weiter voranbringen k\u00f6nnen.<\/p>\n","protected":false},"excerpt":{"rendered":"<p>Am 30.10. fand die Jahresmitgliedsversammlung unserer AG Eine Welt e.V. im Pfarrheim Katzenelnbogen statt. Mit \u00fcber 20 Teilnehmenden war der Verein beschlussf\u00e4hig vor Ort und konnte so verschiedene Themen zu einer Entscheidung bringen. Zun\u00e4chst wurde jedoch ein kurzer R\u00fcckblick auf die vergangenen 12 Monate geworfen und ein \u00dcberblick der Veranstaltungen geliefert sowie die Ertrags- und&hellip;<\/p>\n","protected":false},"author":340,"featured_media":959,"comment_status":"closed","ping_status":"closed","sticky":false,"template":"","format":"standard","meta":{"footnotes":""},"categories":[8],"tags":[32,36,33,35,34],"class_list":["post-946","post","type-post","status-publish","format-standard","has-post-thumbnail","hentry","category-neues","tag-jahresmitgliedsversammlung","tag-rueckblick","tag-verein","tag-vorstandswahl","tag-weltladen","category-8","description-off"],"yoast_head":"<!-- This site is optimized with the Yoast SEO plugin v26.8 - https:\/\/yoast.com\/product\/yoast-seo-wordpress\/ -->\n<title>Jahresmitgliederversammlung 2025 AG Eine Welt e.V. - Wahl neuer Vorstand - Weltladen Katzenelnbogen<\/title>\n<meta name=\"robots\" content=\"index, follow, max-snippet:-1, max-image-preview:large, max-video-preview:-1\" \/>\n<link rel=\"canonical\" href=\"https:\/\/weltlaeden.de\/katzenelnbogen\/jahresmitgliedsversammlung-2025-wahl-neuer-vorstand\/\" \/>\n<meta property=\"og:locale\" content=\"de_DE\" \/>\n<meta property=\"og:type\" content=\"article\" \/>\n<meta property=\"og:title\" content=\"Jahresmitgliederversammlung 2025 AG Eine Welt e.V. - Wahl neuer Vorstand - Weltladen Katzenelnbogen\" \/>\n<meta property=\"og:description\" content=\"Am 30.10. fand die Jahresmitgliedsversammlung unserer AG Eine Welt e.V. im Pfarrheim Katzenelnbogen statt. Mit \u00fcber 20 Teilnehmenden war der Verein beschlussf\u00e4hig vor Ort und konnte so verschiedene Themen zu einer Entscheidung bringen. Zun\u00e4chst wurde jedoch ein kurzer R\u00fcckblick auf die vergangenen 12 Monate geworfen und ein \u00dcberblick der Veranstaltungen geliefert sowie die Ertrags- und&hellip;\" \/>\n<meta property=\"og:url\" content=\"https:\/\/weltlaeden.de\/katzenelnbogen\/jahresmitgliedsversammlung-2025-wahl-neuer-vorstand\/\" \/>\n<meta property=\"og:site_name\" content=\"Weltladen Katzenelnbogen\" \/>\n<meta property=\"article:published_time\" content=\"2025-11-04T09:00:55+00:00\" \/>\n<meta property=\"article:modified_time\" content=\"2025-11-04T10:04:47+00:00\" \/>\n<meta property=\"og:image\" content=\"https:\/\/weltlaeden.de\/katzenelnbogen\/wp-content\/uploads\/sites\/229\/2025\/11\/EingangsfolieVersammlung-1.jpg\" \/>\n\t<meta property=\"og:image:width\" content=\"1483\" \/>\n\t<meta property=\"og:image:height\" content=\"551\" \/>\n\t<meta property=\"og:image:type\" content=\"image\/jpeg\" \/>\n<meta name=\"author\" content=\"katzenelnbogen\" \/>\n<meta name=\"twitter:card\" content=\"summary_large_image\" \/>\n<meta name=\"twitter:label1\" content=\"Verfasst von\" \/>\n\t<meta name=\"twitter:data1\" content=\"katzenelnbogen\" \/>\n\t<meta name=\"twitter:label2\" content=\"Gesch\u00e4tzte Lesezeit\" \/>\n\t<meta name=\"twitter:data2\" content=\"2\u00a0Minuten\" \/>\n<script type=\"application\/ld+json\" class=\"yoast-schema-graph\">{\"@context\":\"https:\/\/schema.org\",\"@graph\":[{\"@type\":\"Article\",\"@id\":\"https:\/\/weltlaeden.de\/katzenelnbogen\/jahresmitgliedsversammlung-2025-wahl-neuer-vorstand\/#article\",\"isPartOf\":{\"@id\":\"https:\/\/weltlaeden.de\/katzenelnbogen\/jahresmitgliedsversammlung-2025-wahl-neuer-vorstand\/\"},\"author\":{\"name\":\"katzenelnbogen\",\"@id\":\"https:\/\/weltlaeden.de\/katzenelnbogen\/#\/schema\/person\/1e48028d6dee1acc5fcccfca7cf8a38c\"},\"headline\":\"Jahresmitgliederversammlung 2025 AG Eine Welt e.V. &#8211; Wahl neuer Vorstand\",\"datePublished\":\"2025-11-04T09:00:55+00:00\",\"dateModified\":\"2025-11-04T10:04:47+00:00\",\"mainEntityOfPage\":{\"@id\":\"https:\/\/weltlaeden.de\/katzenelnbogen\/jahresmitgliedsversammlung-2025-wahl-neuer-vorstand\/\"},\"wordCount\":328,\"image\":{\"@id\":\"https:\/\/weltlaeden.de\/katzenelnbogen\/jahresmitgliedsversammlung-2025-wahl-neuer-vorstand\/#primaryimage\"},\"thumbnailUrl\":\"https:\/\/weltlaeden.de\/katzenelnbogen\/wp-content\/uploads\/sites\/229\/2025\/11\/EingangsfolieVersammlung-1.jpg\",\"keywords\":[\"Jahresmitgliedsversammlung\",\"R\u00fcckblick\",\"Verein\",\"Vorstandswahl\",\"Weltladen\"],\"articleSection\":[\"Neuigkeiten\"],\"inLanguage\":\"de\"},{\"@type\":\"WebPage\",\"@id\":\"https:\/\/weltlaeden.de\/katzenelnbogen\/jahresmitgliedsversammlung-2025-wahl-neuer-vorstand\/\",\"url\":\"https:\/\/weltlaeden.de\/katzenelnbogen\/jahresmitgliedsversammlung-2025-wahl-neuer-vorstand\/\",\"name\":\"Jahresmitgliederversammlung 2025 AG Eine Welt e.V. - Wahl neuer Vorstand - Weltladen Katzenelnbogen\",\"isPartOf\":{\"@id\":\"https:\/\/weltlaeden.de\/katzenelnbogen\/#website\"},\"primaryImageOfPage\":{\"@id\":\"https:\/\/weltlaeden.de\/katzenelnbogen\/jahresmitgliedsversammlung-2025-wahl-neuer-vorstand\/#primaryimage\"},\"image\":{\"@id\":\"https:\/\/weltlaeden.de\/katzenelnbogen\/jahresmitgliedsversammlung-2025-wahl-neuer-vorstand\/#primaryimage\"},\"thumbnailUrl\":\"https:\/\/weltlaeden.de\/katzenelnbogen\/wp-content\/uploads\/sites\/229\/2025\/11\/EingangsfolieVersammlung-1.jpg\",\"datePublished\":\"2025-11-04T09:00:55+00:00\",\"dateModified\":\"2025-11-04T10:04:47+00:00\",\"author\":{\"@id\":\"https:\/\/weltlaeden.de\/katzenelnbogen\/#\/schema\/person\/1e48028d6dee1acc5fcccfca7cf8a38c\"},\"breadcrumb\":{\"@id\":\"https:\/\/weltlaeden.de\/katzenelnbogen\/jahresmitgliedsversammlung-2025-wahl-neuer-vorstand\/#breadcrumb\"},\"inLanguage\":\"de\",\"potentialAction\":[{\"@type\":\"ReadAction\",\"target\":[\"https:\/\/weltlaeden.de\/katzenelnbogen\/jahresmitgliedsversammlung-2025-wahl-neuer-vorstand\/\"]}]},{\"@type\":\"ImageObject\",\"inLanguage\":\"de\",\"@id\":\"https:\/\/weltlaeden.de\/katzenelnbogen\/jahresmitgliedsversammlung-2025-wahl-neuer-vorstand\/#primaryimage\",\"url\":\"https:\/\/weltlaeden.de\/katzenelnbogen\/wp-content\/uploads\/sites\/229\/2025\/11\/EingangsfolieVersammlung-1.jpg\",\"contentUrl\":\"https:\/\/weltlaeden.de\/katzenelnbogen\/wp-content\/uploads\/sites\/229\/2025\/11\/EingangsfolieVersammlung-1.jpg\",\"width\":1483,\"height\":551},{\"@type\":\"BreadcrumbList\",\"@id\":\"https:\/\/weltlaeden.de\/katzenelnbogen\/jahresmitgliedsversammlung-2025-wahl-neuer-vorstand\/#breadcrumb\",\"itemListElement\":[{\"@type\":\"ListItem\",\"position\":1,\"name\":\"Startseite\",\"item\":\"https:\/\/weltlaeden.de\/katzenelnbogen\/\"},{\"@type\":\"ListItem\",\"position\":2,\"name\":\"Jahresmitgliederversammlung 2025 AG Eine Welt e.V. &#8211; Wahl neuer Vorstand\"}]},{\"@type\":\"WebSite\",\"@id\":\"https:\/\/weltlaeden.de\/katzenelnbogen\/#website\",\"url\":\"https:\/\/weltlaeden.de\/katzenelnbogen\/\",\"name\":\"Weltladen Katzenelnbogen\",\"description\":\"Faire Produkte seit 1990\",\"potentialAction\":[{\"@type\":\"SearchAction\",\"target\":{\"@type\":\"EntryPoint\",\"urlTemplate\":\"https:\/\/weltlaeden.de\/katzenelnbogen\/?s={search_term_string}\"},\"query-input\":{\"@type\":\"PropertyValueSpecification\",\"valueRequired\":true,\"valueName\":\"search_term_string\"}}],\"inLanguage\":\"de\"},{\"@type\":\"Person\",\"@id\":\"https:\/\/weltlaeden.de\/katzenelnbogen\/#\/schema\/person\/1e48028d6dee1acc5fcccfca7cf8a38c\",\"name\":\"katzenelnbogen\",\"image\":{\"@type\":\"ImageObject\",\"inLanguage\":\"de\",\"@id\":\"https:\/\/weltlaeden.de\/katzenelnbogen\/#\/schema\/person\/image\/\",\"url\":\"https:\/\/secure.gravatar.com\/avatar\/897c2ff6faf7d2cc03929403bdf1796b?s=96&d=mm&r=g\",\"contentUrl\":\"https:\/\/secure.gravatar.com\/avatar\/897c2ff6faf7d2cc03929403bdf1796b?s=96&d=mm&r=g\",\"caption\":\"katzenelnbogen\"}}]}<\/script>\n<!-- \/ Yoast SEO plugin. -->","yoast_head_json":{"title":"Jahresmitgliederversammlung 2025 AG Eine Welt e.V. - Wahl neuer Vorstand - Weltladen Katzenelnbogen","robots":{"index":"index","follow":"follow","max-snippet":"max-snippet:-1","max-image-preview":"max-image-preview:large","max-video-preview":"max-video-preview:-1"},"canonical":"https:\/\/weltlaeden.de\/katzenelnbogen\/jahresmitgliedsversammlung-2025-wahl-neuer-vorstand\/","og_locale":"de_DE","og_type":"article","og_title":"Jahresmitgliederversammlung 2025 AG Eine Welt e.V. - Wahl neuer Vorstand - Weltladen Katzenelnbogen","og_description":"Am 30.10. fand die Jahresmitgliedsversammlung unserer AG Eine Welt e.V. im Pfarrheim Katzenelnbogen statt. Mit \u00fcber 20 Teilnehmenden war der Verein beschlussf\u00e4hig vor Ort und konnte so verschiedene Themen zu einer Entscheidung bringen. Zun\u00e4chst wurde jedoch ein kurzer R\u00fcckblick auf die vergangenen 12 Monate geworfen und ein \u00dcberblick der Veranstaltungen geliefert sowie die Ertrags- und&hellip;","og_url":"https:\/\/weltlaeden.de\/katzenelnbogen\/jahresmitgliedsversammlung-2025-wahl-neuer-vorstand\/","og_site_name":"Weltladen Katzenelnbogen","article_published_time":"2025-11-04T09:00:55+00:00","article_modified_time":"2025-11-04T10:04:47+00:00","og_image":[{"width":1483,"height":551,"url":"https:\/\/weltlaeden.de\/katzenelnbogen\/wp-content\/uploads\/sites\/229\/2025\/11\/EingangsfolieVersammlung-1.jpg","type":"image\/jpeg"}],"author":"katzenelnbogen","twitter_card":"summary_large_image","twitter_misc":{"Verfasst von":"katzenelnbogen","Gesch\u00e4tzte Lesezeit":"2\u00a0Minuten"},"schema":{"@context":"https:\/\/schema.org","@graph":[{"@type":"Article","@id":"https:\/\/weltlaeden.de\/katzenelnbogen\/jahresmitgliedsversammlung-2025-wahl-neuer-vorstand\/#article","isPartOf":{"@id":"https:\/\/weltlaeden.de\/katzenelnbogen\/jahresmitgliedsversammlung-2025-wahl-neuer-vorstand\/"},"author":{"name":"katzenelnbogen","@id":"https:\/\/weltlaeden.de\/katzenelnbogen\/#\/schema\/person\/1e48028d6dee1acc5fcccfca7cf8a38c"},"headline":"Jahresmitgliederversammlung 2025 AG Eine Welt e.V. &#8211; Wahl neuer Vorstand","datePublished":"2025-11-04T09:00:55+00:00","dateModified":"2025-11-04T10:04:47+00:00","mainEntityOfPage":{"@id":"https:\/\/weltlaeden.de\/katzenelnbogen\/jahresmitgliedsversammlung-2025-wahl-neuer-vorstand\/"},"wordCount":328,"image":{"@id":"https:\/\/weltlaeden.de\/katzenelnbogen\/jahresmitgliedsversammlung-2025-wahl-neuer-vorstand\/#primaryimage"},"thumbnailUrl":"https:\/\/weltlaeden.de\/katzenelnbogen\/wp-content\/uploads\/sites\/229\/2025\/11\/EingangsfolieVersammlung-1.jpg","keywords":["Jahresmitgliedsversammlung","R\u00fcckblick","Verein","Vorstandswahl","Weltladen"],"articleSection":["Neuigkeiten"],"inLanguage":"de"},{"@type":"WebPage","@id":"https:\/\/weltlaeden.de\/katzenelnbogen\/jahresmitgliedsversammlung-2025-wahl-neuer-vorstand\/","url":"https:\/\/weltlaeden.de\/katzenelnbogen\/jahresmitgliedsversammlung-2025-wahl-neuer-vorstand\/","name":"Jahresmitgliederversammlung 2025 AG Eine Welt e.V. - Wahl neuer Vorstand - Weltladen Katzenelnbogen","isPartOf":{"@id":"https:\/\/weltlaeden.de\/katzenelnbogen\/#website"},"primaryImageOfPage":{"@id":"https:\/\/weltlaeden.de\/katzenelnbogen\/jahresmitgliedsversammlung-2025-wahl-neuer-vorstand\/#primaryimage"},"image":{"@id":"https:\/\/weltlaeden.de\/katzenelnbogen\/jahresmitgliedsversammlung-2025-wahl-neuer-vorstand\/#primaryimage"},"thumbnailUrl":"https:\/\/weltlaeden.de\/katzenelnbogen\/wp-content\/uploads\/sites\/229\/2025\/11\/EingangsfolieVersammlung-1.jpg","datePublished":"2025-11-04T09:00:55+00:00","dateModified":"2025-11-04T10:04:47+00:00","author":{"@id":"https:\/\/weltlaeden.de\/katzenelnbogen\/#\/schema\/person\/1e48028d6dee1acc5fcccfca7cf8a38c"},"breadcrumb":{"@id":"https:\/\/weltlaeden.de\/katzenelnbogen\/jahresmitgliedsversammlung-2025-wahl-neuer-vorstand\/#breadcrumb"},"inLanguage":"de","potentialAction":[{"@type":"ReadAction","target":["https:\/\/weltlaeden.de\/katzenelnbogen\/jahresmitgliedsversammlung-2025-wahl-neuer-vorstand\/"]}]},{"@type":"ImageObject","inLanguage":"de","@id":"https:\/\/weltlaeden.de\/katzenelnbogen\/jahresmitgliedsversammlung-2025-wahl-neuer-vorstand\/#primaryimage","url":"https:\/\/weltlaeden.de\/katzenelnbogen\/wp-content\/uploads\/sites\/229\/2025\/11\/EingangsfolieVersammlung-1.jpg","contentUrl":"https:\/\/weltlaeden.de\/katzenelnbogen\/wp-content\/uploads\/sites\/229\/2025\/11\/EingangsfolieVersammlung-1.jpg","width":1483,"height":551},{"@type":"BreadcrumbList","@id":"https:\/\/weltlaeden.de\/katzenelnbogen\/jahresmitgliedsversammlung-2025-wahl-neuer-vorstand\/#breadcrumb","itemListElement":[{"@type":"ListItem","position":1,"name":"Startseite","item":"https:\/\/weltlaeden.de\/katzenelnbogen\/"},{"@type":"ListItem","position":2,"name":"Jahresmitgliederversammlung 2025 AG Eine Welt e.V. &#8211; Wahl neuer Vorstand"}]},{"@type":"WebSite","@id":"https:\/\/weltlaeden.de\/katzenelnbogen\/#website","url":"https:\/\/weltlaeden.de\/katzenelnbogen\/","name":"Weltladen Katzenelnbogen","description":"Faire Produkte seit 1990","potentialAction":[{"@type":"SearchAction","target":{"@type":"EntryPoint","urlTemplate":"https:\/\/weltlaeden.de\/katzenelnbogen\/?s={search_term_string}"},"query-input":{"@type":"PropertyValueSpecification","valueRequired":true,"valueName":"search_term_string"}}],"inLanguage":"de"},{"@type":"Person","@id":"https:\/\/weltlaeden.de\/katzenelnbogen\/#\/schema\/person\/1e48028d6dee1acc5fcccfca7cf8a38c","name":"katzenelnbogen","image":{"@type":"ImageObject","inLanguage":"de","@id":"https:\/\/weltlaeden.de\/katzenelnbogen\/#\/schema\/person\/image\/","url":"https:\/\/secure.gravatar.com\/avatar\/897c2ff6faf7d2cc03929403bdf1796b?s=96&d=mm&r=g","contentUrl":"https:\/\/secure.gravatar.com\/avatar\/897c2ff6faf7d2cc03929403bdf1796b?s=96&d=mm&r=g","caption":"katzenelnbogen"}}]}},"_links":{"self":[{"href":"https:\/\/weltlaeden.de\/katzenelnbogen\/wp-json\/wp\/v2\/posts\/946","targetHints":{"allow":["GET"]}}],"collection":[{"href":"https:\/\/weltlaeden.de\/katzenelnbogen\/wp-json\/wp\/v2\/posts"}],"about":[{"href":"https:\/\/weltlaeden.de\/katzenelnbogen\/wp-json\/wp\/v2\/types\/post"}],"author":[{"embeddable":true,"href":"https:\/\/weltlaeden.de\/katzenelnbogen\/wp-json\/wp\/v2\/users\/340"}],"replies":[{"embeddable":true,"href":"https:\/\/weltlaeden.de\/katzenelnbogen\/wp-json\/wp\/v2\/comments?post=946"}],"version-history":[{"count":16,"href":"https:\/\/weltlaeden.de\/katzenelnbogen\/wp-json\/wp\/v2\/posts\/946\/revisions"}],"predecessor-version":[{"id":971,"href":"https:\/\/weltlaeden.de\/katzenelnbogen\/wp-json\/wp\/v2\/posts\/946\/revisions\/971"}],"wp:featuredmedia":[{"embeddable":true,"href":"https:\/\/weltlaeden.de\/katzenelnbogen\/wp-json\/wp\/v2\/media\/959"}],"wp:attachment":[{"href":"https:\/\/weltlaeden.de\/katzenelnbogen\/wp-json\/wp\/v2\/media?parent=946"}],"wp:term":[{"taxonomy":"category","embeddable":true,"href":"https:\/\/weltlaeden.de\/katzenelnbogen\/wp-json\/wp\/v2\/categories?post=946"},{"taxonomy":"post_tag","embeddable":true,"href":"https:\/\/weltlaeden.de\/katzenelnbogen\/wp-json\/wp\/v2\/tags?post=946"}],"curies":[{"name":"wp","href":"https:\/\/api.w.org\/{rel}","templated":true}]}}