{"id":905,"date":"2025-10-20T09:00:00","date_gmt":"2025-10-20T07:00:00","guid":{"rendered":"https:\/\/weltlaeden.de\/katzenelnbogen\/?p=905"},"modified":"2025-11-03T07:16:47","modified_gmt":"2025-11-03T06:16:47","slug":"einladung-lesung-morgane-llanque-vielfalt-eine-andere-geschichte-der-menschheit","status":"publish","type":"post","link":"https:\/\/weltlaeden.de\/katzenelnbogen\/einladung-lesung-morgane-llanque-vielfalt-eine-andere-geschichte-der-menschheit\/","title":{"rendered":"Einladung Lesung Morgane Llanque &#8211; &#8222;Vielfalt &#8211; Eine andere Geschichte der Menschheit&#8220;"},"content":{"rendered":"<p><img loading=\"lazy\" decoding=\"async\" class=\"size-medium wp-image-794 alignleft\" src=\"https:\/\/weltlaeden.de\/katzenelnbogen\/wp-content\/uploads\/sites\/229\/2025\/06\/U1_978-3-426-56507-0-196x300.jpg\" alt=\"\" width=\"196\" height=\"300\" srcset=\"https:\/\/weltlaeden.de\/katzenelnbogen\/wp-content\/uploads\/sites\/229\/2025\/06\/U1_978-3-426-56507-0-196x300.jpg 196w, https:\/\/weltlaeden.de\/katzenelnbogen\/wp-content\/uploads\/sites\/229\/2025\/06\/U1_978-3-426-56507-0-668x1024.jpg 668w, https:\/\/weltlaeden.de\/katzenelnbogen\/wp-content\/uploads\/sites\/229\/2025\/06\/U1_978-3-426-56507-0-768x1176.jpg 768w, https:\/\/weltlaeden.de\/katzenelnbogen\/wp-content\/uploads\/sites\/229\/2025\/06\/U1_978-3-426-56507-0-1003x1536.jpg 1003w, https:\/\/weltlaeden.de\/katzenelnbogen\/wp-content\/uploads\/sites\/229\/2025\/06\/U1_978-3-426-56507-0-1337x2048.jpg 1337w, https:\/\/weltlaeden.de\/katzenelnbogen\/wp-content\/uploads\/sites\/229\/2025\/06\/U1_978-3-426-56507-0.jpg 1600w\" sizes=\"auto, (max-width: 196px) 100vw, 196px\" \/>Auch der November steht bei uns weiterhin unter dem Motto &#8222;Vielfalt&#8220;. Am 03. November erscheint im Droemer-Verlag das Buch &#8222;Vielfalt &#8211; eine andere Geschichte der Menschheit&#8220; der jungen Berliner Autorin Morgane Llanque und wir freuen uns sehr, sie pers\u00f6nlich zu einer Lesung bei den feinkleins in Katzenelnbogen am 21. November um 19:30 Uhr begr\u00fc\u00dfen zu d\u00fcrfen. Frau Llanque kommt aus einer deutsch-lateinamerikanischen Familie, studierte Geschichte, Politikwissenschaft und Kulturjournalismus und war Stipendiatin der Katholischen Journalistenschule in M\u00fcnchen. Sie arbeitet f\u00fcr das Institut f\u00fcr Auslandsbeziehungen und\u00a0schreibt unter anderem f\u00fcr die <i>Zeit<\/i>, die <i>taz<\/i> und das <i>Good Impact Magazin<\/i>, wo ihre Kolumne <em>Histourismus <\/em>\u00fcber die Geschichte der Vielfalt erscheint. In ihrem neuen Buch zeigt sie auf, wie vielf\u00e4ltig Geschichte eigentlich schon immer war und welchen kleinen Bruchteil wir bis dato durch die kolonialisierte, prim\u00e4r m\u00e4nnlich gepr\u00e4gte Perspektive davon erst kennengelernt haben.<\/p>\n<p><img loading=\"lazy\" decoding=\"async\" class=\"size-medium wp-image-908 alignright\" src=\"https:\/\/weltlaeden.de\/katzenelnbogen\/wp-content\/uploads\/sites\/229\/2025\/10\/AF_Morgane-Llanque_0011-247x300.jpg\" alt=\"\" width=\"247\" height=\"300\" srcset=\"https:\/\/weltlaeden.de\/katzenelnbogen\/wp-content\/uploads\/sites\/229\/2025\/10\/AF_Morgane-Llanque_0011-247x300.jpg 247w, https:\/\/weltlaeden.de\/katzenelnbogen\/wp-content\/uploads\/sites\/229\/2025\/10\/AF_Morgane-Llanque_0011-842x1024.jpg 842w, https:\/\/weltlaeden.de\/katzenelnbogen\/wp-content\/uploads\/sites\/229\/2025\/10\/AF_Morgane-Llanque_0011-768x934.jpg 768w, https:\/\/weltlaeden.de\/katzenelnbogen\/wp-content\/uploads\/sites\/229\/2025\/10\/AF_Morgane-Llanque_0011-1263x1536.jpg 1263w, https:\/\/weltlaeden.de\/katzenelnbogen\/wp-content\/uploads\/sites\/229\/2025\/10\/AF_Morgane-Llanque_0011.jpg 1298w\" sizes=\"auto, (max-width: 247px) 100vw, 247px\" \/><\/p>\n<p>Dies macht sie jedoch nicht in einem belehrenden, indoktrinierenden Stil sondern durch zahlreiche Anekdoten, die bildhaft aufzeigen wie divers und zum Teil auch nahezu unglaublich facettenreich unsere Historie eigentlich ist.<\/p>\n<p>Der Weltladen Katzenelnbogen sowie die AG Eine Welt e.V. pr\u00e4sentieren diese Lesung unter F\u00f6rderung von Brot f\u00fcr die Welt kostenlos f\u00fcr alle Teilnehmenden.<\/p>\n<p>Es steht nur eine sehr limitierte Platzanzahl zur Verf\u00fcgung. Tickets sind im Weltladen erh\u00e4ltlich. Begleitend werden Snacks &amp; Getr\u00e4nke aus fairem Handel gereicht und ein kleiner B\u00fcchertisch steht ebenfalls vor Ort.<\/p>\n<p>Wir freuen uns \u00fcber zahlreiche Teilnehmende und einen spannenden Abend!<\/p>\n<p><img loading=\"lazy\" decoding=\"async\" class=\"alignnone size-medium wp-image-942\" src=\"https:\/\/weltlaeden.de\/katzenelnbogen\/wp-content\/uploads\/sites\/229\/2025\/10\/Foerderlogo_300dpi-300x131.jpg\" alt=\"\" width=\"300\" height=\"131\" srcset=\"https:\/\/weltlaeden.de\/katzenelnbogen\/wp-content\/uploads\/sites\/229\/2025\/10\/Foerderlogo_300dpi-300x131.jpg 300w, https:\/\/weltlaeden.de\/katzenelnbogen\/wp-content\/uploads\/sites\/229\/2025\/10\/Foerderlogo_300dpi-768x335.jpg 768w, https:\/\/weltlaeden.de\/katzenelnbogen\/wp-content\/uploads\/sites\/229\/2025\/10\/Foerderlogo_300dpi.jpg 934w\" sizes=\"auto, (max-width: 300px) 100vw, 300px\" \/><\/p>\n","protected":false},"excerpt":{"rendered":"<p>Auch der November steht bei uns weiterhin unter dem Motto &#8222;Vielfalt&#8220;. Am 03. November erscheint im Droemer-Verlag das Buch &#8222;Vielfalt &#8211; eine andere Geschichte der Menschheit&#8220; der jungen Berliner Autorin Morgane Llanque und wir freuen uns sehr, sie pers\u00f6nlich zu einer Lesung bei den feinkleins in Katzenelnbogen am 21. November um 19:30 Uhr begr\u00fc\u00dfen zu&hellip;<\/p>\n","protected":false},"author":340,"featured_media":794,"comment_status":"closed","ping_status":"closed","sticky":false,"template":"","format":"standard","meta":{"footnotes":""},"categories":[8],"tags":[26,24,25],"class_list":["post-905","post","type-post","status-publish","format-standard","has-post-thumbnail","hentry","category-neues","tag-geschichte","tag-lesung","tag-vielfalt","category-8","description-off"],"yoast_head":"<!-- This site is optimized with the Yoast SEO plugin v26.8 - https:\/\/yoast.com\/product\/yoast-seo-wordpress\/ -->\n<title>Einladung Lesung Morgane Llanque - &quot;Vielfalt - Eine andere Geschichte der Menschheit&quot; - Weltladen Katzenelnbogen<\/title>\n<meta name=\"robots\" content=\"index, follow, max-snippet:-1, max-image-preview:large, max-video-preview:-1\" \/>\n<link rel=\"canonical\" href=\"https:\/\/weltlaeden.de\/katzenelnbogen\/einladung-lesung-morgane-llanque-vielfalt-eine-andere-geschichte-der-menschheit\/\" \/>\n<meta property=\"og:locale\" content=\"de_DE\" \/>\n<meta property=\"og:type\" content=\"article\" \/>\n<meta property=\"og:title\" content=\"Einladung Lesung Morgane Llanque - &quot;Vielfalt - Eine andere Geschichte der Menschheit&quot; - Weltladen Katzenelnbogen\" \/>\n<meta property=\"og:description\" content=\"Auch der November steht bei uns weiterhin unter dem Motto &#8222;Vielfalt&#8220;. Am 03. November erscheint im Droemer-Verlag das Buch &#8222;Vielfalt &#8211; eine andere Geschichte der Menschheit&#8220; der jungen Berliner Autorin Morgane Llanque und wir freuen uns sehr, sie pers\u00f6nlich zu einer Lesung bei den feinkleins in Katzenelnbogen am 21. November um 19:30 Uhr begr\u00fc\u00dfen zu&hellip;\" \/>\n<meta property=\"og:url\" content=\"https:\/\/weltlaeden.de\/katzenelnbogen\/einladung-lesung-morgane-llanque-vielfalt-eine-andere-geschichte-der-menschheit\/\" \/>\n<meta property=\"og:site_name\" content=\"Weltladen Katzenelnbogen\" \/>\n<meta property=\"article:published_time\" content=\"2025-10-20T07:00:00+00:00\" \/>\n<meta property=\"article:modified_time\" content=\"2025-11-03T06:16:47+00:00\" \/>\n<meta property=\"og:image\" content=\"https:\/\/weltlaeden.de\/katzenelnbogen\/wp-content\/uploads\/sites\/229\/2025\/06\/U1_978-3-426-56507-0-668x1024.jpg\" \/>\n\t<meta property=\"og:image:width\" content=\"668\" \/>\n\t<meta property=\"og:image:height\" content=\"1024\" \/>\n\t<meta property=\"og:image:type\" content=\"image\/jpeg\" \/>\n<meta name=\"author\" content=\"katzenelnbogen\" \/>\n<meta name=\"twitter:card\" content=\"summary_large_image\" \/>\n<meta name=\"twitter:label1\" content=\"Verfasst von\" \/>\n\t<meta name=\"twitter:data1\" content=\"katzenelnbogen\" \/>\n\t<meta name=\"twitter:label2\" content=\"Gesch\u00e4tzte Lesezeit\" \/>\n\t<meta name=\"twitter:data2\" content=\"1\u00a0Minute\" \/>\n<script type=\"application\/ld+json\" class=\"yoast-schema-graph\">{\"@context\":\"https:\/\/schema.org\",\"@graph\":[{\"@type\":\"Article\",\"@id\":\"https:\/\/weltlaeden.de\/katzenelnbogen\/einladung-lesung-morgane-llanque-vielfalt-eine-andere-geschichte-der-menschheit\/#article\",\"isPartOf\":{\"@id\":\"https:\/\/weltlaeden.de\/katzenelnbogen\/einladung-lesung-morgane-llanque-vielfalt-eine-andere-geschichte-der-menschheit\/\"},\"author\":{\"name\":\"katzenelnbogen\",\"@id\":\"https:\/\/weltlaeden.de\/katzenelnbogen\/#\/schema\/person\/1e48028d6dee1acc5fcccfca7cf8a38c\"},\"headline\":\"Einladung Lesung Morgane Llanque &#8211; &#8222;Vielfalt &#8211; Eine andere Geschichte der Menschheit&#8220;\",\"datePublished\":\"2025-10-20T07:00:00+00:00\",\"dateModified\":\"2025-11-03T06:16:47+00:00\",\"mainEntityOfPage\":{\"@id\":\"https:\/\/weltlaeden.de\/katzenelnbogen\/einladung-lesung-morgane-llanque-vielfalt-eine-andere-geschichte-der-menschheit\/\"},\"wordCount\":262,\"image\":{\"@id\":\"https:\/\/weltlaeden.de\/katzenelnbogen\/einladung-lesung-morgane-llanque-vielfalt-eine-andere-geschichte-der-menschheit\/#primaryimage\"},\"thumbnailUrl\":\"https:\/\/weltlaeden.de\/katzenelnbogen\/wp-content\/uploads\/sites\/229\/2025\/06\/U1_978-3-426-56507-0.jpg\",\"keywords\":[\"Geschichte\",\"Lesung\",\"Vielfalt\"],\"articleSection\":[\"Neuigkeiten\"],\"inLanguage\":\"de\"},{\"@type\":\"WebPage\",\"@id\":\"https:\/\/weltlaeden.de\/katzenelnbogen\/einladung-lesung-morgane-llanque-vielfalt-eine-andere-geschichte-der-menschheit\/\",\"url\":\"https:\/\/weltlaeden.de\/katzenelnbogen\/einladung-lesung-morgane-llanque-vielfalt-eine-andere-geschichte-der-menschheit\/\",\"name\":\"Einladung Lesung Morgane Llanque - \\\"Vielfalt - Eine andere Geschichte der Menschheit\\\" - Weltladen Katzenelnbogen\",\"isPartOf\":{\"@id\":\"https:\/\/weltlaeden.de\/katzenelnbogen\/#website\"},\"primaryImageOfPage\":{\"@id\":\"https:\/\/weltlaeden.de\/katzenelnbogen\/einladung-lesung-morgane-llanque-vielfalt-eine-andere-geschichte-der-menschheit\/#primaryimage\"},\"image\":{\"@id\":\"https:\/\/weltlaeden.de\/katzenelnbogen\/einladung-lesung-morgane-llanque-vielfalt-eine-andere-geschichte-der-menschheit\/#primaryimage\"},\"thumbnailUrl\":\"https:\/\/weltlaeden.de\/katzenelnbogen\/wp-content\/uploads\/sites\/229\/2025\/06\/U1_978-3-426-56507-0.jpg\",\"datePublished\":\"2025-10-20T07:00:00+00:00\",\"dateModified\":\"2025-11-03T06:16:47+00:00\",\"author\":{\"@id\":\"https:\/\/weltlaeden.de\/katzenelnbogen\/#\/schema\/person\/1e48028d6dee1acc5fcccfca7cf8a38c\"},\"breadcrumb\":{\"@id\":\"https:\/\/weltlaeden.de\/katzenelnbogen\/einladung-lesung-morgane-llanque-vielfalt-eine-andere-geschichte-der-menschheit\/#breadcrumb\"},\"inLanguage\":\"de\",\"potentialAction\":[{\"@type\":\"ReadAction\",\"target\":[\"https:\/\/weltlaeden.de\/katzenelnbogen\/einladung-lesung-morgane-llanque-vielfalt-eine-andere-geschichte-der-menschheit\/\"]}]},{\"@type\":\"ImageObject\",\"inLanguage\":\"de\",\"@id\":\"https:\/\/weltlaeden.de\/katzenelnbogen\/einladung-lesung-morgane-llanque-vielfalt-eine-andere-geschichte-der-menschheit\/#primaryimage\",\"url\":\"https:\/\/weltlaeden.de\/katzenelnbogen\/wp-content\/uploads\/sites\/229\/2025\/06\/U1_978-3-426-56507-0.jpg\",\"contentUrl\":\"https:\/\/weltlaeden.de\/katzenelnbogen\/wp-content\/uploads\/sites\/229\/2025\/06\/U1_978-3-426-56507-0.jpg\",\"width\":1600,\"height\":2451},{\"@type\":\"BreadcrumbList\",\"@id\":\"https:\/\/weltlaeden.de\/katzenelnbogen\/einladung-lesung-morgane-llanque-vielfalt-eine-andere-geschichte-der-menschheit\/#breadcrumb\",\"itemListElement\":[{\"@type\":\"ListItem\",\"position\":1,\"name\":\"Startseite\",\"item\":\"https:\/\/weltlaeden.de\/katzenelnbogen\/\"},{\"@type\":\"ListItem\",\"position\":2,\"name\":\"Einladung Lesung Morgane Llanque &#8211; &#8222;Vielfalt &#8211; Eine andere Geschichte der Menschheit&#8220;\"}]},{\"@type\":\"WebSite\",\"@id\":\"https:\/\/weltlaeden.de\/katzenelnbogen\/#website\",\"url\":\"https:\/\/weltlaeden.de\/katzenelnbogen\/\",\"name\":\"Weltladen Katzenelnbogen\",\"description\":\"Faire Produkte seit 1990\",\"potentialAction\":[{\"@type\":\"SearchAction\",\"target\":{\"@type\":\"EntryPoint\",\"urlTemplate\":\"https:\/\/weltlaeden.de\/katzenelnbogen\/?s={search_term_string}\"},\"query-input\":{\"@type\":\"PropertyValueSpecification\",\"valueRequired\":true,\"valueName\":\"search_term_string\"}}],\"inLanguage\":\"de\"},{\"@type\":\"Person\",\"@id\":\"https:\/\/weltlaeden.de\/katzenelnbogen\/#\/schema\/person\/1e48028d6dee1acc5fcccfca7cf8a38c\",\"name\":\"katzenelnbogen\",\"image\":{\"@type\":\"ImageObject\",\"inLanguage\":\"de\",\"@id\":\"https:\/\/weltlaeden.de\/katzenelnbogen\/#\/schema\/person\/image\/\",\"url\":\"https:\/\/secure.gravatar.com\/avatar\/897c2ff6faf7d2cc03929403bdf1796b?s=96&d=mm&r=g\",\"contentUrl\":\"https:\/\/secure.gravatar.com\/avatar\/897c2ff6faf7d2cc03929403bdf1796b?s=96&d=mm&r=g\",\"caption\":\"katzenelnbogen\"}}]}<\/script>\n<!-- \/ Yoast SEO plugin. -->","yoast_head_json":{"title":"Einladung Lesung Morgane Llanque - \"Vielfalt - Eine andere Geschichte der Menschheit\" - Weltladen Katzenelnbogen","robots":{"index":"index","follow":"follow","max-snippet":"max-snippet:-1","max-image-preview":"max-image-preview:large","max-video-preview":"max-video-preview:-1"},"canonical":"https:\/\/weltlaeden.de\/katzenelnbogen\/einladung-lesung-morgane-llanque-vielfalt-eine-andere-geschichte-der-menschheit\/","og_locale":"de_DE","og_type":"article","og_title":"Einladung Lesung Morgane Llanque - \"Vielfalt - Eine andere Geschichte der Menschheit\" - Weltladen Katzenelnbogen","og_description":"Auch der November steht bei uns weiterhin unter dem Motto &#8222;Vielfalt&#8220;. Am 03. November erscheint im Droemer-Verlag das Buch &#8222;Vielfalt &#8211; eine andere Geschichte der Menschheit&#8220; der jungen Berliner Autorin Morgane Llanque und wir freuen uns sehr, sie pers\u00f6nlich zu einer Lesung bei den feinkleins in Katzenelnbogen am 21. November um 19:30 Uhr begr\u00fc\u00dfen zu&hellip;","og_url":"https:\/\/weltlaeden.de\/katzenelnbogen\/einladung-lesung-morgane-llanque-vielfalt-eine-andere-geschichte-der-menschheit\/","og_site_name":"Weltladen Katzenelnbogen","article_published_time":"2025-10-20T07:00:00+00:00","article_modified_time":"2025-11-03T06:16:47+00:00","og_image":[{"width":668,"height":1024,"url":"https:\/\/weltlaeden.de\/katzenelnbogen\/wp-content\/uploads\/sites\/229\/2025\/06\/U1_978-3-426-56507-0-668x1024.jpg","type":"image\/jpeg"}],"author":"katzenelnbogen","twitter_card":"summary_large_image","twitter_misc":{"Verfasst von":"katzenelnbogen","Gesch\u00e4tzte Lesezeit":"1\u00a0Minute"},"schema":{"@context":"https:\/\/schema.org","@graph":[{"@type":"Article","@id":"https:\/\/weltlaeden.de\/katzenelnbogen\/einladung-lesung-morgane-llanque-vielfalt-eine-andere-geschichte-der-menschheit\/#article","isPartOf":{"@id":"https:\/\/weltlaeden.de\/katzenelnbogen\/einladung-lesung-morgane-llanque-vielfalt-eine-andere-geschichte-der-menschheit\/"},"author":{"name":"katzenelnbogen","@id":"https:\/\/weltlaeden.de\/katzenelnbogen\/#\/schema\/person\/1e48028d6dee1acc5fcccfca7cf8a38c"},"headline":"Einladung Lesung Morgane Llanque &#8211; &#8222;Vielfalt &#8211; Eine andere Geschichte der Menschheit&#8220;","datePublished":"2025-10-20T07:00:00+00:00","dateModified":"2025-11-03T06:16:47+00:00","mainEntityOfPage":{"@id":"https:\/\/weltlaeden.de\/katzenelnbogen\/einladung-lesung-morgane-llanque-vielfalt-eine-andere-geschichte-der-menschheit\/"},"wordCount":262,"image":{"@id":"https:\/\/weltlaeden.de\/katzenelnbogen\/einladung-lesung-morgane-llanque-vielfalt-eine-andere-geschichte-der-menschheit\/#primaryimage"},"thumbnailUrl":"https:\/\/weltlaeden.de\/katzenelnbogen\/wp-content\/uploads\/sites\/229\/2025\/06\/U1_978-3-426-56507-0.jpg","keywords":["Geschichte","Lesung","Vielfalt"],"articleSection":["Neuigkeiten"],"inLanguage":"de"},{"@type":"WebPage","@id":"https:\/\/weltlaeden.de\/katzenelnbogen\/einladung-lesung-morgane-llanque-vielfalt-eine-andere-geschichte-der-menschheit\/","url":"https:\/\/weltlaeden.de\/katzenelnbogen\/einladung-lesung-morgane-llanque-vielfalt-eine-andere-geschichte-der-menschheit\/","name":"Einladung Lesung Morgane Llanque - \"Vielfalt - Eine andere Geschichte der Menschheit\" - Weltladen Katzenelnbogen","isPartOf":{"@id":"https:\/\/weltlaeden.de\/katzenelnbogen\/#website"},"primaryImageOfPage":{"@id":"https:\/\/weltlaeden.de\/katzenelnbogen\/einladung-lesung-morgane-llanque-vielfalt-eine-andere-geschichte-der-menschheit\/#primaryimage"},"image":{"@id":"https:\/\/weltlaeden.de\/katzenelnbogen\/einladung-lesung-morgane-llanque-vielfalt-eine-andere-geschichte-der-menschheit\/#primaryimage"},"thumbnailUrl":"https:\/\/weltlaeden.de\/katzenelnbogen\/wp-content\/uploads\/sites\/229\/2025\/06\/U1_978-3-426-56507-0.jpg","datePublished":"2025-10-20T07:00:00+00:00","dateModified":"2025-11-03T06:16:47+00:00","author":{"@id":"https:\/\/weltlaeden.de\/katzenelnbogen\/#\/schema\/person\/1e48028d6dee1acc5fcccfca7cf8a38c"},"breadcrumb":{"@id":"https:\/\/weltlaeden.de\/katzenelnbogen\/einladung-lesung-morgane-llanque-vielfalt-eine-andere-geschichte-der-menschheit\/#breadcrumb"},"inLanguage":"de","potentialAction":[{"@type":"ReadAction","target":["https:\/\/weltlaeden.de\/katzenelnbogen\/einladung-lesung-morgane-llanque-vielfalt-eine-andere-geschichte-der-menschheit\/"]}]},{"@type":"ImageObject","inLanguage":"de","@id":"https:\/\/weltlaeden.de\/katzenelnbogen\/einladung-lesung-morgane-llanque-vielfalt-eine-andere-geschichte-der-menschheit\/#primaryimage","url":"https:\/\/weltlaeden.de\/katzenelnbogen\/wp-content\/uploads\/sites\/229\/2025\/06\/U1_978-3-426-56507-0.jpg","contentUrl":"https:\/\/weltlaeden.de\/katzenelnbogen\/wp-content\/uploads\/sites\/229\/2025\/06\/U1_978-3-426-56507-0.jpg","width":1600,"height":2451},{"@type":"BreadcrumbList","@id":"https:\/\/weltlaeden.de\/katzenelnbogen\/einladung-lesung-morgane-llanque-vielfalt-eine-andere-geschichte-der-menschheit\/#breadcrumb","itemListElement":[{"@type":"ListItem","position":1,"name":"Startseite","item":"https:\/\/weltlaeden.de\/katzenelnbogen\/"},{"@type":"ListItem","position":2,"name":"Einladung Lesung Morgane Llanque &#8211; &#8222;Vielfalt &#8211; Eine andere Geschichte der Menschheit&#8220;"}]},{"@type":"WebSite","@id":"https:\/\/weltlaeden.de\/katzenelnbogen\/#website","url":"https:\/\/weltlaeden.de\/katzenelnbogen\/","name":"Weltladen Katzenelnbogen","description":"Faire Produkte seit 1990","potentialAction":[{"@type":"SearchAction","target":{"@type":"EntryPoint","urlTemplate":"https:\/\/weltlaeden.de\/katzenelnbogen\/?s={search_term_string}"},"query-input":{"@type":"PropertyValueSpecification","valueRequired":true,"valueName":"search_term_string"}}],"inLanguage":"de"},{"@type":"Person","@id":"https:\/\/weltlaeden.de\/katzenelnbogen\/#\/schema\/person\/1e48028d6dee1acc5fcccfca7cf8a38c","name":"katzenelnbogen","image":{"@type":"ImageObject","inLanguage":"de","@id":"https:\/\/weltlaeden.de\/katzenelnbogen\/#\/schema\/person\/image\/","url":"https:\/\/secure.gravatar.com\/avatar\/897c2ff6faf7d2cc03929403bdf1796b?s=96&d=mm&r=g","contentUrl":"https:\/\/secure.gravatar.com\/avatar\/897c2ff6faf7d2cc03929403bdf1796b?s=96&d=mm&r=g","caption":"katzenelnbogen"}}]}},"_links":{"self":[{"href":"https:\/\/weltlaeden.de\/katzenelnbogen\/wp-json\/wp\/v2\/posts\/905","targetHints":{"allow":["GET"]}}],"collection":[{"href":"https:\/\/weltlaeden.de\/katzenelnbogen\/wp-json\/wp\/v2\/posts"}],"about":[{"href":"https:\/\/weltlaeden.de\/katzenelnbogen\/wp-json\/wp\/v2\/types\/post"}],"author":[{"embeddable":true,"href":"https:\/\/weltlaeden.de\/katzenelnbogen\/wp-json\/wp\/v2\/users\/340"}],"replies":[{"embeddable":true,"href":"https:\/\/weltlaeden.de\/katzenelnbogen\/wp-json\/wp\/v2\/comments?post=905"}],"version-history":[{"count":8,"href":"https:\/\/weltlaeden.de\/katzenelnbogen\/wp-json\/wp\/v2\/posts\/905\/revisions"}],"predecessor-version":[{"id":962,"href":"https:\/\/weltlaeden.de\/katzenelnbogen\/wp-json\/wp\/v2\/posts\/905\/revisions\/962"}],"wp:featuredmedia":[{"embeddable":true,"href":"https:\/\/weltlaeden.de\/katzenelnbogen\/wp-json\/wp\/v2\/media\/794"}],"wp:attachment":[{"href":"https:\/\/weltlaeden.de\/katzenelnbogen\/wp-json\/wp\/v2\/media?parent=905"}],"wp:term":[{"taxonomy":"category","embeddable":true,"href":"https:\/\/weltlaeden.de\/katzenelnbogen\/wp-json\/wp\/v2\/categories?post=905"},{"taxonomy":"post_tag","embeddable":true,"href":"https:\/\/weltlaeden.de\/katzenelnbogen\/wp-json\/wp\/v2\/tags?post=905"}],"curies":[{"name":"wp","href":"https:\/\/api.w.org\/{rel}","templated":true}]}}