{"id":867,"date":"2025-10-01T09:51:49","date_gmt":"2025-10-01T07:51:49","guid":{"rendered":"https:\/\/weltlaeden.de\/katzenelnbogen\/?p=867"},"modified":"2025-10-02T07:58:37","modified_gmt":"2025-10-02T05:58:37","slug":"faire-woche-2025-resuemee","status":"publish","type":"post","link":"https:\/\/weltlaeden.de\/katzenelnbogen\/faire-woche-2025-resuemee\/","title":{"rendered":"Faire Woche 2025 &#8211; Res\u00fcmee"},"content":{"rendered":"<div class=\"wpb-content-wrapper\"><p>[vc_row][vc_column][vc_column_text css=&#8220;&#8220;]<\/p>\n<p style=\"text-align: left\">Nac<img loading=\"lazy\" decoding=\"async\" class=\" wp-image-870 alignright\" src=\"https:\/\/weltlaeden.de\/katzenelnbogen\/wp-content\/uploads\/sites\/229\/2025\/10\/IMG_9687-300x225.jpg\" alt=\"\" width=\"323\" height=\"243\" srcset=\"https:\/\/weltlaeden.de\/katzenelnbogen\/wp-content\/uploads\/sites\/229\/2025\/10\/IMG_9687-300x225.jpg 300w, https:\/\/weltlaeden.de\/katzenelnbogen\/wp-content\/uploads\/sites\/229\/2025\/10\/IMG_9687-1024x768.jpg 1024w, https:\/\/weltlaeden.de\/katzenelnbogen\/wp-content\/uploads\/sites\/229\/2025\/10\/IMG_9687-768x576.jpg 768w, https:\/\/weltlaeden.de\/katzenelnbogen\/wp-content\/uploads\/sites\/229\/2025\/10\/IMG_9687-1536x1152.jpg 1536w, https:\/\/weltlaeden.de\/katzenelnbogen\/wp-content\/uploads\/sites\/229\/2025\/10\/IMG_9687-2048x1536.jpg 2048w\" sizes=\"auto, (max-width: 323px) 100vw, 323px\" \/>h Auftakt der Fairen Woche am 12.09. in Mainz haben wir den Aktionszeitraum direkt mit einem Fairen Brunch am 14.09. ebenfalls gestartet. Mehr als 50 Bruncher haben sich zu diesem Anlass im Einrichmuseum eingefunden und mit uns gemeinsam einen wundersch\u00f6nen fairen Morgen mit breitem Buffet aus Fairem und regionalen Handel genossen. Neben musikalischen Einlagen gab es auch eine kleine Ansprache unserer Vorstandsvorsitzenden Therese Liesenfeld sowie einen kurzen \u00dcberblick unserer n\u00e4chsten Termine. Im Anschluss an die kulinarischen Gen\u00fcsse konnten Interessierte zudem geschichtliche Bonmots genie\u00dfen in Form einer privaten F\u00fchrung durch die vielf\u00e4ltige Geschichte des Einrichs.<\/p>\n<p><img loading=\"lazy\" decoding=\"async\" class=\" wp-image-872 alignleft\" src=\"https:\/\/weltlaeden.de\/katzenelnbogen\/wp-content\/uploads\/sites\/229\/2025\/10\/image02-225x300.jpeg\" alt=\"\" width=\"177\" height=\"236\" srcset=\"https:\/\/weltlaeden.de\/katzenelnbogen\/wp-content\/uploads\/sites\/229\/2025\/10\/image02-225x300.jpeg 225w, https:\/\/weltlaeden.de\/katzenelnbogen\/wp-content\/uploads\/sites\/229\/2025\/10\/image02-768x1024.jpeg 768w, https:\/\/weltlaeden.de\/katzenelnbogen\/wp-content\/uploads\/sites\/229\/2025\/10\/image02-1152x1536.jpeg 1152w, https:\/\/weltlaeden.de\/katzenelnbogen\/wp-content\/uploads\/sites\/229\/2025\/10\/image02-1536x2048.jpeg 1536w, https:\/\/weltlaeden.de\/katzenelnbogen\/wp-content\/uploads\/sites\/229\/2025\/10\/image02-scaled.jpeg 1920w\" sizes=\"auto, (max-width: 177px) 100vw, 177px\" \/><\/p>\n<p>Am 15.09. und 29.09. haben wir zudem erste Workshops zum Thema Biodiversit\u00e4t in der Grundschule im Einrich abgehalten. Auch hier wurde mit viel Spa\u00df und auch Genuss\u00a0 in Form einer Schokoladenverkostung mit Sorten aus dem Fairen Handel, die insbesondere das Thema Biodiversit\u00e4t im Kakaoanbau widerspiegeln, gemeinsam gelernt. Die Aktion wird zus\u00e4tzlich unterst\u00fctzt durch die Deutsche Stiftung f\u00fcr Engagement und Ehrenamt, die mit ihrem F\u00f6rderprogramm action! Initiativen und Gruppen, die eine Bildungsaktion zu globalen Themen umsetzen wollen, mit bis zu 500 EUR f\u00f6rdert.<\/p>\n<p><img loading=\"lazy\" decoding=\"async\" class=\" wp-image-883 alignleft\" src=\"https:\/\/weltlaeden.de\/katzenelnbogen\/wp-content\/uploads\/sites\/229\/2025\/10\/Foerderlogo-action_Web_RGB-300x87.jpg\" alt=\"\" width=\"362\" height=\"105\" srcset=\"https:\/\/weltlaeden.de\/katzenelnbogen\/wp-content\/uploads\/sites\/229\/2025\/10\/Foerderlogo-action_Web_RGB-300x87.jpg 300w, https:\/\/weltlaeden.de\/katzenelnbogen\/wp-content\/uploads\/sites\/229\/2025\/10\/Foerderlogo-action_Web_RGB-1024x296.jpg 1024w, https:\/\/weltlaeden.de\/katzenelnbogen\/wp-content\/uploads\/sites\/229\/2025\/10\/Foerderlogo-action_Web_RGB-768x222.jpg 768w, https:\/\/weltlaeden.de\/katzenelnbogen\/wp-content\/uploads\/sites\/229\/2025\/10\/Foerderlogo-action_Web_RGB-1536x444.jpg 1536w, https:\/\/weltlaeden.de\/katzenelnbogen\/wp-content\/uploads\/sites\/229\/2025\/10\/Foerderlogo-action_Web_RGB-2048x592.jpg 2048w\" sizes=\"auto, (max-width: 362px) 100vw, 362px\" \/><\/p>\n<p>Dies hat es uns erm\u00f6glicht, neben den Schokoladen auch Buchspenden des Titels &#8222;Die Vielfalt der Natur: Warum wir Biodiversit\u00e4t brauchen und wie wir sie erhalten k\u00f6nnen&#8220; an die Grundschule \u00fcbergeben zu k\u00f6nnen.<\/p>\n<p><img loading=\"lazy\" decoding=\"async\" class=\" wp-image-874 alignright\" src=\"https:\/\/weltlaeden.de\/katzenelnbogen\/wp-content\/uploads\/sites\/229\/2025\/10\/image03-300x225.jpeg\" alt=\"\" width=\"295\" height=\"221\" srcset=\"https:\/\/weltlaeden.de\/katzenelnbogen\/wp-content\/uploads\/sites\/229\/2025\/10\/image03-300x225.jpeg 300w, https:\/\/weltlaeden.de\/katzenelnbogen\/wp-content\/uploads\/sites\/229\/2025\/10\/image03-1024x768.jpeg 1024w, https:\/\/weltlaeden.de\/katzenelnbogen\/wp-content\/uploads\/sites\/229\/2025\/10\/image03-768x576.jpeg 768w, https:\/\/weltlaeden.de\/katzenelnbogen\/wp-content\/uploads\/sites\/229\/2025\/10\/image03-1536x1152.jpeg 1536w, https:\/\/weltlaeden.de\/katzenelnbogen\/wp-content\/uploads\/sites\/229\/2025\/10\/image03-2048x1536.jpeg 2048w\" sizes=\"auto, (max-width: 295px) 100vw, 295px\" \/><\/p>\n<p>Nat\u00fcrlich war auch der Weltladen selbst zur Fairen Woche geschm\u00fcckt und es konnte sich vor Ort ebenfalls zu den Themen dieser wichtigen Wochen im Jahr, dem Schwerpunkt Vielfalt sowie gesamthaft dem Fairen Handel informiert werden. Zur Woche selbst lagen verschiedene Karten, Vielfalts-Tees sowie die beliebten Rezepthefte aus.<\/p>\n<p>Insgesamt waren es f\u00fcr uns zwei spannende und erfolgreiche Wochen und wir freuen uns schon jetzt auf das kommende Jahr, das sich ganz um das Thema Nachwuchs &#8211; junge Generation im Fairen Handel drehen soll.<\/p>\n<p>&nbsp;<\/p>\n<p>&nbsp;<\/p>\n<p>&nbsp;<\/p>\n<p>&nbsp;<\/p>\n<p>&nbsp;<\/p>\n<p>&nbsp;<\/p>\n<p>&nbsp;<\/p>\n<p>&nbsp;<\/p>\n<p>&nbsp;<\/p>\n<p>&nbsp;<\/p>\n<p>&nbsp;<\/p>\n<p>&nbsp;<\/p>\n<p>&nbsp;<\/p>\n<p>&nbsp;<\/p>\n<p>&nbsp;<\/p>\n<p>&nbsp;<\/p>\n<p>&nbsp;<\/p>\n<p>&nbsp;<\/p>\n<p>&nbsp;<\/p>\n<p>&nbsp;<\/p>\n<p>&nbsp;<\/p>\n<p>&nbsp;<\/p>\n<p>&nbsp;<\/p>\n<p>&nbsp;<\/p>\n<p>[\/vc_column_text][\/vc_column][\/vc_row]<\/p>\n<\/div>","protected":false},"excerpt":{"rendered":"<p>[vc_row][vc_column][vc_column_text css=&#8220;&#8220;] Nach Auftakt der Fairen Woche am 12.09. in Mainz haben wir den Aktionszeitraum direkt mit einem Fairen Brunch am 14.09. ebenfalls gestartet. Mehr als 50 Bruncher haben sich zu diesem Anlass im Einrichmuseum eingefunden und mit uns gemeinsam einen wundersch\u00f6nen fairen Morgen mit breitem Buffet aus Fairem und regionalen Handel genossen. Neben musikalischen&hellip;<\/p>\n","protected":false},"author":340,"featured_media":868,"comment_status":"closed","ping_status":"closed","sticky":false,"template":"","format":"standard","meta":{"footnotes":""},"categories":[8],"tags":[28,21,23,27,29],"class_list":["post-867","post","type-post","status-publish","format-standard","has-post-thumbnail","hentry","category-neues","tag-biodiversitaet","tag-brunch","tag-faire-woche","tag-resuemee","tag-workshop","category-8","description-off"],"yoast_head":"<!-- This site is optimized with the Yoast SEO plugin v26.8 - https:\/\/yoast.com\/product\/yoast-seo-wordpress\/ -->\n<title>Faire Woche 2025 - Res\u00fcmee - Weltladen Katzenelnbogen<\/title>\n<meta name=\"robots\" content=\"index, follow, max-snippet:-1, max-image-preview:large, max-video-preview:-1\" \/>\n<link rel=\"canonical\" href=\"https:\/\/weltlaeden.de\/katzenelnbogen\/faire-woche-2025-resuemee\/\" \/>\n<meta property=\"og:locale\" content=\"de_DE\" \/>\n<meta property=\"og:type\" content=\"article\" \/>\n<meta property=\"og:title\" content=\"Faire Woche 2025 - Res\u00fcmee - Weltladen Katzenelnbogen\" \/>\n<meta property=\"og:description\" content=\"[vc_row][vc_column][vc_column_text css=&#8220;&#8220;] Nach Auftakt der Fairen Woche am 12.09. in Mainz haben wir den Aktionszeitraum direkt mit einem Fairen Brunch am 14.09. ebenfalls gestartet. Mehr als 50 Bruncher haben sich zu diesem Anlass im Einrichmuseum eingefunden und mit uns gemeinsam einen wundersch\u00f6nen fairen Morgen mit breitem Buffet aus Fairem und regionalen Handel genossen. Neben musikalischen&hellip;\" \/>\n<meta property=\"og:url\" content=\"https:\/\/weltlaeden.de\/katzenelnbogen\/faire-woche-2025-resuemee\/\" \/>\n<meta property=\"og:site_name\" content=\"Weltladen Katzenelnbogen\" \/>\n<meta property=\"article:published_time\" content=\"2025-10-01T07:51:49+00:00\" \/>\n<meta property=\"article:modified_time\" content=\"2025-10-02T05:58:37+00:00\" \/>\n<meta property=\"og:image\" content=\"https:\/\/weltlaeden.de\/katzenelnbogen\/wp-content\/uploads\/sites\/229\/2025\/10\/IMG_9232.jpg\" \/>\n\t<meta property=\"og:image:width\" content=\"1280\" \/>\n\t<meta property=\"og:image:height\" content=\"960\" \/>\n\t<meta property=\"og:image:type\" content=\"image\/jpeg\" \/>\n<meta name=\"author\" content=\"katzenelnbogen\" \/>\n<meta name=\"twitter:card\" content=\"summary_large_image\" \/>\n<meta name=\"twitter:label1\" content=\"Verfasst von\" \/>\n\t<meta name=\"twitter:data1\" content=\"katzenelnbogen\" \/>\n\t<meta name=\"twitter:label2\" content=\"Gesch\u00e4tzte Lesezeit\" \/>\n\t<meta name=\"twitter:data2\" content=\"2\u00a0Minuten\" \/>\n<script type=\"application\/ld+json\" class=\"yoast-schema-graph\">{\"@context\":\"https:\/\/schema.org\",\"@graph\":[{\"@type\":\"Article\",\"@id\":\"https:\/\/weltlaeden.de\/katzenelnbogen\/faire-woche-2025-resuemee\/#article\",\"isPartOf\":{\"@id\":\"https:\/\/weltlaeden.de\/katzenelnbogen\/faire-woche-2025-resuemee\/\"},\"author\":{\"name\":\"katzenelnbogen\",\"@id\":\"https:\/\/weltlaeden.de\/katzenelnbogen\/#\/schema\/person\/1e48028d6dee1acc5fcccfca7cf8a38c\"},\"headline\":\"Faire Woche 2025 &#8211; Res\u00fcmee\",\"datePublished\":\"2025-10-01T07:51:49+00:00\",\"dateModified\":\"2025-10-02T05:58:37+00:00\",\"mainEntityOfPage\":{\"@id\":\"https:\/\/weltlaeden.de\/katzenelnbogen\/faire-woche-2025-resuemee\/\"},\"wordCount\":348,\"image\":{\"@id\":\"https:\/\/weltlaeden.de\/katzenelnbogen\/faire-woche-2025-resuemee\/#primaryimage\"},\"thumbnailUrl\":\"https:\/\/weltlaeden.de\/katzenelnbogen\/wp-content\/uploads\/sites\/229\/2025\/10\/IMG_9232.jpg\",\"keywords\":[\"Biodiversit\u00e4t\",\"Brunch\",\"Faire Woche\",\"Res\u00fcmee\",\"Workshop\"],\"articleSection\":[\"Neuigkeiten\"],\"inLanguage\":\"de\"},{\"@type\":\"WebPage\",\"@id\":\"https:\/\/weltlaeden.de\/katzenelnbogen\/faire-woche-2025-resuemee\/\",\"url\":\"https:\/\/weltlaeden.de\/katzenelnbogen\/faire-woche-2025-resuemee\/\",\"name\":\"Faire Woche 2025 - Res\u00fcmee - Weltladen Katzenelnbogen\",\"isPartOf\":{\"@id\":\"https:\/\/weltlaeden.de\/katzenelnbogen\/#website\"},\"primaryImageOfPage\":{\"@id\":\"https:\/\/weltlaeden.de\/katzenelnbogen\/faire-woche-2025-resuemee\/#primaryimage\"},\"image\":{\"@id\":\"https:\/\/weltlaeden.de\/katzenelnbogen\/faire-woche-2025-resuemee\/#primaryimage\"},\"thumbnailUrl\":\"https:\/\/weltlaeden.de\/katzenelnbogen\/wp-content\/uploads\/sites\/229\/2025\/10\/IMG_9232.jpg\",\"datePublished\":\"2025-10-01T07:51:49+00:00\",\"dateModified\":\"2025-10-02T05:58:37+00:00\",\"author\":{\"@id\":\"https:\/\/weltlaeden.de\/katzenelnbogen\/#\/schema\/person\/1e48028d6dee1acc5fcccfca7cf8a38c\"},\"breadcrumb\":{\"@id\":\"https:\/\/weltlaeden.de\/katzenelnbogen\/faire-woche-2025-resuemee\/#breadcrumb\"},\"inLanguage\":\"de\",\"potentialAction\":[{\"@type\":\"ReadAction\",\"target\":[\"https:\/\/weltlaeden.de\/katzenelnbogen\/faire-woche-2025-resuemee\/\"]}]},{\"@type\":\"ImageObject\",\"inLanguage\":\"de\",\"@id\":\"https:\/\/weltlaeden.de\/katzenelnbogen\/faire-woche-2025-resuemee\/#primaryimage\",\"url\":\"https:\/\/weltlaeden.de\/katzenelnbogen\/wp-content\/uploads\/sites\/229\/2025\/10\/IMG_9232.jpg\",\"contentUrl\":\"https:\/\/weltlaeden.de\/katzenelnbogen\/wp-content\/uploads\/sites\/229\/2025\/10\/IMG_9232.jpg\",\"width\":1280,\"height\":960},{\"@type\":\"BreadcrumbList\",\"@id\":\"https:\/\/weltlaeden.de\/katzenelnbogen\/faire-woche-2025-resuemee\/#breadcrumb\",\"itemListElement\":[{\"@type\":\"ListItem\",\"position\":1,\"name\":\"Startseite\",\"item\":\"https:\/\/weltlaeden.de\/katzenelnbogen\/\"},{\"@type\":\"ListItem\",\"position\":2,\"name\":\"Faire Woche 2025 &#8211; Res\u00fcmee\"}]},{\"@type\":\"WebSite\",\"@id\":\"https:\/\/weltlaeden.de\/katzenelnbogen\/#website\",\"url\":\"https:\/\/weltlaeden.de\/katzenelnbogen\/\",\"name\":\"Weltladen Katzenelnbogen\",\"description\":\"Faire Produkte seit 1990\",\"potentialAction\":[{\"@type\":\"SearchAction\",\"target\":{\"@type\":\"EntryPoint\",\"urlTemplate\":\"https:\/\/weltlaeden.de\/katzenelnbogen\/?s={search_term_string}\"},\"query-input\":{\"@type\":\"PropertyValueSpecification\",\"valueRequired\":true,\"valueName\":\"search_term_string\"}}],\"inLanguage\":\"de\"},{\"@type\":\"Person\",\"@id\":\"https:\/\/weltlaeden.de\/katzenelnbogen\/#\/schema\/person\/1e48028d6dee1acc5fcccfca7cf8a38c\",\"name\":\"katzenelnbogen\",\"image\":{\"@type\":\"ImageObject\",\"inLanguage\":\"de\",\"@id\":\"https:\/\/weltlaeden.de\/katzenelnbogen\/#\/schema\/person\/image\/\",\"url\":\"https:\/\/secure.gravatar.com\/avatar\/897c2ff6faf7d2cc03929403bdf1796b?s=96&d=mm&r=g\",\"contentUrl\":\"https:\/\/secure.gravatar.com\/avatar\/897c2ff6faf7d2cc03929403bdf1796b?s=96&d=mm&r=g\",\"caption\":\"katzenelnbogen\"}}]}<\/script>\n<!-- \/ Yoast SEO plugin. -->","yoast_head_json":{"title":"Faire Woche 2025 - Res\u00fcmee - Weltladen Katzenelnbogen","robots":{"index":"index","follow":"follow","max-snippet":"max-snippet:-1","max-image-preview":"max-image-preview:large","max-video-preview":"max-video-preview:-1"},"canonical":"https:\/\/weltlaeden.de\/katzenelnbogen\/faire-woche-2025-resuemee\/","og_locale":"de_DE","og_type":"article","og_title":"Faire Woche 2025 - Res\u00fcmee - Weltladen Katzenelnbogen","og_description":"[vc_row][vc_column][vc_column_text css=&#8220;&#8220;] Nach Auftakt der Fairen Woche am 12.09. in Mainz haben wir den Aktionszeitraum direkt mit einem Fairen Brunch am 14.09. ebenfalls gestartet. Mehr als 50 Bruncher haben sich zu diesem Anlass im Einrichmuseum eingefunden und mit uns gemeinsam einen wundersch\u00f6nen fairen Morgen mit breitem Buffet aus Fairem und regionalen Handel genossen. Neben musikalischen&hellip;","og_url":"https:\/\/weltlaeden.de\/katzenelnbogen\/faire-woche-2025-resuemee\/","og_site_name":"Weltladen Katzenelnbogen","article_published_time":"2025-10-01T07:51:49+00:00","article_modified_time":"2025-10-02T05:58:37+00:00","og_image":[{"width":1280,"height":960,"url":"https:\/\/weltlaeden.de\/katzenelnbogen\/wp-content\/uploads\/sites\/229\/2025\/10\/IMG_9232.jpg","type":"image\/jpeg"}],"author":"katzenelnbogen","twitter_card":"summary_large_image","twitter_misc":{"Verfasst von":"katzenelnbogen","Gesch\u00e4tzte Lesezeit":"2\u00a0Minuten"},"schema":{"@context":"https:\/\/schema.org","@graph":[{"@type":"Article","@id":"https:\/\/weltlaeden.de\/katzenelnbogen\/faire-woche-2025-resuemee\/#article","isPartOf":{"@id":"https:\/\/weltlaeden.de\/katzenelnbogen\/faire-woche-2025-resuemee\/"},"author":{"name":"katzenelnbogen","@id":"https:\/\/weltlaeden.de\/katzenelnbogen\/#\/schema\/person\/1e48028d6dee1acc5fcccfca7cf8a38c"},"headline":"Faire Woche 2025 &#8211; Res\u00fcmee","datePublished":"2025-10-01T07:51:49+00:00","dateModified":"2025-10-02T05:58:37+00:00","mainEntityOfPage":{"@id":"https:\/\/weltlaeden.de\/katzenelnbogen\/faire-woche-2025-resuemee\/"},"wordCount":348,"image":{"@id":"https:\/\/weltlaeden.de\/katzenelnbogen\/faire-woche-2025-resuemee\/#primaryimage"},"thumbnailUrl":"https:\/\/weltlaeden.de\/katzenelnbogen\/wp-content\/uploads\/sites\/229\/2025\/10\/IMG_9232.jpg","keywords":["Biodiversit\u00e4t","Brunch","Faire Woche","Res\u00fcmee","Workshop"],"articleSection":["Neuigkeiten"],"inLanguage":"de"},{"@type":"WebPage","@id":"https:\/\/weltlaeden.de\/katzenelnbogen\/faire-woche-2025-resuemee\/","url":"https:\/\/weltlaeden.de\/katzenelnbogen\/faire-woche-2025-resuemee\/","name":"Faire Woche 2025 - Res\u00fcmee - Weltladen Katzenelnbogen","isPartOf":{"@id":"https:\/\/weltlaeden.de\/katzenelnbogen\/#website"},"primaryImageOfPage":{"@id":"https:\/\/weltlaeden.de\/katzenelnbogen\/faire-woche-2025-resuemee\/#primaryimage"},"image":{"@id":"https:\/\/weltlaeden.de\/katzenelnbogen\/faire-woche-2025-resuemee\/#primaryimage"},"thumbnailUrl":"https:\/\/weltlaeden.de\/katzenelnbogen\/wp-content\/uploads\/sites\/229\/2025\/10\/IMG_9232.jpg","datePublished":"2025-10-01T07:51:49+00:00","dateModified":"2025-10-02T05:58:37+00:00","author":{"@id":"https:\/\/weltlaeden.de\/katzenelnbogen\/#\/schema\/person\/1e48028d6dee1acc5fcccfca7cf8a38c"},"breadcrumb":{"@id":"https:\/\/weltlaeden.de\/katzenelnbogen\/faire-woche-2025-resuemee\/#breadcrumb"},"inLanguage":"de","potentialAction":[{"@type":"ReadAction","target":["https:\/\/weltlaeden.de\/katzenelnbogen\/faire-woche-2025-resuemee\/"]}]},{"@type":"ImageObject","inLanguage":"de","@id":"https:\/\/weltlaeden.de\/katzenelnbogen\/faire-woche-2025-resuemee\/#primaryimage","url":"https:\/\/weltlaeden.de\/katzenelnbogen\/wp-content\/uploads\/sites\/229\/2025\/10\/IMG_9232.jpg","contentUrl":"https:\/\/weltlaeden.de\/katzenelnbogen\/wp-content\/uploads\/sites\/229\/2025\/10\/IMG_9232.jpg","width":1280,"height":960},{"@type":"BreadcrumbList","@id":"https:\/\/weltlaeden.de\/katzenelnbogen\/faire-woche-2025-resuemee\/#breadcrumb","itemListElement":[{"@type":"ListItem","position":1,"name":"Startseite","item":"https:\/\/weltlaeden.de\/katzenelnbogen\/"},{"@type":"ListItem","position":2,"name":"Faire Woche 2025 &#8211; Res\u00fcmee"}]},{"@type":"WebSite","@id":"https:\/\/weltlaeden.de\/katzenelnbogen\/#website","url":"https:\/\/weltlaeden.de\/katzenelnbogen\/","name":"Weltladen Katzenelnbogen","description":"Faire Produkte seit 1990","potentialAction":[{"@type":"SearchAction","target":{"@type":"EntryPoint","urlTemplate":"https:\/\/weltlaeden.de\/katzenelnbogen\/?s={search_term_string}"},"query-input":{"@type":"PropertyValueSpecification","valueRequired":true,"valueName":"search_term_string"}}],"inLanguage":"de"},{"@type":"Person","@id":"https:\/\/weltlaeden.de\/katzenelnbogen\/#\/schema\/person\/1e48028d6dee1acc5fcccfca7cf8a38c","name":"katzenelnbogen","image":{"@type":"ImageObject","inLanguage":"de","@id":"https:\/\/weltlaeden.de\/katzenelnbogen\/#\/schema\/person\/image\/","url":"https:\/\/secure.gravatar.com\/avatar\/897c2ff6faf7d2cc03929403bdf1796b?s=96&d=mm&r=g","contentUrl":"https:\/\/secure.gravatar.com\/avatar\/897c2ff6faf7d2cc03929403bdf1796b?s=96&d=mm&r=g","caption":"katzenelnbogen"}}]}},"_links":{"self":[{"href":"https:\/\/weltlaeden.de\/katzenelnbogen\/wp-json\/wp\/v2\/posts\/867","targetHints":{"allow":["GET"]}}],"collection":[{"href":"https:\/\/weltlaeden.de\/katzenelnbogen\/wp-json\/wp\/v2\/posts"}],"about":[{"href":"https:\/\/weltlaeden.de\/katzenelnbogen\/wp-json\/wp\/v2\/types\/post"}],"author":[{"embeddable":true,"href":"https:\/\/weltlaeden.de\/katzenelnbogen\/wp-json\/wp\/v2\/users\/340"}],"replies":[{"embeddable":true,"href":"https:\/\/weltlaeden.de\/katzenelnbogen\/wp-json\/wp\/v2\/comments?post=867"}],"version-history":[{"count":27,"href":"https:\/\/weltlaeden.de\/katzenelnbogen\/wp-json\/wp\/v2\/posts\/867\/revisions"}],"predecessor-version":[{"id":912,"href":"https:\/\/weltlaeden.de\/katzenelnbogen\/wp-json\/wp\/v2\/posts\/867\/revisions\/912"}],"wp:featuredmedia":[{"embeddable":true,"href":"https:\/\/weltlaeden.de\/katzenelnbogen\/wp-json\/wp\/v2\/media\/868"}],"wp:attachment":[{"href":"https:\/\/weltlaeden.de\/katzenelnbogen\/wp-json\/wp\/v2\/media?parent=867"}],"wp:term":[{"taxonomy":"category","embeddable":true,"href":"https:\/\/weltlaeden.de\/katzenelnbogen\/wp-json\/wp\/v2\/categories?post=867"},{"taxonomy":"post_tag","embeddable":true,"href":"https:\/\/weltlaeden.de\/katzenelnbogen\/wp-json\/wp\/v2\/tags?post=867"}],"curies":[{"name":"wp","href":"https:\/\/api.w.org\/{rel}","templated":true}]}}