{"id":826,"date":"2025-08-20T08:00:32","date_gmt":"2025-08-20T06:00:32","guid":{"rendered":"https:\/\/weltlaeden.de\/katzenelnbogen\/?p=826"},"modified":"2025-08-20T08:31:47","modified_gmt":"2025-08-20T06:31:47","slug":"einladung-zum-fairen-brunch-ins-einrichmuseum","status":"publish","type":"post","link":"https:\/\/weltlaeden.de\/katzenelnbogen\/einladung-zum-fairen-brunch-ins-einrichmuseum\/","title":{"rendered":"Einladung zum Fairen Brunch ins Einrichmuseum"},"content":{"rendered":"<p><img loading=\"lazy\" decoding=\"async\" class=\"size-medium wp-image-825 alignleft\" src=\"https:\/\/weltlaeden.de\/katzenelnbogen\/wp-content\/uploads\/sites\/229\/2025\/09\/2025-06-26_logo_50x50_v2-03-300x202.jpg\" alt=\"\" width=\"300\" height=\"202\" \/>Im Rahmen der diesj\u00e4hrigen Fairen Woche, die unter dem Motto &#8222;Vielfalt&#8220; steht, m\u00f6chten wir als AG Eine Welt eV und der Weltladen Katzenelnbogen gerne einen Fairen Brunch f\u00fcr alle interessierten Teilnehmenden anbieten. Da in diesem Jahr sowohl der Dachverband der Weltl\u00e4den wie auch der Dachverband Entwicklungspolitik Baden-W\u00fcrttemberg (DEAB) ihr 50-j\u00e4hriges Jubil\u00e4um feiern, wurden alle Engagierten Faire Woche Teilnehmenden zur besonderen Aktion 50 + 50 Faire Fr\u00fchst\u00fccke an ungew\u00f6hnlichen Orten aufgerufen. Dies haben wir als Anlass genommen, unseren Brunch an einem der historisch spannendsten Orte im Einrich auszurichten, dem Einrichmuseum. Die Vielfalt unserer Einricher Geschichte mit der Vielfalt Fairer Produkte zu einem ganz besonderen Erlebnis zu verbinden war uns hierbei ein Grundanliegen. Wenn wir das Interesse an einer Teilnahme geweckt haben, gerne im Weltladen vorbeischauen und informieren oder direkt einen Platz reservieren, alternativ geht das auch per E-Mail oder \u00fcber unsere Social-Media-Kan\u00e4le. Die Teilnahme ist kostenlos, Spenden f\u00fcr unsere Vereinsarbeit sind aber herzliche willkommen.<\/p>\n<p>Wir freuen uns auf zahlreiche Teilnehmende. \ud83d\ude0a<\/p>\n","protected":false},"excerpt":{"rendered":"<p>Im Rahmen der diesj\u00e4hrigen Fairen Woche, die unter dem Motto &#8222;Vielfalt&#8220; steht, m\u00f6chten wir als AG Eine Welt eV und der Weltladen Katzenelnbogen gerne einen Fairen Brunch f\u00fcr alle interessierten Teilnehmenden anbieten. Da in diesem Jahr sowohl der Dachverband der Weltl\u00e4den wie auch der Dachverband Entwicklungspolitik Baden-W\u00fcrttemberg (DEAB) ihr 50-j\u00e4hriges Jubil\u00e4um feiern, wurden alle Engagierten&hellip;<\/p>\n","protected":false},"author":340,"featured_media":827,"comment_status":"closed","ping_status":"closed","sticky":false,"template":"","format":"standard","meta":{"footnotes":""},"categories":[8],"tags":[21,22,23],"class_list":["post-826","post","type-post","status-publish","format-standard","has-post-thumbnail","hentry","category-neues","tag-brunch","tag-einrichmuseum","tag-faire-woche","category-8","description-off"],"yoast_head":"<!-- This site is optimized with the Yoast SEO plugin v26.8 - https:\/\/yoast.com\/product\/yoast-seo-wordpress\/ -->\n<title>Einladung zum Fairen Brunch ins Einrichmuseum - Weltladen Katzenelnbogen<\/title>\n<meta name=\"robots\" content=\"index, follow, max-snippet:-1, max-image-preview:large, max-video-preview:-1\" \/>\n<link rel=\"canonical\" href=\"https:\/\/weltlaeden.de\/katzenelnbogen\/einladung-zum-fairen-brunch-ins-einrichmuseum\/\" \/>\n<meta property=\"og:locale\" content=\"de_DE\" \/>\n<meta property=\"og:type\" content=\"article\" \/>\n<meta property=\"og:title\" content=\"Einladung zum Fairen Brunch ins Einrichmuseum - Weltladen Katzenelnbogen\" \/>\n<meta property=\"og:description\" content=\"Im Rahmen der diesj\u00e4hrigen Fairen Woche, die unter dem Motto &#8222;Vielfalt&#8220; steht, m\u00f6chten wir als AG Eine Welt eV und der Weltladen Katzenelnbogen gerne einen Fairen Brunch f\u00fcr alle interessierten Teilnehmenden anbieten. Da in diesem Jahr sowohl der Dachverband der Weltl\u00e4den wie auch der Dachverband Entwicklungspolitik Baden-W\u00fcrttemberg (DEAB) ihr 50-j\u00e4hriges Jubil\u00e4um feiern, wurden alle Engagierten&hellip;\" \/>\n<meta property=\"og:url\" content=\"https:\/\/weltlaeden.de\/katzenelnbogen\/einladung-zum-fairen-brunch-ins-einrichmuseum\/\" \/>\n<meta property=\"og:site_name\" content=\"Weltladen Katzenelnbogen\" \/>\n<meta property=\"article:published_time\" content=\"2025-08-20T06:00:32+00:00\" \/>\n<meta property=\"article:modified_time\" content=\"2025-08-20T06:31:47+00:00\" \/>\n<meta property=\"og:image\" content=\"https:\/\/weltlaeden.de\/katzenelnbogen\/wp-content\/uploads\/sites\/229\/2025\/07\/lunch-7807784_1920.jpg\" \/>\n\t<meta property=\"og:image:width\" content=\"1440\" \/>\n\t<meta property=\"og:image:height\" content=\"1920\" \/>\n\t<meta property=\"og:image:type\" content=\"image\/jpeg\" \/>\n<meta name=\"author\" content=\"katzenelnbogen\" \/>\n<meta name=\"twitter:card\" content=\"summary_large_image\" \/>\n<meta name=\"twitter:label1\" content=\"Verfasst von\" \/>\n\t<meta name=\"twitter:data1\" content=\"katzenelnbogen\" \/>\n\t<meta name=\"twitter:label2\" content=\"Gesch\u00e4tzte Lesezeit\" \/>\n\t<meta name=\"twitter:data2\" content=\"1\u00a0Minute\" \/>\n<script type=\"application\/ld+json\" class=\"yoast-schema-graph\">{\"@context\":\"https:\/\/schema.org\",\"@graph\":[{\"@type\":\"Article\",\"@id\":\"https:\/\/weltlaeden.de\/katzenelnbogen\/einladung-zum-fairen-brunch-ins-einrichmuseum\/#article\",\"isPartOf\":{\"@id\":\"https:\/\/weltlaeden.de\/katzenelnbogen\/einladung-zum-fairen-brunch-ins-einrichmuseum\/\"},\"author\":{\"name\":\"katzenelnbogen\",\"@id\":\"https:\/\/weltlaeden.de\/katzenelnbogen\/#\/schema\/person\/1e48028d6dee1acc5fcccfca7cf8a38c\"},\"headline\":\"Einladung zum Fairen Brunch ins Einrichmuseum\",\"datePublished\":\"2025-08-20T06:00:32+00:00\",\"dateModified\":\"2025-08-20T06:31:47+00:00\",\"mainEntityOfPage\":{\"@id\":\"https:\/\/weltlaeden.de\/katzenelnbogen\/einladung-zum-fairen-brunch-ins-einrichmuseum\/\"},\"wordCount\":174,\"image\":{\"@id\":\"https:\/\/weltlaeden.de\/katzenelnbogen\/einladung-zum-fairen-brunch-ins-einrichmuseum\/#primaryimage\"},\"thumbnailUrl\":\"https:\/\/weltlaeden.de\/katzenelnbogen\/wp-content\/uploads\/sites\/229\/2025\/07\/lunch-7807784_1920.jpg\",\"keywords\":[\"Brunch\",\"Einrichmuseum\",\"Faire Woche\"],\"articleSection\":[\"Neuigkeiten\"],\"inLanguage\":\"de\"},{\"@type\":\"WebPage\",\"@id\":\"https:\/\/weltlaeden.de\/katzenelnbogen\/einladung-zum-fairen-brunch-ins-einrichmuseum\/\",\"url\":\"https:\/\/weltlaeden.de\/katzenelnbogen\/einladung-zum-fairen-brunch-ins-einrichmuseum\/\",\"name\":\"Einladung zum Fairen Brunch ins Einrichmuseum - Weltladen Katzenelnbogen\",\"isPartOf\":{\"@id\":\"https:\/\/weltlaeden.de\/katzenelnbogen\/#website\"},\"primaryImageOfPage\":{\"@id\":\"https:\/\/weltlaeden.de\/katzenelnbogen\/einladung-zum-fairen-brunch-ins-einrichmuseum\/#primaryimage\"},\"image\":{\"@id\":\"https:\/\/weltlaeden.de\/katzenelnbogen\/einladung-zum-fairen-brunch-ins-einrichmuseum\/#primaryimage\"},\"thumbnailUrl\":\"https:\/\/weltlaeden.de\/katzenelnbogen\/wp-content\/uploads\/sites\/229\/2025\/07\/lunch-7807784_1920.jpg\",\"datePublished\":\"2025-08-20T06:00:32+00:00\",\"dateModified\":\"2025-08-20T06:31:47+00:00\",\"author\":{\"@id\":\"https:\/\/weltlaeden.de\/katzenelnbogen\/#\/schema\/person\/1e48028d6dee1acc5fcccfca7cf8a38c\"},\"breadcrumb\":{\"@id\":\"https:\/\/weltlaeden.de\/katzenelnbogen\/einladung-zum-fairen-brunch-ins-einrichmuseum\/#breadcrumb\"},\"inLanguage\":\"de\",\"potentialAction\":[{\"@type\":\"ReadAction\",\"target\":[\"https:\/\/weltlaeden.de\/katzenelnbogen\/einladung-zum-fairen-brunch-ins-einrichmuseum\/\"]}]},{\"@type\":\"ImageObject\",\"inLanguage\":\"de\",\"@id\":\"https:\/\/weltlaeden.de\/katzenelnbogen\/einladung-zum-fairen-brunch-ins-einrichmuseum\/#primaryimage\",\"url\":\"https:\/\/weltlaeden.de\/katzenelnbogen\/wp-content\/uploads\/sites\/229\/2025\/07\/lunch-7807784_1920.jpg\",\"contentUrl\":\"https:\/\/weltlaeden.de\/katzenelnbogen\/wp-content\/uploads\/sites\/229\/2025\/07\/lunch-7807784_1920.jpg\",\"width\":1440,\"height\":1920},{\"@type\":\"BreadcrumbList\",\"@id\":\"https:\/\/weltlaeden.de\/katzenelnbogen\/einladung-zum-fairen-brunch-ins-einrichmuseum\/#breadcrumb\",\"itemListElement\":[{\"@type\":\"ListItem\",\"position\":1,\"name\":\"Startseite\",\"item\":\"https:\/\/weltlaeden.de\/katzenelnbogen\/\"},{\"@type\":\"ListItem\",\"position\":2,\"name\":\"Einladung zum Fairen Brunch ins Einrichmuseum\"}]},{\"@type\":\"WebSite\",\"@id\":\"https:\/\/weltlaeden.de\/katzenelnbogen\/#website\",\"url\":\"https:\/\/weltlaeden.de\/katzenelnbogen\/\",\"name\":\"Weltladen Katzenelnbogen\",\"description\":\"Faire Produkte seit 1990\",\"potentialAction\":[{\"@type\":\"SearchAction\",\"target\":{\"@type\":\"EntryPoint\",\"urlTemplate\":\"https:\/\/weltlaeden.de\/katzenelnbogen\/?s={search_term_string}\"},\"query-input\":{\"@type\":\"PropertyValueSpecification\",\"valueRequired\":true,\"valueName\":\"search_term_string\"}}],\"inLanguage\":\"de\"},{\"@type\":\"Person\",\"@id\":\"https:\/\/weltlaeden.de\/katzenelnbogen\/#\/schema\/person\/1e48028d6dee1acc5fcccfca7cf8a38c\",\"name\":\"katzenelnbogen\",\"image\":{\"@type\":\"ImageObject\",\"inLanguage\":\"de\",\"@id\":\"https:\/\/weltlaeden.de\/katzenelnbogen\/#\/schema\/person\/image\/\",\"url\":\"https:\/\/secure.gravatar.com\/avatar\/897c2ff6faf7d2cc03929403bdf1796b?s=96&d=mm&r=g\",\"contentUrl\":\"https:\/\/secure.gravatar.com\/avatar\/897c2ff6faf7d2cc03929403bdf1796b?s=96&d=mm&r=g\",\"caption\":\"katzenelnbogen\"}}]}<\/script>\n<!-- \/ Yoast SEO plugin. -->","yoast_head_json":{"title":"Einladung zum Fairen Brunch ins Einrichmuseum - Weltladen Katzenelnbogen","robots":{"index":"index","follow":"follow","max-snippet":"max-snippet:-1","max-image-preview":"max-image-preview:large","max-video-preview":"max-video-preview:-1"},"canonical":"https:\/\/weltlaeden.de\/katzenelnbogen\/einladung-zum-fairen-brunch-ins-einrichmuseum\/","og_locale":"de_DE","og_type":"article","og_title":"Einladung zum Fairen Brunch ins Einrichmuseum - Weltladen Katzenelnbogen","og_description":"Im Rahmen der diesj\u00e4hrigen Fairen Woche, die unter dem Motto &#8222;Vielfalt&#8220; steht, m\u00f6chten wir als AG Eine Welt eV und der Weltladen Katzenelnbogen gerne einen Fairen Brunch f\u00fcr alle interessierten Teilnehmenden anbieten. Da in diesem Jahr sowohl der Dachverband der Weltl\u00e4den wie auch der Dachverband Entwicklungspolitik Baden-W\u00fcrttemberg (DEAB) ihr 50-j\u00e4hriges Jubil\u00e4um feiern, wurden alle Engagierten&hellip;","og_url":"https:\/\/weltlaeden.de\/katzenelnbogen\/einladung-zum-fairen-brunch-ins-einrichmuseum\/","og_site_name":"Weltladen Katzenelnbogen","article_published_time":"2025-08-20T06:00:32+00:00","article_modified_time":"2025-08-20T06:31:47+00:00","og_image":[{"width":1440,"height":1920,"url":"https:\/\/weltlaeden.de\/katzenelnbogen\/wp-content\/uploads\/sites\/229\/2025\/07\/lunch-7807784_1920.jpg","type":"image\/jpeg"}],"author":"katzenelnbogen","twitter_card":"summary_large_image","twitter_misc":{"Verfasst von":"katzenelnbogen","Gesch\u00e4tzte Lesezeit":"1\u00a0Minute"},"schema":{"@context":"https:\/\/schema.org","@graph":[{"@type":"Article","@id":"https:\/\/weltlaeden.de\/katzenelnbogen\/einladung-zum-fairen-brunch-ins-einrichmuseum\/#article","isPartOf":{"@id":"https:\/\/weltlaeden.de\/katzenelnbogen\/einladung-zum-fairen-brunch-ins-einrichmuseum\/"},"author":{"name":"katzenelnbogen","@id":"https:\/\/weltlaeden.de\/katzenelnbogen\/#\/schema\/person\/1e48028d6dee1acc5fcccfca7cf8a38c"},"headline":"Einladung zum Fairen Brunch ins Einrichmuseum","datePublished":"2025-08-20T06:00:32+00:00","dateModified":"2025-08-20T06:31:47+00:00","mainEntityOfPage":{"@id":"https:\/\/weltlaeden.de\/katzenelnbogen\/einladung-zum-fairen-brunch-ins-einrichmuseum\/"},"wordCount":174,"image":{"@id":"https:\/\/weltlaeden.de\/katzenelnbogen\/einladung-zum-fairen-brunch-ins-einrichmuseum\/#primaryimage"},"thumbnailUrl":"https:\/\/weltlaeden.de\/katzenelnbogen\/wp-content\/uploads\/sites\/229\/2025\/07\/lunch-7807784_1920.jpg","keywords":["Brunch","Einrichmuseum","Faire Woche"],"articleSection":["Neuigkeiten"],"inLanguage":"de"},{"@type":"WebPage","@id":"https:\/\/weltlaeden.de\/katzenelnbogen\/einladung-zum-fairen-brunch-ins-einrichmuseum\/","url":"https:\/\/weltlaeden.de\/katzenelnbogen\/einladung-zum-fairen-brunch-ins-einrichmuseum\/","name":"Einladung zum Fairen Brunch ins Einrichmuseum - Weltladen Katzenelnbogen","isPartOf":{"@id":"https:\/\/weltlaeden.de\/katzenelnbogen\/#website"},"primaryImageOfPage":{"@id":"https:\/\/weltlaeden.de\/katzenelnbogen\/einladung-zum-fairen-brunch-ins-einrichmuseum\/#primaryimage"},"image":{"@id":"https:\/\/weltlaeden.de\/katzenelnbogen\/einladung-zum-fairen-brunch-ins-einrichmuseum\/#primaryimage"},"thumbnailUrl":"https:\/\/weltlaeden.de\/katzenelnbogen\/wp-content\/uploads\/sites\/229\/2025\/07\/lunch-7807784_1920.jpg","datePublished":"2025-08-20T06:00:32+00:00","dateModified":"2025-08-20T06:31:47+00:00","author":{"@id":"https:\/\/weltlaeden.de\/katzenelnbogen\/#\/schema\/person\/1e48028d6dee1acc5fcccfca7cf8a38c"},"breadcrumb":{"@id":"https:\/\/weltlaeden.de\/katzenelnbogen\/einladung-zum-fairen-brunch-ins-einrichmuseum\/#breadcrumb"},"inLanguage":"de","potentialAction":[{"@type":"ReadAction","target":["https:\/\/weltlaeden.de\/katzenelnbogen\/einladung-zum-fairen-brunch-ins-einrichmuseum\/"]}]},{"@type":"ImageObject","inLanguage":"de","@id":"https:\/\/weltlaeden.de\/katzenelnbogen\/einladung-zum-fairen-brunch-ins-einrichmuseum\/#primaryimage","url":"https:\/\/weltlaeden.de\/katzenelnbogen\/wp-content\/uploads\/sites\/229\/2025\/07\/lunch-7807784_1920.jpg","contentUrl":"https:\/\/weltlaeden.de\/katzenelnbogen\/wp-content\/uploads\/sites\/229\/2025\/07\/lunch-7807784_1920.jpg","width":1440,"height":1920},{"@type":"BreadcrumbList","@id":"https:\/\/weltlaeden.de\/katzenelnbogen\/einladung-zum-fairen-brunch-ins-einrichmuseum\/#breadcrumb","itemListElement":[{"@type":"ListItem","position":1,"name":"Startseite","item":"https:\/\/weltlaeden.de\/katzenelnbogen\/"},{"@type":"ListItem","position":2,"name":"Einladung zum Fairen Brunch ins Einrichmuseum"}]},{"@type":"WebSite","@id":"https:\/\/weltlaeden.de\/katzenelnbogen\/#website","url":"https:\/\/weltlaeden.de\/katzenelnbogen\/","name":"Weltladen Katzenelnbogen","description":"Faire Produkte seit 1990","potentialAction":[{"@type":"SearchAction","target":{"@type":"EntryPoint","urlTemplate":"https:\/\/weltlaeden.de\/katzenelnbogen\/?s={search_term_string}"},"query-input":{"@type":"PropertyValueSpecification","valueRequired":true,"valueName":"search_term_string"}}],"inLanguage":"de"},{"@type":"Person","@id":"https:\/\/weltlaeden.de\/katzenelnbogen\/#\/schema\/person\/1e48028d6dee1acc5fcccfca7cf8a38c","name":"katzenelnbogen","image":{"@type":"ImageObject","inLanguage":"de","@id":"https:\/\/weltlaeden.de\/katzenelnbogen\/#\/schema\/person\/image\/","url":"https:\/\/secure.gravatar.com\/avatar\/897c2ff6faf7d2cc03929403bdf1796b?s=96&d=mm&r=g","contentUrl":"https:\/\/secure.gravatar.com\/avatar\/897c2ff6faf7d2cc03929403bdf1796b?s=96&d=mm&r=g","caption":"katzenelnbogen"}}]}},"_links":{"self":[{"href":"https:\/\/weltlaeden.de\/katzenelnbogen\/wp-json\/wp\/v2\/posts\/826","targetHints":{"allow":["GET"]}}],"collection":[{"href":"https:\/\/weltlaeden.de\/katzenelnbogen\/wp-json\/wp\/v2\/posts"}],"about":[{"href":"https:\/\/weltlaeden.de\/katzenelnbogen\/wp-json\/wp\/v2\/types\/post"}],"author":[{"embeddable":true,"href":"https:\/\/weltlaeden.de\/katzenelnbogen\/wp-json\/wp\/v2\/users\/340"}],"replies":[{"embeddable":true,"href":"https:\/\/weltlaeden.de\/katzenelnbogen\/wp-json\/wp\/v2\/comments?post=826"}],"version-history":[{"count":3,"href":"https:\/\/weltlaeden.de\/katzenelnbogen\/wp-json\/wp\/v2\/posts\/826\/revisions"}],"predecessor-version":[{"id":831,"href":"https:\/\/weltlaeden.de\/katzenelnbogen\/wp-json\/wp\/v2\/posts\/826\/revisions\/831"}],"wp:featuredmedia":[{"embeddable":true,"href":"https:\/\/weltlaeden.de\/katzenelnbogen\/wp-json\/wp\/v2\/media\/827"}],"wp:attachment":[{"href":"https:\/\/weltlaeden.de\/katzenelnbogen\/wp-json\/wp\/v2\/media?parent=826"}],"wp:term":[{"taxonomy":"category","embeddable":true,"href":"https:\/\/weltlaeden.de\/katzenelnbogen\/wp-json\/wp\/v2\/categories?post=826"},{"taxonomy":"post_tag","embeddable":true,"href":"https:\/\/weltlaeden.de\/katzenelnbogen\/wp-json\/wp\/v2\/tags?post=826"}],"curies":[{"name":"wp","href":"https:\/\/api.w.org\/{rel}","templated":true}]}}