{"id":813,"date":"2025-07-14T08:19:30","date_gmt":"2025-07-14T06:19:30","guid":{"rendered":"https:\/\/weltlaeden.de\/katzenelnbogen\/?p=813"},"modified":"2025-07-15T17:12:54","modified_gmt":"2025-07-15T15:12:54","slug":"neue-serie-akteure-des-fairen-handels","status":"publish","type":"post","link":"https:\/\/weltlaeden.de\/katzenelnbogen\/neue-serie-akteure-des-fairen-handels\/","title":{"rendered":"Neue Serie &#8222;Akteure des Fairen Handels&#8220;"},"content":{"rendered":"<p>In unserer neuen Serie m\u00f6chten wir euch zuk\u00fcnftig mitnehmen in die Welt des Fairen Handels und euch die wichtigsten Akteure in Kurzprotr\u00e4ts vorstellen. Einige Produzierende findet ihr bereits auf der Website unter der Rubrik Portraits von Handelspartner (https:\/\/weltlaeden.de\/katzenelnbogen\/portraits-von-handelspartnern\/). Diese Einblicke erweitern wir auf unseren anderen Auftritten (soziale Medien, WhatsApp Kanal) und stellen euch dort mitunter Lieferanten wie auch weitere produzierende Partner vor.<\/p>\n<p>Den Start macht hierbei einer der gr\u00f6\u00dften und am l\u00e4ngsten aktiven Lieferanten, die GEPA, die dieses Jahr auch ihr 50-j\u00e4hriges Jubil\u00e4um begeht. Die wichtigsten Meilensteine haben wir in einem kurzen Beitrag zusammengefasst, den ihr jetzt auf unseren Kan\u00e4len finden k\u00f6nnt.<\/p>\n<p>Schaut mal rein und lasst gerne auch ein Like da. \ud83d\ude0a<\/p>\n","protected":false},"excerpt":{"rendered":"<p>In unserer neuen Serie m\u00f6chten wir euch zuk\u00fcnftig mitnehmen in die Welt des Fairen Handels und euch die wichtigsten Akteure in Kurzprotr\u00e4ts vorstellen. Einige Produzierende findet ihr bereits auf der Website unter der Rubrik Portraits von Handelspartner (https:\/\/weltlaeden.de\/katzenelnbogen\/portraits-von-handelspartnern\/). Diese Einblicke erweitern wir auf unseren anderen Auftritten (soziale Medien, WhatsApp Kanal) und stellen euch dort mitunter&hellip;<\/p>\n","protected":false},"author":340,"featured_media":814,"comment_status":"closed","ping_status":"closed","sticky":false,"template":"","format":"standard","meta":{"footnotes":""},"categories":[8],"tags":[19,18,20],"class_list":["post-813","post","type-post","status-publish","format-standard","has-post-thumbnail","hentry","category-neues","tag-fairer-handel","tag-lieferanten","tag-partner","category-8","description-off"],"yoast_head":"<!-- This site is optimized with the Yoast SEO plugin v26.8 - https:\/\/yoast.com\/product\/yoast-seo-wordpress\/ -->\n<title>Neue Serie &quot;Akteure des Fairen Handels&quot; - Weltladen Katzenelnbogen<\/title>\n<meta name=\"robots\" content=\"index, follow, max-snippet:-1, max-image-preview:large, max-video-preview:-1\" \/>\n<link rel=\"canonical\" href=\"https:\/\/weltlaeden.de\/katzenelnbogen\/neue-serie-akteure-des-fairen-handels\/\" \/>\n<meta property=\"og:locale\" content=\"de_DE\" \/>\n<meta property=\"og:type\" content=\"article\" \/>\n<meta property=\"og:title\" content=\"Neue Serie &quot;Akteure des Fairen Handels&quot; - Weltladen Katzenelnbogen\" \/>\n<meta property=\"og:description\" content=\"In unserer neuen Serie m\u00f6chten wir euch zuk\u00fcnftig mitnehmen in die Welt des Fairen Handels und euch die wichtigsten Akteure in Kurzprotr\u00e4ts vorstellen. Einige Produzierende findet ihr bereits auf der Website unter der Rubrik Portraits von Handelspartner (https:\/\/weltlaeden.de\/katzenelnbogen\/portraits-von-handelspartnern\/). Diese Einblicke erweitern wir auf unseren anderen Auftritten (soziale Medien, WhatsApp Kanal) und stellen euch dort mitunter&hellip;\" \/>\n<meta property=\"og:url\" content=\"https:\/\/weltlaeden.de\/katzenelnbogen\/neue-serie-akteure-des-fairen-handels\/\" \/>\n<meta property=\"og:site_name\" content=\"Weltladen Katzenelnbogen\" \/>\n<meta property=\"article:published_time\" content=\"2025-07-14T06:19:30+00:00\" \/>\n<meta property=\"article:modified_time\" content=\"2025-07-15T15:12:54+00:00\" \/>\n<meta property=\"og:image\" content=\"https:\/\/weltlaeden.de\/katzenelnbogen\/wp-content\/uploads\/sites\/229\/2025\/07\/man-7895207_1920.jpg\" \/>\n\t<meta property=\"og:image:width\" content=\"1920\" \/>\n\t<meta property=\"og:image:height\" content=\"1280\" \/>\n\t<meta property=\"og:image:type\" content=\"image\/jpeg\" \/>\n<meta name=\"author\" content=\"katzenelnbogen\" \/>\n<meta name=\"twitter:card\" content=\"summary_large_image\" \/>\n<meta name=\"twitter:label1\" content=\"Verfasst von\" \/>\n\t<meta name=\"twitter:data1\" content=\"katzenelnbogen\" \/>\n\t<meta name=\"twitter:label2\" content=\"Gesch\u00e4tzte Lesezeit\" \/>\n\t<meta name=\"twitter:data2\" content=\"1\u00a0Minute\" \/>\n<script type=\"application\/ld+json\" class=\"yoast-schema-graph\">{\"@context\":\"https:\/\/schema.org\",\"@graph\":[{\"@type\":\"Article\",\"@id\":\"https:\/\/weltlaeden.de\/katzenelnbogen\/neue-serie-akteure-des-fairen-handels\/#article\",\"isPartOf\":{\"@id\":\"https:\/\/weltlaeden.de\/katzenelnbogen\/neue-serie-akteure-des-fairen-handels\/\"},\"author\":{\"name\":\"katzenelnbogen\",\"@id\":\"https:\/\/weltlaeden.de\/katzenelnbogen\/#\/schema\/person\/1e48028d6dee1acc5fcccfca7cf8a38c\"},\"headline\":\"Neue Serie &#8222;Akteure des Fairen Handels&#8220;\",\"datePublished\":\"2025-07-14T06:19:30+00:00\",\"dateModified\":\"2025-07-15T15:12:54+00:00\",\"mainEntityOfPage\":{\"@id\":\"https:\/\/weltlaeden.de\/katzenelnbogen\/neue-serie-akteure-des-fairen-handels\/\"},\"wordCount\":131,\"image\":{\"@id\":\"https:\/\/weltlaeden.de\/katzenelnbogen\/neue-serie-akteure-des-fairen-handels\/#primaryimage\"},\"thumbnailUrl\":\"https:\/\/weltlaeden.de\/katzenelnbogen\/wp-content\/uploads\/sites\/229\/2025\/07\/man-7895207_1920.jpg\",\"keywords\":[\"fairer Handel\",\"Lieferanten\",\"Partner\"],\"articleSection\":[\"Neuigkeiten\"],\"inLanguage\":\"de\"},{\"@type\":\"WebPage\",\"@id\":\"https:\/\/weltlaeden.de\/katzenelnbogen\/neue-serie-akteure-des-fairen-handels\/\",\"url\":\"https:\/\/weltlaeden.de\/katzenelnbogen\/neue-serie-akteure-des-fairen-handels\/\",\"name\":\"Neue Serie \\\"Akteure des Fairen Handels\\\" - Weltladen Katzenelnbogen\",\"isPartOf\":{\"@id\":\"https:\/\/weltlaeden.de\/katzenelnbogen\/#website\"},\"primaryImageOfPage\":{\"@id\":\"https:\/\/weltlaeden.de\/katzenelnbogen\/neue-serie-akteure-des-fairen-handels\/#primaryimage\"},\"image\":{\"@id\":\"https:\/\/weltlaeden.de\/katzenelnbogen\/neue-serie-akteure-des-fairen-handels\/#primaryimage\"},\"thumbnailUrl\":\"https:\/\/weltlaeden.de\/katzenelnbogen\/wp-content\/uploads\/sites\/229\/2025\/07\/man-7895207_1920.jpg\",\"datePublished\":\"2025-07-14T06:19:30+00:00\",\"dateModified\":\"2025-07-15T15:12:54+00:00\",\"author\":{\"@id\":\"https:\/\/weltlaeden.de\/katzenelnbogen\/#\/schema\/person\/1e48028d6dee1acc5fcccfca7cf8a38c\"},\"breadcrumb\":{\"@id\":\"https:\/\/weltlaeden.de\/katzenelnbogen\/neue-serie-akteure-des-fairen-handels\/#breadcrumb\"},\"inLanguage\":\"de\",\"potentialAction\":[{\"@type\":\"ReadAction\",\"target\":[\"https:\/\/weltlaeden.de\/katzenelnbogen\/neue-serie-akteure-des-fairen-handels\/\"]}]},{\"@type\":\"ImageObject\",\"inLanguage\":\"de\",\"@id\":\"https:\/\/weltlaeden.de\/katzenelnbogen\/neue-serie-akteure-des-fairen-handels\/#primaryimage\",\"url\":\"https:\/\/weltlaeden.de\/katzenelnbogen\/wp-content\/uploads\/sites\/229\/2025\/07\/man-7895207_1920.jpg\",\"contentUrl\":\"https:\/\/weltlaeden.de\/katzenelnbogen\/wp-content\/uploads\/sites\/229\/2025\/07\/man-7895207_1920.jpg\",\"width\":1920,\"height\":1280},{\"@type\":\"BreadcrumbList\",\"@id\":\"https:\/\/weltlaeden.de\/katzenelnbogen\/neue-serie-akteure-des-fairen-handels\/#breadcrumb\",\"itemListElement\":[{\"@type\":\"ListItem\",\"position\":1,\"name\":\"Startseite\",\"item\":\"https:\/\/weltlaeden.de\/katzenelnbogen\/\"},{\"@type\":\"ListItem\",\"position\":2,\"name\":\"Neue Serie &#8222;Akteure des Fairen Handels&#8220;\"}]},{\"@type\":\"WebSite\",\"@id\":\"https:\/\/weltlaeden.de\/katzenelnbogen\/#website\",\"url\":\"https:\/\/weltlaeden.de\/katzenelnbogen\/\",\"name\":\"Weltladen Katzenelnbogen\",\"description\":\"Faire Produkte seit 1990\",\"potentialAction\":[{\"@type\":\"SearchAction\",\"target\":{\"@type\":\"EntryPoint\",\"urlTemplate\":\"https:\/\/weltlaeden.de\/katzenelnbogen\/?s={search_term_string}\"},\"query-input\":{\"@type\":\"PropertyValueSpecification\",\"valueRequired\":true,\"valueName\":\"search_term_string\"}}],\"inLanguage\":\"de\"},{\"@type\":\"Person\",\"@id\":\"https:\/\/weltlaeden.de\/katzenelnbogen\/#\/schema\/person\/1e48028d6dee1acc5fcccfca7cf8a38c\",\"name\":\"katzenelnbogen\",\"image\":{\"@type\":\"ImageObject\",\"inLanguage\":\"de\",\"@id\":\"https:\/\/weltlaeden.de\/katzenelnbogen\/#\/schema\/person\/image\/\",\"url\":\"https:\/\/secure.gravatar.com\/avatar\/897c2ff6faf7d2cc03929403bdf1796b?s=96&d=mm&r=g\",\"contentUrl\":\"https:\/\/secure.gravatar.com\/avatar\/897c2ff6faf7d2cc03929403bdf1796b?s=96&d=mm&r=g\",\"caption\":\"katzenelnbogen\"}}]}<\/script>\n<!-- \/ Yoast SEO plugin. -->","yoast_head_json":{"title":"Neue Serie \"Akteure des Fairen Handels\" - Weltladen Katzenelnbogen","robots":{"index":"index","follow":"follow","max-snippet":"max-snippet:-1","max-image-preview":"max-image-preview:large","max-video-preview":"max-video-preview:-1"},"canonical":"https:\/\/weltlaeden.de\/katzenelnbogen\/neue-serie-akteure-des-fairen-handels\/","og_locale":"de_DE","og_type":"article","og_title":"Neue Serie \"Akteure des Fairen Handels\" - Weltladen Katzenelnbogen","og_description":"In unserer neuen Serie m\u00f6chten wir euch zuk\u00fcnftig mitnehmen in die Welt des Fairen Handels und euch die wichtigsten Akteure in Kurzprotr\u00e4ts vorstellen. Einige Produzierende findet ihr bereits auf der Website unter der Rubrik Portraits von Handelspartner (https:\/\/weltlaeden.de\/katzenelnbogen\/portraits-von-handelspartnern\/). Diese Einblicke erweitern wir auf unseren anderen Auftritten (soziale Medien, WhatsApp Kanal) und stellen euch dort mitunter&hellip;","og_url":"https:\/\/weltlaeden.de\/katzenelnbogen\/neue-serie-akteure-des-fairen-handels\/","og_site_name":"Weltladen Katzenelnbogen","article_published_time":"2025-07-14T06:19:30+00:00","article_modified_time":"2025-07-15T15:12:54+00:00","og_image":[{"width":1920,"height":1280,"url":"https:\/\/weltlaeden.de\/katzenelnbogen\/wp-content\/uploads\/sites\/229\/2025\/07\/man-7895207_1920.jpg","type":"image\/jpeg"}],"author":"katzenelnbogen","twitter_card":"summary_large_image","twitter_misc":{"Verfasst von":"katzenelnbogen","Gesch\u00e4tzte Lesezeit":"1\u00a0Minute"},"schema":{"@context":"https:\/\/schema.org","@graph":[{"@type":"Article","@id":"https:\/\/weltlaeden.de\/katzenelnbogen\/neue-serie-akteure-des-fairen-handels\/#article","isPartOf":{"@id":"https:\/\/weltlaeden.de\/katzenelnbogen\/neue-serie-akteure-des-fairen-handels\/"},"author":{"name":"katzenelnbogen","@id":"https:\/\/weltlaeden.de\/katzenelnbogen\/#\/schema\/person\/1e48028d6dee1acc5fcccfca7cf8a38c"},"headline":"Neue Serie &#8222;Akteure des Fairen Handels&#8220;","datePublished":"2025-07-14T06:19:30+00:00","dateModified":"2025-07-15T15:12:54+00:00","mainEntityOfPage":{"@id":"https:\/\/weltlaeden.de\/katzenelnbogen\/neue-serie-akteure-des-fairen-handels\/"},"wordCount":131,"image":{"@id":"https:\/\/weltlaeden.de\/katzenelnbogen\/neue-serie-akteure-des-fairen-handels\/#primaryimage"},"thumbnailUrl":"https:\/\/weltlaeden.de\/katzenelnbogen\/wp-content\/uploads\/sites\/229\/2025\/07\/man-7895207_1920.jpg","keywords":["fairer Handel","Lieferanten","Partner"],"articleSection":["Neuigkeiten"],"inLanguage":"de"},{"@type":"WebPage","@id":"https:\/\/weltlaeden.de\/katzenelnbogen\/neue-serie-akteure-des-fairen-handels\/","url":"https:\/\/weltlaeden.de\/katzenelnbogen\/neue-serie-akteure-des-fairen-handels\/","name":"Neue Serie \"Akteure des Fairen Handels\" - Weltladen Katzenelnbogen","isPartOf":{"@id":"https:\/\/weltlaeden.de\/katzenelnbogen\/#website"},"primaryImageOfPage":{"@id":"https:\/\/weltlaeden.de\/katzenelnbogen\/neue-serie-akteure-des-fairen-handels\/#primaryimage"},"image":{"@id":"https:\/\/weltlaeden.de\/katzenelnbogen\/neue-serie-akteure-des-fairen-handels\/#primaryimage"},"thumbnailUrl":"https:\/\/weltlaeden.de\/katzenelnbogen\/wp-content\/uploads\/sites\/229\/2025\/07\/man-7895207_1920.jpg","datePublished":"2025-07-14T06:19:30+00:00","dateModified":"2025-07-15T15:12:54+00:00","author":{"@id":"https:\/\/weltlaeden.de\/katzenelnbogen\/#\/schema\/person\/1e48028d6dee1acc5fcccfca7cf8a38c"},"breadcrumb":{"@id":"https:\/\/weltlaeden.de\/katzenelnbogen\/neue-serie-akteure-des-fairen-handels\/#breadcrumb"},"inLanguage":"de","potentialAction":[{"@type":"ReadAction","target":["https:\/\/weltlaeden.de\/katzenelnbogen\/neue-serie-akteure-des-fairen-handels\/"]}]},{"@type":"ImageObject","inLanguage":"de","@id":"https:\/\/weltlaeden.de\/katzenelnbogen\/neue-serie-akteure-des-fairen-handels\/#primaryimage","url":"https:\/\/weltlaeden.de\/katzenelnbogen\/wp-content\/uploads\/sites\/229\/2025\/07\/man-7895207_1920.jpg","contentUrl":"https:\/\/weltlaeden.de\/katzenelnbogen\/wp-content\/uploads\/sites\/229\/2025\/07\/man-7895207_1920.jpg","width":1920,"height":1280},{"@type":"BreadcrumbList","@id":"https:\/\/weltlaeden.de\/katzenelnbogen\/neue-serie-akteure-des-fairen-handels\/#breadcrumb","itemListElement":[{"@type":"ListItem","position":1,"name":"Startseite","item":"https:\/\/weltlaeden.de\/katzenelnbogen\/"},{"@type":"ListItem","position":2,"name":"Neue Serie &#8222;Akteure des Fairen Handels&#8220;"}]},{"@type":"WebSite","@id":"https:\/\/weltlaeden.de\/katzenelnbogen\/#website","url":"https:\/\/weltlaeden.de\/katzenelnbogen\/","name":"Weltladen Katzenelnbogen","description":"Faire Produkte seit 1990","potentialAction":[{"@type":"SearchAction","target":{"@type":"EntryPoint","urlTemplate":"https:\/\/weltlaeden.de\/katzenelnbogen\/?s={search_term_string}"},"query-input":{"@type":"PropertyValueSpecification","valueRequired":true,"valueName":"search_term_string"}}],"inLanguage":"de"},{"@type":"Person","@id":"https:\/\/weltlaeden.de\/katzenelnbogen\/#\/schema\/person\/1e48028d6dee1acc5fcccfca7cf8a38c","name":"katzenelnbogen","image":{"@type":"ImageObject","inLanguage":"de","@id":"https:\/\/weltlaeden.de\/katzenelnbogen\/#\/schema\/person\/image\/","url":"https:\/\/secure.gravatar.com\/avatar\/897c2ff6faf7d2cc03929403bdf1796b?s=96&d=mm&r=g","contentUrl":"https:\/\/secure.gravatar.com\/avatar\/897c2ff6faf7d2cc03929403bdf1796b?s=96&d=mm&r=g","caption":"katzenelnbogen"}}]}},"_links":{"self":[{"href":"https:\/\/weltlaeden.de\/katzenelnbogen\/wp-json\/wp\/v2\/posts\/813","targetHints":{"allow":["GET"]}}],"collection":[{"href":"https:\/\/weltlaeden.de\/katzenelnbogen\/wp-json\/wp\/v2\/posts"}],"about":[{"href":"https:\/\/weltlaeden.de\/katzenelnbogen\/wp-json\/wp\/v2\/types\/post"}],"author":[{"embeddable":true,"href":"https:\/\/weltlaeden.de\/katzenelnbogen\/wp-json\/wp\/v2\/users\/340"}],"replies":[{"embeddable":true,"href":"https:\/\/weltlaeden.de\/katzenelnbogen\/wp-json\/wp\/v2\/comments?post=813"}],"version-history":[{"count":2,"href":"https:\/\/weltlaeden.de\/katzenelnbogen\/wp-json\/wp\/v2\/posts\/813\/revisions"}],"predecessor-version":[{"id":816,"href":"https:\/\/weltlaeden.de\/katzenelnbogen\/wp-json\/wp\/v2\/posts\/813\/revisions\/816"}],"wp:featuredmedia":[{"embeddable":true,"href":"https:\/\/weltlaeden.de\/katzenelnbogen\/wp-json\/wp\/v2\/media\/814"}],"wp:attachment":[{"href":"https:\/\/weltlaeden.de\/katzenelnbogen\/wp-json\/wp\/v2\/media?parent=813"}],"wp:term":[{"taxonomy":"category","embeddable":true,"href":"https:\/\/weltlaeden.de\/katzenelnbogen\/wp-json\/wp\/v2\/categories?post=813"},{"taxonomy":"post_tag","embeddable":true,"href":"https:\/\/weltlaeden.de\/katzenelnbogen\/wp-json\/wp\/v2\/tags?post=813"}],"curies":[{"name":"wp","href":"https:\/\/api.w.org\/{rel}","templated":true}]}}