{"id":1078,"date":"2026-04-26T18:23:51","date_gmt":"2026-04-26T16:23:51","guid":{"rendered":"https:\/\/weltlaeden.de\/katzenelnbogen\/?p=1078"},"modified":"2026-04-26T18:23:51","modified_gmt":"2026-04-26T16:23:51","slug":"einladung-zum-weltladentag-am-09-mai-2026","status":"publish","type":"post","link":"https:\/\/weltlaeden.de\/katzenelnbogen\/einladung-zum-weltladentag-am-09-mai-2026\/","title":{"rendered":"Einladung zum Weltladentag am 09. Mai 2026"},"content":{"rendered":"<p>Die<img loading=\"lazy\" decoding=\"async\" class=\"size-medium wp-image-1079 alignleft\" src=\"https:\/\/weltlaeden.de\/katzenelnbogen\/wp-content\/uploads\/sites\/229\/2026\/04\/4-819x1024-1-240x300.jpg\" alt=\"\" width=\"240\" height=\"300\" srcset=\"https:\/\/weltlaeden.de\/katzenelnbogen\/wp-content\/uploads\/sites\/229\/2026\/04\/4-819x1024-1-240x300.jpg 240w, https:\/\/weltlaeden.de\/katzenelnbogen\/wp-content\/uploads\/sites\/229\/2026\/04\/4-819x1024-1-768x960.jpg 768w, https:\/\/weltlaeden.de\/katzenelnbogen\/wp-content\/uploads\/sites\/229\/2026\/04\/4-819x1024-1.jpg 819w\" sizes=\"auto, (max-width: 240px) 100vw, 240px\" \/>\u00a0Arbeitsgemeinschaft Eine Welt e.V. und der zugeh\u00f6rige Weltladen Katzenelnbogen laden auch dieses Jahr zum <strong>Weltladentag am 09.Mai 2026<\/strong> ein. Der Weltladentag ist ein bundesweiter Aktionstag der Weltl\u00e4den und macht\u00a0jedes Jahr auf die Bedeutung des Fairen Handels aufmerksam. Mit Aktionen, Verkostungen und Informationsangeboten zeigen Weltl\u00e4den, wie bewusster Konsum zu mehr globaler Gerechtigkeit beitragen kann.<\/p>\n<p>Der Weltladentag findet j\u00e4hrlich am zweiten Samstag im Mai statt. <strong>Das Motto 2026 lautet: \u201eFair fruchtet!\u201c.<\/strong> Im Mittelpunkt stehen dabei Obst und Fruchtprodukte \u2013 Lebensmittel, die f\u00fcr Genuss und Vielfalt stehen, deren Produktion aber oft von unfairen Preisen, schlechten Arbeitsbedingungen und ungleichen Machtverh\u00e4ltnissen gepr<img loading=\"lazy\" decoding=\"async\" class=\"size-medium wp-image-1081 alignright\" src=\"https:\/\/weltlaeden.de\/katzenelnbogen\/wp-content\/uploads\/sites\/229\/2026\/04\/6-819x1024-1-240x300.jpg\" alt=\"\" width=\"240\" height=\"300\" srcset=\"https:\/\/weltlaeden.de\/katzenelnbogen\/wp-content\/uploads\/sites\/229\/2026\/04\/6-819x1024-1-240x300.jpg 240w, https:\/\/weltlaeden.de\/katzenelnbogen\/wp-content\/uploads\/sites\/229\/2026\/04\/6-819x1024-1-768x960.jpg 768w, https:\/\/weltlaeden.de\/katzenelnbogen\/wp-content\/uploads\/sites\/229\/2026\/04\/6-819x1024-1.jpg 819w\" sizes=\"auto, (max-width: 240px) 100vw, 240px\" \/>\u00e4gt ist.<\/p>\n<p>Mit einer kleinen <strong>Verkostungsaktion<\/strong> m\u00f6chten wir vom Weltladen die vielen fruchtigen Produkte zeigen, die wir aus fairer Produktion anbieten. Ob Fruchtaufstriche, getrocknete Fr\u00fcchte, fruchtige S\u00fc\u00dfigkeiten oder auch Saft \u2013 ein vielf\u00e4ltiges, kulinarisches Erlebnis erwartet unsere Kunden an diesem Tag von <strong>10:00-12:00 Uhr<\/strong>. Zus\u00e4tzlich bieten wir auch Informationsmaterial zum diesj\u00e4hrigen Weltladentag und dem Anliegen hinter dem Motto an.<\/p>\n<p>Mit dem Motto \u201eFair fruchtet!\u201c machen die Weltl\u00e4den deutschlandweit an diesem Tag deutlich, dass der Faire Handel konkrete Alternativen bietet: faire Preise f\u00fcr Produzent*innen, bessere Arbeitsbedingungen entlang der Lieferketten und eine nachhaltigere, zukunftsf\u00e4hige Landwirtschaft. So zeigt der Weltladentag, dass Genuss und Verantwortung gut zusammenpassen \u2013 und fairer Handel Wirkung zeigt.<\/p>\n","protected":false},"excerpt":{"rendered":"<p>Die\u00a0Arbeitsgemeinschaft Eine Welt e.V. und der zugeh\u00f6rige Weltladen Katzenelnbogen laden auch dieses Jahr zum Weltladentag am 09.Mai 2026 ein. Der Weltladentag ist ein bundesweiter Aktionstag der Weltl\u00e4den und macht\u00a0jedes Jahr auf die Bedeutung des Fairen Handels aufmerksam. Mit Aktionen, Verkostungen und Informationsangeboten zeigen Weltl\u00e4den, wie bewusster Konsum zu mehr globaler Gerechtigkeit beitragen kann. Der Weltladentag&hellip;<\/p>\n","protected":false},"author":340,"featured_media":1080,"comment_status":"closed","ping_status":"closed","sticky":false,"template":"","format":"standard","meta":{"footnotes":""},"categories":[8],"tags":[],"class_list":["post-1078","post","type-post","status-publish","format-standard","has-post-thumbnail","hentry","category-neues","category-8","description-off"],"yoast_head":"<!-- This site is optimized with the Yoast SEO plugin v26.8 - https:\/\/yoast.com\/product\/yoast-seo-wordpress\/ -->\n<title>Einladung zum Weltladentag am 09. Mai 2026 - Weltladen Katzenelnbogen<\/title>\n<meta name=\"robots\" content=\"index, follow, max-snippet:-1, max-image-preview:large, max-video-preview:-1\" \/>\n<link rel=\"canonical\" href=\"https:\/\/weltlaeden.de\/katzenelnbogen\/einladung-zum-weltladentag-am-09-mai-2026\/\" \/>\n<meta property=\"og:locale\" content=\"de_DE\" \/>\n<meta property=\"og:type\" content=\"article\" \/>\n<meta property=\"og:title\" content=\"Einladung zum Weltladentag am 09. Mai 2026 - Weltladen Katzenelnbogen\" \/>\n<meta property=\"og:description\" content=\"Die\u00a0Arbeitsgemeinschaft Eine Welt e.V. und der zugeh\u00f6rige Weltladen Katzenelnbogen laden auch dieses Jahr zum Weltladentag am 09.Mai 2026 ein. Der Weltladentag ist ein bundesweiter Aktionstag der Weltl\u00e4den und macht\u00a0jedes Jahr auf die Bedeutung des Fairen Handels aufmerksam. Mit Aktionen, Verkostungen und Informationsangeboten zeigen Weltl\u00e4den, wie bewusster Konsum zu mehr globaler Gerechtigkeit beitragen kann. Der Weltladentag&hellip;\" \/>\n<meta property=\"og:url\" content=\"https:\/\/weltlaeden.de\/katzenelnbogen\/einladung-zum-weltladentag-am-09-mai-2026\/\" \/>\n<meta property=\"og:site_name\" content=\"Weltladen Katzenelnbogen\" \/>\n<meta property=\"article:published_time\" content=\"2026-04-26T16:23:51+00:00\" \/>\n<meta property=\"og:image\" content=\"https:\/\/weltlaeden.de\/katzenelnbogen\/wp-content\/uploads\/sites\/229\/2026\/04\/2-819x10241-1.jpg\" \/>\n\t<meta property=\"og:image:width\" content=\"819\" \/>\n\t<meta property=\"og:image:height\" content=\"1024\" \/>\n\t<meta property=\"og:image:type\" content=\"image\/jpeg\" \/>\n<meta name=\"author\" content=\"katzenelnbogen\" \/>\n<meta name=\"twitter:card\" content=\"summary_large_image\" \/>\n<meta name=\"twitter:label1\" content=\"Verfasst von\" \/>\n\t<meta name=\"twitter:data1\" content=\"katzenelnbogen\" \/>\n\t<meta name=\"twitter:label2\" content=\"Gesch\u00e4tzte Lesezeit\" \/>\n\t<meta name=\"twitter:data2\" content=\"1\u00a0Minute\" \/>\n<script type=\"application\/ld+json\" class=\"yoast-schema-graph\">{\"@context\":\"https:\/\/schema.org\",\"@graph\":[{\"@type\":\"Article\",\"@id\":\"https:\/\/weltlaeden.de\/katzenelnbogen\/einladung-zum-weltladentag-am-09-mai-2026\/#article\",\"isPartOf\":{\"@id\":\"https:\/\/weltlaeden.de\/katzenelnbogen\/einladung-zum-weltladentag-am-09-mai-2026\/\"},\"author\":{\"name\":\"katzenelnbogen\",\"@id\":\"https:\/\/weltlaeden.de\/katzenelnbogen\/#\/schema\/person\/1e48028d6dee1acc5fcccfca7cf8a38c\"},\"headline\":\"Einladung zum Weltladentag am 09. Mai 2026\",\"datePublished\":\"2026-04-26T16:23:51+00:00\",\"mainEntityOfPage\":{\"@id\":\"https:\/\/weltlaeden.de\/katzenelnbogen\/einladung-zum-weltladentag-am-09-mai-2026\/\"},\"wordCount\":225,\"image\":{\"@id\":\"https:\/\/weltlaeden.de\/katzenelnbogen\/einladung-zum-weltladentag-am-09-mai-2026\/#primaryimage\"},\"thumbnailUrl\":\"https:\/\/weltlaeden.de\/katzenelnbogen\/wp-content\/uploads\/sites\/229\/2026\/04\/2-819x10241-1.jpg\",\"articleSection\":[\"Neuigkeiten\"],\"inLanguage\":\"de\"},{\"@type\":\"WebPage\",\"@id\":\"https:\/\/weltlaeden.de\/katzenelnbogen\/einladung-zum-weltladentag-am-09-mai-2026\/\",\"url\":\"https:\/\/weltlaeden.de\/katzenelnbogen\/einladung-zum-weltladentag-am-09-mai-2026\/\",\"name\":\"Einladung zum Weltladentag am 09. Mai 2026 - Weltladen Katzenelnbogen\",\"isPartOf\":{\"@id\":\"https:\/\/weltlaeden.de\/katzenelnbogen\/#website\"},\"primaryImageOfPage\":{\"@id\":\"https:\/\/weltlaeden.de\/katzenelnbogen\/einladung-zum-weltladentag-am-09-mai-2026\/#primaryimage\"},\"image\":{\"@id\":\"https:\/\/weltlaeden.de\/katzenelnbogen\/einladung-zum-weltladentag-am-09-mai-2026\/#primaryimage\"},\"thumbnailUrl\":\"https:\/\/weltlaeden.de\/katzenelnbogen\/wp-content\/uploads\/sites\/229\/2026\/04\/2-819x10241-1.jpg\",\"datePublished\":\"2026-04-26T16:23:51+00:00\",\"author\":{\"@id\":\"https:\/\/weltlaeden.de\/katzenelnbogen\/#\/schema\/person\/1e48028d6dee1acc5fcccfca7cf8a38c\"},\"breadcrumb\":{\"@id\":\"https:\/\/weltlaeden.de\/katzenelnbogen\/einladung-zum-weltladentag-am-09-mai-2026\/#breadcrumb\"},\"inLanguage\":\"de\",\"potentialAction\":[{\"@type\":\"ReadAction\",\"target\":[\"https:\/\/weltlaeden.de\/katzenelnbogen\/einladung-zum-weltladentag-am-09-mai-2026\/\"]}]},{\"@type\":\"ImageObject\",\"inLanguage\":\"de\",\"@id\":\"https:\/\/weltlaeden.de\/katzenelnbogen\/einladung-zum-weltladentag-am-09-mai-2026\/#primaryimage\",\"url\":\"https:\/\/weltlaeden.de\/katzenelnbogen\/wp-content\/uploads\/sites\/229\/2026\/04\/2-819x10241-1.jpg\",\"contentUrl\":\"https:\/\/weltlaeden.de\/katzenelnbogen\/wp-content\/uploads\/sites\/229\/2026\/04\/2-819x10241-1.jpg\",\"width\":819,\"height\":1024},{\"@type\":\"BreadcrumbList\",\"@id\":\"https:\/\/weltlaeden.de\/katzenelnbogen\/einladung-zum-weltladentag-am-09-mai-2026\/#breadcrumb\",\"itemListElement\":[{\"@type\":\"ListItem\",\"position\":1,\"name\":\"Startseite\",\"item\":\"https:\/\/weltlaeden.de\/katzenelnbogen\/\"},{\"@type\":\"ListItem\",\"position\":2,\"name\":\"Einladung zum Weltladentag am 09. Mai 2026\"}]},{\"@type\":\"WebSite\",\"@id\":\"https:\/\/weltlaeden.de\/katzenelnbogen\/#website\",\"url\":\"https:\/\/weltlaeden.de\/katzenelnbogen\/\",\"name\":\"Weltladen Katzenelnbogen\",\"description\":\"Faire Produkte seit 1990\",\"potentialAction\":[{\"@type\":\"SearchAction\",\"target\":{\"@type\":\"EntryPoint\",\"urlTemplate\":\"https:\/\/weltlaeden.de\/katzenelnbogen\/?s={search_term_string}\"},\"query-input\":{\"@type\":\"PropertyValueSpecification\",\"valueRequired\":true,\"valueName\":\"search_term_string\"}}],\"inLanguage\":\"de\"},{\"@type\":\"Person\",\"@id\":\"https:\/\/weltlaeden.de\/katzenelnbogen\/#\/schema\/person\/1e48028d6dee1acc5fcccfca7cf8a38c\",\"name\":\"katzenelnbogen\",\"image\":{\"@type\":\"ImageObject\",\"inLanguage\":\"de\",\"@id\":\"https:\/\/weltlaeden.de\/katzenelnbogen\/#\/schema\/person\/image\/\",\"url\":\"https:\/\/secure.gravatar.com\/avatar\/897c2ff6faf7d2cc03929403bdf1796b?s=96&d=mm&r=g\",\"contentUrl\":\"https:\/\/secure.gravatar.com\/avatar\/897c2ff6faf7d2cc03929403bdf1796b?s=96&d=mm&r=g\",\"caption\":\"katzenelnbogen\"}}]}<\/script>\n<!-- \/ Yoast SEO plugin. -->","yoast_head_json":{"title":"Einladung zum Weltladentag am 09. Mai 2026 - Weltladen Katzenelnbogen","robots":{"index":"index","follow":"follow","max-snippet":"max-snippet:-1","max-image-preview":"max-image-preview:large","max-video-preview":"max-video-preview:-1"},"canonical":"https:\/\/weltlaeden.de\/katzenelnbogen\/einladung-zum-weltladentag-am-09-mai-2026\/","og_locale":"de_DE","og_type":"article","og_title":"Einladung zum Weltladentag am 09. Mai 2026 - Weltladen Katzenelnbogen","og_description":"Die\u00a0Arbeitsgemeinschaft Eine Welt e.V. und der zugeh\u00f6rige Weltladen Katzenelnbogen laden auch dieses Jahr zum Weltladentag am 09.Mai 2026 ein. Der Weltladentag ist ein bundesweiter Aktionstag der Weltl\u00e4den und macht\u00a0jedes Jahr auf die Bedeutung des Fairen Handels aufmerksam. Mit Aktionen, Verkostungen und Informationsangeboten zeigen Weltl\u00e4den, wie bewusster Konsum zu mehr globaler Gerechtigkeit beitragen kann. Der Weltladentag&hellip;","og_url":"https:\/\/weltlaeden.de\/katzenelnbogen\/einladung-zum-weltladentag-am-09-mai-2026\/","og_site_name":"Weltladen Katzenelnbogen","article_published_time":"2026-04-26T16:23:51+00:00","og_image":[{"width":819,"height":1024,"url":"https:\/\/weltlaeden.de\/katzenelnbogen\/wp-content\/uploads\/sites\/229\/2026\/04\/2-819x10241-1.jpg","type":"image\/jpeg"}],"author":"katzenelnbogen","twitter_card":"summary_large_image","twitter_misc":{"Verfasst von":"katzenelnbogen","Gesch\u00e4tzte Lesezeit":"1\u00a0Minute"},"schema":{"@context":"https:\/\/schema.org","@graph":[{"@type":"Article","@id":"https:\/\/weltlaeden.de\/katzenelnbogen\/einladung-zum-weltladentag-am-09-mai-2026\/#article","isPartOf":{"@id":"https:\/\/weltlaeden.de\/katzenelnbogen\/einladung-zum-weltladentag-am-09-mai-2026\/"},"author":{"name":"katzenelnbogen","@id":"https:\/\/weltlaeden.de\/katzenelnbogen\/#\/schema\/person\/1e48028d6dee1acc5fcccfca7cf8a38c"},"headline":"Einladung zum Weltladentag am 09. Mai 2026","datePublished":"2026-04-26T16:23:51+00:00","mainEntityOfPage":{"@id":"https:\/\/weltlaeden.de\/katzenelnbogen\/einladung-zum-weltladentag-am-09-mai-2026\/"},"wordCount":225,"image":{"@id":"https:\/\/weltlaeden.de\/katzenelnbogen\/einladung-zum-weltladentag-am-09-mai-2026\/#primaryimage"},"thumbnailUrl":"https:\/\/weltlaeden.de\/katzenelnbogen\/wp-content\/uploads\/sites\/229\/2026\/04\/2-819x10241-1.jpg","articleSection":["Neuigkeiten"],"inLanguage":"de"},{"@type":"WebPage","@id":"https:\/\/weltlaeden.de\/katzenelnbogen\/einladung-zum-weltladentag-am-09-mai-2026\/","url":"https:\/\/weltlaeden.de\/katzenelnbogen\/einladung-zum-weltladentag-am-09-mai-2026\/","name":"Einladung zum Weltladentag am 09. Mai 2026 - Weltladen Katzenelnbogen","isPartOf":{"@id":"https:\/\/weltlaeden.de\/katzenelnbogen\/#website"},"primaryImageOfPage":{"@id":"https:\/\/weltlaeden.de\/katzenelnbogen\/einladung-zum-weltladentag-am-09-mai-2026\/#primaryimage"},"image":{"@id":"https:\/\/weltlaeden.de\/katzenelnbogen\/einladung-zum-weltladentag-am-09-mai-2026\/#primaryimage"},"thumbnailUrl":"https:\/\/weltlaeden.de\/katzenelnbogen\/wp-content\/uploads\/sites\/229\/2026\/04\/2-819x10241-1.jpg","datePublished":"2026-04-26T16:23:51+00:00","author":{"@id":"https:\/\/weltlaeden.de\/katzenelnbogen\/#\/schema\/person\/1e48028d6dee1acc5fcccfca7cf8a38c"},"breadcrumb":{"@id":"https:\/\/weltlaeden.de\/katzenelnbogen\/einladung-zum-weltladentag-am-09-mai-2026\/#breadcrumb"},"inLanguage":"de","potentialAction":[{"@type":"ReadAction","target":["https:\/\/weltlaeden.de\/katzenelnbogen\/einladung-zum-weltladentag-am-09-mai-2026\/"]}]},{"@type":"ImageObject","inLanguage":"de","@id":"https:\/\/weltlaeden.de\/katzenelnbogen\/einladung-zum-weltladentag-am-09-mai-2026\/#primaryimage","url":"https:\/\/weltlaeden.de\/katzenelnbogen\/wp-content\/uploads\/sites\/229\/2026\/04\/2-819x10241-1.jpg","contentUrl":"https:\/\/weltlaeden.de\/katzenelnbogen\/wp-content\/uploads\/sites\/229\/2026\/04\/2-819x10241-1.jpg","width":819,"height":1024},{"@type":"BreadcrumbList","@id":"https:\/\/weltlaeden.de\/katzenelnbogen\/einladung-zum-weltladentag-am-09-mai-2026\/#breadcrumb","itemListElement":[{"@type":"ListItem","position":1,"name":"Startseite","item":"https:\/\/weltlaeden.de\/katzenelnbogen\/"},{"@type":"ListItem","position":2,"name":"Einladung zum Weltladentag am 09. Mai 2026"}]},{"@type":"WebSite","@id":"https:\/\/weltlaeden.de\/katzenelnbogen\/#website","url":"https:\/\/weltlaeden.de\/katzenelnbogen\/","name":"Weltladen Katzenelnbogen","description":"Faire Produkte seit 1990","potentialAction":[{"@type":"SearchAction","target":{"@type":"EntryPoint","urlTemplate":"https:\/\/weltlaeden.de\/katzenelnbogen\/?s={search_term_string}"},"query-input":{"@type":"PropertyValueSpecification","valueRequired":true,"valueName":"search_term_string"}}],"inLanguage":"de"},{"@type":"Person","@id":"https:\/\/weltlaeden.de\/katzenelnbogen\/#\/schema\/person\/1e48028d6dee1acc5fcccfca7cf8a38c","name":"katzenelnbogen","image":{"@type":"ImageObject","inLanguage":"de","@id":"https:\/\/weltlaeden.de\/katzenelnbogen\/#\/schema\/person\/image\/","url":"https:\/\/secure.gravatar.com\/avatar\/897c2ff6faf7d2cc03929403bdf1796b?s=96&d=mm&r=g","contentUrl":"https:\/\/secure.gravatar.com\/avatar\/897c2ff6faf7d2cc03929403bdf1796b?s=96&d=mm&r=g","caption":"katzenelnbogen"}}]}},"_links":{"self":[{"href":"https:\/\/weltlaeden.de\/katzenelnbogen\/wp-json\/wp\/v2\/posts\/1078","targetHints":{"allow":["GET"]}}],"collection":[{"href":"https:\/\/weltlaeden.de\/katzenelnbogen\/wp-json\/wp\/v2\/posts"}],"about":[{"href":"https:\/\/weltlaeden.de\/katzenelnbogen\/wp-json\/wp\/v2\/types\/post"}],"author":[{"embeddable":true,"href":"https:\/\/weltlaeden.de\/katzenelnbogen\/wp-json\/wp\/v2\/users\/340"}],"replies":[{"embeddable":true,"href":"https:\/\/weltlaeden.de\/katzenelnbogen\/wp-json\/wp\/v2\/comments?post=1078"}],"version-history":[{"count":2,"href":"https:\/\/weltlaeden.de\/katzenelnbogen\/wp-json\/wp\/v2\/posts\/1078\/revisions"}],"predecessor-version":[{"id":1083,"href":"https:\/\/weltlaeden.de\/katzenelnbogen\/wp-json\/wp\/v2\/posts\/1078\/revisions\/1083"}],"wp:featuredmedia":[{"embeddable":true,"href":"https:\/\/weltlaeden.de\/katzenelnbogen\/wp-json\/wp\/v2\/media\/1080"}],"wp:attachment":[{"href":"https:\/\/weltlaeden.de\/katzenelnbogen\/wp-json\/wp\/v2\/media?parent=1078"}],"wp:term":[{"taxonomy":"category","embeddable":true,"href":"https:\/\/weltlaeden.de\/katzenelnbogen\/wp-json\/wp\/v2\/categories?post=1078"},{"taxonomy":"post_tag","embeddable":true,"href":"https:\/\/weltlaeden.de\/katzenelnbogen\/wp-json\/wp\/v2\/tags?post=1078"}],"curies":[{"name":"wp","href":"https:\/\/api.w.org\/{rel}","templated":true}]}}