{"id":1071,"date":"2026-04-09T09:05:08","date_gmt":"2026-04-09T07:05:08","guid":{"rendered":"https:\/\/weltlaeden.de\/katzenelnbogen\/?p=1071"},"modified":"2026-04-09T09:05:31","modified_gmt":"2026-04-09T07:05:31","slug":"einladung-zum-pflastermarkt-am-26-april-2026","status":"publish","type":"post","link":"https:\/\/weltlaeden.de\/katzenelnbogen\/einladung-zum-pflastermarkt-am-26-april-2026\/","title":{"rendered":"Einladung zum Pflastermarkt am 26. April 2026"},"content":{"rendered":"<p><img loading=\"lazy\" decoding=\"async\" class=\" wp-image-1072 alignleft\" src=\"https:\/\/weltlaeden.de\/katzenelnbogen\/wp-content\/uploads\/sites\/229\/2026\/04\/491703317_1285413233412873_8453577747809412304_n-300x200.jpg\" alt=\"\" width=\"350\" height=\"233\" srcset=\"https:\/\/weltlaeden.de\/katzenelnbogen\/wp-content\/uploads\/sites\/229\/2026\/04\/491703317_1285413233412873_8453577747809412304_n-300x200.jpg 300w, https:\/\/weltlaeden.de\/katzenelnbogen\/wp-content\/uploads\/sites\/229\/2026\/04\/491703317_1285413233412873_8453577747809412304_n.jpg 526w\" sizes=\"auto, (max-width: 350px) 100vw, 350px\" \/>Am <strong>Sonntag, den 26. April 2026<\/strong>, ist es wieder soweit: Der traditionelle <strong>Pflastermarkt in Katzenelnbogen<\/strong> bringt Leben in die Stadt \u2013 und wir vom Weltladen sind nat\u00fcrlich mit dabei!<\/p>\n<div>\n<p>Wie jedes Jahr erwartet euch ein buntes Markttreiben mit regionalen Angeboten, vielf\u00e4ltigen St\u00e4nden und guter Stimmung entlang der historischen Gassen. Auch wir m\u00f6chten unseren Teil zu einem sch\u00f6nen Markttag beitragen.<\/p>\n<h4><strong>Das erwartet euch bei uns<\/strong><\/h4>\n<p><strong>Musikalisches Programm<\/strong><br \/>\nVor unserem Laden k\u00f6nnt ihr euch auf ein kleines musikalisches Programm freuen \u2013 ideal, um kurz stehenzubleiben, zuzuh\u00f6ren und die besondere Marktstimmung zu genie\u00dfen.<\/p>\n<p><strong>Waffeln &amp; faire Kostproben<\/strong><br \/>\nWir backen wieder <strong>frische Waffeln<\/strong> aus fair gehandelten Zutaten.<br \/>\nAu\u00dferdem laden wir euch zu einer <strong>Verkostung fruchtiger Fair\u2011Trade\u2011Produkte<\/strong> ein: aromatische <strong>Trockenfr\u00fcchte<\/strong>, leckere <strong>Fruchtaufstriche<\/strong> und weitere kleine Kostproben aus unserem Sortiment.<br \/>\nAlles gibt es wie immer <strong>gegen Spende<\/strong>.<\/p>\n<h4><strong>Wir freuen uns auf euch!<\/strong><\/h4>\n<p>Kommt vorbei, genie\u00dft den Pflastermarkt und entdeckt Produkte, die Menschen weltweit unterst\u00fctzen.<br \/>\nWir freuen uns auf viele Begegnungen, gute Gespr\u00e4che und einen wunderbaren Tag in Katzenelnbogen!<\/p>\n<\/div>\n","protected":false},"excerpt":{"rendered":"<p>Am Sonntag, den 26. April 2026, ist es wieder soweit: Der traditionelle Pflastermarkt in Katzenelnbogen bringt Leben in die Stadt \u2013 und wir vom Weltladen sind nat\u00fcrlich mit dabei! Wie jedes Jahr erwartet euch ein buntes Markttreiben mit regionalen Angeboten, vielf\u00e4ltigen St\u00e4nden und guter Stimmung entlang der historischen Gassen. Auch wir m\u00f6chten unseren Teil zu&hellip;<\/p>\n","protected":false},"author":340,"featured_media":0,"comment_status":"closed","ping_status":"closed","sticky":false,"template":"","format":"standard","meta":{"footnotes":""},"categories":[8],"tags":[45,44,43],"class_list":["post-1071","post","type-post","status-publish","format-standard","hentry","category-neues","tag-fruehlingsmarkt","tag-katzenelnbogen","tag-pflastermarkt","category-8","description-off"],"yoast_head":"<!-- This site is optimized with the Yoast SEO plugin v26.8 - https:\/\/yoast.com\/product\/yoast-seo-wordpress\/ -->\n<title>Einladung zum Pflastermarkt am 26. April 2026 - Weltladen Katzenelnbogen<\/title>\n<meta name=\"robots\" content=\"index, follow, max-snippet:-1, max-image-preview:large, max-video-preview:-1\" \/>\n<link rel=\"canonical\" href=\"https:\/\/weltlaeden.de\/katzenelnbogen\/einladung-zum-pflastermarkt-am-26-april-2026\/\" \/>\n<meta property=\"og:locale\" content=\"de_DE\" \/>\n<meta property=\"og:type\" content=\"article\" \/>\n<meta property=\"og:title\" content=\"Einladung zum Pflastermarkt am 26. April 2026 - Weltladen Katzenelnbogen\" \/>\n<meta property=\"og:description\" content=\"Am Sonntag, den 26. April 2026, ist es wieder soweit: Der traditionelle Pflastermarkt in Katzenelnbogen bringt Leben in die Stadt \u2013 und wir vom Weltladen sind nat\u00fcrlich mit dabei! Wie jedes Jahr erwartet euch ein buntes Markttreiben mit regionalen Angeboten, vielf\u00e4ltigen St\u00e4nden und guter Stimmung entlang der historischen Gassen. Auch wir m\u00f6chten unseren Teil zu&hellip;\" \/>\n<meta property=\"og:url\" content=\"https:\/\/weltlaeden.de\/katzenelnbogen\/einladung-zum-pflastermarkt-am-26-april-2026\/\" \/>\n<meta property=\"og:site_name\" content=\"Weltladen Katzenelnbogen\" \/>\n<meta property=\"article:published_time\" content=\"2026-04-09T07:05:08+00:00\" \/>\n<meta property=\"article:modified_time\" content=\"2026-04-09T07:05:31+00:00\" \/>\n<meta property=\"og:image\" content=\"https:\/\/weltlaeden.de\/katzenelnbogen\/wp-content\/uploads\/sites\/229\/2026\/04\/491703317_1285413233412873_8453577747809412304_n.jpg\" \/>\n\t<meta property=\"og:image:width\" content=\"526\" \/>\n\t<meta property=\"og:image:height\" content=\"351\" \/>\n\t<meta property=\"og:image:type\" content=\"image\/jpeg\" \/>\n<meta name=\"author\" content=\"katzenelnbogen\" \/>\n<meta name=\"twitter:card\" content=\"summary_large_image\" \/>\n<meta name=\"twitter:label1\" content=\"Verfasst von\" \/>\n\t<meta name=\"twitter:data1\" content=\"katzenelnbogen\" \/>\n\t<meta name=\"twitter:label2\" content=\"Gesch\u00e4tzte Lesezeit\" \/>\n\t<meta name=\"twitter:data2\" content=\"1\u00a0Minute\" \/>\n<script type=\"application\/ld+json\" class=\"yoast-schema-graph\">{\"@context\":\"https:\/\/schema.org\",\"@graph\":[{\"@type\":\"Article\",\"@id\":\"https:\/\/weltlaeden.de\/katzenelnbogen\/einladung-zum-pflastermarkt-am-26-april-2026\/#article\",\"isPartOf\":{\"@id\":\"https:\/\/weltlaeden.de\/katzenelnbogen\/einladung-zum-pflastermarkt-am-26-april-2026\/\"},\"author\":{\"name\":\"katzenelnbogen\",\"@id\":\"https:\/\/weltlaeden.de\/katzenelnbogen\/#\/schema\/person\/1e48028d6dee1acc5fcccfca7cf8a38c\"},\"headline\":\"Einladung zum Pflastermarkt am 26. April 2026\",\"datePublished\":\"2026-04-09T07:05:08+00:00\",\"dateModified\":\"2026-04-09T07:05:31+00:00\",\"mainEntityOfPage\":{\"@id\":\"https:\/\/weltlaeden.de\/katzenelnbogen\/einladung-zum-pflastermarkt-am-26-april-2026\/\"},\"wordCount\":178,\"image\":{\"@id\":\"https:\/\/weltlaeden.de\/katzenelnbogen\/einladung-zum-pflastermarkt-am-26-april-2026\/#primaryimage\"},\"thumbnailUrl\":\"https:\/\/weltlaeden.de\/katzenelnbogen\/wp-content\/uploads\/sites\/229\/2026\/04\/491703317_1285413233412873_8453577747809412304_n-300x200.jpg\",\"keywords\":[\"Fr\u00fchlingsmarkt\",\"katzenelnbogen\",\"Pflastermarkt\"],\"articleSection\":[\"Neuigkeiten\"],\"inLanguage\":\"de\"},{\"@type\":\"WebPage\",\"@id\":\"https:\/\/weltlaeden.de\/katzenelnbogen\/einladung-zum-pflastermarkt-am-26-april-2026\/\",\"url\":\"https:\/\/weltlaeden.de\/katzenelnbogen\/einladung-zum-pflastermarkt-am-26-april-2026\/\",\"name\":\"Einladung zum Pflastermarkt am 26. April 2026 - Weltladen Katzenelnbogen\",\"isPartOf\":{\"@id\":\"https:\/\/weltlaeden.de\/katzenelnbogen\/#website\"},\"primaryImageOfPage\":{\"@id\":\"https:\/\/weltlaeden.de\/katzenelnbogen\/einladung-zum-pflastermarkt-am-26-april-2026\/#primaryimage\"},\"image\":{\"@id\":\"https:\/\/weltlaeden.de\/katzenelnbogen\/einladung-zum-pflastermarkt-am-26-april-2026\/#primaryimage\"},\"thumbnailUrl\":\"https:\/\/weltlaeden.de\/katzenelnbogen\/wp-content\/uploads\/sites\/229\/2026\/04\/491703317_1285413233412873_8453577747809412304_n-300x200.jpg\",\"datePublished\":\"2026-04-09T07:05:08+00:00\",\"dateModified\":\"2026-04-09T07:05:31+00:00\",\"author\":{\"@id\":\"https:\/\/weltlaeden.de\/katzenelnbogen\/#\/schema\/person\/1e48028d6dee1acc5fcccfca7cf8a38c\"},\"breadcrumb\":{\"@id\":\"https:\/\/weltlaeden.de\/katzenelnbogen\/einladung-zum-pflastermarkt-am-26-april-2026\/#breadcrumb\"},\"inLanguage\":\"de\",\"potentialAction\":[{\"@type\":\"ReadAction\",\"target\":[\"https:\/\/weltlaeden.de\/katzenelnbogen\/einladung-zum-pflastermarkt-am-26-april-2026\/\"]}]},{\"@type\":\"ImageObject\",\"inLanguage\":\"de\",\"@id\":\"https:\/\/weltlaeden.de\/katzenelnbogen\/einladung-zum-pflastermarkt-am-26-april-2026\/#primaryimage\",\"url\":\"https:\/\/weltlaeden.de\/katzenelnbogen\/wp-content\/uploads\/sites\/229\/2026\/04\/491703317_1285413233412873_8453577747809412304_n.jpg\",\"contentUrl\":\"https:\/\/weltlaeden.de\/katzenelnbogen\/wp-content\/uploads\/sites\/229\/2026\/04\/491703317_1285413233412873_8453577747809412304_n.jpg\",\"width\":526,\"height\":351},{\"@type\":\"BreadcrumbList\",\"@id\":\"https:\/\/weltlaeden.de\/katzenelnbogen\/einladung-zum-pflastermarkt-am-26-april-2026\/#breadcrumb\",\"itemListElement\":[{\"@type\":\"ListItem\",\"position\":1,\"name\":\"Startseite\",\"item\":\"https:\/\/weltlaeden.de\/katzenelnbogen\/\"},{\"@type\":\"ListItem\",\"position\":2,\"name\":\"Einladung zum Pflastermarkt am 26. April 2026\"}]},{\"@type\":\"WebSite\",\"@id\":\"https:\/\/weltlaeden.de\/katzenelnbogen\/#website\",\"url\":\"https:\/\/weltlaeden.de\/katzenelnbogen\/\",\"name\":\"Weltladen Katzenelnbogen\",\"description\":\"Faire Produkte seit 1990\",\"potentialAction\":[{\"@type\":\"SearchAction\",\"target\":{\"@type\":\"EntryPoint\",\"urlTemplate\":\"https:\/\/weltlaeden.de\/katzenelnbogen\/?s={search_term_string}\"},\"query-input\":{\"@type\":\"PropertyValueSpecification\",\"valueRequired\":true,\"valueName\":\"search_term_string\"}}],\"inLanguage\":\"de\"},{\"@type\":\"Person\",\"@id\":\"https:\/\/weltlaeden.de\/katzenelnbogen\/#\/schema\/person\/1e48028d6dee1acc5fcccfca7cf8a38c\",\"name\":\"katzenelnbogen\",\"image\":{\"@type\":\"ImageObject\",\"inLanguage\":\"de\",\"@id\":\"https:\/\/weltlaeden.de\/katzenelnbogen\/#\/schema\/person\/image\/\",\"url\":\"https:\/\/secure.gravatar.com\/avatar\/897c2ff6faf7d2cc03929403bdf1796b?s=96&d=mm&r=g\",\"contentUrl\":\"https:\/\/secure.gravatar.com\/avatar\/897c2ff6faf7d2cc03929403bdf1796b?s=96&d=mm&r=g\",\"caption\":\"katzenelnbogen\"}}]}<\/script>\n<!-- \/ Yoast SEO plugin. -->","yoast_head_json":{"title":"Einladung zum Pflastermarkt am 26. April 2026 - Weltladen Katzenelnbogen","robots":{"index":"index","follow":"follow","max-snippet":"max-snippet:-1","max-image-preview":"max-image-preview:large","max-video-preview":"max-video-preview:-1"},"canonical":"https:\/\/weltlaeden.de\/katzenelnbogen\/einladung-zum-pflastermarkt-am-26-april-2026\/","og_locale":"de_DE","og_type":"article","og_title":"Einladung zum Pflastermarkt am 26. April 2026 - Weltladen Katzenelnbogen","og_description":"Am Sonntag, den 26. April 2026, ist es wieder soweit: Der traditionelle Pflastermarkt in Katzenelnbogen bringt Leben in die Stadt \u2013 und wir vom Weltladen sind nat\u00fcrlich mit dabei! Wie jedes Jahr erwartet euch ein buntes Markttreiben mit regionalen Angeboten, vielf\u00e4ltigen St\u00e4nden und guter Stimmung entlang der historischen Gassen. Auch wir m\u00f6chten unseren Teil zu&hellip;","og_url":"https:\/\/weltlaeden.de\/katzenelnbogen\/einladung-zum-pflastermarkt-am-26-april-2026\/","og_site_name":"Weltladen Katzenelnbogen","article_published_time":"2026-04-09T07:05:08+00:00","article_modified_time":"2026-04-09T07:05:31+00:00","og_image":[{"width":526,"height":351,"url":"https:\/\/weltlaeden.de\/katzenelnbogen\/wp-content\/uploads\/sites\/229\/2026\/04\/491703317_1285413233412873_8453577747809412304_n.jpg","type":"image\/jpeg"}],"author":"katzenelnbogen","twitter_card":"summary_large_image","twitter_misc":{"Verfasst von":"katzenelnbogen","Gesch\u00e4tzte Lesezeit":"1\u00a0Minute"},"schema":{"@context":"https:\/\/schema.org","@graph":[{"@type":"Article","@id":"https:\/\/weltlaeden.de\/katzenelnbogen\/einladung-zum-pflastermarkt-am-26-april-2026\/#article","isPartOf":{"@id":"https:\/\/weltlaeden.de\/katzenelnbogen\/einladung-zum-pflastermarkt-am-26-april-2026\/"},"author":{"name":"katzenelnbogen","@id":"https:\/\/weltlaeden.de\/katzenelnbogen\/#\/schema\/person\/1e48028d6dee1acc5fcccfca7cf8a38c"},"headline":"Einladung zum Pflastermarkt am 26. April 2026","datePublished":"2026-04-09T07:05:08+00:00","dateModified":"2026-04-09T07:05:31+00:00","mainEntityOfPage":{"@id":"https:\/\/weltlaeden.de\/katzenelnbogen\/einladung-zum-pflastermarkt-am-26-april-2026\/"},"wordCount":178,"image":{"@id":"https:\/\/weltlaeden.de\/katzenelnbogen\/einladung-zum-pflastermarkt-am-26-april-2026\/#primaryimage"},"thumbnailUrl":"https:\/\/weltlaeden.de\/katzenelnbogen\/wp-content\/uploads\/sites\/229\/2026\/04\/491703317_1285413233412873_8453577747809412304_n-300x200.jpg","keywords":["Fr\u00fchlingsmarkt","katzenelnbogen","Pflastermarkt"],"articleSection":["Neuigkeiten"],"inLanguage":"de"},{"@type":"WebPage","@id":"https:\/\/weltlaeden.de\/katzenelnbogen\/einladung-zum-pflastermarkt-am-26-april-2026\/","url":"https:\/\/weltlaeden.de\/katzenelnbogen\/einladung-zum-pflastermarkt-am-26-april-2026\/","name":"Einladung zum Pflastermarkt am 26. April 2026 - Weltladen Katzenelnbogen","isPartOf":{"@id":"https:\/\/weltlaeden.de\/katzenelnbogen\/#website"},"primaryImageOfPage":{"@id":"https:\/\/weltlaeden.de\/katzenelnbogen\/einladung-zum-pflastermarkt-am-26-april-2026\/#primaryimage"},"image":{"@id":"https:\/\/weltlaeden.de\/katzenelnbogen\/einladung-zum-pflastermarkt-am-26-april-2026\/#primaryimage"},"thumbnailUrl":"https:\/\/weltlaeden.de\/katzenelnbogen\/wp-content\/uploads\/sites\/229\/2026\/04\/491703317_1285413233412873_8453577747809412304_n-300x200.jpg","datePublished":"2026-04-09T07:05:08+00:00","dateModified":"2026-04-09T07:05:31+00:00","author":{"@id":"https:\/\/weltlaeden.de\/katzenelnbogen\/#\/schema\/person\/1e48028d6dee1acc5fcccfca7cf8a38c"},"breadcrumb":{"@id":"https:\/\/weltlaeden.de\/katzenelnbogen\/einladung-zum-pflastermarkt-am-26-april-2026\/#breadcrumb"},"inLanguage":"de","potentialAction":[{"@type":"ReadAction","target":["https:\/\/weltlaeden.de\/katzenelnbogen\/einladung-zum-pflastermarkt-am-26-april-2026\/"]}]},{"@type":"ImageObject","inLanguage":"de","@id":"https:\/\/weltlaeden.de\/katzenelnbogen\/einladung-zum-pflastermarkt-am-26-april-2026\/#primaryimage","url":"https:\/\/weltlaeden.de\/katzenelnbogen\/wp-content\/uploads\/sites\/229\/2026\/04\/491703317_1285413233412873_8453577747809412304_n.jpg","contentUrl":"https:\/\/weltlaeden.de\/katzenelnbogen\/wp-content\/uploads\/sites\/229\/2026\/04\/491703317_1285413233412873_8453577747809412304_n.jpg","width":526,"height":351},{"@type":"BreadcrumbList","@id":"https:\/\/weltlaeden.de\/katzenelnbogen\/einladung-zum-pflastermarkt-am-26-april-2026\/#breadcrumb","itemListElement":[{"@type":"ListItem","position":1,"name":"Startseite","item":"https:\/\/weltlaeden.de\/katzenelnbogen\/"},{"@type":"ListItem","position":2,"name":"Einladung zum Pflastermarkt am 26. April 2026"}]},{"@type":"WebSite","@id":"https:\/\/weltlaeden.de\/katzenelnbogen\/#website","url":"https:\/\/weltlaeden.de\/katzenelnbogen\/","name":"Weltladen Katzenelnbogen","description":"Faire Produkte seit 1990","potentialAction":[{"@type":"SearchAction","target":{"@type":"EntryPoint","urlTemplate":"https:\/\/weltlaeden.de\/katzenelnbogen\/?s={search_term_string}"},"query-input":{"@type":"PropertyValueSpecification","valueRequired":true,"valueName":"search_term_string"}}],"inLanguage":"de"},{"@type":"Person","@id":"https:\/\/weltlaeden.de\/katzenelnbogen\/#\/schema\/person\/1e48028d6dee1acc5fcccfca7cf8a38c","name":"katzenelnbogen","image":{"@type":"ImageObject","inLanguage":"de","@id":"https:\/\/weltlaeden.de\/katzenelnbogen\/#\/schema\/person\/image\/","url":"https:\/\/secure.gravatar.com\/avatar\/897c2ff6faf7d2cc03929403bdf1796b?s=96&d=mm&r=g","contentUrl":"https:\/\/secure.gravatar.com\/avatar\/897c2ff6faf7d2cc03929403bdf1796b?s=96&d=mm&r=g","caption":"katzenelnbogen"}}]}},"_links":{"self":[{"href":"https:\/\/weltlaeden.de\/katzenelnbogen\/wp-json\/wp\/v2\/posts\/1071","targetHints":{"allow":["GET"]}}],"collection":[{"href":"https:\/\/weltlaeden.de\/katzenelnbogen\/wp-json\/wp\/v2\/posts"}],"about":[{"href":"https:\/\/weltlaeden.de\/katzenelnbogen\/wp-json\/wp\/v2\/types\/post"}],"author":[{"embeddable":true,"href":"https:\/\/weltlaeden.de\/katzenelnbogen\/wp-json\/wp\/v2\/users\/340"}],"replies":[{"embeddable":true,"href":"https:\/\/weltlaeden.de\/katzenelnbogen\/wp-json\/wp\/v2\/comments?post=1071"}],"version-history":[{"count":2,"href":"https:\/\/weltlaeden.de\/katzenelnbogen\/wp-json\/wp\/v2\/posts\/1071\/revisions"}],"predecessor-version":[{"id":1075,"href":"https:\/\/weltlaeden.de\/katzenelnbogen\/wp-json\/wp\/v2\/posts\/1071\/revisions\/1075"}],"wp:attachment":[{"href":"https:\/\/weltlaeden.de\/katzenelnbogen\/wp-json\/wp\/v2\/media?parent=1071"}],"wp:term":[{"taxonomy":"category","embeddable":true,"href":"https:\/\/weltlaeden.de\/katzenelnbogen\/wp-json\/wp\/v2\/categories?post=1071"},{"taxonomy":"post_tag","embeddable":true,"href":"https:\/\/weltlaeden.de\/katzenelnbogen\/wp-json\/wp\/v2\/tags?post=1071"}],"curies":[{"name":"wp","href":"https:\/\/api.w.org\/{rel}","templated":true}]}}