{"id":1029,"date":"2026-01-31T11:52:49","date_gmt":"2026-01-31T10:52:49","guid":{"rendered":"https:\/\/weltlaeden.de\/katzenelnbogen\/?p=1029"},"modified":"2026-01-31T11:52:49","modified_gmt":"2026-01-31T10:52:49","slug":"ein-treffen-zum-kennenlernen-zurueckblicken-und-nach-vorne-schauen","status":"publish","type":"post","link":"https:\/\/weltlaeden.de\/katzenelnbogen\/ein-treffen-zum-kennenlernen-zurueckblicken-und-nach-vorne-schauen\/","title":{"rendered":"Ein Treffen zum Kennenlernen, zur\u00fcckblicken und nach Vorne schauen"},"content":{"rendered":"<p><img loading=\"lazy\" decoding=\"async\" class=\"size-medium wp-image-1030 alignleft\" src=\"https:\/\/weltlaeden.de\/katzenelnbogen\/wp-content\/uploads\/sites\/229\/2026\/01\/drink-7156111_640-300x195.jpg\" alt=\"\" width=\"300\" height=\"195\" srcset=\"https:\/\/weltlaeden.de\/katzenelnbogen\/wp-content\/uploads\/sites\/229\/2026\/01\/drink-7156111_640-300x195.jpg 300w, https:\/\/weltlaeden.de\/katzenelnbogen\/wp-content\/uploads\/sites\/229\/2026\/01\/drink-7156111_640.jpg 640w\" sizes=\"auto, (max-width: 300px) 100vw, 300px\" \/>Am 25.01.2026 haben die Vereinsvorsitzenden der AG Eine Welt e.V. zusammen mit den Verkaufenden aus dem Weltladen einen ganz besonderen, gemeinsamen Nachmittag mit Kaffee &amp; Kuchen im Pfarrheim Katzenelnbogen verbracht.<\/p>\n<p>Neben der M\u00f6glichkeit die neuen Vorst\u00e4nde \u00fcber eine pers\u00f6nliche Vorstellung kennenzulernen, wurden die Aktivit\u00e4ten des Vorjahres in einem kleinen Review-Film betrachtet und ein erster Blick auf die Planungen f\u00fcr 2026 geworfen. Hier sind viele Aktionen noch in den vorbereitenden Absprachen und m\u00fcssen auch im Vereinskreis intensiver diskutiert und aufbereitet werden. Nichtsdestotrotz wollte der Vorstand auch den Verkaufenden eine Plattform bieten, um eigene Ideen, Anmerkungen oder Anregungen einbringen zu k\u00f6nnen.<\/p>\n<p>Zudem ist auch die Zustimmung und die Mithilfe an solchen Aktionen elementar, damit sie \u00fcberhaupt erfolgreich durchgef\u00fchrt werden k\u00f6nnen.<\/p>\n<p><img loading=\"lazy\" decoding=\"async\" class=\"size-medium wp-image-1032 alignright\" src=\"https:\/\/weltlaeden.de\/katzenelnbogen\/wp-content\/uploads\/sites\/229\/2026\/01\/Green-Modern-Business-Newsletter-A4-212x300.png\" alt=\"\" width=\"212\" height=\"300\" srcset=\"https:\/\/weltlaeden.de\/katzenelnbogen\/wp-content\/uploads\/sites\/229\/2026\/01\/Green-Modern-Business-Newsletter-A4-212x300.png 212w, https:\/\/weltlaeden.de\/katzenelnbogen\/wp-content\/uploads\/sites\/229\/2026\/01\/Green-Modern-Business-Newsletter-A4-724x1024.png 724w, https:\/\/weltlaeden.de\/katzenelnbogen\/wp-content\/uploads\/sites\/229\/2026\/01\/Green-Modern-Business-Newsletter-A4-768x1086.png 768w, https:\/\/weltlaeden.de\/katzenelnbogen\/wp-content\/uploads\/sites\/229\/2026\/01\/Green-Modern-Business-Newsletter-A4-1087x1536.png 1087w, https:\/\/weltlaeden.de\/katzenelnbogen\/wp-content\/uploads\/sites\/229\/2026\/01\/Green-Modern-Business-Newsletter-A4.png 1415w\" sizes=\"auto, (max-width: 212px) 100vw, 212px\" \/><\/p>\n<p>Neu in diesem Jahr wird ganzj\u00e4hrig ein monatlicher Print-Newsletter als Auslage im Laden zu finden sein. Dieser greift vor allem die Schwerpunktthemen aus der der \u00d6ffentlichkeitsarbeit in einem kompakten, schnell lesbaren Format nochmal auf.<\/p>\n<p>Dar\u00fcber hinaus m\u00f6chte der Vorstand zuk\u00fcnftig allen Mitarbeitenden Geburtstagsgr\u00fc\u00dfe und Vereinsmitgliedern Weihnachtsgr\u00fc\u00dfe senden.<\/p>\n<p>Im Januar fanden f\u00fcr die ehrenamtlichen Mitarbeitenden zum Jahresauftakt Kassen- und EC-Kartenger\u00e4t-Schulungen statt, da bereits am 6. Januar der Start der digitalen Zahlm\u00f6glichkeiten erfolgte. Im Februar liegt die Konzentration ganz auf kleinen Aktionen rund um den Valentinstag sowie einem Blick auf die diesj\u00e4hrigen Fasten-Aktivit\u00e4en der gro\u00dfen Kirchengemeinschaften, Vereine sowie der umliegenden Gemeinden.<\/p>\n<p>Der M\u00e4rz ist vor allem den Frauen gewidmet, die in den ersten zwei Wochen im Fokus der \u00d6ffentlichkeitsarbeit sowie unter Begleitung kleiner Verkaufsaktionen stehen. Anlass hierf\u00fcr sind der Weltgebetstag der Frauen am 06.03. wie auch der Frauentag am 08.03.<\/p>\n<p>Dass auch Oster-Aktivit\u00e4ten fair gestaltbar sind, soll einer der Schwerpunkte Anfang April sein, den man auch gerne mit ans\u00e4ssigen Gemeinden vertiefen m\u00f6chte. Daneben ist Ende des Monats der j\u00e4hrliche Pflastermarkt in Katzenelnbogen wieder eines der regionalen Highlights, die ladenseitig mit Musikbeitr\u00e4gen sowie einem gastronomsichen Angebot fair-fruchtiger Fr\u00fchlingsleckereien begleitet werden soll.<\/p>\n<p>Direkt Anfang Mai ruft der diesj\u00e4hrige Weltladentag zu Ak<img loading=\"lazy\" decoding=\"async\" class=\" wp-image-1033 alignleft\" src=\"https:\/\/weltlaeden.de\/katzenelnbogen\/wp-content\/uploads\/sites\/229\/2026\/01\/IMG_9920-225x300.jpg\" alt=\"\" width=\"165\" height=\"220\" srcset=\"https:\/\/weltlaeden.de\/katzenelnbogen\/wp-content\/uploads\/sites\/229\/2026\/01\/IMG_9920-225x300.jpg 225w, https:\/\/weltlaeden.de\/katzenelnbogen\/wp-content\/uploads\/sites\/229\/2026\/01\/IMG_9920-768x1024.jpg 768w, https:\/\/weltlaeden.de\/katzenelnbogen\/wp-content\/uploads\/sites\/229\/2026\/01\/IMG_9920-1152x1536.jpg 1152w, https:\/\/weltlaeden.de\/katzenelnbogen\/wp-content\/uploads\/sites\/229\/2026\/01\/IMG_9920-1536x2048.jpg 1536w, https:\/\/weltlaeden.de\/katzenelnbogen\/wp-content\/uploads\/sites\/229\/2026\/01\/IMG_9920-scaled.jpg 1920w\" sizes=\"auto, (max-width: 165px) 100vw, 165px\" \/>tionen rund um das Thema &#8222;Fair fruchtet&#8220; auf. Auch dies soll nat\u00fcrlich im Laden sicht- und schmeckbar sein am 09. Mai. Dar\u00fcber hinaus plant der Vorstand erstmalig eine Woche komplett unter dem Thema Biodiversit\u00e4t auszurichten. Angedacht sind hier m\u00f6gliche Bildungsangebote f\u00fcr Schulen im Laden basierend auf den bereits durchgef\u00fchrten Workshops in der Grundschule im Einrich, eine Honigverkostung am Weltbienentag sowie ein m\u00f6glicher Filmabend im Kreml. Hier sind die Planungsaktivit\u00e4ten noch in vollem Gange und es wird zeitnah dazu konkrete Informationen geben.<\/p>\n<p>Die Produkte von PREDA stehen am 12. Juni, dem Welttag gegen Kinderarbeit im Fokus der Verkaufs- und Aufkl\u00e4rungsarbeit im Laden. Hier sollen nochmal die Errungenschaften und Projekte von PREDA vorgestellt sowie die Produkte verkostet werden.<\/p>\n<p>Ende Juni soll dann im Laden zur Einl\u00e4utung des Christopher Street Days ein wenig Regenbogen-Stimmung aufkommen.<\/p>\n<p>Auch f\u00fcr das zweite Halbjahr sind bereits lose Aktionen angedacht sowie die Beteiligung an den lokalen M\u00e4rkten. Neben Vortr\u00e4gen, Lesungen, Brunches und ggf. einer Schul-Kooperation zu einem Theaterst\u00fcck der Romero Initative wird auch in diesem Jahr wieder der Oktober Flecker Freitag unter einem fairen Motto stattfinden.<\/p>\n<p>Zum Abschluss des Nachmittags hat sich der neue Vorstand bei allen Verkaufenden f\u00fcr ihr gro\u00dfes Engagement und die Unterst\u00fctzung bedankt und hofft auch auf weitere Hilfestellungen bei den zahlreichen geplanten Projekten.<\/p>\n","protected":false},"excerpt":{"rendered":"<p>Am 25.01.2026 haben die Vereinsvorsitzenden der AG Eine Welt e.V. zusammen mit den Verkaufenden aus dem Weltladen einen ganz besonderen, gemeinsamen Nachmittag mit Kaffee &amp; Kuchen im Pfarrheim Katzenelnbogen verbracht. Neben der M\u00f6glichkeit die neuen Vorst\u00e4nde \u00fcber eine pers\u00f6nliche Vorstellung kennenzulernen, wurden die Aktivit\u00e4ten des Vorjahres in einem kleinen Review-Film betrachtet und ein erster Blick&hellip;<\/p>\n","protected":false},"author":340,"featured_media":1035,"comment_status":"closed","ping_status":"closed","sticky":false,"template":"","format":"standard","meta":{"footnotes":""},"categories":[8],"tags":[39,19,34],"class_list":["post-1029","post","type-post","status-publish","format-standard","has-post-thumbnail","hentry","category-neues","tag-ausblick","tag-fairer-handel","tag-weltladen","category-8","description-off"],"yoast_head":"<!-- This site is optimized with the Yoast SEO plugin v26.8 - https:\/\/yoast.com\/product\/yoast-seo-wordpress\/ -->\n<title>Ein Treffen zum Kennenlernen, zur\u00fcckblicken und nach Vorne schauen - Weltladen Katzenelnbogen<\/title>\n<meta name=\"robots\" content=\"index, follow, max-snippet:-1, max-image-preview:large, max-video-preview:-1\" \/>\n<link rel=\"canonical\" href=\"https:\/\/weltlaeden.de\/katzenelnbogen\/ein-treffen-zum-kennenlernen-zurueckblicken-und-nach-vorne-schauen\/\" \/>\n<meta property=\"og:locale\" content=\"de_DE\" \/>\n<meta property=\"og:type\" content=\"article\" \/>\n<meta property=\"og:title\" content=\"Ein Treffen zum Kennenlernen, zur\u00fcckblicken und nach Vorne schauen - Weltladen Katzenelnbogen\" \/>\n<meta property=\"og:description\" content=\"Am 25.01.2026 haben die Vereinsvorsitzenden der AG Eine Welt e.V. zusammen mit den Verkaufenden aus dem Weltladen einen ganz besonderen, gemeinsamen Nachmittag mit Kaffee &amp; Kuchen im Pfarrheim Katzenelnbogen verbracht. Neben der M\u00f6glichkeit die neuen Vorst\u00e4nde \u00fcber eine pers\u00f6nliche Vorstellung kennenzulernen, wurden die Aktivit\u00e4ten des Vorjahres in einem kleinen Review-Film betrachtet und ein erster Blick&hellip;\" \/>\n<meta property=\"og:url\" content=\"https:\/\/weltlaeden.de\/katzenelnbogen\/ein-treffen-zum-kennenlernen-zurueckblicken-und-nach-vorne-schauen\/\" \/>\n<meta property=\"og:site_name\" content=\"Weltladen Katzenelnbogen\" \/>\n<meta property=\"article:published_time\" content=\"2026-01-31T10:52:49+00:00\" \/>\n<meta property=\"og:image\" content=\"https:\/\/weltlaeden.de\/katzenelnbogen\/wp-content\/uploads\/sites\/229\/2026\/01\/image05-e1769856491925.png\" \/>\n\t<meta property=\"og:image:width\" content=\"1415\" \/>\n\t<meta property=\"og:image:height\" content=\"693\" \/>\n\t<meta property=\"og:image:type\" content=\"image\/png\" \/>\n<meta name=\"author\" content=\"katzenelnbogen\" \/>\n<meta name=\"twitter:card\" content=\"summary_large_image\" \/>\n<meta name=\"twitter:label1\" content=\"Verfasst von\" \/>\n\t<meta name=\"twitter:data1\" content=\"katzenelnbogen\" \/>\n\t<meta name=\"twitter:label2\" content=\"Gesch\u00e4tzte Lesezeit\" \/>\n\t<meta name=\"twitter:data2\" content=\"3\u00a0Minuten\" \/>\n<script type=\"application\/ld+json\" class=\"yoast-schema-graph\">{\"@context\":\"https:\/\/schema.org\",\"@graph\":[{\"@type\":\"Article\",\"@id\":\"https:\/\/weltlaeden.de\/katzenelnbogen\/ein-treffen-zum-kennenlernen-zurueckblicken-und-nach-vorne-schauen\/#article\",\"isPartOf\":{\"@id\":\"https:\/\/weltlaeden.de\/katzenelnbogen\/ein-treffen-zum-kennenlernen-zurueckblicken-und-nach-vorne-schauen\/\"},\"author\":{\"name\":\"katzenelnbogen\",\"@id\":\"https:\/\/weltlaeden.de\/katzenelnbogen\/#\/schema\/person\/1e48028d6dee1acc5fcccfca7cf8a38c\"},\"headline\":\"Ein Treffen zum Kennenlernen, zur\u00fcckblicken und nach Vorne schauen\",\"datePublished\":\"2026-01-31T10:52:49+00:00\",\"mainEntityOfPage\":{\"@id\":\"https:\/\/weltlaeden.de\/katzenelnbogen\/ein-treffen-zum-kennenlernen-zurueckblicken-und-nach-vorne-schauen\/\"},\"wordCount\":574,\"image\":{\"@id\":\"https:\/\/weltlaeden.de\/katzenelnbogen\/ein-treffen-zum-kennenlernen-zurueckblicken-und-nach-vorne-schauen\/#primaryimage\"},\"thumbnailUrl\":\"https:\/\/weltlaeden.de\/katzenelnbogen\/wp-content\/uploads\/sites\/229\/2026\/01\/image05-e1769856491925.png\",\"keywords\":[\"Ausblick\",\"fairer Handel\",\"Weltladen\"],\"articleSection\":[\"Neuigkeiten\"],\"inLanguage\":\"de\"},{\"@type\":\"WebPage\",\"@id\":\"https:\/\/weltlaeden.de\/katzenelnbogen\/ein-treffen-zum-kennenlernen-zurueckblicken-und-nach-vorne-schauen\/\",\"url\":\"https:\/\/weltlaeden.de\/katzenelnbogen\/ein-treffen-zum-kennenlernen-zurueckblicken-und-nach-vorne-schauen\/\",\"name\":\"Ein Treffen zum Kennenlernen, zur\u00fcckblicken und nach Vorne schauen - Weltladen Katzenelnbogen\",\"isPartOf\":{\"@id\":\"https:\/\/weltlaeden.de\/katzenelnbogen\/#website\"},\"primaryImageOfPage\":{\"@id\":\"https:\/\/weltlaeden.de\/katzenelnbogen\/ein-treffen-zum-kennenlernen-zurueckblicken-und-nach-vorne-schauen\/#primaryimage\"},\"image\":{\"@id\":\"https:\/\/weltlaeden.de\/katzenelnbogen\/ein-treffen-zum-kennenlernen-zurueckblicken-und-nach-vorne-schauen\/#primaryimage\"},\"thumbnailUrl\":\"https:\/\/weltlaeden.de\/katzenelnbogen\/wp-content\/uploads\/sites\/229\/2026\/01\/image05-e1769856491925.png\",\"datePublished\":\"2026-01-31T10:52:49+00:00\",\"author\":{\"@id\":\"https:\/\/weltlaeden.de\/katzenelnbogen\/#\/schema\/person\/1e48028d6dee1acc5fcccfca7cf8a38c\"},\"breadcrumb\":{\"@id\":\"https:\/\/weltlaeden.de\/katzenelnbogen\/ein-treffen-zum-kennenlernen-zurueckblicken-und-nach-vorne-schauen\/#breadcrumb\"},\"inLanguage\":\"de\",\"potentialAction\":[{\"@type\":\"ReadAction\",\"target\":[\"https:\/\/weltlaeden.de\/katzenelnbogen\/ein-treffen-zum-kennenlernen-zurueckblicken-und-nach-vorne-schauen\/\"]}]},{\"@type\":\"ImageObject\",\"inLanguage\":\"de\",\"@id\":\"https:\/\/weltlaeden.de\/katzenelnbogen\/ein-treffen-zum-kennenlernen-zurueckblicken-und-nach-vorne-schauen\/#primaryimage\",\"url\":\"https:\/\/weltlaeden.de\/katzenelnbogen\/wp-content\/uploads\/sites\/229\/2026\/01\/image05-e1769856491925.png\",\"contentUrl\":\"https:\/\/weltlaeden.de\/katzenelnbogen\/wp-content\/uploads\/sites\/229\/2026\/01\/image05-e1769856491925.png\",\"width\":1415,\"height\":693},{\"@type\":\"BreadcrumbList\",\"@id\":\"https:\/\/weltlaeden.de\/katzenelnbogen\/ein-treffen-zum-kennenlernen-zurueckblicken-und-nach-vorne-schauen\/#breadcrumb\",\"itemListElement\":[{\"@type\":\"ListItem\",\"position\":1,\"name\":\"Startseite\",\"item\":\"https:\/\/weltlaeden.de\/katzenelnbogen\/\"},{\"@type\":\"ListItem\",\"position\":2,\"name\":\"Ein Treffen zum Kennenlernen, zur\u00fcckblicken und nach Vorne schauen\"}]},{\"@type\":\"WebSite\",\"@id\":\"https:\/\/weltlaeden.de\/katzenelnbogen\/#website\",\"url\":\"https:\/\/weltlaeden.de\/katzenelnbogen\/\",\"name\":\"Weltladen Katzenelnbogen\",\"description\":\"Faire Produkte seit 1990\",\"potentialAction\":[{\"@type\":\"SearchAction\",\"target\":{\"@type\":\"EntryPoint\",\"urlTemplate\":\"https:\/\/weltlaeden.de\/katzenelnbogen\/?s={search_term_string}\"},\"query-input\":{\"@type\":\"PropertyValueSpecification\",\"valueRequired\":true,\"valueName\":\"search_term_string\"}}],\"inLanguage\":\"de\"},{\"@type\":\"Person\",\"@id\":\"https:\/\/weltlaeden.de\/katzenelnbogen\/#\/schema\/person\/1e48028d6dee1acc5fcccfca7cf8a38c\",\"name\":\"katzenelnbogen\",\"image\":{\"@type\":\"ImageObject\",\"inLanguage\":\"de\",\"@id\":\"https:\/\/weltlaeden.de\/katzenelnbogen\/#\/schema\/person\/image\/\",\"url\":\"https:\/\/secure.gravatar.com\/avatar\/897c2ff6faf7d2cc03929403bdf1796b?s=96&d=mm&r=g\",\"contentUrl\":\"https:\/\/secure.gravatar.com\/avatar\/897c2ff6faf7d2cc03929403bdf1796b?s=96&d=mm&r=g\",\"caption\":\"katzenelnbogen\"}}]}<\/script>\n<!-- \/ Yoast SEO plugin. -->","yoast_head_json":{"title":"Ein Treffen zum Kennenlernen, zur\u00fcckblicken und nach Vorne schauen - Weltladen Katzenelnbogen","robots":{"index":"index","follow":"follow","max-snippet":"max-snippet:-1","max-image-preview":"max-image-preview:large","max-video-preview":"max-video-preview:-1"},"canonical":"https:\/\/weltlaeden.de\/katzenelnbogen\/ein-treffen-zum-kennenlernen-zurueckblicken-und-nach-vorne-schauen\/","og_locale":"de_DE","og_type":"article","og_title":"Ein Treffen zum Kennenlernen, zur\u00fcckblicken und nach Vorne schauen - Weltladen Katzenelnbogen","og_description":"Am 25.01.2026 haben die Vereinsvorsitzenden der AG Eine Welt e.V. zusammen mit den Verkaufenden aus dem Weltladen einen ganz besonderen, gemeinsamen Nachmittag mit Kaffee &amp; Kuchen im Pfarrheim Katzenelnbogen verbracht. Neben der M\u00f6glichkeit die neuen Vorst\u00e4nde \u00fcber eine pers\u00f6nliche Vorstellung kennenzulernen, wurden die Aktivit\u00e4ten des Vorjahres in einem kleinen Review-Film betrachtet und ein erster Blick&hellip;","og_url":"https:\/\/weltlaeden.de\/katzenelnbogen\/ein-treffen-zum-kennenlernen-zurueckblicken-und-nach-vorne-schauen\/","og_site_name":"Weltladen Katzenelnbogen","article_published_time":"2026-01-31T10:52:49+00:00","og_image":[{"width":1415,"height":693,"url":"https:\/\/weltlaeden.de\/katzenelnbogen\/wp-content\/uploads\/sites\/229\/2026\/01\/image05-e1769856491925.png","type":"image\/png"}],"author":"katzenelnbogen","twitter_card":"summary_large_image","twitter_misc":{"Verfasst von":"katzenelnbogen","Gesch\u00e4tzte Lesezeit":"3\u00a0Minuten"},"schema":{"@context":"https:\/\/schema.org","@graph":[{"@type":"Article","@id":"https:\/\/weltlaeden.de\/katzenelnbogen\/ein-treffen-zum-kennenlernen-zurueckblicken-und-nach-vorne-schauen\/#article","isPartOf":{"@id":"https:\/\/weltlaeden.de\/katzenelnbogen\/ein-treffen-zum-kennenlernen-zurueckblicken-und-nach-vorne-schauen\/"},"author":{"name":"katzenelnbogen","@id":"https:\/\/weltlaeden.de\/katzenelnbogen\/#\/schema\/person\/1e48028d6dee1acc5fcccfca7cf8a38c"},"headline":"Ein Treffen zum Kennenlernen, zur\u00fcckblicken und nach Vorne schauen","datePublished":"2026-01-31T10:52:49+00:00","mainEntityOfPage":{"@id":"https:\/\/weltlaeden.de\/katzenelnbogen\/ein-treffen-zum-kennenlernen-zurueckblicken-und-nach-vorne-schauen\/"},"wordCount":574,"image":{"@id":"https:\/\/weltlaeden.de\/katzenelnbogen\/ein-treffen-zum-kennenlernen-zurueckblicken-und-nach-vorne-schauen\/#primaryimage"},"thumbnailUrl":"https:\/\/weltlaeden.de\/katzenelnbogen\/wp-content\/uploads\/sites\/229\/2026\/01\/image05-e1769856491925.png","keywords":["Ausblick","fairer Handel","Weltladen"],"articleSection":["Neuigkeiten"],"inLanguage":"de"},{"@type":"WebPage","@id":"https:\/\/weltlaeden.de\/katzenelnbogen\/ein-treffen-zum-kennenlernen-zurueckblicken-und-nach-vorne-schauen\/","url":"https:\/\/weltlaeden.de\/katzenelnbogen\/ein-treffen-zum-kennenlernen-zurueckblicken-und-nach-vorne-schauen\/","name":"Ein Treffen zum Kennenlernen, zur\u00fcckblicken und nach Vorne schauen - Weltladen Katzenelnbogen","isPartOf":{"@id":"https:\/\/weltlaeden.de\/katzenelnbogen\/#website"},"primaryImageOfPage":{"@id":"https:\/\/weltlaeden.de\/katzenelnbogen\/ein-treffen-zum-kennenlernen-zurueckblicken-und-nach-vorne-schauen\/#primaryimage"},"image":{"@id":"https:\/\/weltlaeden.de\/katzenelnbogen\/ein-treffen-zum-kennenlernen-zurueckblicken-und-nach-vorne-schauen\/#primaryimage"},"thumbnailUrl":"https:\/\/weltlaeden.de\/katzenelnbogen\/wp-content\/uploads\/sites\/229\/2026\/01\/image05-e1769856491925.png","datePublished":"2026-01-31T10:52:49+00:00","author":{"@id":"https:\/\/weltlaeden.de\/katzenelnbogen\/#\/schema\/person\/1e48028d6dee1acc5fcccfca7cf8a38c"},"breadcrumb":{"@id":"https:\/\/weltlaeden.de\/katzenelnbogen\/ein-treffen-zum-kennenlernen-zurueckblicken-und-nach-vorne-schauen\/#breadcrumb"},"inLanguage":"de","potentialAction":[{"@type":"ReadAction","target":["https:\/\/weltlaeden.de\/katzenelnbogen\/ein-treffen-zum-kennenlernen-zurueckblicken-und-nach-vorne-schauen\/"]}]},{"@type":"ImageObject","inLanguage":"de","@id":"https:\/\/weltlaeden.de\/katzenelnbogen\/ein-treffen-zum-kennenlernen-zurueckblicken-und-nach-vorne-schauen\/#primaryimage","url":"https:\/\/weltlaeden.de\/katzenelnbogen\/wp-content\/uploads\/sites\/229\/2026\/01\/image05-e1769856491925.png","contentUrl":"https:\/\/weltlaeden.de\/katzenelnbogen\/wp-content\/uploads\/sites\/229\/2026\/01\/image05-e1769856491925.png","width":1415,"height":693},{"@type":"BreadcrumbList","@id":"https:\/\/weltlaeden.de\/katzenelnbogen\/ein-treffen-zum-kennenlernen-zurueckblicken-und-nach-vorne-schauen\/#breadcrumb","itemListElement":[{"@type":"ListItem","position":1,"name":"Startseite","item":"https:\/\/weltlaeden.de\/katzenelnbogen\/"},{"@type":"ListItem","position":2,"name":"Ein Treffen zum Kennenlernen, zur\u00fcckblicken und nach Vorne schauen"}]},{"@type":"WebSite","@id":"https:\/\/weltlaeden.de\/katzenelnbogen\/#website","url":"https:\/\/weltlaeden.de\/katzenelnbogen\/","name":"Weltladen Katzenelnbogen","description":"Faire Produkte seit 1990","potentialAction":[{"@type":"SearchAction","target":{"@type":"EntryPoint","urlTemplate":"https:\/\/weltlaeden.de\/katzenelnbogen\/?s={search_term_string}"},"query-input":{"@type":"PropertyValueSpecification","valueRequired":true,"valueName":"search_term_string"}}],"inLanguage":"de"},{"@type":"Person","@id":"https:\/\/weltlaeden.de\/katzenelnbogen\/#\/schema\/person\/1e48028d6dee1acc5fcccfca7cf8a38c","name":"katzenelnbogen","image":{"@type":"ImageObject","inLanguage":"de","@id":"https:\/\/weltlaeden.de\/katzenelnbogen\/#\/schema\/person\/image\/","url":"https:\/\/secure.gravatar.com\/avatar\/897c2ff6faf7d2cc03929403bdf1796b?s=96&d=mm&r=g","contentUrl":"https:\/\/secure.gravatar.com\/avatar\/897c2ff6faf7d2cc03929403bdf1796b?s=96&d=mm&r=g","caption":"katzenelnbogen"}}]}},"_links":{"self":[{"href":"https:\/\/weltlaeden.de\/katzenelnbogen\/wp-json\/wp\/v2\/posts\/1029","targetHints":{"allow":["GET"]}}],"collection":[{"href":"https:\/\/weltlaeden.de\/katzenelnbogen\/wp-json\/wp\/v2\/posts"}],"about":[{"href":"https:\/\/weltlaeden.de\/katzenelnbogen\/wp-json\/wp\/v2\/types\/post"}],"author":[{"embeddable":true,"href":"https:\/\/weltlaeden.de\/katzenelnbogen\/wp-json\/wp\/v2\/users\/340"}],"replies":[{"embeddable":true,"href":"https:\/\/weltlaeden.de\/katzenelnbogen\/wp-json\/wp\/v2\/comments?post=1029"}],"version-history":[{"count":7,"href":"https:\/\/weltlaeden.de\/katzenelnbogen\/wp-json\/wp\/v2\/posts\/1029\/revisions"}],"predecessor-version":[{"id":1041,"href":"https:\/\/weltlaeden.de\/katzenelnbogen\/wp-json\/wp\/v2\/posts\/1029\/revisions\/1041"}],"wp:featuredmedia":[{"embeddable":true,"href":"https:\/\/weltlaeden.de\/katzenelnbogen\/wp-json\/wp\/v2\/media\/1035"}],"wp:attachment":[{"href":"https:\/\/weltlaeden.de\/katzenelnbogen\/wp-json\/wp\/v2\/media?parent=1029"}],"wp:term":[{"taxonomy":"category","embeddable":true,"href":"https:\/\/weltlaeden.de\/katzenelnbogen\/wp-json\/wp\/v2\/categories?post=1029"},{"taxonomy":"post_tag","embeddable":true,"href":"https:\/\/weltlaeden.de\/katzenelnbogen\/wp-json\/wp\/v2\/tags?post=1029"}],"curies":[{"name":"wp","href":"https:\/\/api.w.org\/{rel}","templated":true}]}}