{"id":1012,"date":"2025-12-31T13:10:49","date_gmt":"2025-12-31T12:10:49","guid":{"rendered":"https:\/\/weltlaeden.de\/katzenelnbogen\/?p=1012"},"modified":"2025-12-31T13:13:31","modified_gmt":"2025-12-31T12:13:31","slug":"abbruch-aufbruch-umbruch-was-fuer-ein-jahr","status":"publish","type":"post","link":"https:\/\/weltlaeden.de\/katzenelnbogen\/abbruch-aufbruch-umbruch-was-fuer-ein-jahr\/","title":{"rendered":"Abbruch, Aufbruch, Umbruch \u2013 Was f\u00fcr ein Jahr"},"content":{"rendered":"<p><img loading=\"lazy\" decoding=\"async\" class=\"size-medium wp-image-1013 alignleft\" src=\"https:\/\/weltlaeden.de\/katzenelnbogen\/wp-content\/uploads\/sites\/229\/2025\/12\/WeltladenvordemAus-300x165.jpg\" alt=\"\" width=\"300\" height=\"165\" srcset=\"https:\/\/weltlaeden.de\/katzenelnbogen\/wp-content\/uploads\/sites\/229\/2025\/12\/WeltladenvordemAus-300x165.jpg 300w, https:\/\/weltlaeden.de\/katzenelnbogen\/wp-content\/uploads\/sites\/229\/2025\/12\/WeltladenvordemAus-1024x562.jpg 1024w, https:\/\/weltlaeden.de\/katzenelnbogen\/wp-content\/uploads\/sites\/229\/2025\/12\/WeltladenvordemAus-768x422.jpg 768w, https:\/\/weltlaeden.de\/katzenelnbogen\/wp-content\/uploads\/sites\/229\/2025\/12\/WeltladenvordemAus-1536x844.jpg 1536w, https:\/\/weltlaeden.de\/katzenelnbogen\/wp-content\/uploads\/sites\/229\/2025\/12\/WeltladenvordemAus.jpg 1597w\" sizes=\"auto, (max-width: 300px) 100vw, 300px\" \/>Das vergangene Jahr war f\u00fcr unseren Verein wie auch den Weltladen von vielen \u00c4nderungen gepr\u00e4gt. Startpunkt bildete die bereits im Vorjahr festgestellte letzte Periode des langj\u00e4hrigen Vorstandteams, das sich nach mitunter 30 Jahren Vorstandst\u00e4tigkeit nicht mehr f\u00fcr diesen Posten aufstellen lassen wollte.<\/p>\n<p>Zum Anfang des Jahres gab es hier allerdings keine neuen Interessenten, so dass Verein und damit einhergehend auch dem Weltladen nach knapp 35 Jahren Existenz das Aus\u00a0gedroht h\u00e4tten. Mit einer aufmerksamkeitsstarken Plakataktion im M\u00e4rz und einhergehender Pressearbeit konnte jedoch neue Hoffnung geschaffen werden. Es lie\u00dfen sich passive Vereinsmitglieder wie auch Neu-Interessierte finden, die sich zumindest im Rahmen von Vereinssitzungen zum Thema informieren wollten.<\/p>\n<p><img loading=\"lazy\" decoding=\"async\" class=\"size-medium wp-image-868 alignright\" src=\"https:\/\/weltlaeden.de\/katzenelnbogen\/wp-content\/uploads\/sites\/229\/2025\/10\/IMG_9232-300x225.jpg\" alt=\"\" width=\"300\" height=\"225\" srcset=\"https:\/\/weltlaeden.de\/katzenelnbogen\/wp-content\/uploads\/sites\/229\/2025\/10\/IMG_9232-300x225.jpg 300w, https:\/\/weltlaeden.de\/katzenelnbogen\/wp-content\/uploads\/sites\/229\/2025\/10\/IMG_9232-1024x768.jpg 1024w, https:\/\/weltlaeden.de\/katzenelnbogen\/wp-content\/uploads\/sites\/229\/2025\/10\/IMG_9232-768x576.jpg 768w, https:\/\/weltlaeden.de\/katzenelnbogen\/wp-content\/uploads\/sites\/229\/2025\/10\/IMG_9232.jpg 1280w\" sizes=\"auto, (max-width: 300px) 100vw, 300px\" \/><\/p>\n<p>Viele \u00c4nderungen gingen mit diesen Neuzug\u00e4ngen einher, wie der Aufbau einer Online-Pr\u00e4senz und Profilen auf sozialen Kan\u00e4len, Ideen f\u00fcr Aktivit\u00e4ten in der Bildungs- und \u00d6ffentlichkeitsarbeit, neue Eventangebote und auch politisches Aktionsinteresse kamen auf.<\/p>\n<p>So waren wir nicht nur wie jedes Jahr im Rahmen des Weltladentags mit einer kleinen Schokoladenverkostung aktiv, sondern konnten einen sehr gut besuchten\u00a0Brunch im Rahmen der Fairen Woche im Einrichmuseum ausrichten. Dar\u00fcber hinaus wurde mit den Workshops zum Thema Biodiversit\u00e4t ein neues Bildungsangebot f\u00fcr die Grundschulklassen aufgebaut.<\/p>\n<p><img loading=\"lazy\" decoding=\"async\" class=\"size-medium wp-image-980 alignleft\" src=\"https:\/\/weltlaeden.de\/katzenelnbogen\/wp-content\/uploads\/sites\/229\/2025\/11\/IMG_0106-e1763825160992-300x283.jpg\" alt=\"\" width=\"300\" height=\"283\" srcset=\"https:\/\/weltlaeden.de\/katzenelnbogen\/wp-content\/uploads\/sites\/229\/2025\/11\/IMG_0106-e1763825160992-300x283.jpg 300w, https:\/\/weltlaeden.de\/katzenelnbogen\/wp-content\/uploads\/sites\/229\/2025\/11\/IMG_0106-e1763825160992-768x724.jpg 768w, https:\/\/weltlaeden.de\/katzenelnbogen\/wp-content\/uploads\/sites\/229\/2025\/11\/IMG_0106-e1763825160992.jpg 960w\" sizes=\"auto, (max-width: 300px) 100vw, 300px\" \/>Mit weiteren Aktivit\u00e4ten zum Flecker-Freitag, dem Herbstmarkt wie auch dem Weltklang-Festival war die herbstliche Pr\u00e4senz sehr deutlich und mit vielen zum Teil ganz neuen Besuchern im Laden auch erfolgreich.<\/p>\n<p>Ein besonderes Event-Highlight stellte die Lesung bei den Feinkleins mit der Berliner Autorin Morgane Llanque aus ihrem frisch erschienen Buch \u201eVielfalt\u201c f\u00fcr uns dar. Hiermit hatten wir ein in der 35-j\u00e4hrigen Geschichte des Vereins bis dato noch nicht genutztes Event-Format, eine Lesung, erfolgreich neu aufgesetzt.<\/p>\n<p>&nbsp;<\/p>\n<p>Den Abschluss des Jahres bildeten unsere Aktivit\u00e4ten rund um die Adventszeit und den Weihnachtsmarkt in Katzenelnbogen.<img loading=\"lazy\" decoding=\"async\" class=\"size-medium wp-image-949 alignright\" src=\"https:\/\/weltlaeden.de\/katzenelnbogen\/wp-content\/uploads\/sites\/229\/2025\/11\/NeuerVorstandVerein-300x192.jpg\" alt=\"\" width=\"300\" height=\"192\" srcset=\"https:\/\/weltlaeden.de\/katzenelnbogen\/wp-content\/uploads\/sites\/229\/2025\/11\/NeuerVorstandVerein-300x192.jpg 300w, https:\/\/weltlaeden.de\/katzenelnbogen\/wp-content\/uploads\/sites\/229\/2025\/11\/NeuerVorstandVerein-1024x656.jpg 1024w, https:\/\/weltlaeden.de\/katzenelnbogen\/wp-content\/uploads\/sites\/229\/2025\/11\/NeuerVorstandVerein-768x492.jpg 768w, https:\/\/weltlaeden.de\/katzenelnbogen\/wp-content\/uploads\/sites\/229\/2025\/11\/NeuerVorstandVerein.jpg 1194w\" sizes=\"auto, (max-width: 300px) 100vw, 300px\" \/><\/p>\n<p>Aber auch hinsichtlich des Vorstandes gab es Erfolg zu vermelden, da sich drei der neuen Interessenten f\u00fcr die Vorstandsarbeit bereit erkl\u00e4rten und Verein und Weltladen zuk\u00fcnftig leiten werden. Aktuell befindet sich das\u00a0Trio noch in der \u00dcbergabe- und Findungsphase, erfolgreiche Konzepte\u00a0sollen jedoch fortgesetzt und durch weitere Aktivit\u00e4ten erweitert werden.<\/p>\n<p>Somit blicken wir am Ende auf ein turbulentes, spannendes, aber auch erfolgreiches Jahr 2025 zur\u00fcck und hoffen auf weiterhin viel Unterst\u00fctzung und viele neue Engagierte und Interessierte, die sowohl Vereinsarbeit wie auch Laden weiter f\u00f6rdern.<\/p>\n","protected":false},"excerpt":{"rendered":"<p>Das vergangene Jahr war f\u00fcr unseren Verein wie auch den Weltladen von vielen \u00c4nderungen gepr\u00e4gt. Startpunkt bildete die bereits im Vorjahr festgestellte letzte Periode des langj\u00e4hrigen Vorstandteams, das sich nach mitunter 30 Jahren Vorstandst\u00e4tigkeit nicht mehr f\u00fcr diesen Posten aufstellen lassen wollte. Zum Anfang des Jahres gab es hier allerdings keine neuen Interessenten, so dass&hellip;<\/p>\n","protected":false},"author":340,"featured_media":1014,"comment_status":"closed","ping_status":"closed","sticky":false,"template":"","format":"standard","meta":{"footnotes":""},"categories":[8],"tags":[21,38,24,35],"class_list":["post-1012","post","type-post","status-publish","format-standard","has-post-thumbnail","hentry","category-neues","tag-brunch","tag-jahresrueckblick","tag-lesung","tag-vorstandswahl","category-8","description-off"],"yoast_head":"<!-- This site is optimized with the Yoast SEO plugin v26.8 - https:\/\/yoast.com\/product\/yoast-seo-wordpress\/ -->\n<title>Abbruch, Aufbruch, Umbruch \u2013 Was f\u00fcr ein Jahr - Weltladen Katzenelnbogen<\/title>\n<meta name=\"robots\" content=\"index, follow, max-snippet:-1, max-image-preview:large, max-video-preview:-1\" \/>\n<link rel=\"canonical\" href=\"https:\/\/weltlaeden.de\/katzenelnbogen\/abbruch-aufbruch-umbruch-was-fuer-ein-jahr\/\" \/>\n<meta property=\"og:locale\" content=\"de_DE\" \/>\n<meta property=\"og:type\" content=\"article\" \/>\n<meta property=\"og:title\" content=\"Abbruch, Aufbruch, Umbruch \u2013 Was f\u00fcr ein Jahr - Weltladen Katzenelnbogen\" \/>\n<meta property=\"og:description\" content=\"Das vergangene Jahr war f\u00fcr unseren Verein wie auch den Weltladen von vielen \u00c4nderungen gepr\u00e4gt. Startpunkt bildete die bereits im Vorjahr festgestellte letzte Periode des langj\u00e4hrigen Vorstandteams, das sich nach mitunter 30 Jahren Vorstandst\u00e4tigkeit nicht mehr f\u00fcr diesen Posten aufstellen lassen wollte. Zum Anfang des Jahres gab es hier allerdings keine neuen Interessenten, so dass&hellip;\" \/>\n<meta property=\"og:url\" content=\"https:\/\/weltlaeden.de\/katzenelnbogen\/abbruch-aufbruch-umbruch-was-fuer-ein-jahr\/\" \/>\n<meta property=\"og:site_name\" content=\"Weltladen Katzenelnbogen\" \/>\n<meta property=\"article:published_time\" content=\"2025-12-31T12:10:49+00:00\" \/>\n<meta property=\"article:modified_time\" content=\"2025-12-31T12:13:31+00:00\" \/>\n<meta property=\"og:image\" content=\"https:\/\/weltlaeden.de\/katzenelnbogen\/wp-content\/uploads\/sites\/229\/2025\/12\/man-9880887_1280.png\" \/>\n\t<meta property=\"og:image:width\" content=\"1280\" \/>\n\t<meta property=\"og:image:height\" content=\"916\" \/>\n\t<meta property=\"og:image:type\" content=\"image\/png\" \/>\n<meta name=\"author\" content=\"katzenelnbogen\" \/>\n<meta name=\"twitter:card\" content=\"summary_large_image\" \/>\n<meta name=\"twitter:label1\" content=\"Verfasst von\" \/>\n\t<meta name=\"twitter:data1\" content=\"katzenelnbogen\" \/>\n\t<meta name=\"twitter:label2\" content=\"Gesch\u00e4tzte Lesezeit\" \/>\n\t<meta name=\"twitter:data2\" content=\"2\u00a0Minuten\" \/>\n<script type=\"application\/ld+json\" class=\"yoast-schema-graph\">{\"@context\":\"https:\/\/schema.org\",\"@graph\":[{\"@type\":\"Article\",\"@id\":\"https:\/\/weltlaeden.de\/katzenelnbogen\/abbruch-aufbruch-umbruch-was-fuer-ein-jahr\/#article\",\"isPartOf\":{\"@id\":\"https:\/\/weltlaeden.de\/katzenelnbogen\/abbruch-aufbruch-umbruch-was-fuer-ein-jahr\/\"},\"author\":{\"name\":\"katzenelnbogen\",\"@id\":\"https:\/\/weltlaeden.de\/katzenelnbogen\/#\/schema\/person\/1e48028d6dee1acc5fcccfca7cf8a38c\"},\"headline\":\"Abbruch, Aufbruch, Umbruch \u2013 Was f\u00fcr ein Jahr\",\"datePublished\":\"2025-12-31T12:10:49+00:00\",\"dateModified\":\"2025-12-31T12:13:31+00:00\",\"mainEntityOfPage\":{\"@id\":\"https:\/\/weltlaeden.de\/katzenelnbogen\/abbruch-aufbruch-umbruch-was-fuer-ein-jahr\/\"},\"wordCount\":396,\"image\":{\"@id\":\"https:\/\/weltlaeden.de\/katzenelnbogen\/abbruch-aufbruch-umbruch-was-fuer-ein-jahr\/#primaryimage\"},\"thumbnailUrl\":\"https:\/\/weltlaeden.de\/katzenelnbogen\/wp-content\/uploads\/sites\/229\/2025\/12\/man-9880887_1280.png\",\"keywords\":[\"Brunch\",\"Jahresr\u00fcckblick\",\"Lesung\",\"Vorstandswahl\"],\"articleSection\":[\"Neuigkeiten\"],\"inLanguage\":\"de\"},{\"@type\":\"WebPage\",\"@id\":\"https:\/\/weltlaeden.de\/katzenelnbogen\/abbruch-aufbruch-umbruch-was-fuer-ein-jahr\/\",\"url\":\"https:\/\/weltlaeden.de\/katzenelnbogen\/abbruch-aufbruch-umbruch-was-fuer-ein-jahr\/\",\"name\":\"Abbruch, Aufbruch, Umbruch \u2013 Was f\u00fcr ein Jahr - Weltladen Katzenelnbogen\",\"isPartOf\":{\"@id\":\"https:\/\/weltlaeden.de\/katzenelnbogen\/#website\"},\"primaryImageOfPage\":{\"@id\":\"https:\/\/weltlaeden.de\/katzenelnbogen\/abbruch-aufbruch-umbruch-was-fuer-ein-jahr\/#primaryimage\"},\"image\":{\"@id\":\"https:\/\/weltlaeden.de\/katzenelnbogen\/abbruch-aufbruch-umbruch-was-fuer-ein-jahr\/#primaryimage\"},\"thumbnailUrl\":\"https:\/\/weltlaeden.de\/katzenelnbogen\/wp-content\/uploads\/sites\/229\/2025\/12\/man-9880887_1280.png\",\"datePublished\":\"2025-12-31T12:10:49+00:00\",\"dateModified\":\"2025-12-31T12:13:31+00:00\",\"author\":{\"@id\":\"https:\/\/weltlaeden.de\/katzenelnbogen\/#\/schema\/person\/1e48028d6dee1acc5fcccfca7cf8a38c\"},\"breadcrumb\":{\"@id\":\"https:\/\/weltlaeden.de\/katzenelnbogen\/abbruch-aufbruch-umbruch-was-fuer-ein-jahr\/#breadcrumb\"},\"inLanguage\":\"de\",\"potentialAction\":[{\"@type\":\"ReadAction\",\"target\":[\"https:\/\/weltlaeden.de\/katzenelnbogen\/abbruch-aufbruch-umbruch-was-fuer-ein-jahr\/\"]}]},{\"@type\":\"ImageObject\",\"inLanguage\":\"de\",\"@id\":\"https:\/\/weltlaeden.de\/katzenelnbogen\/abbruch-aufbruch-umbruch-was-fuer-ein-jahr\/#primaryimage\",\"url\":\"https:\/\/weltlaeden.de\/katzenelnbogen\/wp-content\/uploads\/sites\/229\/2025\/12\/man-9880887_1280.png\",\"contentUrl\":\"https:\/\/weltlaeden.de\/katzenelnbogen\/wp-content\/uploads\/sites\/229\/2025\/12\/man-9880887_1280.png\",\"width\":1280,\"height\":916},{\"@type\":\"BreadcrumbList\",\"@id\":\"https:\/\/weltlaeden.de\/katzenelnbogen\/abbruch-aufbruch-umbruch-was-fuer-ein-jahr\/#breadcrumb\",\"itemListElement\":[{\"@type\":\"ListItem\",\"position\":1,\"name\":\"Startseite\",\"item\":\"https:\/\/weltlaeden.de\/katzenelnbogen\/\"},{\"@type\":\"ListItem\",\"position\":2,\"name\":\"Abbruch, Aufbruch, Umbruch \u2013 Was f\u00fcr ein Jahr\"}]},{\"@type\":\"WebSite\",\"@id\":\"https:\/\/weltlaeden.de\/katzenelnbogen\/#website\",\"url\":\"https:\/\/weltlaeden.de\/katzenelnbogen\/\",\"name\":\"Weltladen Katzenelnbogen\",\"description\":\"Faire Produkte seit 1990\",\"potentialAction\":[{\"@type\":\"SearchAction\",\"target\":{\"@type\":\"EntryPoint\",\"urlTemplate\":\"https:\/\/weltlaeden.de\/katzenelnbogen\/?s={search_term_string}\"},\"query-input\":{\"@type\":\"PropertyValueSpecification\",\"valueRequired\":true,\"valueName\":\"search_term_string\"}}],\"inLanguage\":\"de\"},{\"@type\":\"Person\",\"@id\":\"https:\/\/weltlaeden.de\/katzenelnbogen\/#\/schema\/person\/1e48028d6dee1acc5fcccfca7cf8a38c\",\"name\":\"katzenelnbogen\",\"image\":{\"@type\":\"ImageObject\",\"inLanguage\":\"de\",\"@id\":\"https:\/\/weltlaeden.de\/katzenelnbogen\/#\/schema\/person\/image\/\",\"url\":\"https:\/\/secure.gravatar.com\/avatar\/897c2ff6faf7d2cc03929403bdf1796b?s=96&d=mm&r=g\",\"contentUrl\":\"https:\/\/secure.gravatar.com\/avatar\/897c2ff6faf7d2cc03929403bdf1796b?s=96&d=mm&r=g\",\"caption\":\"katzenelnbogen\"}}]}<\/script>\n<!-- \/ Yoast SEO plugin. -->","yoast_head_json":{"title":"Abbruch, Aufbruch, Umbruch \u2013 Was f\u00fcr ein Jahr - Weltladen Katzenelnbogen","robots":{"index":"index","follow":"follow","max-snippet":"max-snippet:-1","max-image-preview":"max-image-preview:large","max-video-preview":"max-video-preview:-1"},"canonical":"https:\/\/weltlaeden.de\/katzenelnbogen\/abbruch-aufbruch-umbruch-was-fuer-ein-jahr\/","og_locale":"de_DE","og_type":"article","og_title":"Abbruch, Aufbruch, Umbruch \u2013 Was f\u00fcr ein Jahr - Weltladen Katzenelnbogen","og_description":"Das vergangene Jahr war f\u00fcr unseren Verein wie auch den Weltladen von vielen \u00c4nderungen gepr\u00e4gt. Startpunkt bildete die bereits im Vorjahr festgestellte letzte Periode des langj\u00e4hrigen Vorstandteams, das sich nach mitunter 30 Jahren Vorstandst\u00e4tigkeit nicht mehr f\u00fcr diesen Posten aufstellen lassen wollte. Zum Anfang des Jahres gab es hier allerdings keine neuen Interessenten, so dass&hellip;","og_url":"https:\/\/weltlaeden.de\/katzenelnbogen\/abbruch-aufbruch-umbruch-was-fuer-ein-jahr\/","og_site_name":"Weltladen Katzenelnbogen","article_published_time":"2025-12-31T12:10:49+00:00","article_modified_time":"2025-12-31T12:13:31+00:00","og_image":[{"width":1280,"height":916,"url":"https:\/\/weltlaeden.de\/katzenelnbogen\/wp-content\/uploads\/sites\/229\/2025\/12\/man-9880887_1280.png","type":"image\/png"}],"author":"katzenelnbogen","twitter_card":"summary_large_image","twitter_misc":{"Verfasst von":"katzenelnbogen","Gesch\u00e4tzte Lesezeit":"2\u00a0Minuten"},"schema":{"@context":"https:\/\/schema.org","@graph":[{"@type":"Article","@id":"https:\/\/weltlaeden.de\/katzenelnbogen\/abbruch-aufbruch-umbruch-was-fuer-ein-jahr\/#article","isPartOf":{"@id":"https:\/\/weltlaeden.de\/katzenelnbogen\/abbruch-aufbruch-umbruch-was-fuer-ein-jahr\/"},"author":{"name":"katzenelnbogen","@id":"https:\/\/weltlaeden.de\/katzenelnbogen\/#\/schema\/person\/1e48028d6dee1acc5fcccfca7cf8a38c"},"headline":"Abbruch, Aufbruch, Umbruch \u2013 Was f\u00fcr ein Jahr","datePublished":"2025-12-31T12:10:49+00:00","dateModified":"2025-12-31T12:13:31+00:00","mainEntityOfPage":{"@id":"https:\/\/weltlaeden.de\/katzenelnbogen\/abbruch-aufbruch-umbruch-was-fuer-ein-jahr\/"},"wordCount":396,"image":{"@id":"https:\/\/weltlaeden.de\/katzenelnbogen\/abbruch-aufbruch-umbruch-was-fuer-ein-jahr\/#primaryimage"},"thumbnailUrl":"https:\/\/weltlaeden.de\/katzenelnbogen\/wp-content\/uploads\/sites\/229\/2025\/12\/man-9880887_1280.png","keywords":["Brunch","Jahresr\u00fcckblick","Lesung","Vorstandswahl"],"articleSection":["Neuigkeiten"],"inLanguage":"de"},{"@type":"WebPage","@id":"https:\/\/weltlaeden.de\/katzenelnbogen\/abbruch-aufbruch-umbruch-was-fuer-ein-jahr\/","url":"https:\/\/weltlaeden.de\/katzenelnbogen\/abbruch-aufbruch-umbruch-was-fuer-ein-jahr\/","name":"Abbruch, Aufbruch, Umbruch \u2013 Was f\u00fcr ein Jahr - Weltladen Katzenelnbogen","isPartOf":{"@id":"https:\/\/weltlaeden.de\/katzenelnbogen\/#website"},"primaryImageOfPage":{"@id":"https:\/\/weltlaeden.de\/katzenelnbogen\/abbruch-aufbruch-umbruch-was-fuer-ein-jahr\/#primaryimage"},"image":{"@id":"https:\/\/weltlaeden.de\/katzenelnbogen\/abbruch-aufbruch-umbruch-was-fuer-ein-jahr\/#primaryimage"},"thumbnailUrl":"https:\/\/weltlaeden.de\/katzenelnbogen\/wp-content\/uploads\/sites\/229\/2025\/12\/man-9880887_1280.png","datePublished":"2025-12-31T12:10:49+00:00","dateModified":"2025-12-31T12:13:31+00:00","author":{"@id":"https:\/\/weltlaeden.de\/katzenelnbogen\/#\/schema\/person\/1e48028d6dee1acc5fcccfca7cf8a38c"},"breadcrumb":{"@id":"https:\/\/weltlaeden.de\/katzenelnbogen\/abbruch-aufbruch-umbruch-was-fuer-ein-jahr\/#breadcrumb"},"inLanguage":"de","potentialAction":[{"@type":"ReadAction","target":["https:\/\/weltlaeden.de\/katzenelnbogen\/abbruch-aufbruch-umbruch-was-fuer-ein-jahr\/"]}]},{"@type":"ImageObject","inLanguage":"de","@id":"https:\/\/weltlaeden.de\/katzenelnbogen\/abbruch-aufbruch-umbruch-was-fuer-ein-jahr\/#primaryimage","url":"https:\/\/weltlaeden.de\/katzenelnbogen\/wp-content\/uploads\/sites\/229\/2025\/12\/man-9880887_1280.png","contentUrl":"https:\/\/weltlaeden.de\/katzenelnbogen\/wp-content\/uploads\/sites\/229\/2025\/12\/man-9880887_1280.png","width":1280,"height":916},{"@type":"BreadcrumbList","@id":"https:\/\/weltlaeden.de\/katzenelnbogen\/abbruch-aufbruch-umbruch-was-fuer-ein-jahr\/#breadcrumb","itemListElement":[{"@type":"ListItem","position":1,"name":"Startseite","item":"https:\/\/weltlaeden.de\/katzenelnbogen\/"},{"@type":"ListItem","position":2,"name":"Abbruch, Aufbruch, Umbruch \u2013 Was f\u00fcr ein Jahr"}]},{"@type":"WebSite","@id":"https:\/\/weltlaeden.de\/katzenelnbogen\/#website","url":"https:\/\/weltlaeden.de\/katzenelnbogen\/","name":"Weltladen Katzenelnbogen","description":"Faire Produkte seit 1990","potentialAction":[{"@type":"SearchAction","target":{"@type":"EntryPoint","urlTemplate":"https:\/\/weltlaeden.de\/katzenelnbogen\/?s={search_term_string}"},"query-input":{"@type":"PropertyValueSpecification","valueRequired":true,"valueName":"search_term_string"}}],"inLanguage":"de"},{"@type":"Person","@id":"https:\/\/weltlaeden.de\/katzenelnbogen\/#\/schema\/person\/1e48028d6dee1acc5fcccfca7cf8a38c","name":"katzenelnbogen","image":{"@type":"ImageObject","inLanguage":"de","@id":"https:\/\/weltlaeden.de\/katzenelnbogen\/#\/schema\/person\/image\/","url":"https:\/\/secure.gravatar.com\/avatar\/897c2ff6faf7d2cc03929403bdf1796b?s=96&d=mm&r=g","contentUrl":"https:\/\/secure.gravatar.com\/avatar\/897c2ff6faf7d2cc03929403bdf1796b?s=96&d=mm&r=g","caption":"katzenelnbogen"}}]}},"_links":{"self":[{"href":"https:\/\/weltlaeden.de\/katzenelnbogen\/wp-json\/wp\/v2\/posts\/1012","targetHints":{"allow":["GET"]}}],"collection":[{"href":"https:\/\/weltlaeden.de\/katzenelnbogen\/wp-json\/wp\/v2\/posts"}],"about":[{"href":"https:\/\/weltlaeden.de\/katzenelnbogen\/wp-json\/wp\/v2\/types\/post"}],"author":[{"embeddable":true,"href":"https:\/\/weltlaeden.de\/katzenelnbogen\/wp-json\/wp\/v2\/users\/340"}],"replies":[{"embeddable":true,"href":"https:\/\/weltlaeden.de\/katzenelnbogen\/wp-json\/wp\/v2\/comments?post=1012"}],"version-history":[{"count":4,"href":"https:\/\/weltlaeden.de\/katzenelnbogen\/wp-json\/wp\/v2\/posts\/1012\/revisions"}],"predecessor-version":[{"id":1019,"href":"https:\/\/weltlaeden.de\/katzenelnbogen\/wp-json\/wp\/v2\/posts\/1012\/revisions\/1019"}],"wp:featuredmedia":[{"embeddable":true,"href":"https:\/\/weltlaeden.de\/katzenelnbogen\/wp-json\/wp\/v2\/media\/1014"}],"wp:attachment":[{"href":"https:\/\/weltlaeden.de\/katzenelnbogen\/wp-json\/wp\/v2\/media?parent=1012"}],"wp:term":[{"taxonomy":"category","embeddable":true,"href":"https:\/\/weltlaeden.de\/katzenelnbogen\/wp-json\/wp\/v2\/categories?post=1012"},{"taxonomy":"post_tag","embeddable":true,"href":"https:\/\/weltlaeden.de\/katzenelnbogen\/wp-json\/wp\/v2\/tags?post=1012"}],"curies":[{"name":"wp","href":"https:\/\/api.w.org\/{rel}","templated":true}]}}