{"id":1074,"date":"2025-11-24T13:40:24","date_gmt":"2025-11-24T12:40:24","guid":{"rendered":"https:\/\/weltlaeden.de\/immenstaad\/?p=1074"},"modified":"2026-04-20T00:02:52","modified_gmt":"2026-04-19T22:02:52","slug":"buecher-fuer-den-urlaub","status":"publish","type":"post","link":"https:\/\/weltlaeden.de\/immenstaad\/buecher-fuer-den-urlaub\/","title":{"rendered":"B\u00fccher f\u00fcr den Urlaub"},"content":{"rendered":"<p><strong>Sind Sie noch auf der Suche nach der richtigen Urlaubslekt\u00fcre?<\/strong><\/p>\n<p>Dann besuchen Sie unseren B\u00fccherflohmarkt. Sie finden dort Krimis und Thriller, Romane und Erz\u00e4hlungen, aber auch Klassiker, Heiteres, Kinder- und Jugendb\u00fccher, Sachb\u00fccher und Ratgeber.<\/p>\n<p>Kommen Sie einfach mal bei uns in der Adlerstra\u00dfe 24 vorbei!<\/p>\n","protected":false},"excerpt":{"rendered":"<p>Sind Sie noch auf der Suche nach der richtigen Urlaubslekt\u00fcre? Dann besuchen Sie unseren B\u00fccherflohmarkt. Sie finden dort Krimis und Thriller, Romane und Erz\u00e4hlungen, aber auch Klassiker, Heiteres, Kinder- und Jugendb\u00fccher, Sachb\u00fccher und Ratgeber. Kommen Sie einfach mal bei uns in der Adlerstra\u00dfe 24 vorbei!<\/p>\n","protected":false},"author":180,"featured_media":1076,"comment_status":"closed","ping_status":"closed","sticky":false,"template":"","format":"standard","meta":{"footnotes":""},"categories":[8],"tags":[],"class_list":["post-1074","post","type-post","status-publish","format-standard","has-post-thumbnail","hentry","category-neues","category-8","description-off"],"yoast_head":"<!-- This site is optimized with the Yoast SEO plugin v26.8 - https:\/\/yoast.com\/product\/yoast-seo-wordpress\/ -->\n<title>B\u00fccher f\u00fcr den Urlaub - Weltladen Immenstaad<\/title>\n<meta name=\"robots\" content=\"index, follow, max-snippet:-1, max-image-preview:large, max-video-preview:-1\" \/>\n<link rel=\"canonical\" href=\"https:\/\/weltlaeden.de\/immenstaad\/buecher-fuer-den-urlaub\/\" \/>\n<meta property=\"og:locale\" content=\"de_DE\" \/>\n<meta property=\"og:type\" content=\"article\" \/>\n<meta property=\"og:title\" content=\"B\u00fccher f\u00fcr den Urlaub - Weltladen Immenstaad\" \/>\n<meta property=\"og:description\" content=\"Sind Sie noch auf der Suche nach der richtigen Urlaubslekt\u00fcre? Dann besuchen Sie unseren B\u00fccherflohmarkt. Sie finden dort Krimis und Thriller, Romane und Erz\u00e4hlungen, aber auch Klassiker, Heiteres, Kinder- und Jugendb\u00fccher, Sachb\u00fccher und Ratgeber. Kommen Sie einfach mal bei uns in der Adlerstra\u00dfe 24 vorbei!\" \/>\n<meta property=\"og:url\" content=\"https:\/\/weltlaeden.de\/immenstaad\/buecher-fuer-den-urlaub\/\" \/>\n<meta property=\"og:site_name\" content=\"Weltladen Immenstaad\" \/>\n<meta property=\"article:published_time\" content=\"2025-11-24T12:40:24+00:00\" \/>\n<meta property=\"article:modified_time\" content=\"2026-04-19T22:02:52+00:00\" \/>\n<meta property=\"og:image\" content=\"https:\/\/weltlaeden.de\/immenstaad\/wp-content\/uploads\/sites\/118\/2021\/07\/buecher.jpg\" \/>\n\t<meta property=\"og:image:width\" content=\"1920\" \/>\n\t<meta property=\"og:image:height\" content=\"1311\" \/>\n\t<meta property=\"og:image:type\" content=\"image\/jpeg\" \/>\n<meta name=\"author\" content=\"immenstaad\" \/>\n<meta name=\"twitter:card\" content=\"summary_large_image\" \/>\n<meta name=\"twitter:label1\" content=\"Verfasst von\" \/>\n\t<meta name=\"twitter:data1\" content=\"immenstaad\" \/>\n<script type=\"application\/ld+json\" class=\"yoast-schema-graph\">{\"@context\":\"https:\/\/schema.org\",\"@graph\":[{\"@type\":\"Article\",\"@id\":\"https:\/\/weltlaeden.de\/immenstaad\/buecher-fuer-den-urlaub\/#article\",\"isPartOf\":{\"@id\":\"https:\/\/weltlaeden.de\/immenstaad\/buecher-fuer-den-urlaub\/\"},\"author\":{\"name\":\"immenstaad\",\"@id\":\"https:\/\/weltlaeden.de\/immenstaad\/#\/schema\/person\/e93474264599a36af9fd525d72418b32\"},\"headline\":\"B\u00fccher f\u00fcr den Urlaub\",\"datePublished\":\"2025-11-24T12:40:24+00:00\",\"dateModified\":\"2026-04-19T22:02:52+00:00\",\"mainEntityOfPage\":{\"@id\":\"https:\/\/weltlaeden.de\/immenstaad\/buecher-fuer-den-urlaub\/\"},\"wordCount\":56,\"image\":{\"@id\":\"https:\/\/weltlaeden.de\/immenstaad\/buecher-fuer-den-urlaub\/#primaryimage\"},\"thumbnailUrl\":\"https:\/\/weltlaeden.de\/immenstaad\/wp-content\/uploads\/sites\/118\/2021\/07\/buecher.jpg\",\"articleSection\":[\"Neuigkeiten\"],\"inLanguage\":\"de\"},{\"@type\":\"WebPage\",\"@id\":\"https:\/\/weltlaeden.de\/immenstaad\/buecher-fuer-den-urlaub\/\",\"url\":\"https:\/\/weltlaeden.de\/immenstaad\/buecher-fuer-den-urlaub\/\",\"name\":\"B\u00fccher f\u00fcr den Urlaub - Weltladen Immenstaad\",\"isPartOf\":{\"@id\":\"https:\/\/weltlaeden.de\/immenstaad\/#website\"},\"primaryImageOfPage\":{\"@id\":\"https:\/\/weltlaeden.de\/immenstaad\/buecher-fuer-den-urlaub\/#primaryimage\"},\"image\":{\"@id\":\"https:\/\/weltlaeden.de\/immenstaad\/buecher-fuer-den-urlaub\/#primaryimage\"},\"thumbnailUrl\":\"https:\/\/weltlaeden.de\/immenstaad\/wp-content\/uploads\/sites\/118\/2021\/07\/buecher.jpg\",\"datePublished\":\"2025-11-24T12:40:24+00:00\",\"dateModified\":\"2026-04-19T22:02:52+00:00\",\"author\":{\"@id\":\"https:\/\/weltlaeden.de\/immenstaad\/#\/schema\/person\/e93474264599a36af9fd525d72418b32\"},\"breadcrumb\":{\"@id\":\"https:\/\/weltlaeden.de\/immenstaad\/buecher-fuer-den-urlaub\/#breadcrumb\"},\"inLanguage\":\"de\",\"potentialAction\":[{\"@type\":\"ReadAction\",\"target\":[\"https:\/\/weltlaeden.de\/immenstaad\/buecher-fuer-den-urlaub\/\"]}]},{\"@type\":\"ImageObject\",\"inLanguage\":\"de\",\"@id\":\"https:\/\/weltlaeden.de\/immenstaad\/buecher-fuer-den-urlaub\/#primaryimage\",\"url\":\"https:\/\/weltlaeden.de\/immenstaad\/wp-content\/uploads\/sites\/118\/2021\/07\/buecher.jpg\",\"contentUrl\":\"https:\/\/weltlaeden.de\/immenstaad\/wp-content\/uploads\/sites\/118\/2021\/07\/buecher.jpg\",\"width\":1920,\"height\":1311},{\"@type\":\"BreadcrumbList\",\"@id\":\"https:\/\/weltlaeden.de\/immenstaad\/buecher-fuer-den-urlaub\/#breadcrumb\",\"itemListElement\":[{\"@type\":\"ListItem\",\"position\":1,\"name\":\"Startseite\",\"item\":\"https:\/\/weltlaeden.de\/immenstaad\/\"},{\"@type\":\"ListItem\",\"position\":2,\"name\":\"B\u00fccher f\u00fcr den Urlaub\"}]},{\"@type\":\"WebSite\",\"@id\":\"https:\/\/weltlaeden.de\/immenstaad\/#website\",\"url\":\"https:\/\/weltlaeden.de\/immenstaad\/\",\"name\":\"Weltladen Immenstaad\",\"description\":\"Faire Produkte seit 1990\",\"potentialAction\":[{\"@type\":\"SearchAction\",\"target\":{\"@type\":\"EntryPoint\",\"urlTemplate\":\"https:\/\/weltlaeden.de\/immenstaad\/?s={search_term_string}\"},\"query-input\":{\"@type\":\"PropertyValueSpecification\",\"valueRequired\":true,\"valueName\":\"search_term_string\"}}],\"inLanguage\":\"de\"},{\"@type\":\"Person\",\"@id\":\"https:\/\/weltlaeden.de\/immenstaad\/#\/schema\/person\/e93474264599a36af9fd525d72418b32\",\"name\":\"immenstaad\",\"image\":{\"@type\":\"ImageObject\",\"inLanguage\":\"de\",\"@id\":\"https:\/\/weltlaeden.de\/immenstaad\/#\/schema\/person\/image\/\",\"url\":\"https:\/\/secure.gravatar.com\/avatar\/88ec1dbbe47dfaec860fd7eafab47ac3?s=96&d=mm&r=g\",\"contentUrl\":\"https:\/\/secure.gravatar.com\/avatar\/88ec1dbbe47dfaec860fd7eafab47ac3?s=96&d=mm&r=g\",\"caption\":\"immenstaad\"}}]}<\/script>\n<!-- \/ Yoast SEO plugin. -->","yoast_head_json":{"title":"B\u00fccher f\u00fcr den Urlaub - Weltladen Immenstaad","robots":{"index":"index","follow":"follow","max-snippet":"max-snippet:-1","max-image-preview":"max-image-preview:large","max-video-preview":"max-video-preview:-1"},"canonical":"https:\/\/weltlaeden.de\/immenstaad\/buecher-fuer-den-urlaub\/","og_locale":"de_DE","og_type":"article","og_title":"B\u00fccher f\u00fcr den Urlaub - Weltladen Immenstaad","og_description":"Sind Sie noch auf der Suche nach der richtigen Urlaubslekt\u00fcre? Dann besuchen Sie unseren B\u00fccherflohmarkt. Sie finden dort Krimis und Thriller, Romane und Erz\u00e4hlungen, aber auch Klassiker, Heiteres, Kinder- und Jugendb\u00fccher, Sachb\u00fccher und Ratgeber. Kommen Sie einfach mal bei uns in der Adlerstra\u00dfe 24 vorbei!","og_url":"https:\/\/weltlaeden.de\/immenstaad\/buecher-fuer-den-urlaub\/","og_site_name":"Weltladen Immenstaad","article_published_time":"2025-11-24T12:40:24+00:00","article_modified_time":"2026-04-19T22:02:52+00:00","og_image":[{"width":1920,"height":1311,"url":"https:\/\/weltlaeden.de\/immenstaad\/wp-content\/uploads\/sites\/118\/2021\/07\/buecher.jpg","type":"image\/jpeg"}],"author":"immenstaad","twitter_card":"summary_large_image","twitter_misc":{"Verfasst von":"immenstaad"},"schema":{"@context":"https:\/\/schema.org","@graph":[{"@type":"Article","@id":"https:\/\/weltlaeden.de\/immenstaad\/buecher-fuer-den-urlaub\/#article","isPartOf":{"@id":"https:\/\/weltlaeden.de\/immenstaad\/buecher-fuer-den-urlaub\/"},"author":{"name":"immenstaad","@id":"https:\/\/weltlaeden.de\/immenstaad\/#\/schema\/person\/e93474264599a36af9fd525d72418b32"},"headline":"B\u00fccher f\u00fcr den Urlaub","datePublished":"2025-11-24T12:40:24+00:00","dateModified":"2026-04-19T22:02:52+00:00","mainEntityOfPage":{"@id":"https:\/\/weltlaeden.de\/immenstaad\/buecher-fuer-den-urlaub\/"},"wordCount":56,"image":{"@id":"https:\/\/weltlaeden.de\/immenstaad\/buecher-fuer-den-urlaub\/#primaryimage"},"thumbnailUrl":"https:\/\/weltlaeden.de\/immenstaad\/wp-content\/uploads\/sites\/118\/2021\/07\/buecher.jpg","articleSection":["Neuigkeiten"],"inLanguage":"de"},{"@type":"WebPage","@id":"https:\/\/weltlaeden.de\/immenstaad\/buecher-fuer-den-urlaub\/","url":"https:\/\/weltlaeden.de\/immenstaad\/buecher-fuer-den-urlaub\/","name":"B\u00fccher f\u00fcr den Urlaub - Weltladen Immenstaad","isPartOf":{"@id":"https:\/\/weltlaeden.de\/immenstaad\/#website"},"primaryImageOfPage":{"@id":"https:\/\/weltlaeden.de\/immenstaad\/buecher-fuer-den-urlaub\/#primaryimage"},"image":{"@id":"https:\/\/weltlaeden.de\/immenstaad\/buecher-fuer-den-urlaub\/#primaryimage"},"thumbnailUrl":"https:\/\/weltlaeden.de\/immenstaad\/wp-content\/uploads\/sites\/118\/2021\/07\/buecher.jpg","datePublished":"2025-11-24T12:40:24+00:00","dateModified":"2026-04-19T22:02:52+00:00","author":{"@id":"https:\/\/weltlaeden.de\/immenstaad\/#\/schema\/person\/e93474264599a36af9fd525d72418b32"},"breadcrumb":{"@id":"https:\/\/weltlaeden.de\/immenstaad\/buecher-fuer-den-urlaub\/#breadcrumb"},"inLanguage":"de","potentialAction":[{"@type":"ReadAction","target":["https:\/\/weltlaeden.de\/immenstaad\/buecher-fuer-den-urlaub\/"]}]},{"@type":"ImageObject","inLanguage":"de","@id":"https:\/\/weltlaeden.de\/immenstaad\/buecher-fuer-den-urlaub\/#primaryimage","url":"https:\/\/weltlaeden.de\/immenstaad\/wp-content\/uploads\/sites\/118\/2021\/07\/buecher.jpg","contentUrl":"https:\/\/weltlaeden.de\/immenstaad\/wp-content\/uploads\/sites\/118\/2021\/07\/buecher.jpg","width":1920,"height":1311},{"@type":"BreadcrumbList","@id":"https:\/\/weltlaeden.de\/immenstaad\/buecher-fuer-den-urlaub\/#breadcrumb","itemListElement":[{"@type":"ListItem","position":1,"name":"Startseite","item":"https:\/\/weltlaeden.de\/immenstaad\/"},{"@type":"ListItem","position":2,"name":"B\u00fccher f\u00fcr den Urlaub"}]},{"@type":"WebSite","@id":"https:\/\/weltlaeden.de\/immenstaad\/#website","url":"https:\/\/weltlaeden.de\/immenstaad\/","name":"Weltladen Immenstaad","description":"Faire Produkte seit 1990","potentialAction":[{"@type":"SearchAction","target":{"@type":"EntryPoint","urlTemplate":"https:\/\/weltlaeden.de\/immenstaad\/?s={search_term_string}"},"query-input":{"@type":"PropertyValueSpecification","valueRequired":true,"valueName":"search_term_string"}}],"inLanguage":"de"},{"@type":"Person","@id":"https:\/\/weltlaeden.de\/immenstaad\/#\/schema\/person\/e93474264599a36af9fd525d72418b32","name":"immenstaad","image":{"@type":"ImageObject","inLanguage":"de","@id":"https:\/\/weltlaeden.de\/immenstaad\/#\/schema\/person\/image\/","url":"https:\/\/secure.gravatar.com\/avatar\/88ec1dbbe47dfaec860fd7eafab47ac3?s=96&d=mm&r=g","contentUrl":"https:\/\/secure.gravatar.com\/avatar\/88ec1dbbe47dfaec860fd7eafab47ac3?s=96&d=mm&r=g","caption":"immenstaad"}}]}},"_links":{"self":[{"href":"https:\/\/weltlaeden.de\/immenstaad\/wp-json\/wp\/v2\/posts\/1074","targetHints":{"allow":["GET"]}}],"collection":[{"href":"https:\/\/weltlaeden.de\/immenstaad\/wp-json\/wp\/v2\/posts"}],"about":[{"href":"https:\/\/weltlaeden.de\/immenstaad\/wp-json\/wp\/v2\/types\/post"}],"author":[{"embeddable":true,"href":"https:\/\/weltlaeden.de\/immenstaad\/wp-json\/wp\/v2\/users\/180"}],"replies":[{"embeddable":true,"href":"https:\/\/weltlaeden.de\/immenstaad\/wp-json\/wp\/v2\/comments?post=1074"}],"version-history":[{"count":4,"href":"https:\/\/weltlaeden.de\/immenstaad\/wp-json\/wp\/v2\/posts\/1074\/revisions"}],"predecessor-version":[{"id":1080,"href":"https:\/\/weltlaeden.de\/immenstaad\/wp-json\/wp\/v2\/posts\/1074\/revisions\/1080"}],"wp:featuredmedia":[{"embeddable":true,"href":"https:\/\/weltlaeden.de\/immenstaad\/wp-json\/wp\/v2\/media\/1076"}],"wp:attachment":[{"href":"https:\/\/weltlaeden.de\/immenstaad\/wp-json\/wp\/v2\/media?parent=1074"}],"wp:term":[{"taxonomy":"category","embeddable":true,"href":"https:\/\/weltlaeden.de\/immenstaad\/wp-json\/wp\/v2\/categories?post=1074"},{"taxonomy":"post_tag","embeddable":true,"href":"https:\/\/weltlaeden.de\/immenstaad\/wp-json\/wp\/v2\/tags?post=1074"}],"curies":[{"name":"wp","href":"https:\/\/api.w.org\/{rel}","templated":true}]}}